{"id":60188,"date":"2021-04-28T22:31:03","date_gmt":"2021-04-29T01:31:03","guid":{"rendered":"https:\/\/www.gaveanews.com\/?p=60188"},"modified":"2021-04-28T22:31:06","modified_gmt":"2021-04-29T01:31:06","slug":"jogadores-do-flamengo-voltam-ao-trabalho-nesta-quinta","status":"publish","type":"post","link":"https:\/\/www.gaveanews.com\/index.php\/2021\/04\/28\/jogadores-do-flamengo-voltam-ao-trabalho-nesta-quinta\/","title":{"rendered":"Jogadores do Flamengo voltam ao trabalho nesta quinta"},"content":{"rendered":"\n<p>Ap\u00f3s trabalhar sem folgas desde que retornou da Argentina na semana passada, os jogadores do Flamengo ganharam um dia de descanso. Depois da vit\u00f3ria sobre o Uni\u00f3n La Calera, pela segunda rodada da Libertadores, o elenco foi liberado. A reapresenta\u00e7\u00e3o no Ninho do Urubu ser\u00e1 nesta quinta-feira \u00e0 tarde.<\/p>\n\n\n\n<p>O Rubro-Negro tem dois compromissos importantes pela frente. No s\u00e1bado \u00e0 noite visitar\u00e1 o Volta Redonda para o jogo de ida das semifinais do Campeonato Carioca. Na ter\u00e7a-feira, estar\u00e1 em Quito, no Equador, para o duelo contra a LDU, na partida que vale a lideran\u00e7a do grupo G da competi\u00e7\u00e3o continental.<\/p>\n\n\n\n<p>O t\u00e9cnico Rog\u00e9rio Ceni declarou em sua coletiva no Maracan\u00e3 na noite desta ter\u00e7a, que manter\u00e1 o rod\u00edzio de atletas no time.<\/p>\n\n\n\n<p><strong><em>\u2014 Jogamos sempre com o melhor Flamengo poss\u00edvel, buscando as vit\u00f3rias e seguindo o planejamento do come\u00e7o do ano, quando come\u00e7amos o Carioca quase que com um time Sub-20. Usamos o time completo em tr\u00eas, quatro jogos\u2026<\/em><\/strong>, afirmou Ceni.<\/p>\n\n\n\n<p><strong><em>\u2014 Sabemos o quanto \u00e9 importante ser campe\u00e3o carioca, ser campe\u00e3o pelo Flamengo, e vamos rodar o elenco, usar todos os jogadores. Vai depender da avalia\u00e7\u00e3o que vamos fazer na reapresenta\u00e7\u00e3o. Faremos avalia\u00e7\u00e3o visando o jogo da altitude contra a LDU<\/em><\/strong>, completou.<\/p>\n\n\n\n<p>Enquanto o grupo ganhou folga, o zagueiro Rodrigo Caio esteve no CT para seguir o trabalho de recupera\u00e7\u00e3o de sua les\u00e3o. Existe a possibilidade dele estar \u00e0 deposi\u00e7\u00e3o neste s\u00e1bado, mas o mais prov\u00e1vel \u00e9 que ele retorne ao time em Quito<\/p>\n\n\n\n<p>Com um time alternativo, portanto, o Flamengo vai encarar o Volta\u00e7o \u00e0 21h05 deste s\u00e1bado. A Record ir\u00e1 fazer a transmiss\u00e3o do duelo para parte do Brasil (<a href=\"https:\/\/www.gaveanews.com\/index.php\/2021\/04\/28\/record-define-onde-transmitira-proximo-jogo-do-flamengo\/\">veja a listagem<\/a>).<\/p>\n\n\n\n<p>Retirado de: ESPN <\/p>\n","protected":false},"excerpt":{"rendered":"<p>Ap\u00f3s trabalhar sem folgas desde que retornou da Argentina na semana passada, os jogadores do Flamengo ganharam um dia de descanso. Depois da vit\u00f3ria sobre o Uni\u00f3n La Calera, pela segunda rodada da Libertadores, o elenco foi liberado. A reapresenta\u00e7\u00e3o no Ninho do Urubu ser\u00e1 nesta quinta-feira \u00e0 tarde. O Rubro-Negro tem dois compromissos importantes [&hellip;]<\/p>\n","protected":false},"author":1,"featured_media":60166,"comment_status":"open","ping_status":"closed","sticky":false,"template":"","format":"standard","meta":{"footnotes":""},"categories":[1],"tags":[],"class_list":["post-60188","post","type-post","status-publish","format-standard","has-post-thumbnail","hentry","category-flamengo"],"yoast_head":"<!-- This site is optimized with the Yoast SEO Premium plugin v24.2 (Yoast SEO v26.9) - https:\/\/yoast.com\/product\/yoast-seo-premium-wordpress\/ -->\n<title>Jogadores do Flamengo voltam ao trabalho nesta quinta<\/title>\n<meta name=\"robots\" content=\"index, follow, max-snippet:-1, max-image-preview:large, max-video-preview:-1\" \/>\n<link rel=\"canonical\" href=\"https:\/\/www.gaveanews.com\/index.php\/2021\/04\/28\/jogadores-do-flamengo-voltam-ao-trabalho-nesta-quinta\/\" \/>\n<meta property=\"og:locale\" content=\"pt_BR\" \/>\n<meta property=\"og:type\" content=\"article\" \/>\n<meta property=\"og:title\" content=\"Jogadores do Flamengo voltam ao trabalho nesta quinta\" \/>\n<meta property=\"og:description\" content=\"Ap\u00f3s trabalhar sem folgas desde que retornou da Argentina na semana passada, os jogadores do Flamengo ganharam um dia de descanso. Depois da vit\u00f3ria sobre o Uni\u00f3n La Calera, pela segunda rodada da Libertadores, o elenco foi liberado. A reapresenta\u00e7\u00e3o no Ninho do Urubu ser\u00e1 nesta quinta-feira \u00e0 tarde. O Rubro-Negro tem dois compromissos importantes [&hellip;]\" \/>\n<meta property=\"og:url\" content=\"https:\/\/www.gaveanews.com\/index.php\/2021\/04\/28\/jogadores-do-flamengo-voltam-ao-trabalho-nesta-quinta\/\" \/>\n<meta property=\"og:site_name\" content=\"G\u00e1vea News\" \/>\n<meta property=\"article:publisher\" content=\"https:\/\/facebook.com\/gaveaNews\/\" \/>\n<meta property=\"article:published_time\" content=\"2021-04-29T01:31:03+00:00\" \/>\n<meta property=\"article:modified_time\" content=\"2021-04-29T01:31:06+00:00\" \/>\n<meta property=\"og:image\" content=\"https:\/\/www.gaveanews.com\/wp-content\/uploads\/Jogadores-se-reunindo-antes-de-jogo-do-Flamengo.webp\" \/>\n\t<meta property=\"og:image:width\" content=\"799\" \/>\n\t<meta property=\"og:image:height\" content=\"533\" \/>\n\t<meta property=\"og:image:type\" content=\"image\/jpeg\" \/>\n<meta name=\"author\" content=\"Equipe G\u00e1vea News\" \/>\n<meta name=\"twitter:card\" content=\"summary_large_image\" \/>\n<meta name=\"twitter:label1\" content=\"Escrito por\" \/>\n\t<meta name=\"twitter:data1\" content=\"Equipe G\u00e1vea News\" \/>\n\t<meta name=\"twitter:label2\" content=\"Est. tempo de leitura\" \/>\n\t<meta name=\"twitter:data2\" content=\"2 minutos\" \/>\n<script type=\"application\/ld+json\" class=\"yoast-schema-graph\">{\"@context\":\"https:\/\/schema.org\",\"@graph\":[{\"@type\":\"NewsArticle\",\"@id\":\"https:\/\/www.gaveanews.com\/index.php\/2021\/04\/28\/jogadores-do-flamengo-voltam-ao-trabalho-nesta-quinta\/#article\",\"isPartOf\":{\"@id\":\"https:\/\/www.gaveanews.com\/index.php\/2021\/04\/28\/jogadores-do-flamengo-voltam-ao-trabalho-nesta-quinta\/\"},\"author\":{\"name\":\"Equipe G\u00e1vea News\",\"@id\":\"https:\/\/www.gaveanews.com\/#\/schema\/person\/2ec14f73fb96be2caf28f91afb14749d\"},\"headline\":\"Jogadores do Flamengo voltam ao trabalho nesta quinta\",\"datePublished\":\"2021-04-29T01:31:03+00:00\",\"dateModified\":\"2021-04-29T01:31:06+00:00\",\"mainEntityOfPage\":{\"@id\":\"https:\/\/www.gaveanews.com\/index.php\/2021\/04\/28\/jogadores-do-flamengo-voltam-ao-trabalho-nesta-quinta\/\"},\"wordCount\":308,\"commentCount\":1,\"image\":{\"@id\":\"https:\/\/www.gaveanews.com\/index.php\/2021\/04\/28\/jogadores-do-flamengo-voltam-ao-trabalho-nesta-quinta\/#primaryimage\"},\"thumbnailUrl\":\"https:\/\/www.gaveanews.com\/wp-content\/uploads\/Jogadores-se-reunindo-antes-de-jogo-do-Flamengo.webp\",\"articleSection\":[\"Flamengo\"],\"inLanguage\":\"pt-BR\",\"potentialAction\":[{\"@type\":\"CommentAction\",\"name\":\"Comment\",\"target\":[\"https:\/\/www.gaveanews.com\/index.php\/2021\/04\/28\/jogadores-do-flamengo-voltam-ao-trabalho-nesta-quinta\/#respond\"]}],\"copyrightYear\":\"2021\",\"copyrightHolder\":{\"@id\":\"https:\/\/www.gaveanews.com\/#organization\"}},{\"@type\":\"WebPage\",\"@id\":\"https:\/\/www.gaveanews.com\/index.php\/2021\/04\/28\/jogadores-do-flamengo-voltam-ao-trabalho-nesta-quinta\/\",\"url\":\"https:\/\/www.gaveanews.com\/index.php\/2021\/04\/28\/jogadores-do-flamengo-voltam-ao-trabalho-nesta-quinta\/\",\"name\":\"Jogadores do Flamengo voltam ao trabalho nesta quinta\",\"isPartOf\":{\"@id\":\"https:\/\/www.gaveanews.com\/#website\"},\"primaryImageOfPage\":{\"@id\":\"https:\/\/www.gaveanews.com\/index.php\/2021\/04\/28\/jogadores-do-flamengo-voltam-ao-trabalho-nesta-quinta\/#primaryimage\"},\"image\":{\"@id\":\"https:\/\/www.gaveanews.com\/index.php\/2021\/04\/28\/jogadores-do-flamengo-voltam-ao-trabalho-nesta-quinta\/#primaryimage\"},\"thumbnailUrl\":\"https:\/\/www.gaveanews.com\/wp-content\/uploads\/Jogadores-se-reunindo-antes-de-jogo-do-Flamengo.webp\",\"datePublished\":\"2021-04-29T01:31:03+00:00\",\"dateModified\":\"2021-04-29T01:31:06+00:00\",\"author\":{\"@id\":\"https:\/\/www.gaveanews.com\/#\/schema\/person\/2ec14f73fb96be2caf28f91afb14749d\"},\"breadcrumb\":{\"@id\":\"https:\/\/www.gaveanews.com\/index.php\/2021\/04\/28\/jogadores-do-flamengo-voltam-ao-trabalho-nesta-quinta\/#breadcrumb\"},\"inLanguage\":\"pt-BR\",\"potentialAction\":[{\"@type\":\"ReadAction\",\"target\":[\"https:\/\/www.gaveanews.com\/index.php\/2021\/04\/28\/jogadores-do-flamengo-voltam-ao-trabalho-nesta-quinta\/\"]}]},{\"@type\":\"ImageObject\",\"inLanguage\":\"pt-BR\",\"@id\":\"https:\/\/www.gaveanews.com\/index.php\/2021\/04\/28\/jogadores-do-flamengo-voltam-ao-trabalho-nesta-quinta\/#primaryimage\",\"url\":\"https:\/\/www.gaveanews.com\/wp-content\/uploads\/Jogadores-se-reunindo-antes-de-jogo-do-Flamengo.webp\",\"contentUrl\":\"https:\/\/www.gaveanews.com\/wp-content\/uploads\/Jogadores-se-reunindo-antes-de-jogo-do-Flamengo.webp\",\"width\":799,\"height\":533,\"caption\":\"Jogadores se reunindo antes de jogo do Flamengo (Foto: Alexandre Vidal\/Flamengo)\"},{\"@type\":\"BreadcrumbList\",\"@id\":\"https:\/\/www.gaveanews.com\/index.php\/2021\/04\/28\/jogadores-do-flamengo-voltam-ao-trabalho-nesta-quinta\/#breadcrumb\",\"itemListElement\":[{\"@type\":\"ListItem\",\"position\":1,\"name\":\"Home\",\"item\":\"https:\/\/www.gaveanews.com\/\"},{\"@type\":\"ListItem\",\"position\":2,\"name\":\"Jogadores do Flamengo voltam ao trabalho nesta quinta\"}]},{\"@type\":\"WebSite\",\"@id\":\"https:\/\/www.gaveanews.com\/#website\",\"url\":\"https:\/\/www.gaveanews.com\/\",\"name\":\"G\u00e1vea News\",\"description\":\"Veja todas as not\u00edcias sobre o Flamengo: Contrata\u00e7\u00f5es, categorias de base, resultados das partidas, tabela de classifica\u00e7\u00e3o, pr\u00f3ximos jogos!\",\"potentialAction\":[{\"@type\":\"SearchAction\",\"target\":{\"@type\":\"EntryPoint\",\"urlTemplate\":\"https:\/\/www.gaveanews.com\/?s={search_term_string}\"},\"query-input\":{\"@type\":\"PropertyValueSpecification\",\"valueRequired\":true,\"valueName\":\"search_term_string\"}}],\"inLanguage\":\"pt-BR\"},{\"@type\":\"Person\",\"@id\":\"https:\/\/www.gaveanews.com\/#\/schema\/person\/2ec14f73fb96be2caf28f91afb14749d\",\"name\":\"Equipe G\u00e1vea News\",\"image\":{\"@type\":\"ImageObject\",\"inLanguage\":\"pt-BR\",\"@id\":\"https:\/\/www.gaveanews.com\/#\/schema\/person\/image\/\",\"url\":\"https:\/\/secure.gravatar.com\/avatar\/1e1956f1facbffd3f8fa53a326721950116b3b9dc9bd44939c01180fd4a745a9?s=96&d=mm&r=g\",\"contentUrl\":\"https:\/\/secure.gravatar.com\/avatar\/1e1956f1facbffd3f8fa53a326721950116b3b9dc9bd44939c01180fd4a745a9?s=96&d=mm&r=g\",\"caption\":\"Equipe G\u00e1vea News\"}}]}<\/script>\n<!-- \/ Yoast SEO Premium plugin. -->","yoast_head_json":{"title":"Jogadores do Flamengo voltam ao trabalho nesta quinta","robots":{"index":"index","follow":"follow","max-snippet":"max-snippet:-1","max-image-preview":"max-image-preview:large","max-video-preview":"max-video-preview:-1"},"canonical":"https:\/\/www.gaveanews.com\/index.php\/2021\/04\/28\/jogadores-do-flamengo-voltam-ao-trabalho-nesta-quinta\/","og_locale":"pt_BR","og_type":"article","og_title":"Jogadores do Flamengo voltam ao trabalho nesta quinta","og_description":"Ap\u00f3s trabalhar sem folgas desde que retornou da Argentina na semana passada, os jogadores do Flamengo ganharam um dia de descanso. Depois da vit\u00f3ria sobre o Uni\u00f3n La Calera, pela segunda rodada da Libertadores, o elenco foi liberado. A reapresenta\u00e7\u00e3o no Ninho do Urubu ser\u00e1 nesta quinta-feira \u00e0 tarde. O Rubro-Negro tem dois compromissos importantes [&hellip;]","og_url":"https:\/\/www.gaveanews.com\/index.php\/2021\/04\/28\/jogadores-do-flamengo-voltam-ao-trabalho-nesta-quinta\/","og_site_name":"G\u00e1vea News","article_publisher":"https:\/\/facebook.com\/gaveaNews\/","article_published_time":"2021-04-29T01:31:03+00:00","article_modified_time":"2021-04-29T01:31:06+00:00","og_image":[{"width":799,"height":533,"url":"https:\/\/www.gaveanews.com\/wp-content\/uploads\/Jogadores-se-reunindo-antes-de-jogo-do-Flamengo.webp","type":"image\/jpeg"}],"author":"Equipe G\u00e1vea News","twitter_card":"summary_large_image","twitter_misc":{"Escrito por":"Equipe G\u00e1vea News","Est. tempo de leitura":"2 minutos"},"schema":{"@context":"https:\/\/schema.org","@graph":[{"@type":"NewsArticle","@id":"https:\/\/www.gaveanews.com\/index.php\/2021\/04\/28\/jogadores-do-flamengo-voltam-ao-trabalho-nesta-quinta\/#article","isPartOf":{"@id":"https:\/\/www.gaveanews.com\/index.php\/2021\/04\/28\/jogadores-do-flamengo-voltam-ao-trabalho-nesta-quinta\/"},"author":{"name":"Equipe G\u00e1vea News","@id":"https:\/\/www.gaveanews.com\/#\/schema\/person\/2ec14f73fb96be2caf28f91afb14749d"},"headline":"Jogadores do Flamengo voltam ao trabalho nesta quinta","datePublished":"2021-04-29T01:31:03+00:00","dateModified":"2021-04-29T01:31:06+00:00","mainEntityOfPage":{"@id":"https:\/\/www.gaveanews.com\/index.php\/2021\/04\/28\/jogadores-do-flamengo-voltam-ao-trabalho-nesta-quinta\/"},"wordCount":308,"commentCount":1,"image":{"@id":"https:\/\/www.gaveanews.com\/index.php\/2021\/04\/28\/jogadores-do-flamengo-voltam-ao-trabalho-nesta-quinta\/#primaryimage"},"thumbnailUrl":"https:\/\/www.gaveanews.com\/wp-content\/uploads\/Jogadores-se-reunindo-antes-de-jogo-do-Flamengo.webp","articleSection":["Flamengo"],"inLanguage":"pt-BR","potentialAction":[{"@type":"CommentAction","name":"Comment","target":["https:\/\/www.gaveanews.com\/index.php\/2021\/04\/28\/jogadores-do-flamengo-voltam-ao-trabalho-nesta-quinta\/#respond"]}],"copyrightYear":"2021","copyrightHolder":{"@id":"https:\/\/www.gaveanews.com\/#organization"}},{"@type":"WebPage","@id":"https:\/\/www.gaveanews.com\/index.php\/2021\/04\/28\/jogadores-do-flamengo-voltam-ao-trabalho-nesta-quinta\/","url":"https:\/\/www.gaveanews.com\/index.php\/2021\/04\/28\/jogadores-do-flamengo-voltam-ao-trabalho-nesta-quinta\/","name":"Jogadores do Flamengo voltam ao trabalho nesta quinta","isPartOf":{"@id":"https:\/\/www.gaveanews.com\/#website"},"primaryImageOfPage":{"@id":"https:\/\/www.gaveanews.com\/index.php\/2021\/04\/28\/jogadores-do-flamengo-voltam-ao-trabalho-nesta-quinta\/#primaryimage"},"image":{"@id":"https:\/\/www.gaveanews.com\/index.php\/2021\/04\/28\/jogadores-do-flamengo-voltam-ao-trabalho-nesta-quinta\/#primaryimage"},"thumbnailUrl":"https:\/\/www.gaveanews.com\/wp-content\/uploads\/Jogadores-se-reunindo-antes-de-jogo-do-Flamengo.webp","datePublished":"2021-04-29T01:31:03+00:00","dateModified":"2021-04-29T01:31:06+00:00","author":{"@id":"https:\/\/www.gaveanews.com\/#\/schema\/person\/2ec14f73fb96be2caf28f91afb14749d"},"breadcrumb":{"@id":"https:\/\/www.gaveanews.com\/index.php\/2021\/04\/28\/jogadores-do-flamengo-voltam-ao-trabalho-nesta-quinta\/#breadcrumb"},"inLanguage":"pt-BR","potentialAction":[{"@type":"ReadAction","target":["https:\/\/www.gaveanews.com\/index.php\/2021\/04\/28\/jogadores-do-flamengo-voltam-ao-trabalho-nesta-quinta\/"]}]},{"@type":"ImageObject","inLanguage":"pt-BR","@id":"https:\/\/www.gaveanews.com\/index.php\/2021\/04\/28\/jogadores-do-flamengo-voltam-ao-trabalho-nesta-quinta\/#primaryimage","url":"https:\/\/www.gaveanews.com\/wp-content\/uploads\/Jogadores-se-reunindo-antes-de-jogo-do-Flamengo.webp","contentUrl":"https:\/\/www.gaveanews.com\/wp-content\/uploads\/Jogadores-se-reunindo-antes-de-jogo-do-Flamengo.webp","width":799,"height":533,"caption":"Jogadores se reunindo antes de jogo do Flamengo (Foto: Alexandre Vidal\/Flamengo)"},{"@type":"BreadcrumbList","@id":"https:\/\/www.gaveanews.com\/index.php\/2021\/04\/28\/jogadores-do-flamengo-voltam-ao-trabalho-nesta-quinta\/#breadcrumb","itemListElement":[{"@type":"ListItem","position":1,"name":"Home","item":"https:\/\/www.gaveanews.com\/"},{"@type":"ListItem","position":2,"name":"Jogadores do Flamengo voltam ao trabalho nesta quinta"}]},{"@type":"WebSite","@id":"https:\/\/www.gaveanews.com\/#website","url":"https:\/\/www.gaveanews.com\/","name":"G\u00e1vea News","description":"Veja todas as not\u00edcias sobre o Flamengo: Contrata\u00e7\u00f5es, categorias de base, resultados das partidas, tabela de classifica\u00e7\u00e3o, pr\u00f3ximos jogos!","potentialAction":[{"@type":"SearchAction","target":{"@type":"EntryPoint","urlTemplate":"https:\/\/www.gaveanews.com\/?s={search_term_string}"},"query-input":{"@type":"PropertyValueSpecification","valueRequired":true,"valueName":"search_term_string"}}],"inLanguage":"pt-BR"},{"@type":"Person","@id":"https:\/\/www.gaveanews.com\/#\/schema\/person\/2ec14f73fb96be2caf28f91afb14749d","name":"Equipe G\u00e1vea News","image":{"@type":"ImageObject","inLanguage":"pt-BR","@id":"https:\/\/www.gaveanews.com\/#\/schema\/person\/image\/","url":"https:\/\/secure.gravatar.com\/avatar\/1e1956f1facbffd3f8fa53a326721950116b3b9dc9bd44939c01180fd4a745a9?s=96&d=mm&r=g","contentUrl":"https:\/\/secure.gravatar.com\/avatar\/1e1956f1facbffd3f8fa53a326721950116b3b9dc9bd44939c01180fd4a745a9?s=96&d=mm&r=g","caption":"Equipe G\u00e1vea News"}}]}},"_links":{"self":[{"href":"https:\/\/www.gaveanews.com\/index.php\/wp-json\/wp\/v2\/posts\/60188","targetHints":{"allow":["GET"]}}],"collection":[{"href":"https:\/\/www.gaveanews.com\/index.php\/wp-json\/wp\/v2\/posts"}],"about":[{"href":"https:\/\/www.gaveanews.com\/index.php\/wp-json\/wp\/v2\/types\/post"}],"author":[{"embeddable":true,"href":"https:\/\/www.gaveanews.com\/index.php\/wp-json\/wp\/v2\/users\/1"}],"replies":[{"embeddable":true,"href":"https:\/\/www.gaveanews.com\/index.php\/wp-json\/wp\/v2\/comments?post=60188"}],"version-history":[{"count":0,"href":"https:\/\/www.gaveanews.com\/index.php\/wp-json\/wp\/v2\/posts\/60188\/revisions"}],"wp:featuredmedia":[{"embeddable":true,"href":"https:\/\/www.gaveanews.com\/index.php\/wp-json\/wp\/v2\/media\/60166"}],"wp:attachment":[{"href":"https:\/\/www.gaveanews.com\/index.php\/wp-json\/wp\/v2\/media?parent=60188"}],"wp:term":[{"taxonomy":"category","embeddable":true,"href":"https:\/\/www.gaveanews.com\/index.php\/wp-json\/wp\/v2\/categories?post=60188"},{"taxonomy":"post_tag","embeddable":true,"href":"https:\/\/www.gaveanews.com\/index.php\/wp-json\/wp\/v2\/tags?post=60188"}],"curies":[{"name":"wp","href":"https:\/\/api.w.org\/{rel}","templated":true}]}}