{"id":60190,"date":"2021-04-28T22:51:50","date_gmt":"2021-04-29T01:51:50","guid":{"rendered":"https:\/\/www.gaveanews.com\/?p=60190"},"modified":"2021-04-28T22:51:53","modified_gmt":"2021-04-29T01:51:53","slug":"andrade-elogia-parceria-entre-o-flamengo-e-a-prefeitura","status":"publish","type":"post","link":"https:\/\/www.gaveanews.com\/index.php\/2021\/04\/28\/andrade-elogia-parceria-entre-o-flamengo-e-a-prefeitura\/","title":{"rendered":"Andrade elogia parceria entre o Flamengo e a Prefeitura"},"content":{"rendered":"\n<p>O ex-meia Andrade, multicampe\u00e3o na d\u00e9cada de 80, faz jus ao slogan &#8220;Craque o Flamengo faz em casa&#8221;. Nesta quarta, o \u00eddolo da Na\u00e7\u00e3o acompanhou um trabalho com jovens na comunidade Ch\u00e1cara do C\u00e9u, no Rio de Janeiro, que, realizada em parceria do clube com a Prefeitura, tem a miss\u00e3o de selecionar talentos para treinar no CT do Ninho do Urubu.<\/p>\n\n\n\n<p>Padrinho do &#8220;Campo dos Sonhos&#8221;, Andrade falou da import\u00e2ncia projeto social e elogiou a iniciativa do clube junto \u00e0 Subprefeitura da Grande Tijuca, \u00f3rg\u00e3o da Prefeitura.<\/p>\n\n\n\n<p><strong><em>\u2014 Desde os anos 80 ou at\u00e9 menos, o Flamengo j\u00e1 realiza o trabalho com slogan &#8220;craque o Flamengo faz em casa&#8221;. Houve essa grande parceria com a Prefeitura e as comunidades, o que vai facilitar a vida das crian\u00e7as. Muitas tinham dificuldades de ir at\u00e9 o clube. Ent\u00e3o, o clube vem at\u00e9 elas. \u00c9 um projeto ousado e tem tudo para dar certo &#8211; disse Andrade, padrinho do projeto social que tem nome e sobrenome: Campo dos Sonhos.<\/em><\/strong><\/p>\n\n\n\n<p>Ser\u00e3o escolhidos, a cada semana, crian\u00e7as e adolescentes de oito comunidades da regi\u00e3o: Andara\u00ed, Borel, Casa Branca, Ch\u00e1cara do C\u00e9u, Formiga, Morro do Cruz, Salgueiro e Turano. Ainda restam sete etapas seletivas, uma em cada comunidade. A primeira foi nesta quarta, na Ch\u00e1cara do C\u00e9u. Pode participar a garotada, de ambos os sexos, na faixa et\u00e1ria entre 5 e 15 anos, j\u00e1 inscrita no projeto.<\/p>\n\n\n\n<p>Para o subprefeito da Grande Tijuca, Wagner Coe, o objetivo do Campo dos Sonhos &#8220;vai muito al\u00e9m da capta\u00e7\u00e3o de talentos ou do surgimento de um novo craque&#8221;.<\/p>\n\n\n\n<p><strong><em>\u2014 Pretendemos fomentar o esporte, estimular a ades\u00e3o de jovens aos projetos esportivos desenvolvidos nas comunidades e contribuir na forma\u00e7\u00e3o de bons cidad\u00e3os tijucanos.<\/em><\/strong><\/p>\n\n\n\n<p>Os jovens participantes recebem forma\u00e7\u00e3o no esporte, orienta\u00e7\u00e3o educacional e de cidadania, al\u00e9m de est\u00edmulos \u00e0 autoestima por parte das equipes de coordenadores.<\/p>\n\n\n\n<p>Retirado de: Lance<\/p>\n","protected":false},"excerpt":{"rendered":"<p>O ex-meia Andrade, multicampe\u00e3o na d\u00e9cada de 80, faz jus ao slogan &#8220;Craque o Flamengo faz em casa&#8221;. Nesta quarta, o \u00eddolo da Na\u00e7\u00e3o acompanhou um trabalho com jovens na comunidade Ch\u00e1cara do C\u00e9u, no Rio de Janeiro, que, realizada em parceria do clube com a Prefeitura, tem a miss\u00e3o de selecionar talentos para treinar [&hellip;]<\/p>\n","protected":false},"author":1,"featured_media":28439,"comment_status":"open","ping_status":"closed","sticky":false,"template":"","format":"standard","meta":{"footnotes":""},"categories":[1],"tags":[],"class_list":["post-60190","post","type-post","status-publish","format-standard","has-post-thumbnail","hentry","category-flamengo"],"yoast_head":"<!-- This site is optimized with the Yoast SEO Premium plugin v24.2 (Yoast SEO v26.9) - https:\/\/yoast.com\/product\/yoast-seo-premium-wordpress\/ -->\n<title>Andrade elogia parceria entre o Flamengo e a Prefeitura<\/title>\n<meta name=\"robots\" content=\"index, follow, max-snippet:-1, max-image-preview:large, max-video-preview:-1\" \/>\n<link rel=\"canonical\" href=\"https:\/\/www.gaveanews.com\/index.php\/2021\/04\/28\/andrade-elogia-parceria-entre-o-flamengo-e-a-prefeitura\/\" \/>\n<meta property=\"og:locale\" content=\"pt_BR\" \/>\n<meta property=\"og:type\" content=\"article\" \/>\n<meta property=\"og:title\" content=\"Andrade elogia parceria entre o Flamengo e a Prefeitura\" \/>\n<meta property=\"og:description\" content=\"O ex-meia Andrade, multicampe\u00e3o na d\u00e9cada de 80, faz jus ao slogan &#8220;Craque o Flamengo faz em casa&#8221;. Nesta quarta, o \u00eddolo da Na\u00e7\u00e3o acompanhou um trabalho com jovens na comunidade Ch\u00e1cara do C\u00e9u, no Rio de Janeiro, que, realizada em parceria do clube com a Prefeitura, tem a miss\u00e3o de selecionar talentos para treinar [&hellip;]\" \/>\n<meta property=\"og:url\" content=\"https:\/\/www.gaveanews.com\/index.php\/2021\/04\/28\/andrade-elogia-parceria-entre-o-flamengo-e-a-prefeitura\/\" \/>\n<meta property=\"og:site_name\" content=\"G\u00e1vea News\" \/>\n<meta property=\"article:publisher\" content=\"https:\/\/facebook.com\/gaveaNews\/\" \/>\n<meta property=\"article:published_time\" content=\"2021-04-29T01:51:50+00:00\" \/>\n<meta property=\"article:modified_time\" content=\"2021-04-29T01:51:53+00:00\" \/>\n<meta property=\"og:image\" content=\"https:\/\/www.gaveanews.com\/wp-content\/uploads\/Andrade-durante-uma-partida-do-Flamengo.webp\" \/>\n\t<meta property=\"og:image:width\" content=\"713\" \/>\n\t<meta property=\"og:image:height\" content=\"475\" \/>\n\t<meta property=\"og:image:type\" content=\"image\/jpeg\" \/>\n<meta name=\"author\" content=\"Equipe G\u00e1vea News\" \/>\n<meta name=\"twitter:card\" content=\"summary_large_image\" \/>\n<meta name=\"twitter:label1\" content=\"Escrito por\" \/>\n\t<meta name=\"twitter:data1\" content=\"Equipe G\u00e1vea News\" \/>\n\t<meta name=\"twitter:label2\" content=\"Est. tempo de leitura\" \/>\n\t<meta name=\"twitter:data2\" content=\"2 minutos\" \/>\n<script type=\"application\/ld+json\" class=\"yoast-schema-graph\">{\"@context\":\"https:\/\/schema.org\",\"@graph\":[{\"@type\":\"NewsArticle\",\"@id\":\"https:\/\/www.gaveanews.com\/index.php\/2021\/04\/28\/andrade-elogia-parceria-entre-o-flamengo-e-a-prefeitura\/#article\",\"isPartOf\":{\"@id\":\"https:\/\/www.gaveanews.com\/index.php\/2021\/04\/28\/andrade-elogia-parceria-entre-o-flamengo-e-a-prefeitura\/\"},\"author\":{\"name\":\"Equipe G\u00e1vea News\",\"@id\":\"https:\/\/www.gaveanews.com\/#\/schema\/person\/2ec14f73fb96be2caf28f91afb14749d\"},\"headline\":\"Andrade elogia parceria entre o Flamengo e a Prefeitura\",\"datePublished\":\"2021-04-29T01:51:50+00:00\",\"dateModified\":\"2021-04-29T01:51:53+00:00\",\"mainEntityOfPage\":{\"@id\":\"https:\/\/www.gaveanews.com\/index.php\/2021\/04\/28\/andrade-elogia-parceria-entre-o-flamengo-e-a-prefeitura\/\"},\"wordCount\":336,\"commentCount\":4,\"image\":{\"@id\":\"https:\/\/www.gaveanews.com\/index.php\/2021\/04\/28\/andrade-elogia-parceria-entre-o-flamengo-e-a-prefeitura\/#primaryimage\"},\"thumbnailUrl\":\"https:\/\/www.gaveanews.com\/wp-content\/uploads\/Andrade-durante-uma-partida-do-Flamengo.webp\",\"articleSection\":[\"Flamengo\"],\"inLanguage\":\"pt-BR\",\"potentialAction\":[{\"@type\":\"CommentAction\",\"name\":\"Comment\",\"target\":[\"https:\/\/www.gaveanews.com\/index.php\/2021\/04\/28\/andrade-elogia-parceria-entre-o-flamengo-e-a-prefeitura\/#respond\"]}],\"copyrightYear\":\"2021\",\"copyrightHolder\":{\"@id\":\"https:\/\/www.gaveanews.com\/#organization\"}},{\"@type\":\"WebPage\",\"@id\":\"https:\/\/www.gaveanews.com\/index.php\/2021\/04\/28\/andrade-elogia-parceria-entre-o-flamengo-e-a-prefeitura\/\",\"url\":\"https:\/\/www.gaveanews.com\/index.php\/2021\/04\/28\/andrade-elogia-parceria-entre-o-flamengo-e-a-prefeitura\/\",\"name\":\"Andrade elogia parceria entre o Flamengo e a Prefeitura\",\"isPartOf\":{\"@id\":\"https:\/\/www.gaveanews.com\/#website\"},\"primaryImageOfPage\":{\"@id\":\"https:\/\/www.gaveanews.com\/index.php\/2021\/04\/28\/andrade-elogia-parceria-entre-o-flamengo-e-a-prefeitura\/#primaryimage\"},\"image\":{\"@id\":\"https:\/\/www.gaveanews.com\/index.php\/2021\/04\/28\/andrade-elogia-parceria-entre-o-flamengo-e-a-prefeitura\/#primaryimage\"},\"thumbnailUrl\":\"https:\/\/www.gaveanews.com\/wp-content\/uploads\/Andrade-durante-uma-partida-do-Flamengo.webp\",\"datePublished\":\"2021-04-29T01:51:50+00:00\",\"dateModified\":\"2021-04-29T01:51:53+00:00\",\"author\":{\"@id\":\"https:\/\/www.gaveanews.com\/#\/schema\/person\/2ec14f73fb96be2caf28f91afb14749d\"},\"breadcrumb\":{\"@id\":\"https:\/\/www.gaveanews.com\/index.php\/2021\/04\/28\/andrade-elogia-parceria-entre-o-flamengo-e-a-prefeitura\/#breadcrumb\"},\"inLanguage\":\"pt-BR\",\"potentialAction\":[{\"@type\":\"ReadAction\",\"target\":[\"https:\/\/www.gaveanews.com\/index.php\/2021\/04\/28\/andrade-elogia-parceria-entre-o-flamengo-e-a-prefeitura\/\"]}]},{\"@type\":\"ImageObject\",\"inLanguage\":\"pt-BR\",\"@id\":\"https:\/\/www.gaveanews.com\/index.php\/2021\/04\/28\/andrade-elogia-parceria-entre-o-flamengo-e-a-prefeitura\/#primaryimage\",\"url\":\"https:\/\/www.gaveanews.com\/wp-content\/uploads\/Andrade-durante-uma-partida-do-Flamengo.webp\",\"contentUrl\":\"https:\/\/www.gaveanews.com\/wp-content\/uploads\/Andrade-durante-uma-partida-do-Flamengo.webp\",\"width\":713,\"height\":475,\"caption\":\"Andrade durante uma partida do Flamengo (Foto: Gilvan de Souza\/Lancepress!)\"},{\"@type\":\"BreadcrumbList\",\"@id\":\"https:\/\/www.gaveanews.com\/index.php\/2021\/04\/28\/andrade-elogia-parceria-entre-o-flamengo-e-a-prefeitura\/#breadcrumb\",\"itemListElement\":[{\"@type\":\"ListItem\",\"position\":1,\"name\":\"Home\",\"item\":\"https:\/\/www.gaveanews.com\/\"},{\"@type\":\"ListItem\",\"position\":2,\"name\":\"Andrade elogia parceria entre o Flamengo e a Prefeitura\"}]},{\"@type\":\"WebSite\",\"@id\":\"https:\/\/www.gaveanews.com\/#website\",\"url\":\"https:\/\/www.gaveanews.com\/\",\"name\":\"G\u00e1vea News\",\"description\":\"Veja todas as not\u00edcias sobre o Flamengo: Contrata\u00e7\u00f5es, categorias de base, resultados das partidas, tabela de classifica\u00e7\u00e3o, pr\u00f3ximos jogos!\",\"potentialAction\":[{\"@type\":\"SearchAction\",\"target\":{\"@type\":\"EntryPoint\",\"urlTemplate\":\"https:\/\/www.gaveanews.com\/?s={search_term_string}\"},\"query-input\":{\"@type\":\"PropertyValueSpecification\",\"valueRequired\":true,\"valueName\":\"search_term_string\"}}],\"inLanguage\":\"pt-BR\"},{\"@type\":\"Person\",\"@id\":\"https:\/\/www.gaveanews.com\/#\/schema\/person\/2ec14f73fb96be2caf28f91afb14749d\",\"name\":\"Equipe G\u00e1vea News\",\"image\":{\"@type\":\"ImageObject\",\"inLanguage\":\"pt-BR\",\"@id\":\"https:\/\/www.gaveanews.com\/#\/schema\/person\/image\/\",\"url\":\"https:\/\/secure.gravatar.com\/avatar\/1e1956f1facbffd3f8fa53a326721950116b3b9dc9bd44939c01180fd4a745a9?s=96&d=mm&r=g\",\"contentUrl\":\"https:\/\/secure.gravatar.com\/avatar\/1e1956f1facbffd3f8fa53a326721950116b3b9dc9bd44939c01180fd4a745a9?s=96&d=mm&r=g\",\"caption\":\"Equipe G\u00e1vea News\"}}]}<\/script>\n<!-- \/ Yoast SEO Premium plugin. -->","yoast_head_json":{"title":"Andrade elogia parceria entre o Flamengo e a Prefeitura","robots":{"index":"index","follow":"follow","max-snippet":"max-snippet:-1","max-image-preview":"max-image-preview:large","max-video-preview":"max-video-preview:-1"},"canonical":"https:\/\/www.gaveanews.com\/index.php\/2021\/04\/28\/andrade-elogia-parceria-entre-o-flamengo-e-a-prefeitura\/","og_locale":"pt_BR","og_type":"article","og_title":"Andrade elogia parceria entre o Flamengo e a Prefeitura","og_description":"O ex-meia Andrade, multicampe\u00e3o na d\u00e9cada de 80, faz jus ao slogan &#8220;Craque o Flamengo faz em casa&#8221;. Nesta quarta, o \u00eddolo da Na\u00e7\u00e3o acompanhou um trabalho com jovens na comunidade Ch\u00e1cara do C\u00e9u, no Rio de Janeiro, que, realizada em parceria do clube com a Prefeitura, tem a miss\u00e3o de selecionar talentos para treinar [&hellip;]","og_url":"https:\/\/www.gaveanews.com\/index.php\/2021\/04\/28\/andrade-elogia-parceria-entre-o-flamengo-e-a-prefeitura\/","og_site_name":"G\u00e1vea News","article_publisher":"https:\/\/facebook.com\/gaveaNews\/","article_published_time":"2021-04-29T01:51:50+00:00","article_modified_time":"2021-04-29T01:51:53+00:00","og_image":[{"width":713,"height":475,"url":"https:\/\/www.gaveanews.com\/wp-content\/uploads\/Andrade-durante-uma-partida-do-Flamengo.webp","type":"image\/jpeg"}],"author":"Equipe G\u00e1vea News","twitter_card":"summary_large_image","twitter_misc":{"Escrito por":"Equipe G\u00e1vea News","Est. tempo de leitura":"2 minutos"},"schema":{"@context":"https:\/\/schema.org","@graph":[{"@type":"NewsArticle","@id":"https:\/\/www.gaveanews.com\/index.php\/2021\/04\/28\/andrade-elogia-parceria-entre-o-flamengo-e-a-prefeitura\/#article","isPartOf":{"@id":"https:\/\/www.gaveanews.com\/index.php\/2021\/04\/28\/andrade-elogia-parceria-entre-o-flamengo-e-a-prefeitura\/"},"author":{"name":"Equipe G\u00e1vea News","@id":"https:\/\/www.gaveanews.com\/#\/schema\/person\/2ec14f73fb96be2caf28f91afb14749d"},"headline":"Andrade elogia parceria entre o Flamengo e a Prefeitura","datePublished":"2021-04-29T01:51:50+00:00","dateModified":"2021-04-29T01:51:53+00:00","mainEntityOfPage":{"@id":"https:\/\/www.gaveanews.com\/index.php\/2021\/04\/28\/andrade-elogia-parceria-entre-o-flamengo-e-a-prefeitura\/"},"wordCount":336,"commentCount":4,"image":{"@id":"https:\/\/www.gaveanews.com\/index.php\/2021\/04\/28\/andrade-elogia-parceria-entre-o-flamengo-e-a-prefeitura\/#primaryimage"},"thumbnailUrl":"https:\/\/www.gaveanews.com\/wp-content\/uploads\/Andrade-durante-uma-partida-do-Flamengo.webp","articleSection":["Flamengo"],"inLanguage":"pt-BR","potentialAction":[{"@type":"CommentAction","name":"Comment","target":["https:\/\/www.gaveanews.com\/index.php\/2021\/04\/28\/andrade-elogia-parceria-entre-o-flamengo-e-a-prefeitura\/#respond"]}],"copyrightYear":"2021","copyrightHolder":{"@id":"https:\/\/www.gaveanews.com\/#organization"}},{"@type":"WebPage","@id":"https:\/\/www.gaveanews.com\/index.php\/2021\/04\/28\/andrade-elogia-parceria-entre-o-flamengo-e-a-prefeitura\/","url":"https:\/\/www.gaveanews.com\/index.php\/2021\/04\/28\/andrade-elogia-parceria-entre-o-flamengo-e-a-prefeitura\/","name":"Andrade elogia parceria entre o Flamengo e a Prefeitura","isPartOf":{"@id":"https:\/\/www.gaveanews.com\/#website"},"primaryImageOfPage":{"@id":"https:\/\/www.gaveanews.com\/index.php\/2021\/04\/28\/andrade-elogia-parceria-entre-o-flamengo-e-a-prefeitura\/#primaryimage"},"image":{"@id":"https:\/\/www.gaveanews.com\/index.php\/2021\/04\/28\/andrade-elogia-parceria-entre-o-flamengo-e-a-prefeitura\/#primaryimage"},"thumbnailUrl":"https:\/\/www.gaveanews.com\/wp-content\/uploads\/Andrade-durante-uma-partida-do-Flamengo.webp","datePublished":"2021-04-29T01:51:50+00:00","dateModified":"2021-04-29T01:51:53+00:00","author":{"@id":"https:\/\/www.gaveanews.com\/#\/schema\/person\/2ec14f73fb96be2caf28f91afb14749d"},"breadcrumb":{"@id":"https:\/\/www.gaveanews.com\/index.php\/2021\/04\/28\/andrade-elogia-parceria-entre-o-flamengo-e-a-prefeitura\/#breadcrumb"},"inLanguage":"pt-BR","potentialAction":[{"@type":"ReadAction","target":["https:\/\/www.gaveanews.com\/index.php\/2021\/04\/28\/andrade-elogia-parceria-entre-o-flamengo-e-a-prefeitura\/"]}]},{"@type":"ImageObject","inLanguage":"pt-BR","@id":"https:\/\/www.gaveanews.com\/index.php\/2021\/04\/28\/andrade-elogia-parceria-entre-o-flamengo-e-a-prefeitura\/#primaryimage","url":"https:\/\/www.gaveanews.com\/wp-content\/uploads\/Andrade-durante-uma-partida-do-Flamengo.webp","contentUrl":"https:\/\/www.gaveanews.com\/wp-content\/uploads\/Andrade-durante-uma-partida-do-Flamengo.webp","width":713,"height":475,"caption":"Andrade durante uma partida do Flamengo (Foto: Gilvan de Souza\/Lancepress!)"},{"@type":"BreadcrumbList","@id":"https:\/\/www.gaveanews.com\/index.php\/2021\/04\/28\/andrade-elogia-parceria-entre-o-flamengo-e-a-prefeitura\/#breadcrumb","itemListElement":[{"@type":"ListItem","position":1,"name":"Home","item":"https:\/\/www.gaveanews.com\/"},{"@type":"ListItem","position":2,"name":"Andrade elogia parceria entre o Flamengo e a Prefeitura"}]},{"@type":"WebSite","@id":"https:\/\/www.gaveanews.com\/#website","url":"https:\/\/www.gaveanews.com\/","name":"G\u00e1vea News","description":"Veja todas as not\u00edcias sobre o Flamengo: Contrata\u00e7\u00f5es, categorias de base, resultados das partidas, tabela de classifica\u00e7\u00e3o, pr\u00f3ximos jogos!","potentialAction":[{"@type":"SearchAction","target":{"@type":"EntryPoint","urlTemplate":"https:\/\/www.gaveanews.com\/?s={search_term_string}"},"query-input":{"@type":"PropertyValueSpecification","valueRequired":true,"valueName":"search_term_string"}}],"inLanguage":"pt-BR"},{"@type":"Person","@id":"https:\/\/www.gaveanews.com\/#\/schema\/person\/2ec14f73fb96be2caf28f91afb14749d","name":"Equipe G\u00e1vea News","image":{"@type":"ImageObject","inLanguage":"pt-BR","@id":"https:\/\/www.gaveanews.com\/#\/schema\/person\/image\/","url":"https:\/\/secure.gravatar.com\/avatar\/1e1956f1facbffd3f8fa53a326721950116b3b9dc9bd44939c01180fd4a745a9?s=96&d=mm&r=g","contentUrl":"https:\/\/secure.gravatar.com\/avatar\/1e1956f1facbffd3f8fa53a326721950116b3b9dc9bd44939c01180fd4a745a9?s=96&d=mm&r=g","caption":"Equipe G\u00e1vea News"}}]}},"_links":{"self":[{"href":"https:\/\/www.gaveanews.com\/index.php\/wp-json\/wp\/v2\/posts\/60190","targetHints":{"allow":["GET"]}}],"collection":[{"href":"https:\/\/www.gaveanews.com\/index.php\/wp-json\/wp\/v2\/posts"}],"about":[{"href":"https:\/\/www.gaveanews.com\/index.php\/wp-json\/wp\/v2\/types\/post"}],"author":[{"embeddable":true,"href":"https:\/\/www.gaveanews.com\/index.php\/wp-json\/wp\/v2\/users\/1"}],"replies":[{"embeddable":true,"href":"https:\/\/www.gaveanews.com\/index.php\/wp-json\/wp\/v2\/comments?post=60190"}],"version-history":[{"count":0,"href":"https:\/\/www.gaveanews.com\/index.php\/wp-json\/wp\/v2\/posts\/60190\/revisions"}],"wp:featuredmedia":[{"embeddable":true,"href":"https:\/\/www.gaveanews.com\/index.php\/wp-json\/wp\/v2\/media\/28439"}],"wp:attachment":[{"href":"https:\/\/www.gaveanews.com\/index.php\/wp-json\/wp\/v2\/media?parent=60190"}],"wp:term":[{"taxonomy":"category","embeddable":true,"href":"https:\/\/www.gaveanews.com\/index.php\/wp-json\/wp\/v2\/categories?post=60190"},{"taxonomy":"post_tag","embeddable":true,"href":"https:\/\/www.gaveanews.com\/index.php\/wp-json\/wp\/v2\/tags?post=60190"}],"curies":[{"name":"wp","href":"https:\/\/api.w.org\/{rel}","templated":true}]}}