{"id":60200,"date":"2021-04-29T07:31:46","date_gmt":"2021-04-29T10:31:46","guid":{"rendered":"https:\/\/www.gaveanews.com\/?p=60200"},"modified":"2021-04-29T07:31:50","modified_gmt":"2021-04-29T10:31:50","slug":"com-nono-jogo-em-31-dias-ceni-deve-mandar-reservas-do-flamengo-no-carioca","status":"publish","type":"post","link":"https:\/\/www.gaveanews.com\/index.php\/2021\/04\/29\/com-nono-jogo-em-31-dias-ceni-deve-mandar-reservas-do-flamengo-no-carioca\/","title":{"rendered":"Com nono jogo em 31 dias, Ceni deve mandar reservas do Flamengo no Carioca"},"content":{"rendered":"\n<p>Ap\u00f3s conquistar sua segunda vit\u00f3ria na Copa Libertadores, o elenco do Flamengo se reapresenta nesta quinta, no Ninho do Urubu, e inicia a prepara\u00e7\u00e3o para a semifinal do Campeonato Carioca.<\/p>\n\n\n\n<p>O duelo com o Volta Redonda ser\u00e1 o nono do clube com o time principal na temporada de 2021 em 31 dias. Sequ\u00eancia que deve fazer Rog\u00e9rio Ceni manter a rotina e mandar uma equipe alternativa a campo neste s\u00e1bado, no Maracan\u00e3, na partida de de ida da semifinal.<\/p>\n\n\n\n<p>&#8220;Jogamos sempre com o melhor Flamengo poss\u00edvel, buscando as vit\u00f3rias e seguindo o planejamento do come\u00e7o do ano, quando come\u00e7amos o Carioca quase que com um time Sub-20. Usamos o time completo em tr\u00eas, quatro jogos\u2026 Sabemos o quanto \u00e9 importante ser campe\u00e3o carioca, ser campe\u00e3o pelo Flamengo, e vamos rodar o elenco, usar todos os jogadores. Vai depender da avalia\u00e7\u00e3o que vamos fazer na reapresenta\u00e7\u00e3o. Faremos avalia\u00e7\u00e3o visando o jogo da altitude contra a LDU&#8221;, disse Ceni ap\u00f3s o jogo contra a Uni\u00f3n La Calera.<\/p>\n\n\n\n<p>Das oito partidas disputadas, duas foram pela fase de grupos da Libertadores e uma pela Supercopa do Brasil, nas quais Ceni mandou a campo o que tinha de melhor. As mudan\u00e7as, nestes casos, foram pontuais, com substitui\u00e7\u00f5es na zaga &#8211; com Rodrigo Caio fora por les\u00e3o, segue a d\u00favida entre Gustavo Henrique e Bruno Viana como substituto ao lado de Willian Ar\u00e3o, improvisado na defesa.<\/p>\n\n\n\n<p>Nas atividades desta quinta e sexta-feira, na v\u00e9spera da semifinal contra o Volta Redonda, o t\u00e9cnico avaliar\u00e1 as condi\u00e7\u00f5es f\u00edsicas dos atletas que v\u00eam atuando em sequ\u00eancia, com apoio do departamento m\u00e9dico e comiss\u00e3o t\u00e9cnica, para definir qual time defender\u00e1 o Flamengo no s\u00e1bado, \u00e0s 21h05, no Maracan\u00e3.<\/p>\n\n\n\n<p><strong>Os jogos do Flamengo na temporada de 2021 com o grupo principal:<\/strong><\/p>\n\n\n\n<p><strong>31\/3 &#8211; Carioca<\/strong><br>Flamengo 3&#215;0 Bangu, no Raulino de Oliveira<\/p>\n\n\n\n<p><strong>5\/4 &#8211; Carioca<\/strong><br>Madureira 1&#215;5 Flamengo, no Raulino de Oliveira<\/p>\n\n\n\n<p><strong>11\/4 &#8211; Supercopa do Brasil<\/strong><br>Flamengo 2(6)x(5)2 Palmeiras, no Man\u00e9 Garrincha<\/p>\n\n\n\n<p><strong>15\/4 &#8211; Carioca<\/strong><br>Flamengo 1&#215;3 Vasco, no Maracan\u00e3<\/p>\n\n\n\n<p><strong>17\/4 &#8211; Carioca<\/strong><br>Portuguesa 2&#215;2 Flamengo, no Luso-Brasileiro<\/p>\n\n\n\n<p><strong>20\/4 &#8211; Libertadores<\/strong><br>V\u00e9lez Sarsfield 2&#215;3 Flamengo, no Jos\u00e9 Almafitani<\/p>\n\n\n\n<p><strong>24\/4 &#8211; Carioca<\/strong><br>Flamengo 2&#215;1 Volta Redonda, no Maracan\u00e3<\/p>\n\n\n\n<p><strong>27\/4 &#8211; Libertadores<\/strong><br>Flamengo 4&#215;1 Uni\u00f3n La Calera, no Maracan\u00e3<\/p>\n\n\n\n<p><strong>1\/5 &#8211; Carioca<\/strong><br>Volta Redonda x Flamengo, no Maracan\u00e3<\/p>\n\n\n\n<p>Retirado de: UOL<\/p>\n","protected":false},"excerpt":{"rendered":"<p>Ap\u00f3s conquistar sua segunda vit\u00f3ria na Copa Libertadores, o elenco do Flamengo se reapresenta nesta quinta, no Ninho do Urubu, e inicia a prepara\u00e7\u00e3o para a semifinal do Campeonato Carioca. O duelo com o Volta Redonda ser\u00e1 o nono do clube com o time principal na temporada de 2021 em 31 dias. Sequ\u00eancia que deve [&hellip;]<\/p>\n","protected":false},"author":1,"featured_media":60166,"comment_status":"open","ping_status":"closed","sticky":false,"template":"","format":"standard","meta":{"footnotes":""},"categories":[1],"tags":[],"class_list":["post-60200","post","type-post","status-publish","format-standard","has-post-thumbnail","hentry","category-flamengo"],"yoast_head":"<!-- This site is optimized with the Yoast SEO Premium plugin v24.2 (Yoast SEO v26.9) - https:\/\/yoast.com\/product\/yoast-seo-premium-wordpress\/ -->\n<title>Com nono jogo em 31 dias, Ceni deve mandar reservas do Flamengo no Carioca<\/title>\n<meta name=\"robots\" content=\"index, follow, max-snippet:-1, max-image-preview:large, max-video-preview:-1\" \/>\n<link rel=\"canonical\" href=\"https:\/\/www.gaveanews.com\/index.php\/2021\/04\/29\/com-nono-jogo-em-31-dias-ceni-deve-mandar-reservas-do-flamengo-no-carioca\/\" \/>\n<meta property=\"og:locale\" content=\"pt_BR\" \/>\n<meta property=\"og:type\" content=\"article\" \/>\n<meta property=\"og:title\" content=\"Com nono jogo em 31 dias, Ceni deve mandar reservas do Flamengo no Carioca\" \/>\n<meta property=\"og:description\" content=\"Ap\u00f3s conquistar sua segunda vit\u00f3ria na Copa Libertadores, o elenco do Flamengo se reapresenta nesta quinta, no Ninho do Urubu, e inicia a prepara\u00e7\u00e3o para a semifinal do Campeonato Carioca. O duelo com o Volta Redonda ser\u00e1 o nono do clube com o time principal na temporada de 2021 em 31 dias. Sequ\u00eancia que deve [&hellip;]\" \/>\n<meta property=\"og:url\" content=\"https:\/\/www.gaveanews.com\/index.php\/2021\/04\/29\/com-nono-jogo-em-31-dias-ceni-deve-mandar-reservas-do-flamengo-no-carioca\/\" \/>\n<meta property=\"og:site_name\" content=\"G\u00e1vea News\" \/>\n<meta property=\"article:publisher\" content=\"https:\/\/facebook.com\/gaveaNews\/\" \/>\n<meta property=\"article:published_time\" content=\"2021-04-29T10:31:46+00:00\" \/>\n<meta property=\"article:modified_time\" content=\"2021-04-29T10:31:50+00:00\" \/>\n<meta property=\"og:image\" content=\"https:\/\/www.gaveanews.com\/wp-content\/uploads\/Jogadores-se-reunindo-antes-de-jogo-do-Flamengo.webp\" \/>\n\t<meta property=\"og:image:width\" content=\"799\" \/>\n\t<meta property=\"og:image:height\" content=\"533\" \/>\n\t<meta property=\"og:image:type\" content=\"image\/jpeg\" \/>\n<meta name=\"author\" content=\"Equipe G\u00e1vea News\" \/>\n<meta name=\"twitter:card\" content=\"summary_large_image\" \/>\n<meta name=\"twitter:label1\" content=\"Escrito por\" \/>\n\t<meta name=\"twitter:data1\" content=\"Equipe G\u00e1vea News\" \/>\n\t<meta name=\"twitter:label2\" content=\"Est. tempo de leitura\" \/>\n\t<meta name=\"twitter:data2\" content=\"2 minutos\" \/>\n<script type=\"application\/ld+json\" class=\"yoast-schema-graph\">{\"@context\":\"https:\/\/schema.org\",\"@graph\":[{\"@type\":\"NewsArticle\",\"@id\":\"https:\/\/www.gaveanews.com\/index.php\/2021\/04\/29\/com-nono-jogo-em-31-dias-ceni-deve-mandar-reservas-do-flamengo-no-carioca\/#article\",\"isPartOf\":{\"@id\":\"https:\/\/www.gaveanews.com\/index.php\/2021\/04\/29\/com-nono-jogo-em-31-dias-ceni-deve-mandar-reservas-do-flamengo-no-carioca\/\"},\"author\":{\"name\":\"Equipe G\u00e1vea News\",\"@id\":\"https:\/\/www.gaveanews.com\/#\/schema\/person\/2ec14f73fb96be2caf28f91afb14749d\"},\"headline\":\"Com nono jogo em 31 dias, Ceni deve mandar reservas do Flamengo no Carioca\",\"datePublished\":\"2021-04-29T10:31:46+00:00\",\"dateModified\":\"2021-04-29T10:31:50+00:00\",\"mainEntityOfPage\":{\"@id\":\"https:\/\/www.gaveanews.com\/index.php\/2021\/04\/29\/com-nono-jogo-em-31-dias-ceni-deve-mandar-reservas-do-flamengo-no-carioca\/\"},\"wordCount\":413,\"commentCount\":18,\"image\":{\"@id\":\"https:\/\/www.gaveanews.com\/index.php\/2021\/04\/29\/com-nono-jogo-em-31-dias-ceni-deve-mandar-reservas-do-flamengo-no-carioca\/#primaryimage\"},\"thumbnailUrl\":\"https:\/\/www.gaveanews.com\/wp-content\/uploads\/Jogadores-se-reunindo-antes-de-jogo-do-Flamengo.webp\",\"articleSection\":[\"Flamengo\"],\"inLanguage\":\"pt-BR\",\"potentialAction\":[{\"@type\":\"CommentAction\",\"name\":\"Comment\",\"target\":[\"https:\/\/www.gaveanews.com\/index.php\/2021\/04\/29\/com-nono-jogo-em-31-dias-ceni-deve-mandar-reservas-do-flamengo-no-carioca\/#respond\"]}],\"copyrightYear\":\"2021\",\"copyrightHolder\":{\"@id\":\"https:\/\/www.gaveanews.com\/#organization\"}},{\"@type\":\"WebPage\",\"@id\":\"https:\/\/www.gaveanews.com\/index.php\/2021\/04\/29\/com-nono-jogo-em-31-dias-ceni-deve-mandar-reservas-do-flamengo-no-carioca\/\",\"url\":\"https:\/\/www.gaveanews.com\/index.php\/2021\/04\/29\/com-nono-jogo-em-31-dias-ceni-deve-mandar-reservas-do-flamengo-no-carioca\/\",\"name\":\"Com nono jogo em 31 dias, Ceni deve mandar reservas do Flamengo no Carioca\",\"isPartOf\":{\"@id\":\"https:\/\/www.gaveanews.com\/#website\"},\"primaryImageOfPage\":{\"@id\":\"https:\/\/www.gaveanews.com\/index.php\/2021\/04\/29\/com-nono-jogo-em-31-dias-ceni-deve-mandar-reservas-do-flamengo-no-carioca\/#primaryimage\"},\"image\":{\"@id\":\"https:\/\/www.gaveanews.com\/index.php\/2021\/04\/29\/com-nono-jogo-em-31-dias-ceni-deve-mandar-reservas-do-flamengo-no-carioca\/#primaryimage\"},\"thumbnailUrl\":\"https:\/\/www.gaveanews.com\/wp-content\/uploads\/Jogadores-se-reunindo-antes-de-jogo-do-Flamengo.webp\",\"datePublished\":\"2021-04-29T10:31:46+00:00\",\"dateModified\":\"2021-04-29T10:31:50+00:00\",\"author\":{\"@id\":\"https:\/\/www.gaveanews.com\/#\/schema\/person\/2ec14f73fb96be2caf28f91afb14749d\"},\"breadcrumb\":{\"@id\":\"https:\/\/www.gaveanews.com\/index.php\/2021\/04\/29\/com-nono-jogo-em-31-dias-ceni-deve-mandar-reservas-do-flamengo-no-carioca\/#breadcrumb\"},\"inLanguage\":\"pt-BR\",\"potentialAction\":[{\"@type\":\"ReadAction\",\"target\":[\"https:\/\/www.gaveanews.com\/index.php\/2021\/04\/29\/com-nono-jogo-em-31-dias-ceni-deve-mandar-reservas-do-flamengo-no-carioca\/\"]}]},{\"@type\":\"ImageObject\",\"inLanguage\":\"pt-BR\",\"@id\":\"https:\/\/www.gaveanews.com\/index.php\/2021\/04\/29\/com-nono-jogo-em-31-dias-ceni-deve-mandar-reservas-do-flamengo-no-carioca\/#primaryimage\",\"url\":\"https:\/\/www.gaveanews.com\/wp-content\/uploads\/Jogadores-se-reunindo-antes-de-jogo-do-Flamengo.webp\",\"contentUrl\":\"https:\/\/www.gaveanews.com\/wp-content\/uploads\/Jogadores-se-reunindo-antes-de-jogo-do-Flamengo.webp\",\"width\":799,\"height\":533,\"caption\":\"Jogadores se reunindo antes de jogo do Flamengo (Foto: Alexandre Vidal\/Flamengo)\"},{\"@type\":\"BreadcrumbList\",\"@id\":\"https:\/\/www.gaveanews.com\/index.php\/2021\/04\/29\/com-nono-jogo-em-31-dias-ceni-deve-mandar-reservas-do-flamengo-no-carioca\/#breadcrumb\",\"itemListElement\":[{\"@type\":\"ListItem\",\"position\":1,\"name\":\"Home\",\"item\":\"https:\/\/www.gaveanews.com\/\"},{\"@type\":\"ListItem\",\"position\":2,\"name\":\"Com nono jogo em 31 dias, Ceni deve mandar reservas do Flamengo no Carioca\"}]},{\"@type\":\"WebSite\",\"@id\":\"https:\/\/www.gaveanews.com\/#website\",\"url\":\"https:\/\/www.gaveanews.com\/\",\"name\":\"G\u00e1vea News\",\"description\":\"Veja todas as not\u00edcias sobre o Flamengo: Contrata\u00e7\u00f5es, categorias de base, resultados das partidas, tabela de classifica\u00e7\u00e3o, pr\u00f3ximos jogos!\",\"potentialAction\":[{\"@type\":\"SearchAction\",\"target\":{\"@type\":\"EntryPoint\",\"urlTemplate\":\"https:\/\/www.gaveanews.com\/?s={search_term_string}\"},\"query-input\":{\"@type\":\"PropertyValueSpecification\",\"valueRequired\":true,\"valueName\":\"search_term_string\"}}],\"inLanguage\":\"pt-BR\"},{\"@type\":\"Person\",\"@id\":\"https:\/\/www.gaveanews.com\/#\/schema\/person\/2ec14f73fb96be2caf28f91afb14749d\",\"name\":\"Equipe G\u00e1vea News\",\"image\":{\"@type\":\"ImageObject\",\"inLanguage\":\"pt-BR\",\"@id\":\"https:\/\/www.gaveanews.com\/#\/schema\/person\/image\/\",\"url\":\"https:\/\/secure.gravatar.com\/avatar\/1e1956f1facbffd3f8fa53a326721950116b3b9dc9bd44939c01180fd4a745a9?s=96&d=mm&r=g\",\"contentUrl\":\"https:\/\/secure.gravatar.com\/avatar\/1e1956f1facbffd3f8fa53a326721950116b3b9dc9bd44939c01180fd4a745a9?s=96&d=mm&r=g\",\"caption\":\"Equipe G\u00e1vea News\"}}]}<\/script>\n<!-- \/ Yoast SEO Premium plugin. -->","yoast_head_json":{"title":"Com nono jogo em 31 dias, Ceni deve mandar reservas do Flamengo no Carioca","robots":{"index":"index","follow":"follow","max-snippet":"max-snippet:-1","max-image-preview":"max-image-preview:large","max-video-preview":"max-video-preview:-1"},"canonical":"https:\/\/www.gaveanews.com\/index.php\/2021\/04\/29\/com-nono-jogo-em-31-dias-ceni-deve-mandar-reservas-do-flamengo-no-carioca\/","og_locale":"pt_BR","og_type":"article","og_title":"Com nono jogo em 31 dias, Ceni deve mandar reservas do Flamengo no Carioca","og_description":"Ap\u00f3s conquistar sua segunda vit\u00f3ria na Copa Libertadores, o elenco do Flamengo se reapresenta nesta quinta, no Ninho do Urubu, e inicia a prepara\u00e7\u00e3o para a semifinal do Campeonato Carioca. O duelo com o Volta Redonda ser\u00e1 o nono do clube com o time principal na temporada de 2021 em 31 dias. Sequ\u00eancia que deve [&hellip;]","og_url":"https:\/\/www.gaveanews.com\/index.php\/2021\/04\/29\/com-nono-jogo-em-31-dias-ceni-deve-mandar-reservas-do-flamengo-no-carioca\/","og_site_name":"G\u00e1vea News","article_publisher":"https:\/\/facebook.com\/gaveaNews\/","article_published_time":"2021-04-29T10:31:46+00:00","article_modified_time":"2021-04-29T10:31:50+00:00","og_image":[{"width":799,"height":533,"url":"https:\/\/www.gaveanews.com\/wp-content\/uploads\/Jogadores-se-reunindo-antes-de-jogo-do-Flamengo.webp","type":"image\/jpeg"}],"author":"Equipe G\u00e1vea News","twitter_card":"summary_large_image","twitter_misc":{"Escrito por":"Equipe G\u00e1vea News","Est. tempo de leitura":"2 minutos"},"schema":{"@context":"https:\/\/schema.org","@graph":[{"@type":"NewsArticle","@id":"https:\/\/www.gaveanews.com\/index.php\/2021\/04\/29\/com-nono-jogo-em-31-dias-ceni-deve-mandar-reservas-do-flamengo-no-carioca\/#article","isPartOf":{"@id":"https:\/\/www.gaveanews.com\/index.php\/2021\/04\/29\/com-nono-jogo-em-31-dias-ceni-deve-mandar-reservas-do-flamengo-no-carioca\/"},"author":{"name":"Equipe G\u00e1vea News","@id":"https:\/\/www.gaveanews.com\/#\/schema\/person\/2ec14f73fb96be2caf28f91afb14749d"},"headline":"Com nono jogo em 31 dias, Ceni deve mandar reservas do Flamengo no Carioca","datePublished":"2021-04-29T10:31:46+00:00","dateModified":"2021-04-29T10:31:50+00:00","mainEntityOfPage":{"@id":"https:\/\/www.gaveanews.com\/index.php\/2021\/04\/29\/com-nono-jogo-em-31-dias-ceni-deve-mandar-reservas-do-flamengo-no-carioca\/"},"wordCount":413,"commentCount":18,"image":{"@id":"https:\/\/www.gaveanews.com\/index.php\/2021\/04\/29\/com-nono-jogo-em-31-dias-ceni-deve-mandar-reservas-do-flamengo-no-carioca\/#primaryimage"},"thumbnailUrl":"https:\/\/www.gaveanews.com\/wp-content\/uploads\/Jogadores-se-reunindo-antes-de-jogo-do-Flamengo.webp","articleSection":["Flamengo"],"inLanguage":"pt-BR","potentialAction":[{"@type":"CommentAction","name":"Comment","target":["https:\/\/www.gaveanews.com\/index.php\/2021\/04\/29\/com-nono-jogo-em-31-dias-ceni-deve-mandar-reservas-do-flamengo-no-carioca\/#respond"]}],"copyrightYear":"2021","copyrightHolder":{"@id":"https:\/\/www.gaveanews.com\/#organization"}},{"@type":"WebPage","@id":"https:\/\/www.gaveanews.com\/index.php\/2021\/04\/29\/com-nono-jogo-em-31-dias-ceni-deve-mandar-reservas-do-flamengo-no-carioca\/","url":"https:\/\/www.gaveanews.com\/index.php\/2021\/04\/29\/com-nono-jogo-em-31-dias-ceni-deve-mandar-reservas-do-flamengo-no-carioca\/","name":"Com nono jogo em 31 dias, Ceni deve mandar reservas do Flamengo no Carioca","isPartOf":{"@id":"https:\/\/www.gaveanews.com\/#website"},"primaryImageOfPage":{"@id":"https:\/\/www.gaveanews.com\/index.php\/2021\/04\/29\/com-nono-jogo-em-31-dias-ceni-deve-mandar-reservas-do-flamengo-no-carioca\/#primaryimage"},"image":{"@id":"https:\/\/www.gaveanews.com\/index.php\/2021\/04\/29\/com-nono-jogo-em-31-dias-ceni-deve-mandar-reservas-do-flamengo-no-carioca\/#primaryimage"},"thumbnailUrl":"https:\/\/www.gaveanews.com\/wp-content\/uploads\/Jogadores-se-reunindo-antes-de-jogo-do-Flamengo.webp","datePublished":"2021-04-29T10:31:46+00:00","dateModified":"2021-04-29T10:31:50+00:00","author":{"@id":"https:\/\/www.gaveanews.com\/#\/schema\/person\/2ec14f73fb96be2caf28f91afb14749d"},"breadcrumb":{"@id":"https:\/\/www.gaveanews.com\/index.php\/2021\/04\/29\/com-nono-jogo-em-31-dias-ceni-deve-mandar-reservas-do-flamengo-no-carioca\/#breadcrumb"},"inLanguage":"pt-BR","potentialAction":[{"@type":"ReadAction","target":["https:\/\/www.gaveanews.com\/index.php\/2021\/04\/29\/com-nono-jogo-em-31-dias-ceni-deve-mandar-reservas-do-flamengo-no-carioca\/"]}]},{"@type":"ImageObject","inLanguage":"pt-BR","@id":"https:\/\/www.gaveanews.com\/index.php\/2021\/04\/29\/com-nono-jogo-em-31-dias-ceni-deve-mandar-reservas-do-flamengo-no-carioca\/#primaryimage","url":"https:\/\/www.gaveanews.com\/wp-content\/uploads\/Jogadores-se-reunindo-antes-de-jogo-do-Flamengo.webp","contentUrl":"https:\/\/www.gaveanews.com\/wp-content\/uploads\/Jogadores-se-reunindo-antes-de-jogo-do-Flamengo.webp","width":799,"height":533,"caption":"Jogadores se reunindo antes de jogo do Flamengo (Foto: Alexandre Vidal\/Flamengo)"},{"@type":"BreadcrumbList","@id":"https:\/\/www.gaveanews.com\/index.php\/2021\/04\/29\/com-nono-jogo-em-31-dias-ceni-deve-mandar-reservas-do-flamengo-no-carioca\/#breadcrumb","itemListElement":[{"@type":"ListItem","position":1,"name":"Home","item":"https:\/\/www.gaveanews.com\/"},{"@type":"ListItem","position":2,"name":"Com nono jogo em 31 dias, Ceni deve mandar reservas do Flamengo no Carioca"}]},{"@type":"WebSite","@id":"https:\/\/www.gaveanews.com\/#website","url":"https:\/\/www.gaveanews.com\/","name":"G\u00e1vea News","description":"Veja todas as not\u00edcias sobre o Flamengo: Contrata\u00e7\u00f5es, categorias de base, resultados das partidas, tabela de classifica\u00e7\u00e3o, pr\u00f3ximos jogos!","potentialAction":[{"@type":"SearchAction","target":{"@type":"EntryPoint","urlTemplate":"https:\/\/www.gaveanews.com\/?s={search_term_string}"},"query-input":{"@type":"PropertyValueSpecification","valueRequired":true,"valueName":"search_term_string"}}],"inLanguage":"pt-BR"},{"@type":"Person","@id":"https:\/\/www.gaveanews.com\/#\/schema\/person\/2ec14f73fb96be2caf28f91afb14749d","name":"Equipe G\u00e1vea News","image":{"@type":"ImageObject","inLanguage":"pt-BR","@id":"https:\/\/www.gaveanews.com\/#\/schema\/person\/image\/","url":"https:\/\/secure.gravatar.com\/avatar\/1e1956f1facbffd3f8fa53a326721950116b3b9dc9bd44939c01180fd4a745a9?s=96&d=mm&r=g","contentUrl":"https:\/\/secure.gravatar.com\/avatar\/1e1956f1facbffd3f8fa53a326721950116b3b9dc9bd44939c01180fd4a745a9?s=96&d=mm&r=g","caption":"Equipe G\u00e1vea News"}}]}},"_links":{"self":[{"href":"https:\/\/www.gaveanews.com\/index.php\/wp-json\/wp\/v2\/posts\/60200","targetHints":{"allow":["GET"]}}],"collection":[{"href":"https:\/\/www.gaveanews.com\/index.php\/wp-json\/wp\/v2\/posts"}],"about":[{"href":"https:\/\/www.gaveanews.com\/index.php\/wp-json\/wp\/v2\/types\/post"}],"author":[{"embeddable":true,"href":"https:\/\/www.gaveanews.com\/index.php\/wp-json\/wp\/v2\/users\/1"}],"replies":[{"embeddable":true,"href":"https:\/\/www.gaveanews.com\/index.php\/wp-json\/wp\/v2\/comments?post=60200"}],"version-history":[{"count":0,"href":"https:\/\/www.gaveanews.com\/index.php\/wp-json\/wp\/v2\/posts\/60200\/revisions"}],"wp:featuredmedia":[{"embeddable":true,"href":"https:\/\/www.gaveanews.com\/index.php\/wp-json\/wp\/v2\/media\/60166"}],"wp:attachment":[{"href":"https:\/\/www.gaveanews.com\/index.php\/wp-json\/wp\/v2\/media?parent=60200"}],"wp:term":[{"taxonomy":"category","embeddable":true,"href":"https:\/\/www.gaveanews.com\/index.php\/wp-json\/wp\/v2\/categories?post=60200"},{"taxonomy":"post_tag","embeddable":true,"href":"https:\/\/www.gaveanews.com\/index.php\/wp-json\/wp\/v2\/tags?post=60200"}],"curies":[{"name":"wp","href":"https:\/\/api.w.org\/{rel}","templated":true}]}}