{"id":60204,"date":"2021-04-29T10:38:31","date_gmt":"2021-04-29T13:38:31","guid":{"rendered":"https:\/\/www.gaveanews.com\/?p=60204"},"modified":"2021-04-29T10:39:45","modified_gmt":"2021-04-29T13:39:45","slug":"marcos-braz-abre-o-jogo-sobre-futuro-de-rodinei-e-piris-da-motta","status":"publish","type":"post","link":"https:\/\/www.gaveanews.com\/index.php\/2021\/04\/29\/marcos-braz-abre-o-jogo-sobre-futuro-de-rodinei-e-piris-da-motta\/","title":{"rendered":"Marcos Braz abre o jogo sobre futuro de Rodinei e Piris da Motta"},"content":{"rendered":"\n<p>O Flamengo contratou apenas Bruno Viana para a temporada 2021. No entanto, dois jogadores est\u00e3o com futuro indefinido se v\u00e3o refor\u00e7ar o elenco de Rog\u00e9rio Ceni ou n\u00e3o: Rodinei e Piris da Motta.<\/p>\n\n\n\n<p>Enquanto o lateral est\u00e1 em fim de contrato como Internacional, o volante paraguaio vive situa\u00e7\u00e3o parecida no Genclerbirligi, da Turquia. Em entrevista ao GE, o vice-presidente de futebol Marcos Braz abriu o jogo sobre a situa\u00e7\u00e3o da dupla.<\/p>\n\n\n\n<p>\u2014 <strong><em>Os dois jogadores t\u00eam contratos longos, os dois j\u00e1 estavam com esse contrato quando chegamos, foram emprestados porque era bom para os jogadores e Flamengo. Os empr\u00e9stimos est\u00e3o acabando. Eles t\u00eam situa\u00e7\u00f5es pr\u00e9-estabelecidas. Se depositarem o dinheiro, acabou a conversa, os jogadores saem<\/em><\/strong>, afirmou Braz, completando.<\/p>\n\n\n\n<p>\u2014 <strong><em>Se acabarem os contratos e n\u00e3o tiver proposta, os jogadores ser\u00e3o reintegrados imediatamente. N\u00e3o vou ficar conversando fiado. Muito provavelmente o Rodinei estar\u00e1 aqui em 30 dias<\/em><\/strong>, finalizou.<\/p>\n\n\n\n<p>Rodinei j\u00e1 ganhou o aval de Rog\u00e9rio Ceni em entrevista recente. O t\u00e9cnico afirmou que o lateral ser\u00e1 bem-vindo caso a op\u00e7\u00e3o seja retornar ao Ninho do Urubu.<\/p>\n\n\n\n<p>Por outro lado, Piris da Motta ainda n\u00e3o teve um aval p\u00fablico de Rog\u00e9rio Ceni. No entanto, as caracter\u00edsticas do jogador contrastam com a ideologia do treinador na montagem do time rubro-negro em campo. O paraguaio \u00e9 um volante mais pegador, enquanto Ceni prefere um meia atuando na fun\u00e7\u00e3o para dar mais velocidade na sa\u00edda de bola.<\/p>\n\n\n\n<p>Retirado de: ESPN<\/p>\n","protected":false},"excerpt":{"rendered":"<p>O Flamengo contratou apenas Bruno Viana para a temporada 2021. No entanto, dois jogadores est\u00e3o com futuro indefinido se v\u00e3o refor\u00e7ar o elenco de Rog\u00e9rio Ceni ou n\u00e3o: Rodinei e Piris da Motta. Enquanto o lateral est\u00e1 em fim de contrato como Internacional, o volante paraguaio vive situa\u00e7\u00e3o parecida no Genclerbirligi, da Turquia. Em entrevista [&hellip;]<\/p>\n","protected":false},"author":1,"featured_media":46957,"comment_status":"open","ping_status":"closed","sticky":false,"template":"","format":"standard","meta":{"footnotes":""},"categories":[48],"tags":[],"class_list":["post-60204","post","type-post","status-publish","format-standard","has-post-thumbnail","hentry","category-negociacoes"],"yoast_head":"<!-- This site is optimized with the Yoast SEO Premium plugin v24.2 (Yoast SEO v26.9) - https:\/\/yoast.com\/product\/yoast-seo-premium-wordpress\/ -->\n<title>Marcos Braz abre o jogo sobre futuro de Rodinei e Piris da Motta<\/title>\n<meta name=\"robots\" content=\"index, follow, max-snippet:-1, max-image-preview:large, max-video-preview:-1\" \/>\n<link rel=\"canonical\" href=\"https:\/\/www.gaveanews.com\/index.php\/2021\/04\/29\/marcos-braz-abre-o-jogo-sobre-futuro-de-rodinei-e-piris-da-motta\/\" \/>\n<meta property=\"og:locale\" content=\"pt_BR\" \/>\n<meta property=\"og:type\" content=\"article\" \/>\n<meta property=\"og:title\" content=\"Marcos Braz abre o jogo sobre futuro de Rodinei e Piris da Motta\" \/>\n<meta property=\"og:description\" content=\"O Flamengo contratou apenas Bruno Viana para a temporada 2021. No entanto, dois jogadores est\u00e3o com futuro indefinido se v\u00e3o refor\u00e7ar o elenco de Rog\u00e9rio Ceni ou n\u00e3o: Rodinei e Piris da Motta. Enquanto o lateral est\u00e1 em fim de contrato como Internacional, o volante paraguaio vive situa\u00e7\u00e3o parecida no Genclerbirligi, da Turquia. Em entrevista [&hellip;]\" \/>\n<meta property=\"og:url\" content=\"https:\/\/www.gaveanews.com\/index.php\/2021\/04\/29\/marcos-braz-abre-o-jogo-sobre-futuro-de-rodinei-e-piris-da-motta\/\" \/>\n<meta property=\"og:site_name\" content=\"G\u00e1vea News\" \/>\n<meta property=\"article:publisher\" content=\"https:\/\/facebook.com\/gaveaNews\/\" \/>\n<meta property=\"article:published_time\" content=\"2021-04-29T13:38:31+00:00\" \/>\n<meta property=\"article:modified_time\" content=\"2021-04-29T13:39:45+00:00\" \/>\n<meta property=\"og:image\" content=\"https:\/\/www.gaveanews.com\/wp-content\/uploads\/Marcos-Braz-no-gramado-do-Maracana.webp\" \/>\n\t<meta property=\"og:image:width\" content=\"799\" \/>\n\t<meta property=\"og:image:height\" content=\"532\" \/>\n\t<meta property=\"og:image:type\" content=\"image\/jpeg\" \/>\n<meta name=\"author\" content=\"Equipe G\u00e1vea News\" \/>\n<meta name=\"twitter:card\" content=\"summary_large_image\" \/>\n<meta name=\"twitter:label1\" content=\"Escrito por\" \/>\n\t<meta name=\"twitter:data1\" content=\"Equipe G\u00e1vea News\" \/>\n\t<meta name=\"twitter:label2\" content=\"Est. tempo de leitura\" \/>\n\t<meta name=\"twitter:data2\" content=\"2 minutos\" \/>\n<script type=\"application\/ld+json\" class=\"yoast-schema-graph\">{\"@context\":\"https:\/\/schema.org\",\"@graph\":[{\"@type\":\"NewsArticle\",\"@id\":\"https:\/\/www.gaveanews.com\/index.php\/2021\/04\/29\/marcos-braz-abre-o-jogo-sobre-futuro-de-rodinei-e-piris-da-motta\/#article\",\"isPartOf\":{\"@id\":\"https:\/\/www.gaveanews.com\/index.php\/2021\/04\/29\/marcos-braz-abre-o-jogo-sobre-futuro-de-rodinei-e-piris-da-motta\/\"},\"author\":{\"name\":\"Equipe G\u00e1vea News\",\"@id\":\"https:\/\/www.gaveanews.com\/#\/schema\/person\/2ec14f73fb96be2caf28f91afb14749d\"},\"headline\":\"Marcos Braz abre o jogo sobre futuro de Rodinei e Piris da Motta\",\"datePublished\":\"2021-04-29T13:38:31+00:00\",\"dateModified\":\"2021-04-29T13:39:45+00:00\",\"mainEntityOfPage\":{\"@id\":\"https:\/\/www.gaveanews.com\/index.php\/2021\/04\/29\/marcos-braz-abre-o-jogo-sobre-futuro-de-rodinei-e-piris-da-motta\/\"},\"wordCount\":268,\"commentCount\":22,\"image\":{\"@id\":\"https:\/\/www.gaveanews.com\/index.php\/2021\/04\/29\/marcos-braz-abre-o-jogo-sobre-futuro-de-rodinei-e-piris-da-motta\/#primaryimage\"},\"thumbnailUrl\":\"https:\/\/www.gaveanews.com\/wp-content\/uploads\/Marcos-Braz-no-gramado-do-Maracana.webp\",\"articleSection\":[\"Negocia\u00e7\u00f5es\"],\"inLanguage\":\"pt-BR\",\"potentialAction\":[{\"@type\":\"CommentAction\",\"name\":\"Comment\",\"target\":[\"https:\/\/www.gaveanews.com\/index.php\/2021\/04\/29\/marcos-braz-abre-o-jogo-sobre-futuro-de-rodinei-e-piris-da-motta\/#respond\"]}],\"copyrightYear\":\"2021\",\"copyrightHolder\":{\"@id\":\"https:\/\/www.gaveanews.com\/#organization\"}},{\"@type\":\"WebPage\",\"@id\":\"https:\/\/www.gaveanews.com\/index.php\/2021\/04\/29\/marcos-braz-abre-o-jogo-sobre-futuro-de-rodinei-e-piris-da-motta\/\",\"url\":\"https:\/\/www.gaveanews.com\/index.php\/2021\/04\/29\/marcos-braz-abre-o-jogo-sobre-futuro-de-rodinei-e-piris-da-motta\/\",\"name\":\"Marcos Braz abre o jogo sobre futuro de Rodinei e Piris da Motta\",\"isPartOf\":{\"@id\":\"https:\/\/www.gaveanews.com\/#website\"},\"primaryImageOfPage\":{\"@id\":\"https:\/\/www.gaveanews.com\/index.php\/2021\/04\/29\/marcos-braz-abre-o-jogo-sobre-futuro-de-rodinei-e-piris-da-motta\/#primaryimage\"},\"image\":{\"@id\":\"https:\/\/www.gaveanews.com\/index.php\/2021\/04\/29\/marcos-braz-abre-o-jogo-sobre-futuro-de-rodinei-e-piris-da-motta\/#primaryimage\"},\"thumbnailUrl\":\"https:\/\/www.gaveanews.com\/wp-content\/uploads\/Marcos-Braz-no-gramado-do-Maracana.webp\",\"datePublished\":\"2021-04-29T13:38:31+00:00\",\"dateModified\":\"2021-04-29T13:39:45+00:00\",\"author\":{\"@id\":\"https:\/\/www.gaveanews.com\/#\/schema\/person\/2ec14f73fb96be2caf28f91afb14749d\"},\"breadcrumb\":{\"@id\":\"https:\/\/www.gaveanews.com\/index.php\/2021\/04\/29\/marcos-braz-abre-o-jogo-sobre-futuro-de-rodinei-e-piris-da-motta\/#breadcrumb\"},\"inLanguage\":\"pt-BR\",\"potentialAction\":[{\"@type\":\"ReadAction\",\"target\":[\"https:\/\/www.gaveanews.com\/index.php\/2021\/04\/29\/marcos-braz-abre-o-jogo-sobre-futuro-de-rodinei-e-piris-da-motta\/\"]}]},{\"@type\":\"ImageObject\",\"inLanguage\":\"pt-BR\",\"@id\":\"https:\/\/www.gaveanews.com\/index.php\/2021\/04\/29\/marcos-braz-abre-o-jogo-sobre-futuro-de-rodinei-e-piris-da-motta\/#primaryimage\",\"url\":\"https:\/\/www.gaveanews.com\/wp-content\/uploads\/Marcos-Braz-no-gramado-do-Maracana.webp\",\"contentUrl\":\"https:\/\/www.gaveanews.com\/wp-content\/uploads\/Marcos-Braz-no-gramado-do-Maracana.webp\",\"width\":799,\"height\":532,\"caption\":\"Marcos Braz no gramado do Maracan\u00e3 (Foto: Alexandre Vidal\/Flamengo)\"},{\"@type\":\"BreadcrumbList\",\"@id\":\"https:\/\/www.gaveanews.com\/index.php\/2021\/04\/29\/marcos-braz-abre-o-jogo-sobre-futuro-de-rodinei-e-piris-da-motta\/#breadcrumb\",\"itemListElement\":[{\"@type\":\"ListItem\",\"position\":1,\"name\":\"Home\",\"item\":\"https:\/\/www.gaveanews.com\/\"},{\"@type\":\"ListItem\",\"position\":2,\"name\":\"Marcos Braz abre o jogo sobre futuro de Rodinei e Piris da Motta\"}]},{\"@type\":\"WebSite\",\"@id\":\"https:\/\/www.gaveanews.com\/#website\",\"url\":\"https:\/\/www.gaveanews.com\/\",\"name\":\"G\u00e1vea News\",\"description\":\"Veja todas as not\u00edcias sobre o Flamengo: Contrata\u00e7\u00f5es, categorias de base, resultados das partidas, tabela de classifica\u00e7\u00e3o, pr\u00f3ximos jogos!\",\"potentialAction\":[{\"@type\":\"SearchAction\",\"target\":{\"@type\":\"EntryPoint\",\"urlTemplate\":\"https:\/\/www.gaveanews.com\/?s={search_term_string}\"},\"query-input\":{\"@type\":\"PropertyValueSpecification\",\"valueRequired\":true,\"valueName\":\"search_term_string\"}}],\"inLanguage\":\"pt-BR\"},{\"@type\":\"Person\",\"@id\":\"https:\/\/www.gaveanews.com\/#\/schema\/person\/2ec14f73fb96be2caf28f91afb14749d\",\"name\":\"Equipe G\u00e1vea News\",\"image\":{\"@type\":\"ImageObject\",\"inLanguage\":\"pt-BR\",\"@id\":\"https:\/\/www.gaveanews.com\/#\/schema\/person\/image\/\",\"url\":\"https:\/\/secure.gravatar.com\/avatar\/1e1956f1facbffd3f8fa53a326721950116b3b9dc9bd44939c01180fd4a745a9?s=96&d=mm&r=g\",\"contentUrl\":\"https:\/\/secure.gravatar.com\/avatar\/1e1956f1facbffd3f8fa53a326721950116b3b9dc9bd44939c01180fd4a745a9?s=96&d=mm&r=g\",\"caption\":\"Equipe G\u00e1vea News\"}}]}<\/script>\n<!-- \/ Yoast SEO Premium plugin. -->","yoast_head_json":{"title":"Marcos Braz abre o jogo sobre futuro de Rodinei e Piris da Motta","robots":{"index":"index","follow":"follow","max-snippet":"max-snippet:-1","max-image-preview":"max-image-preview:large","max-video-preview":"max-video-preview:-1"},"canonical":"https:\/\/www.gaveanews.com\/index.php\/2021\/04\/29\/marcos-braz-abre-o-jogo-sobre-futuro-de-rodinei-e-piris-da-motta\/","og_locale":"pt_BR","og_type":"article","og_title":"Marcos Braz abre o jogo sobre futuro de Rodinei e Piris da Motta","og_description":"O Flamengo contratou apenas Bruno Viana para a temporada 2021. No entanto, dois jogadores est\u00e3o com futuro indefinido se v\u00e3o refor\u00e7ar o elenco de Rog\u00e9rio Ceni ou n\u00e3o: Rodinei e Piris da Motta. Enquanto o lateral est\u00e1 em fim de contrato como Internacional, o volante paraguaio vive situa\u00e7\u00e3o parecida no Genclerbirligi, da Turquia. Em entrevista [&hellip;]","og_url":"https:\/\/www.gaveanews.com\/index.php\/2021\/04\/29\/marcos-braz-abre-o-jogo-sobre-futuro-de-rodinei-e-piris-da-motta\/","og_site_name":"G\u00e1vea News","article_publisher":"https:\/\/facebook.com\/gaveaNews\/","article_published_time":"2021-04-29T13:38:31+00:00","article_modified_time":"2021-04-29T13:39:45+00:00","og_image":[{"width":799,"height":532,"url":"https:\/\/www.gaveanews.com\/wp-content\/uploads\/Marcos-Braz-no-gramado-do-Maracana.webp","type":"image\/jpeg"}],"author":"Equipe G\u00e1vea News","twitter_card":"summary_large_image","twitter_misc":{"Escrito por":"Equipe G\u00e1vea News","Est. tempo de leitura":"2 minutos"},"schema":{"@context":"https:\/\/schema.org","@graph":[{"@type":"NewsArticle","@id":"https:\/\/www.gaveanews.com\/index.php\/2021\/04\/29\/marcos-braz-abre-o-jogo-sobre-futuro-de-rodinei-e-piris-da-motta\/#article","isPartOf":{"@id":"https:\/\/www.gaveanews.com\/index.php\/2021\/04\/29\/marcos-braz-abre-o-jogo-sobre-futuro-de-rodinei-e-piris-da-motta\/"},"author":{"name":"Equipe G\u00e1vea News","@id":"https:\/\/www.gaveanews.com\/#\/schema\/person\/2ec14f73fb96be2caf28f91afb14749d"},"headline":"Marcos Braz abre o jogo sobre futuro de Rodinei e Piris da Motta","datePublished":"2021-04-29T13:38:31+00:00","dateModified":"2021-04-29T13:39:45+00:00","mainEntityOfPage":{"@id":"https:\/\/www.gaveanews.com\/index.php\/2021\/04\/29\/marcos-braz-abre-o-jogo-sobre-futuro-de-rodinei-e-piris-da-motta\/"},"wordCount":268,"commentCount":22,"image":{"@id":"https:\/\/www.gaveanews.com\/index.php\/2021\/04\/29\/marcos-braz-abre-o-jogo-sobre-futuro-de-rodinei-e-piris-da-motta\/#primaryimage"},"thumbnailUrl":"https:\/\/www.gaveanews.com\/wp-content\/uploads\/Marcos-Braz-no-gramado-do-Maracana.webp","articleSection":["Negocia\u00e7\u00f5es"],"inLanguage":"pt-BR","potentialAction":[{"@type":"CommentAction","name":"Comment","target":["https:\/\/www.gaveanews.com\/index.php\/2021\/04\/29\/marcos-braz-abre-o-jogo-sobre-futuro-de-rodinei-e-piris-da-motta\/#respond"]}],"copyrightYear":"2021","copyrightHolder":{"@id":"https:\/\/www.gaveanews.com\/#organization"}},{"@type":"WebPage","@id":"https:\/\/www.gaveanews.com\/index.php\/2021\/04\/29\/marcos-braz-abre-o-jogo-sobre-futuro-de-rodinei-e-piris-da-motta\/","url":"https:\/\/www.gaveanews.com\/index.php\/2021\/04\/29\/marcos-braz-abre-o-jogo-sobre-futuro-de-rodinei-e-piris-da-motta\/","name":"Marcos Braz abre o jogo sobre futuro de Rodinei e Piris da Motta","isPartOf":{"@id":"https:\/\/www.gaveanews.com\/#website"},"primaryImageOfPage":{"@id":"https:\/\/www.gaveanews.com\/index.php\/2021\/04\/29\/marcos-braz-abre-o-jogo-sobre-futuro-de-rodinei-e-piris-da-motta\/#primaryimage"},"image":{"@id":"https:\/\/www.gaveanews.com\/index.php\/2021\/04\/29\/marcos-braz-abre-o-jogo-sobre-futuro-de-rodinei-e-piris-da-motta\/#primaryimage"},"thumbnailUrl":"https:\/\/www.gaveanews.com\/wp-content\/uploads\/Marcos-Braz-no-gramado-do-Maracana.webp","datePublished":"2021-04-29T13:38:31+00:00","dateModified":"2021-04-29T13:39:45+00:00","author":{"@id":"https:\/\/www.gaveanews.com\/#\/schema\/person\/2ec14f73fb96be2caf28f91afb14749d"},"breadcrumb":{"@id":"https:\/\/www.gaveanews.com\/index.php\/2021\/04\/29\/marcos-braz-abre-o-jogo-sobre-futuro-de-rodinei-e-piris-da-motta\/#breadcrumb"},"inLanguage":"pt-BR","potentialAction":[{"@type":"ReadAction","target":["https:\/\/www.gaveanews.com\/index.php\/2021\/04\/29\/marcos-braz-abre-o-jogo-sobre-futuro-de-rodinei-e-piris-da-motta\/"]}]},{"@type":"ImageObject","inLanguage":"pt-BR","@id":"https:\/\/www.gaveanews.com\/index.php\/2021\/04\/29\/marcos-braz-abre-o-jogo-sobre-futuro-de-rodinei-e-piris-da-motta\/#primaryimage","url":"https:\/\/www.gaveanews.com\/wp-content\/uploads\/Marcos-Braz-no-gramado-do-Maracana.webp","contentUrl":"https:\/\/www.gaveanews.com\/wp-content\/uploads\/Marcos-Braz-no-gramado-do-Maracana.webp","width":799,"height":532,"caption":"Marcos Braz no gramado do Maracan\u00e3 (Foto: Alexandre Vidal\/Flamengo)"},{"@type":"BreadcrumbList","@id":"https:\/\/www.gaveanews.com\/index.php\/2021\/04\/29\/marcos-braz-abre-o-jogo-sobre-futuro-de-rodinei-e-piris-da-motta\/#breadcrumb","itemListElement":[{"@type":"ListItem","position":1,"name":"Home","item":"https:\/\/www.gaveanews.com\/"},{"@type":"ListItem","position":2,"name":"Marcos Braz abre o jogo sobre futuro de Rodinei e Piris da Motta"}]},{"@type":"WebSite","@id":"https:\/\/www.gaveanews.com\/#website","url":"https:\/\/www.gaveanews.com\/","name":"G\u00e1vea News","description":"Veja todas as not\u00edcias sobre o Flamengo: Contrata\u00e7\u00f5es, categorias de base, resultados das partidas, tabela de classifica\u00e7\u00e3o, pr\u00f3ximos jogos!","potentialAction":[{"@type":"SearchAction","target":{"@type":"EntryPoint","urlTemplate":"https:\/\/www.gaveanews.com\/?s={search_term_string}"},"query-input":{"@type":"PropertyValueSpecification","valueRequired":true,"valueName":"search_term_string"}}],"inLanguage":"pt-BR"},{"@type":"Person","@id":"https:\/\/www.gaveanews.com\/#\/schema\/person\/2ec14f73fb96be2caf28f91afb14749d","name":"Equipe G\u00e1vea News","image":{"@type":"ImageObject","inLanguage":"pt-BR","@id":"https:\/\/www.gaveanews.com\/#\/schema\/person\/image\/","url":"https:\/\/secure.gravatar.com\/avatar\/1e1956f1facbffd3f8fa53a326721950116b3b9dc9bd44939c01180fd4a745a9?s=96&d=mm&r=g","contentUrl":"https:\/\/secure.gravatar.com\/avatar\/1e1956f1facbffd3f8fa53a326721950116b3b9dc9bd44939c01180fd4a745a9?s=96&d=mm&r=g","caption":"Equipe G\u00e1vea News"}}]}},"_links":{"self":[{"href":"https:\/\/www.gaveanews.com\/index.php\/wp-json\/wp\/v2\/posts\/60204","targetHints":{"allow":["GET"]}}],"collection":[{"href":"https:\/\/www.gaveanews.com\/index.php\/wp-json\/wp\/v2\/posts"}],"about":[{"href":"https:\/\/www.gaveanews.com\/index.php\/wp-json\/wp\/v2\/types\/post"}],"author":[{"embeddable":true,"href":"https:\/\/www.gaveanews.com\/index.php\/wp-json\/wp\/v2\/users\/1"}],"replies":[{"embeddable":true,"href":"https:\/\/www.gaveanews.com\/index.php\/wp-json\/wp\/v2\/comments?post=60204"}],"version-history":[{"count":0,"href":"https:\/\/www.gaveanews.com\/index.php\/wp-json\/wp\/v2\/posts\/60204\/revisions"}],"wp:featuredmedia":[{"embeddable":true,"href":"https:\/\/www.gaveanews.com\/index.php\/wp-json\/wp\/v2\/media\/46957"}],"wp:attachment":[{"href":"https:\/\/www.gaveanews.com\/index.php\/wp-json\/wp\/v2\/media?parent=60204"}],"wp:term":[{"taxonomy":"category","embeddable":true,"href":"https:\/\/www.gaveanews.com\/index.php\/wp-json\/wp\/v2\/categories?post=60204"},{"taxonomy":"post_tag","embeddable":true,"href":"https:\/\/www.gaveanews.com\/index.php\/wp-json\/wp\/v2\/tags?post=60204"}],"curies":[{"name":"wp","href":"https:\/\/api.w.org\/{rel}","templated":true}]}}