{"id":60207,"date":"2021-04-29T12:54:45","date_gmt":"2021-04-29T15:54:45","guid":{"rendered":"https:\/\/www.gaveanews.com\/?p=60207"},"modified":"2021-04-29T12:54:47","modified_gmt":"2021-04-29T15:54:47","slug":"braz-revela-desejo-de-mais-reforcos-no-elenco-ja-conversei-com-o-presidente","status":"publish","type":"post","link":"https:\/\/www.gaveanews.com\/index.php\/2021\/04\/29\/braz-revela-desejo-de-mais-reforcos-no-elenco-ja-conversei-com-o-presidente\/","title":{"rendered":"Braz revela desejo de mais refor\u00e7os no elenco: &#8220;J\u00e1 conversei com o presidente&#8221;"},"content":{"rendered":"\n<p>O Flamengo est\u00e1 atento ao mercado para qualificar ainda mais o elenco de Rog\u00e9rio Ceni. No entanto, a diretoria precisa resolver imbr\u00f3glios internos para poder atendes desejos do treinador, que definiu um meia como prioridade.<\/p>\n\n\n\n<p>Na ideia do vice-presidente de futebol, Marcos Braz, as contrata\u00e7\u00f5es acontecer\u00e3o a partir do momento que o clube conseguir um final feliz para a novela com Arrascaeta, al\u00e9m de uma valoriza\u00e7\u00e3o salarial ao meio-campista Gerson.<\/p>\n\n\n\n<p><strong><em>\u2014 J\u00e1 conversei muito com Bruno (Spindel), com o presidente (Rodolfo Landim). Nossa cabe\u00e7a \u00e9 ajustar a parte interna para depois ir ao mercado. N\u00e3o tem sentido ir para o mercado antes de fazer ajustes. E alguns ajustes que a gente tem a consci\u00eancia que tem que fazer, como o do Gerson<\/em><\/strong>, afirmou Braz, ao GE , completando sobre a novela que envolve o meia uruguaio Arrascaeta.<\/p>\n\n\n\n<p><strong><em>\u2014 Ele \u00e9 muito correto, um profissional exemplar, sempre dentro do hor\u00e1rio, contribuindo, de vez em quando d\u00e1 uma com o agente, n\u00e3o estou falando s\u00f3 o agente do Arrascaeta, de uma maneira geral, \u00e9 normal. S\u00f3 n\u00e3o \u00e9 normal no Flamengo, que fazem tempestade onde n\u00e3o tem. N\u00e3o \u00e9 porque tem boa rela\u00e7\u00e3o que n\u00e3o tem problema. Trato com naturalidade. Na hora certeza, quando for poss\u00edvel, vai equacionar. E vai fazer as contrata\u00e7\u00f5es, uma ou outra, pontual<\/em><\/strong>, finalizou.<\/p>\n\n\n\n<p>J\u00e1 que o clube n\u00e3o vai contratar at\u00e9 que consiga uma valoriza\u00e7\u00e3o aos dois atletas citados, uma dupla espera por uma chance: Rodinei e Piris da Motta. Ambos est\u00e3o emprestados, mas n\u00e3o deve ser comprados por Internacional e Genclerbirligi, da Turquia, respectivamente. E Braz bateu o martelo.<\/p>\n\n\n\n<p>\u2014 <strong><em>Os dois jogadores t\u00eam contratos longos, os dois j\u00e1 estavam com esse contrato quando chegamos, foram emprestados porque era bom para os jogadores e Flamengo. Os empr\u00e9stimos est\u00e3o acabando. Eles t\u00eam situa\u00e7\u00f5es pr\u00e9-estabelecidas. Se depositarem o dinheiro, acabou a conversa, os jogadores saem<\/em><\/strong>, afirmou Braz, completando.<\/p>\n\n\n\n<p>\u2014 <strong><em>Se acabarem os contratos e n\u00e3o tiver proposta, os jogadores ser\u00e3o reintegrados imediatamente. N\u00e3o vou ficar conversando fiado. Muito provavelmente o Rodinei estar\u00e1 aqui em 30 dias<\/em><\/strong>, finalizou.<\/p>\n\n\n\n<p>Retirado de: ESPN<\/p>\n","protected":false},"excerpt":{"rendered":"<p>O Flamengo est\u00e1 atento ao mercado para qualificar ainda mais o elenco de Rog\u00e9rio Ceni. No entanto, a diretoria precisa resolver imbr\u00f3glios internos para poder atendes desejos do treinador, que definiu um meia como prioridade. Na ideia do vice-presidente de futebol, Marcos Braz, as contrata\u00e7\u00f5es acontecer\u00e3o a partir do momento que o clube conseguir um [&hellip;]<\/p>\n","protected":false},"author":1,"featured_media":23694,"comment_status":"open","ping_status":"closed","sticky":false,"template":"","format":"standard","meta":{"footnotes":""},"categories":[48],"tags":[],"class_list":["post-60207","post","type-post","status-publish","format-standard","has-post-thumbnail","hentry","category-negociacoes"],"yoast_head":"<!-- This site is optimized with the Yoast SEO Premium plugin v24.2 (Yoast SEO v26.9) - https:\/\/yoast.com\/product\/yoast-seo-premium-wordpress\/ -->\n<title>Braz revela desejo de mais refor\u00e7os: &quot;J\u00e1 conversei com o presidente&quot;<\/title>\n<meta name=\"robots\" content=\"index, follow, max-snippet:-1, max-image-preview:large, max-video-preview:-1\" \/>\n<link rel=\"canonical\" href=\"https:\/\/www.gaveanews.com\/index.php\/2021\/04\/29\/braz-revela-desejo-de-mais-reforcos-no-elenco-ja-conversei-com-o-presidente\/\" \/>\n<meta property=\"og:locale\" content=\"pt_BR\" \/>\n<meta property=\"og:type\" content=\"article\" \/>\n<meta property=\"og:title\" content=\"Braz revela desejo de mais refor\u00e7os no elenco: &quot;J\u00e1 conversei com o presidente&quot;\" \/>\n<meta property=\"og:description\" content=\"O Flamengo est\u00e1 atento ao mercado para qualificar ainda mais o elenco de Rog\u00e9rio Ceni. No entanto, a diretoria precisa resolver imbr\u00f3glios internos para poder atendes desejos do treinador, que definiu um meia como prioridade. Na ideia do vice-presidente de futebol, Marcos Braz, as contrata\u00e7\u00f5es acontecer\u00e3o a partir do momento que o clube conseguir um [&hellip;]\" \/>\n<meta property=\"og:url\" content=\"https:\/\/www.gaveanews.com\/index.php\/2021\/04\/29\/braz-revela-desejo-de-mais-reforcos-no-elenco-ja-conversei-com-o-presidente\/\" \/>\n<meta property=\"og:site_name\" content=\"G\u00e1vea News\" \/>\n<meta property=\"article:publisher\" content=\"https:\/\/facebook.com\/gaveaNews\/\" \/>\n<meta property=\"article:published_time\" content=\"2021-04-29T15:54:45+00:00\" \/>\n<meta property=\"article:modified_time\" content=\"2021-04-29T15:54:47+00:00\" \/>\n<meta property=\"og:image\" content=\"https:\/\/www.gaveanews.com\/wp-content\/uploads\/2019\/07\/Marcos-Braz-durante-coletiva-de-imprensa-no-Ninho-do-Urubu.webp\" \/>\n\t<meta property=\"og:image:width\" content=\"846\" \/>\n\t<meta property=\"og:image:height\" content=\"563\" \/>\n\t<meta property=\"og:image:type\" content=\"image\/jpeg\" \/>\n<meta name=\"author\" content=\"Equipe G\u00e1vea News\" \/>\n<meta name=\"twitter:card\" content=\"summary_large_image\" \/>\n<meta name=\"twitter:label1\" content=\"Escrito por\" \/>\n\t<meta name=\"twitter:data1\" content=\"Equipe G\u00e1vea News\" \/>\n\t<meta name=\"twitter:label2\" content=\"Est. tempo de leitura\" \/>\n\t<meta name=\"twitter:data2\" content=\"2 minutos\" \/>\n<script type=\"application\/ld+json\" class=\"yoast-schema-graph\">{\"@context\":\"https:\/\/schema.org\",\"@graph\":[{\"@type\":\"NewsArticle\",\"@id\":\"https:\/\/www.gaveanews.com\/index.php\/2021\/04\/29\/braz-revela-desejo-de-mais-reforcos-no-elenco-ja-conversei-com-o-presidente\/#article\",\"isPartOf\":{\"@id\":\"https:\/\/www.gaveanews.com\/index.php\/2021\/04\/29\/braz-revela-desejo-de-mais-reforcos-no-elenco-ja-conversei-com-o-presidente\/\"},\"author\":{\"name\":\"Equipe G\u00e1vea News\",\"@id\":\"https:\/\/www.gaveanews.com\/#\/schema\/person\/2ec14f73fb96be2caf28f91afb14749d\"},\"headline\":\"Braz revela desejo de mais refor\u00e7os no elenco: &#8220;J\u00e1 conversei com o presidente&#8221;\",\"datePublished\":\"2021-04-29T15:54:45+00:00\",\"dateModified\":\"2021-04-29T15:54:47+00:00\",\"mainEntityOfPage\":{\"@id\":\"https:\/\/www.gaveanews.com\/index.php\/2021\/04\/29\/braz-revela-desejo-de-mais-reforcos-no-elenco-ja-conversei-com-o-presidente\/\"},\"wordCount\":376,\"commentCount\":10,\"image\":{\"@id\":\"https:\/\/www.gaveanews.com\/index.php\/2021\/04\/29\/braz-revela-desejo-de-mais-reforcos-no-elenco-ja-conversei-com-o-presidente\/#primaryimage\"},\"thumbnailUrl\":\"https:\/\/www.gaveanews.com\/wp-content\/uploads\/2019\/07\/Marcos-Braz-durante-coletiva-de-imprensa-no-Ninho-do-Urubu.webp\",\"articleSection\":[\"Negocia\u00e7\u00f5es\"],\"inLanguage\":\"pt-BR\",\"potentialAction\":[{\"@type\":\"CommentAction\",\"name\":\"Comment\",\"target\":[\"https:\/\/www.gaveanews.com\/index.php\/2021\/04\/29\/braz-revela-desejo-de-mais-reforcos-no-elenco-ja-conversei-com-o-presidente\/#respond\"]}],\"copyrightYear\":\"2021\",\"copyrightHolder\":{\"@id\":\"https:\/\/www.gaveanews.com\/#organization\"}},{\"@type\":\"WebPage\",\"@id\":\"https:\/\/www.gaveanews.com\/index.php\/2021\/04\/29\/braz-revela-desejo-de-mais-reforcos-no-elenco-ja-conversei-com-o-presidente\/\",\"url\":\"https:\/\/www.gaveanews.com\/index.php\/2021\/04\/29\/braz-revela-desejo-de-mais-reforcos-no-elenco-ja-conversei-com-o-presidente\/\",\"name\":\"Braz revela desejo de mais refor\u00e7os: \\\"J\u00e1 conversei com o presidente\\\"\",\"isPartOf\":{\"@id\":\"https:\/\/www.gaveanews.com\/#website\"},\"primaryImageOfPage\":{\"@id\":\"https:\/\/www.gaveanews.com\/index.php\/2021\/04\/29\/braz-revela-desejo-de-mais-reforcos-no-elenco-ja-conversei-com-o-presidente\/#primaryimage\"},\"image\":{\"@id\":\"https:\/\/www.gaveanews.com\/index.php\/2021\/04\/29\/braz-revela-desejo-de-mais-reforcos-no-elenco-ja-conversei-com-o-presidente\/#primaryimage\"},\"thumbnailUrl\":\"https:\/\/www.gaveanews.com\/wp-content\/uploads\/2019\/07\/Marcos-Braz-durante-coletiva-de-imprensa-no-Ninho-do-Urubu.webp\",\"datePublished\":\"2021-04-29T15:54:45+00:00\",\"dateModified\":\"2021-04-29T15:54:47+00:00\",\"author\":{\"@id\":\"https:\/\/www.gaveanews.com\/#\/schema\/person\/2ec14f73fb96be2caf28f91afb14749d\"},\"breadcrumb\":{\"@id\":\"https:\/\/www.gaveanews.com\/index.php\/2021\/04\/29\/braz-revela-desejo-de-mais-reforcos-no-elenco-ja-conversei-com-o-presidente\/#breadcrumb\"},\"inLanguage\":\"pt-BR\",\"potentialAction\":[{\"@type\":\"ReadAction\",\"target\":[\"https:\/\/www.gaveanews.com\/index.php\/2021\/04\/29\/braz-revela-desejo-de-mais-reforcos-no-elenco-ja-conversei-com-o-presidente\/\"]}]},{\"@type\":\"ImageObject\",\"inLanguage\":\"pt-BR\",\"@id\":\"https:\/\/www.gaveanews.com\/index.php\/2021\/04\/29\/braz-revela-desejo-de-mais-reforcos-no-elenco-ja-conversei-com-o-presidente\/#primaryimage\",\"url\":\"https:\/\/www.gaveanews.com\/wp-content\/uploads\/2019\/07\/Marcos-Braz-durante-coletiva-de-imprensa-no-Ninho-do-Urubu.webp\",\"contentUrl\":\"https:\/\/www.gaveanews.com\/wp-content\/uploads\/2019\/07\/Marcos-Braz-durante-coletiva-de-imprensa-no-Ninho-do-Urubu.webp\",\"width\":846,\"height\":563,\"caption\":\"Marcos Braz durante coletiva de imprensa no Ninho do Urubu (Foto: Alexandre Vidal\/Flamengo)\"},{\"@type\":\"BreadcrumbList\",\"@id\":\"https:\/\/www.gaveanews.com\/index.php\/2021\/04\/29\/braz-revela-desejo-de-mais-reforcos-no-elenco-ja-conversei-com-o-presidente\/#breadcrumb\",\"itemListElement\":[{\"@type\":\"ListItem\",\"position\":1,\"name\":\"Home\",\"item\":\"https:\/\/www.gaveanews.com\/\"},{\"@type\":\"ListItem\",\"position\":2,\"name\":\"Braz revela desejo de mais refor\u00e7os no elenco: &#8220;J\u00e1 conversei com o presidente&#8221;\"}]},{\"@type\":\"WebSite\",\"@id\":\"https:\/\/www.gaveanews.com\/#website\",\"url\":\"https:\/\/www.gaveanews.com\/\",\"name\":\"G\u00e1vea News\",\"description\":\"Veja todas as not\u00edcias sobre o Flamengo: Contrata\u00e7\u00f5es, categorias de base, resultados das partidas, tabela de classifica\u00e7\u00e3o, pr\u00f3ximos jogos!\",\"potentialAction\":[{\"@type\":\"SearchAction\",\"target\":{\"@type\":\"EntryPoint\",\"urlTemplate\":\"https:\/\/www.gaveanews.com\/?s={search_term_string}\"},\"query-input\":{\"@type\":\"PropertyValueSpecification\",\"valueRequired\":true,\"valueName\":\"search_term_string\"}}],\"inLanguage\":\"pt-BR\"},{\"@type\":\"Person\",\"@id\":\"https:\/\/www.gaveanews.com\/#\/schema\/person\/2ec14f73fb96be2caf28f91afb14749d\",\"name\":\"Equipe G\u00e1vea News\",\"image\":{\"@type\":\"ImageObject\",\"inLanguage\":\"pt-BR\",\"@id\":\"https:\/\/www.gaveanews.com\/#\/schema\/person\/image\/\",\"url\":\"https:\/\/secure.gravatar.com\/avatar\/1e1956f1facbffd3f8fa53a326721950116b3b9dc9bd44939c01180fd4a745a9?s=96&d=mm&r=g\",\"contentUrl\":\"https:\/\/secure.gravatar.com\/avatar\/1e1956f1facbffd3f8fa53a326721950116b3b9dc9bd44939c01180fd4a745a9?s=96&d=mm&r=g\",\"caption\":\"Equipe G\u00e1vea News\"}}]}<\/script>\n<!-- \/ Yoast SEO Premium plugin. -->","yoast_head_json":{"title":"Braz revela desejo de mais refor\u00e7os: \"J\u00e1 conversei com o presidente\"","robots":{"index":"index","follow":"follow","max-snippet":"max-snippet:-1","max-image-preview":"max-image-preview:large","max-video-preview":"max-video-preview:-1"},"canonical":"https:\/\/www.gaveanews.com\/index.php\/2021\/04\/29\/braz-revela-desejo-de-mais-reforcos-no-elenco-ja-conversei-com-o-presidente\/","og_locale":"pt_BR","og_type":"article","og_title":"Braz revela desejo de mais refor\u00e7os no elenco: \"J\u00e1 conversei com o presidente\"","og_description":"O Flamengo est\u00e1 atento ao mercado para qualificar ainda mais o elenco de Rog\u00e9rio Ceni. No entanto, a diretoria precisa resolver imbr\u00f3glios internos para poder atendes desejos do treinador, que definiu um meia como prioridade. Na ideia do vice-presidente de futebol, Marcos Braz, as contrata\u00e7\u00f5es acontecer\u00e3o a partir do momento que o clube conseguir um [&hellip;]","og_url":"https:\/\/www.gaveanews.com\/index.php\/2021\/04\/29\/braz-revela-desejo-de-mais-reforcos-no-elenco-ja-conversei-com-o-presidente\/","og_site_name":"G\u00e1vea News","article_publisher":"https:\/\/facebook.com\/gaveaNews\/","article_published_time":"2021-04-29T15:54:45+00:00","article_modified_time":"2021-04-29T15:54:47+00:00","og_image":[{"width":846,"height":563,"url":"https:\/\/www.gaveanews.com\/wp-content\/uploads\/2019\/07\/Marcos-Braz-durante-coletiva-de-imprensa-no-Ninho-do-Urubu.webp","type":"image\/jpeg"}],"author":"Equipe G\u00e1vea News","twitter_card":"summary_large_image","twitter_misc":{"Escrito por":"Equipe G\u00e1vea News","Est. tempo de leitura":"2 minutos"},"schema":{"@context":"https:\/\/schema.org","@graph":[{"@type":"NewsArticle","@id":"https:\/\/www.gaveanews.com\/index.php\/2021\/04\/29\/braz-revela-desejo-de-mais-reforcos-no-elenco-ja-conversei-com-o-presidente\/#article","isPartOf":{"@id":"https:\/\/www.gaveanews.com\/index.php\/2021\/04\/29\/braz-revela-desejo-de-mais-reforcos-no-elenco-ja-conversei-com-o-presidente\/"},"author":{"name":"Equipe G\u00e1vea News","@id":"https:\/\/www.gaveanews.com\/#\/schema\/person\/2ec14f73fb96be2caf28f91afb14749d"},"headline":"Braz revela desejo de mais refor\u00e7os no elenco: &#8220;J\u00e1 conversei com o presidente&#8221;","datePublished":"2021-04-29T15:54:45+00:00","dateModified":"2021-04-29T15:54:47+00:00","mainEntityOfPage":{"@id":"https:\/\/www.gaveanews.com\/index.php\/2021\/04\/29\/braz-revela-desejo-de-mais-reforcos-no-elenco-ja-conversei-com-o-presidente\/"},"wordCount":376,"commentCount":10,"image":{"@id":"https:\/\/www.gaveanews.com\/index.php\/2021\/04\/29\/braz-revela-desejo-de-mais-reforcos-no-elenco-ja-conversei-com-o-presidente\/#primaryimage"},"thumbnailUrl":"https:\/\/www.gaveanews.com\/wp-content\/uploads\/2019\/07\/Marcos-Braz-durante-coletiva-de-imprensa-no-Ninho-do-Urubu.webp","articleSection":["Negocia\u00e7\u00f5es"],"inLanguage":"pt-BR","potentialAction":[{"@type":"CommentAction","name":"Comment","target":["https:\/\/www.gaveanews.com\/index.php\/2021\/04\/29\/braz-revela-desejo-de-mais-reforcos-no-elenco-ja-conversei-com-o-presidente\/#respond"]}],"copyrightYear":"2021","copyrightHolder":{"@id":"https:\/\/www.gaveanews.com\/#organization"}},{"@type":"WebPage","@id":"https:\/\/www.gaveanews.com\/index.php\/2021\/04\/29\/braz-revela-desejo-de-mais-reforcos-no-elenco-ja-conversei-com-o-presidente\/","url":"https:\/\/www.gaveanews.com\/index.php\/2021\/04\/29\/braz-revela-desejo-de-mais-reforcos-no-elenco-ja-conversei-com-o-presidente\/","name":"Braz revela desejo de mais refor\u00e7os: \"J\u00e1 conversei com o presidente\"","isPartOf":{"@id":"https:\/\/www.gaveanews.com\/#website"},"primaryImageOfPage":{"@id":"https:\/\/www.gaveanews.com\/index.php\/2021\/04\/29\/braz-revela-desejo-de-mais-reforcos-no-elenco-ja-conversei-com-o-presidente\/#primaryimage"},"image":{"@id":"https:\/\/www.gaveanews.com\/index.php\/2021\/04\/29\/braz-revela-desejo-de-mais-reforcos-no-elenco-ja-conversei-com-o-presidente\/#primaryimage"},"thumbnailUrl":"https:\/\/www.gaveanews.com\/wp-content\/uploads\/2019\/07\/Marcos-Braz-durante-coletiva-de-imprensa-no-Ninho-do-Urubu.webp","datePublished":"2021-04-29T15:54:45+00:00","dateModified":"2021-04-29T15:54:47+00:00","author":{"@id":"https:\/\/www.gaveanews.com\/#\/schema\/person\/2ec14f73fb96be2caf28f91afb14749d"},"breadcrumb":{"@id":"https:\/\/www.gaveanews.com\/index.php\/2021\/04\/29\/braz-revela-desejo-de-mais-reforcos-no-elenco-ja-conversei-com-o-presidente\/#breadcrumb"},"inLanguage":"pt-BR","potentialAction":[{"@type":"ReadAction","target":["https:\/\/www.gaveanews.com\/index.php\/2021\/04\/29\/braz-revela-desejo-de-mais-reforcos-no-elenco-ja-conversei-com-o-presidente\/"]}]},{"@type":"ImageObject","inLanguage":"pt-BR","@id":"https:\/\/www.gaveanews.com\/index.php\/2021\/04\/29\/braz-revela-desejo-de-mais-reforcos-no-elenco-ja-conversei-com-o-presidente\/#primaryimage","url":"https:\/\/www.gaveanews.com\/wp-content\/uploads\/2019\/07\/Marcos-Braz-durante-coletiva-de-imprensa-no-Ninho-do-Urubu.webp","contentUrl":"https:\/\/www.gaveanews.com\/wp-content\/uploads\/2019\/07\/Marcos-Braz-durante-coletiva-de-imprensa-no-Ninho-do-Urubu.webp","width":846,"height":563,"caption":"Marcos Braz durante coletiva de imprensa no Ninho do Urubu (Foto: Alexandre Vidal\/Flamengo)"},{"@type":"BreadcrumbList","@id":"https:\/\/www.gaveanews.com\/index.php\/2021\/04\/29\/braz-revela-desejo-de-mais-reforcos-no-elenco-ja-conversei-com-o-presidente\/#breadcrumb","itemListElement":[{"@type":"ListItem","position":1,"name":"Home","item":"https:\/\/www.gaveanews.com\/"},{"@type":"ListItem","position":2,"name":"Braz revela desejo de mais refor\u00e7os no elenco: &#8220;J\u00e1 conversei com o presidente&#8221;"}]},{"@type":"WebSite","@id":"https:\/\/www.gaveanews.com\/#website","url":"https:\/\/www.gaveanews.com\/","name":"G\u00e1vea News","description":"Veja todas as not\u00edcias sobre o Flamengo: Contrata\u00e7\u00f5es, categorias de base, resultados das partidas, tabela de classifica\u00e7\u00e3o, pr\u00f3ximos jogos!","potentialAction":[{"@type":"SearchAction","target":{"@type":"EntryPoint","urlTemplate":"https:\/\/www.gaveanews.com\/?s={search_term_string}"},"query-input":{"@type":"PropertyValueSpecification","valueRequired":true,"valueName":"search_term_string"}}],"inLanguage":"pt-BR"},{"@type":"Person","@id":"https:\/\/www.gaveanews.com\/#\/schema\/person\/2ec14f73fb96be2caf28f91afb14749d","name":"Equipe G\u00e1vea News","image":{"@type":"ImageObject","inLanguage":"pt-BR","@id":"https:\/\/www.gaveanews.com\/#\/schema\/person\/image\/","url":"https:\/\/secure.gravatar.com\/avatar\/1e1956f1facbffd3f8fa53a326721950116b3b9dc9bd44939c01180fd4a745a9?s=96&d=mm&r=g","contentUrl":"https:\/\/secure.gravatar.com\/avatar\/1e1956f1facbffd3f8fa53a326721950116b3b9dc9bd44939c01180fd4a745a9?s=96&d=mm&r=g","caption":"Equipe G\u00e1vea News"}}]}},"_links":{"self":[{"href":"https:\/\/www.gaveanews.com\/index.php\/wp-json\/wp\/v2\/posts\/60207","targetHints":{"allow":["GET"]}}],"collection":[{"href":"https:\/\/www.gaveanews.com\/index.php\/wp-json\/wp\/v2\/posts"}],"about":[{"href":"https:\/\/www.gaveanews.com\/index.php\/wp-json\/wp\/v2\/types\/post"}],"author":[{"embeddable":true,"href":"https:\/\/www.gaveanews.com\/index.php\/wp-json\/wp\/v2\/users\/1"}],"replies":[{"embeddable":true,"href":"https:\/\/www.gaveanews.com\/index.php\/wp-json\/wp\/v2\/comments?post=60207"}],"version-history":[{"count":0,"href":"https:\/\/www.gaveanews.com\/index.php\/wp-json\/wp\/v2\/posts\/60207\/revisions"}],"wp:featuredmedia":[{"embeddable":true,"href":"https:\/\/www.gaveanews.com\/index.php\/wp-json\/wp\/v2\/media\/23694"}],"wp:attachment":[{"href":"https:\/\/www.gaveanews.com\/index.php\/wp-json\/wp\/v2\/media?parent=60207"}],"wp:term":[{"taxonomy":"category","embeddable":true,"href":"https:\/\/www.gaveanews.com\/index.php\/wp-json\/wp\/v2\/categories?post=60207"},{"taxonomy":"post_tag","embeddable":true,"href":"https:\/\/www.gaveanews.com\/index.php\/wp-json\/wp\/v2\/tags?post=60207"}],"curies":[{"name":"wp","href":"https:\/\/api.w.org\/{rel}","templated":true}]}}