{"id":60447,"date":"2021-05-04T00:46:39","date_gmt":"2021-05-04T03:46:39","guid":{"rendered":"https:\/\/www.gaveanews.com\/?p=60447"},"modified":"2021-08-12T00:47:15","modified_gmt":"2021-08-12T03:47:15","slug":"ceni-e-everton-ribeiro-inflamam-vestiario-do-flamengo-antes-de-semifinal","status":"publish","type":"post","link":"https:\/\/www.gaveanews.com\/index.php\/2021\/05\/04\/ceni-e-everton-ribeiro-inflamam-vestiario-do-flamengo-antes-de-semifinal\/","title":{"rendered":"Ceni e Everton Ribeiro inflamam vesti\u00e1rio do Flamengo antes de semifinal"},"content":{"rendered":"\n<p>No \u00faltimo fim de semana, o Mais Querido entrou em campo e abriu uma larga vantagem sobre o Volta Redonda nas semifinais do Campeonato Carioca. Com 3 gols de Pedro, o clube s\u00f3 deixar\u00e1 de se classificar para a final do torneio se perder por mais de tr\u00eas gols de diferen\u00e7a para o Volta\u00e7o.<\/p>\n\n\n\n<p>A equipe garantiu a vit\u00f3ria com escala\u00e7\u00e3o mista e Pedro mostrou a que veio. O camisa 21 foi auxiliado por Michael nos dois primeiros tentos marcados e contou com a assist\u00eancia de Arrascaeta no gol que fechou a conta. Al\u00e9m do desempenho dentro das quatro linhas, no entanto, o elenco contou com dois incentivos importantes.<\/p>\n\n\n\n<p>No vesti\u00e1rio, dois dos l\u00edderes da equipe fizeram discursos que encheram o time de for\u00e7a de vontade e garra para buscar mais uma conquista vestindo o Manto Sagrado. Antes da partida, Rog\u00e9rio Ceni e Everton Ribeiro lembraram para os jogadores da vontade de vencer que o clube possui, assim como da capacidade de cada um dos presentes.<\/p>\n\n\n\n<p><em><strong>\u2014 A \u00fanica vantagem que n\u00f3s temos \u00e9 ser Flamengo, jogar de vermelho e preto. O \u00fanico azar que eles tem \u00e9 de jogar contra o Flamengo. Ar\u00e3o, quantos jogos vc joga no ano se precisar? (82, respondeu) Quantos voc\u00ea consegue ganhar? (Todos)<\/strong><\/em> &#8211; disse Ceni, antes de dar espa\u00e7o para o meia:<\/p>\n\n\n\n<p><em><strong>\u2014 Esse \u00e9 o esp\u00edrito rapaziada, estamos a um passo da decis\u00e3o. Quem n\u00e3o quer ser tri? Todo mundo aqui quer, \u00e9 um passo s\u00f3. Vamos l\u00e1, sem deixar para amanh\u00e3, e vamos vencer esse jogo<\/strong><\/em> &#8211; disse o camisa 7.<\/p>\n\n\n\n<figure class=\"wp-block-embed is-type-video is-provider-youtube wp-block-embed-youtube wp-embed-aspect-16-9 wp-has-aspect-ratio\"><div class=\"wp-block-embed__wrapper\">\n<iframe loading=\"lazy\" title=\"Bastidores - Volta Redonda 0x3 Flamengo\" width=\"640\" height=\"360\" src=\"https:\/\/www.youtube.com\/embed\/L32aB_X7J3U?feature=oembed\" frameborder=\"0\" allow=\"accelerometer; autoplay; clipboard-write; encrypted-media; gyroscope; picture-in-picture; web-share\" referrerpolicy=\"strict-origin-when-cross-origin\" allowfullscreen><\/iframe>\n<\/div><\/figure>\n\n\n\n<p>Com mais uma vit\u00f3ria na temporada, o rubro-negro busca agora ampliar seu saldo de pontos na Copa Libertadores. O duelo contra o LDU acontecer\u00e1 nesta ter\u00e7a-feira (04), \u00e0s 21h30 (hor\u00e1rio de Bras\u00edlia), no Est\u00e1dio Rodrigo Paz Delgado, no Equador.<\/p>\n\n\n\n<p>O evento ser\u00e1 transmitido pela SBT para quase todo o Brasil, com exce\u00e7\u00e3o do estado de S\u00e3o Paulo e das cidades de Maring\u00e1 e Londrina, no Paran\u00e1. Para as regi\u00f5es citadas, a emissora disponibilizar\u00e1 neste mesmo hor\u00e1rio o confronto entre Defensa y Justicia e Palmeiras.<\/p>\n","protected":false},"excerpt":{"rendered":"<p>No \u00faltimo fim de semana, o Mais Querido entrou em campo e abriu uma larga vantagem sobre o Volta Redonda nas semifinais do Campeonato Carioca. Com 3 gols de Pedro, o clube s\u00f3 deixar\u00e1 de se classificar para a final do torneio se perder por mais de tr\u00eas gols de diferen\u00e7a para o Volta\u00e7o. A [&hellip;]<\/p>\n","protected":false},"author":4,"featured_media":60118,"comment_status":"open","ping_status":"closed","sticky":false,"template":"","format":"standard","meta":{"footnotes":""},"categories":[1],"tags":[],"class_list":["post-60447","post","type-post","status-publish","format-standard","has-post-thumbnail","hentry","category-flamengo"],"yoast_head":"<!-- This site is optimized with the Yoast SEO Premium plugin v24.2 (Yoast SEO v26.9) - https:\/\/yoast.com\/product\/yoast-seo-premium-wordpress\/ -->\n<title>Ceni e Everton Ribeiro inflamam vesti\u00e1rio do Flamengo antes de semifinal<\/title>\n<meta name=\"robots\" content=\"index, follow, max-snippet:-1, max-image-preview:large, max-video-preview:-1\" \/>\n<link rel=\"canonical\" href=\"https:\/\/www.gaveanews.com\/index.php\/2021\/05\/04\/ceni-e-everton-ribeiro-inflamam-vestiario-do-flamengo-antes-de-semifinal\/\" \/>\n<meta property=\"og:locale\" content=\"pt_BR\" \/>\n<meta property=\"og:type\" content=\"article\" \/>\n<meta property=\"og:title\" content=\"Ceni e Everton Ribeiro inflamam vesti\u00e1rio do Flamengo antes de semifinal\" \/>\n<meta property=\"og:description\" content=\"No \u00faltimo fim de semana, o Mais Querido entrou em campo e abriu uma larga vantagem sobre o Volta Redonda nas semifinais do Campeonato Carioca. Com 3 gols de Pedro, o clube s\u00f3 deixar\u00e1 de se classificar para a final do torneio se perder por mais de tr\u00eas gols de diferen\u00e7a para o Volta\u00e7o. A [&hellip;]\" \/>\n<meta property=\"og:url\" content=\"https:\/\/www.gaveanews.com\/index.php\/2021\/05\/04\/ceni-e-everton-ribeiro-inflamam-vestiario-do-flamengo-antes-de-semifinal\/\" \/>\n<meta property=\"og:site_name\" content=\"G\u00e1vea News\" \/>\n<meta property=\"article:publisher\" content=\"https:\/\/facebook.com\/gaveaNews\/\" \/>\n<meta property=\"article:published_time\" content=\"2021-05-04T03:46:39+00:00\" \/>\n<meta property=\"article:modified_time\" content=\"2021-08-12T03:47:15+00:00\" \/>\n<meta property=\"og:image\" content=\"https:\/\/www.gaveanews.com\/wp-content\/uploads\/Ceni-orienta-o-time-do-Flamengo-durante-o-jogo-contra-o-La-Calera-pela-Copa-Libertadores-de-2021.webp\" \/>\n\t<meta property=\"og:image:width\" content=\"799\" \/>\n\t<meta property=\"og:image:height\" content=\"533\" \/>\n\t<meta property=\"og:image:type\" content=\"image\/jpeg\" \/>\n<meta name=\"author\" content=\"Let\u00edcia Gerheim\" \/>\n<meta name=\"twitter:card\" content=\"summary_large_image\" \/>\n<meta name=\"twitter:label1\" content=\"Escrito por\" \/>\n\t<meta name=\"twitter:data1\" content=\"Let\u00edcia Gerheim\" \/>\n\t<meta name=\"twitter:label2\" content=\"Est. tempo de leitura\" \/>\n\t<meta name=\"twitter:data2\" content=\"2 minutos\" \/>\n<script type=\"application\/ld+json\" class=\"yoast-schema-graph\">{\"@context\":\"https:\/\/schema.org\",\"@graph\":[{\"@type\":\"NewsArticle\",\"@id\":\"https:\/\/www.gaveanews.com\/index.php\/2021\/05\/04\/ceni-e-everton-ribeiro-inflamam-vestiario-do-flamengo-antes-de-semifinal\/#article\",\"isPartOf\":{\"@id\":\"https:\/\/www.gaveanews.com\/index.php\/2021\/05\/04\/ceni-e-everton-ribeiro-inflamam-vestiario-do-flamengo-antes-de-semifinal\/\"},\"author\":{\"name\":\"Let\u00edcia Gerheim\",\"@id\":\"https:\/\/www.gaveanews.com\/#\/schema\/person\/714c67050b836198af2450ba1c142a67\"},\"headline\":\"Ceni e Everton Ribeiro inflamam vesti\u00e1rio do Flamengo antes de semifinal\",\"datePublished\":\"2021-05-04T03:46:39+00:00\",\"dateModified\":\"2021-08-12T03:47:15+00:00\",\"mainEntityOfPage\":{\"@id\":\"https:\/\/www.gaveanews.com\/index.php\/2021\/05\/04\/ceni-e-everton-ribeiro-inflamam-vestiario-do-flamengo-antes-de-semifinal\/\"},\"wordCount\":386,\"commentCount\":4,\"image\":{\"@id\":\"https:\/\/www.gaveanews.com\/index.php\/2021\/05\/04\/ceni-e-everton-ribeiro-inflamam-vestiario-do-flamengo-antes-de-semifinal\/#primaryimage\"},\"thumbnailUrl\":\"https:\/\/www.gaveanews.com\/wp-content\/uploads\/Ceni-orienta-o-time-do-Flamengo-durante-o-jogo-contra-o-La-Calera-pela-Copa-Libertadores-de-2021.webp\",\"articleSection\":[\"Flamengo\"],\"inLanguage\":\"pt-BR\",\"potentialAction\":[{\"@type\":\"CommentAction\",\"name\":\"Comment\",\"target\":[\"https:\/\/www.gaveanews.com\/index.php\/2021\/05\/04\/ceni-e-everton-ribeiro-inflamam-vestiario-do-flamengo-antes-de-semifinal\/#respond\"]}],\"copyrightYear\":\"2021\",\"copyrightHolder\":{\"@id\":\"https:\/\/www.gaveanews.com\/#organization\"}},{\"@type\":\"WebPage\",\"@id\":\"https:\/\/www.gaveanews.com\/index.php\/2021\/05\/04\/ceni-e-everton-ribeiro-inflamam-vestiario-do-flamengo-antes-de-semifinal\/\",\"url\":\"https:\/\/www.gaveanews.com\/index.php\/2021\/05\/04\/ceni-e-everton-ribeiro-inflamam-vestiario-do-flamengo-antes-de-semifinal\/\",\"name\":\"Ceni e Everton Ribeiro inflamam vesti\u00e1rio do Flamengo antes de semifinal\",\"isPartOf\":{\"@id\":\"https:\/\/www.gaveanews.com\/#website\"},\"primaryImageOfPage\":{\"@id\":\"https:\/\/www.gaveanews.com\/index.php\/2021\/05\/04\/ceni-e-everton-ribeiro-inflamam-vestiario-do-flamengo-antes-de-semifinal\/#primaryimage\"},\"image\":{\"@id\":\"https:\/\/www.gaveanews.com\/index.php\/2021\/05\/04\/ceni-e-everton-ribeiro-inflamam-vestiario-do-flamengo-antes-de-semifinal\/#primaryimage\"},\"thumbnailUrl\":\"https:\/\/www.gaveanews.com\/wp-content\/uploads\/Ceni-orienta-o-time-do-Flamengo-durante-o-jogo-contra-o-La-Calera-pela-Copa-Libertadores-de-2021.webp\",\"datePublished\":\"2021-05-04T03:46:39+00:00\",\"dateModified\":\"2021-08-12T03:47:15+00:00\",\"author\":{\"@id\":\"https:\/\/www.gaveanews.com\/#\/schema\/person\/714c67050b836198af2450ba1c142a67\"},\"breadcrumb\":{\"@id\":\"https:\/\/www.gaveanews.com\/index.php\/2021\/05\/04\/ceni-e-everton-ribeiro-inflamam-vestiario-do-flamengo-antes-de-semifinal\/#breadcrumb\"},\"inLanguage\":\"pt-BR\",\"potentialAction\":[{\"@type\":\"ReadAction\",\"target\":[\"https:\/\/www.gaveanews.com\/index.php\/2021\/05\/04\/ceni-e-everton-ribeiro-inflamam-vestiario-do-flamengo-antes-de-semifinal\/\"]}]},{\"@type\":\"ImageObject\",\"inLanguage\":\"pt-BR\",\"@id\":\"https:\/\/www.gaveanews.com\/index.php\/2021\/05\/04\/ceni-e-everton-ribeiro-inflamam-vestiario-do-flamengo-antes-de-semifinal\/#primaryimage\",\"url\":\"https:\/\/www.gaveanews.com\/wp-content\/uploads\/Ceni-orienta-o-time-do-Flamengo-durante-o-jogo-contra-o-La-Calera-pela-Copa-Libertadores-de-2021.webp\",\"contentUrl\":\"https:\/\/www.gaveanews.com\/wp-content\/uploads\/Ceni-orienta-o-time-do-Flamengo-durante-o-jogo-contra-o-La-Calera-pela-Copa-Libertadores-de-2021.webp\",\"width\":799,\"height\":533,\"caption\":\"Ceni orienta o time do Flamengo durante o jogo contra o La Calera pela Copa Libertadores de 2021 (Foto: Alexandre Vidal\/Flamengo)\"},{\"@type\":\"BreadcrumbList\",\"@id\":\"https:\/\/www.gaveanews.com\/index.php\/2021\/05\/04\/ceni-e-everton-ribeiro-inflamam-vestiario-do-flamengo-antes-de-semifinal\/#breadcrumb\",\"itemListElement\":[{\"@type\":\"ListItem\",\"position\":1,\"name\":\"Home\",\"item\":\"https:\/\/www.gaveanews.com\/\"},{\"@type\":\"ListItem\",\"position\":2,\"name\":\"Ceni e Everton Ribeiro inflamam vesti\u00e1rio do Flamengo antes de semifinal\"}]},{\"@type\":\"WebSite\",\"@id\":\"https:\/\/www.gaveanews.com\/#website\",\"url\":\"https:\/\/www.gaveanews.com\/\",\"name\":\"G\u00e1vea News\",\"description\":\"Veja todas as not\u00edcias sobre o Flamengo: Contrata\u00e7\u00f5es, categorias de base, resultados das partidas, tabela de classifica\u00e7\u00e3o, pr\u00f3ximos jogos!\",\"potentialAction\":[{\"@type\":\"SearchAction\",\"target\":{\"@type\":\"EntryPoint\",\"urlTemplate\":\"https:\/\/www.gaveanews.com\/?s={search_term_string}\"},\"query-input\":{\"@type\":\"PropertyValueSpecification\",\"valueRequired\":true,\"valueName\":\"search_term_string\"}}],\"inLanguage\":\"pt-BR\"},{\"@type\":\"Person\",\"@id\":\"https:\/\/www.gaveanews.com\/#\/schema\/person\/714c67050b836198af2450ba1c142a67\",\"name\":\"Let\u00edcia Gerheim\",\"image\":{\"@type\":\"ImageObject\",\"inLanguage\":\"pt-BR\",\"@id\":\"https:\/\/www.gaveanews.com\/#\/schema\/person\/image\/\",\"url\":\"https:\/\/secure.gravatar.com\/avatar\/60734739c50fcebfbac509e2a826ccd0ff405c019bc73aab9354f19ecad1dcb4?s=96&d=mm&r=g\",\"contentUrl\":\"https:\/\/secure.gravatar.com\/avatar\/60734739c50fcebfbac509e2a826ccd0ff405c019bc73aab9354f19ecad1dcb4?s=96&d=mm&r=g\",\"caption\":\"Let\u00edcia Gerheim\"}}]}<\/script>\n<!-- \/ Yoast SEO Premium plugin. -->","yoast_head_json":{"title":"Ceni e Everton Ribeiro inflamam vesti\u00e1rio do Flamengo antes de semifinal","robots":{"index":"index","follow":"follow","max-snippet":"max-snippet:-1","max-image-preview":"max-image-preview:large","max-video-preview":"max-video-preview:-1"},"canonical":"https:\/\/www.gaveanews.com\/index.php\/2021\/05\/04\/ceni-e-everton-ribeiro-inflamam-vestiario-do-flamengo-antes-de-semifinal\/","og_locale":"pt_BR","og_type":"article","og_title":"Ceni e Everton Ribeiro inflamam vesti\u00e1rio do Flamengo antes de semifinal","og_description":"No \u00faltimo fim de semana, o Mais Querido entrou em campo e abriu uma larga vantagem sobre o Volta Redonda nas semifinais do Campeonato Carioca. Com 3 gols de Pedro, o clube s\u00f3 deixar\u00e1 de se classificar para a final do torneio se perder por mais de tr\u00eas gols de diferen\u00e7a para o Volta\u00e7o. A [&hellip;]","og_url":"https:\/\/www.gaveanews.com\/index.php\/2021\/05\/04\/ceni-e-everton-ribeiro-inflamam-vestiario-do-flamengo-antes-de-semifinal\/","og_site_name":"G\u00e1vea News","article_publisher":"https:\/\/facebook.com\/gaveaNews\/","article_published_time":"2021-05-04T03:46:39+00:00","article_modified_time":"2021-08-12T03:47:15+00:00","og_image":[{"width":799,"height":533,"url":"https:\/\/www.gaveanews.com\/wp-content\/uploads\/Ceni-orienta-o-time-do-Flamengo-durante-o-jogo-contra-o-La-Calera-pela-Copa-Libertadores-de-2021.webp","type":"image\/jpeg"}],"author":"Let\u00edcia Gerheim","twitter_card":"summary_large_image","twitter_misc":{"Escrito por":"Let\u00edcia Gerheim","Est. tempo de leitura":"2 minutos"},"schema":{"@context":"https:\/\/schema.org","@graph":[{"@type":"NewsArticle","@id":"https:\/\/www.gaveanews.com\/index.php\/2021\/05\/04\/ceni-e-everton-ribeiro-inflamam-vestiario-do-flamengo-antes-de-semifinal\/#article","isPartOf":{"@id":"https:\/\/www.gaveanews.com\/index.php\/2021\/05\/04\/ceni-e-everton-ribeiro-inflamam-vestiario-do-flamengo-antes-de-semifinal\/"},"author":{"name":"Let\u00edcia Gerheim","@id":"https:\/\/www.gaveanews.com\/#\/schema\/person\/714c67050b836198af2450ba1c142a67"},"headline":"Ceni e Everton Ribeiro inflamam vesti\u00e1rio do Flamengo antes de semifinal","datePublished":"2021-05-04T03:46:39+00:00","dateModified":"2021-08-12T03:47:15+00:00","mainEntityOfPage":{"@id":"https:\/\/www.gaveanews.com\/index.php\/2021\/05\/04\/ceni-e-everton-ribeiro-inflamam-vestiario-do-flamengo-antes-de-semifinal\/"},"wordCount":386,"commentCount":4,"image":{"@id":"https:\/\/www.gaveanews.com\/index.php\/2021\/05\/04\/ceni-e-everton-ribeiro-inflamam-vestiario-do-flamengo-antes-de-semifinal\/#primaryimage"},"thumbnailUrl":"https:\/\/www.gaveanews.com\/wp-content\/uploads\/Ceni-orienta-o-time-do-Flamengo-durante-o-jogo-contra-o-La-Calera-pela-Copa-Libertadores-de-2021.webp","articleSection":["Flamengo"],"inLanguage":"pt-BR","potentialAction":[{"@type":"CommentAction","name":"Comment","target":["https:\/\/www.gaveanews.com\/index.php\/2021\/05\/04\/ceni-e-everton-ribeiro-inflamam-vestiario-do-flamengo-antes-de-semifinal\/#respond"]}],"copyrightYear":"2021","copyrightHolder":{"@id":"https:\/\/www.gaveanews.com\/#organization"}},{"@type":"WebPage","@id":"https:\/\/www.gaveanews.com\/index.php\/2021\/05\/04\/ceni-e-everton-ribeiro-inflamam-vestiario-do-flamengo-antes-de-semifinal\/","url":"https:\/\/www.gaveanews.com\/index.php\/2021\/05\/04\/ceni-e-everton-ribeiro-inflamam-vestiario-do-flamengo-antes-de-semifinal\/","name":"Ceni e Everton Ribeiro inflamam vesti\u00e1rio do Flamengo antes de semifinal","isPartOf":{"@id":"https:\/\/www.gaveanews.com\/#website"},"primaryImageOfPage":{"@id":"https:\/\/www.gaveanews.com\/index.php\/2021\/05\/04\/ceni-e-everton-ribeiro-inflamam-vestiario-do-flamengo-antes-de-semifinal\/#primaryimage"},"image":{"@id":"https:\/\/www.gaveanews.com\/index.php\/2021\/05\/04\/ceni-e-everton-ribeiro-inflamam-vestiario-do-flamengo-antes-de-semifinal\/#primaryimage"},"thumbnailUrl":"https:\/\/www.gaveanews.com\/wp-content\/uploads\/Ceni-orienta-o-time-do-Flamengo-durante-o-jogo-contra-o-La-Calera-pela-Copa-Libertadores-de-2021.webp","datePublished":"2021-05-04T03:46:39+00:00","dateModified":"2021-08-12T03:47:15+00:00","author":{"@id":"https:\/\/www.gaveanews.com\/#\/schema\/person\/714c67050b836198af2450ba1c142a67"},"breadcrumb":{"@id":"https:\/\/www.gaveanews.com\/index.php\/2021\/05\/04\/ceni-e-everton-ribeiro-inflamam-vestiario-do-flamengo-antes-de-semifinal\/#breadcrumb"},"inLanguage":"pt-BR","potentialAction":[{"@type":"ReadAction","target":["https:\/\/www.gaveanews.com\/index.php\/2021\/05\/04\/ceni-e-everton-ribeiro-inflamam-vestiario-do-flamengo-antes-de-semifinal\/"]}]},{"@type":"ImageObject","inLanguage":"pt-BR","@id":"https:\/\/www.gaveanews.com\/index.php\/2021\/05\/04\/ceni-e-everton-ribeiro-inflamam-vestiario-do-flamengo-antes-de-semifinal\/#primaryimage","url":"https:\/\/www.gaveanews.com\/wp-content\/uploads\/Ceni-orienta-o-time-do-Flamengo-durante-o-jogo-contra-o-La-Calera-pela-Copa-Libertadores-de-2021.webp","contentUrl":"https:\/\/www.gaveanews.com\/wp-content\/uploads\/Ceni-orienta-o-time-do-Flamengo-durante-o-jogo-contra-o-La-Calera-pela-Copa-Libertadores-de-2021.webp","width":799,"height":533,"caption":"Ceni orienta o time do Flamengo durante o jogo contra o La Calera pela Copa Libertadores de 2021 (Foto: Alexandre Vidal\/Flamengo)"},{"@type":"BreadcrumbList","@id":"https:\/\/www.gaveanews.com\/index.php\/2021\/05\/04\/ceni-e-everton-ribeiro-inflamam-vestiario-do-flamengo-antes-de-semifinal\/#breadcrumb","itemListElement":[{"@type":"ListItem","position":1,"name":"Home","item":"https:\/\/www.gaveanews.com\/"},{"@type":"ListItem","position":2,"name":"Ceni e Everton Ribeiro inflamam vesti\u00e1rio do Flamengo antes de semifinal"}]},{"@type":"WebSite","@id":"https:\/\/www.gaveanews.com\/#website","url":"https:\/\/www.gaveanews.com\/","name":"G\u00e1vea News","description":"Veja todas as not\u00edcias sobre o Flamengo: Contrata\u00e7\u00f5es, categorias de base, resultados das partidas, tabela de classifica\u00e7\u00e3o, pr\u00f3ximos jogos!","potentialAction":[{"@type":"SearchAction","target":{"@type":"EntryPoint","urlTemplate":"https:\/\/www.gaveanews.com\/?s={search_term_string}"},"query-input":{"@type":"PropertyValueSpecification","valueRequired":true,"valueName":"search_term_string"}}],"inLanguage":"pt-BR"},{"@type":"Person","@id":"https:\/\/www.gaveanews.com\/#\/schema\/person\/714c67050b836198af2450ba1c142a67","name":"Let\u00edcia Gerheim","image":{"@type":"ImageObject","inLanguage":"pt-BR","@id":"https:\/\/www.gaveanews.com\/#\/schema\/person\/image\/","url":"https:\/\/secure.gravatar.com\/avatar\/60734739c50fcebfbac509e2a826ccd0ff405c019bc73aab9354f19ecad1dcb4?s=96&d=mm&r=g","contentUrl":"https:\/\/secure.gravatar.com\/avatar\/60734739c50fcebfbac509e2a826ccd0ff405c019bc73aab9354f19ecad1dcb4?s=96&d=mm&r=g","caption":"Let\u00edcia Gerheim"}}]}},"_links":{"self":[{"href":"https:\/\/www.gaveanews.com\/index.php\/wp-json\/wp\/v2\/posts\/60447","targetHints":{"allow":["GET"]}}],"collection":[{"href":"https:\/\/www.gaveanews.com\/index.php\/wp-json\/wp\/v2\/posts"}],"about":[{"href":"https:\/\/www.gaveanews.com\/index.php\/wp-json\/wp\/v2\/types\/post"}],"author":[{"embeddable":true,"href":"https:\/\/www.gaveanews.com\/index.php\/wp-json\/wp\/v2\/users\/4"}],"replies":[{"embeddable":true,"href":"https:\/\/www.gaveanews.com\/index.php\/wp-json\/wp\/v2\/comments?post=60447"}],"version-history":[{"count":0,"href":"https:\/\/www.gaveanews.com\/index.php\/wp-json\/wp\/v2\/posts\/60447\/revisions"}],"wp:featuredmedia":[{"embeddable":true,"href":"https:\/\/www.gaveanews.com\/index.php\/wp-json\/wp\/v2\/media\/60118"}],"wp:attachment":[{"href":"https:\/\/www.gaveanews.com\/index.php\/wp-json\/wp\/v2\/media?parent=60447"}],"wp:term":[{"taxonomy":"category","embeddable":true,"href":"https:\/\/www.gaveanews.com\/index.php\/wp-json\/wp\/v2\/categories?post=60447"},{"taxonomy":"post_tag","embeddable":true,"href":"https:\/\/www.gaveanews.com\/index.php\/wp-json\/wp\/v2\/tags?post=60447"}],"curies":[{"name":"wp","href":"https:\/\/api.w.org\/{rel}","templated":true}]}}