{"id":60826,"date":"2021-05-10T14:07:47","date_gmt":"2021-05-10T17:07:47","guid":{"rendered":"https:\/\/www.gaveanews.com\/?p=60826"},"modified":"2021-08-12T00:46:40","modified_gmt":"2021-08-12T03:46:40","slug":"em-reta-final-de-recuperacao-thiago-maia-manda-recado-para-torcida-do-fla","status":"publish","type":"post","link":"https:\/\/www.gaveanews.com\/index.php\/2021\/05\/10\/em-reta-final-de-recuperacao-thiago-maia-manda-recado-para-torcida-do-fla\/","title":{"rendered":"Em reta final de recupera\u00e7\u00e3o, Thiago Maia manda recado para torcida do Fla"},"content":{"rendered":"\n<p>Passados pouco mais de cinco meses de sua cirurgia no joelho, Thiago Maia se anima com evolu\u00e7\u00e3o e demonstra esperan\u00e7a de retorno em breve.<\/p>\n\n\n\n<p>O jogador sofreu les\u00e3o grave em novembro do ano passado e precisou se submeter por procedimento cir\u00fargico no in\u00edcio de dezembro para a reconstru\u00e7\u00e3o dos ligamentos do joelho esquerdo. Ap\u00f3s a cirurgia, o camisa 33 rubro-negro iniciou tratamento com o departamento m\u00e9dico do clube.<\/p>\n\n\n\n<p><a href=\"https:\/\/www.gaveanews.com\/index.php\/2021\/05\/07\/recuperacao-de-thiago-maia-evolui-e-jogador-podera-retornar-em-breve\/\">A recupera\u00e7\u00e3o, avaliada em 8 meses para sua conclus\u00e3o tem dado saltos de desenvolvimento e trazido expectativas \u00e0 equipe da G\u00e1vea<\/a>. Sendo acompanhado pelos fisioterapeutas do time, o jogador j\u00e1 realiza trabalhos com bola e est\u00e1 aproximo de seu retorno ao elenco do Flamengo.<\/p>\n\n\n\n<p>Por isso, nesta segunda-feira (10), o atleta publicou em seu Instagram uma foto com legenda que descreve a esperan\u00e7a do jogador. As palavras escritas mostram o sentimento de al\u00edvio de Thiago Maia por sua evolu\u00e7\u00e3o e a ansiedade de Thiago Maia de voltar a atuar com o Manto Sagrado.<\/p>\n\n\n\n<h2 class=\"wp-block-heading\" id=\"h-veja-o-story-publicado\">Veja o story publicado:<\/h2>\n\n\n\n<div class=\"wp-block-image\"><figure class=\"aligncenter size-large\"><img decoding=\"async\" src=\"https:\/\/colunadofla.com\/wp-content\/uploads\/2021\/05\/thiago-maia-stories-instagram.webp\" alt=\"\"\/><\/figure><\/div>\n\n\n\n<p>Enquanto o jogador ainda n\u00e3o possui condi\u00e7\u00f5es de entrar em campo, o restante da equipe dispon\u00edvel do Flamengo se prepara para enfrentar o La Calera nesta ter\u00e7a-feira (11), pela quarta rodada da fase de grupos da Libertadores. A bola rolar\u00e1 \u00e0s 21h30 (hor\u00e1rio de Bras\u00edlia), no Est\u00e1dio Municipal Nicol\u00e1s Chahu\u00e1n Nazar, no Chile. A transmiss\u00e3o ser\u00e1 feita pela SBT em quase todo o pa\u00eds, com a exce\u00e7\u00e3o do estado de S\u00e3o Paulo e das cidades de Porto Alegre, Maring\u00e1 e Londrina.<\/p>\n","protected":false},"excerpt":{"rendered":"<p>Passados pouco mais de cinco meses de sua cirurgia no joelho, Thiago Maia se anima com evolu\u00e7\u00e3o e demonstra esperan\u00e7a de retorno em breve. O jogador sofreu les\u00e3o grave em novembro do ano passado e precisou se submeter por procedimento cir\u00fargico no in\u00edcio de dezembro para a reconstru\u00e7\u00e3o dos ligamentos do joelho esquerdo. Ap\u00f3s a [&hellip;]<\/p>\n","protected":false},"author":4,"featured_media":57716,"comment_status":"open","ping_status":"closed","sticky":false,"template":"","format":"standard","meta":{"footnotes":""},"categories":[1],"tags":[],"class_list":["post-60826","post","type-post","status-publish","format-standard","has-post-thumbnail","hentry","category-flamengo"],"yoast_head":"<!-- This site is optimized with the Yoast SEO Premium plugin v24.2 (Yoast SEO v26.9) - https:\/\/yoast.com\/product\/yoast-seo-premium-wordpress\/ -->\n<title>Em reta final de transi\u00e7\u00e3o, Thiago Maia manda recado para torcida do Fla<\/title>\n<meta name=\"robots\" content=\"index, follow, max-snippet:-1, max-image-preview:large, max-video-preview:-1\" \/>\n<link rel=\"canonical\" href=\"https:\/\/www.gaveanews.com\/index.php\/2021\/05\/10\/em-reta-final-de-recuperacao-thiago-maia-manda-recado-para-torcida-do-fla\/\" \/>\n<meta property=\"og:locale\" content=\"pt_BR\" \/>\n<meta property=\"og:type\" content=\"article\" \/>\n<meta property=\"og:title\" content=\"Em reta final de recupera\u00e7\u00e3o, Thiago Maia manda recado para torcida do Fla\" \/>\n<meta property=\"og:description\" content=\"Passados pouco mais de cinco meses de sua cirurgia no joelho, Thiago Maia se anima com evolu\u00e7\u00e3o e demonstra esperan\u00e7a de retorno em breve. O jogador sofreu les\u00e3o grave em novembro do ano passado e precisou se submeter por procedimento cir\u00fargico no in\u00edcio de dezembro para a reconstru\u00e7\u00e3o dos ligamentos do joelho esquerdo. Ap\u00f3s a [&hellip;]\" \/>\n<meta property=\"og:url\" content=\"https:\/\/www.gaveanews.com\/index.php\/2021\/05\/10\/em-reta-final-de-recuperacao-thiago-maia-manda-recado-para-torcida-do-fla\/\" \/>\n<meta property=\"og:site_name\" content=\"G\u00e1vea News\" \/>\n<meta property=\"article:publisher\" content=\"https:\/\/facebook.com\/gaveaNews\/\" \/>\n<meta property=\"article:published_time\" content=\"2021-05-10T17:07:47+00:00\" \/>\n<meta property=\"article:modified_time\" content=\"2021-08-12T03:46:40+00:00\" \/>\n<meta property=\"og:image\" content=\"https:\/\/www.gaveanews.com\/wp-content\/uploads\/Thiago-Maia-em-recuperacao-no-Ninho-do-Ururbu.webp\" \/>\n\t<meta property=\"og:image:width\" content=\"640\" \/>\n\t<meta property=\"og:image:height\" content=\"640\" \/>\n\t<meta property=\"og:image:type\" content=\"image\/jpeg\" \/>\n<meta name=\"author\" content=\"Let\u00edcia Gerheim\" \/>\n<meta name=\"twitter:card\" content=\"summary_large_image\" \/>\n<meta name=\"twitter:label1\" content=\"Escrito por\" \/>\n\t<meta name=\"twitter:data1\" content=\"Let\u00edcia Gerheim\" \/>\n\t<meta name=\"twitter:label2\" content=\"Est. tempo de leitura\" \/>\n\t<meta name=\"twitter:data2\" content=\"2 minutos\" \/>\n<script type=\"application\/ld+json\" class=\"yoast-schema-graph\">{\"@context\":\"https:\/\/schema.org\",\"@graph\":[{\"@type\":\"NewsArticle\",\"@id\":\"https:\/\/www.gaveanews.com\/index.php\/2021\/05\/10\/em-reta-final-de-recuperacao-thiago-maia-manda-recado-para-torcida-do-fla\/#article\",\"isPartOf\":{\"@id\":\"https:\/\/www.gaveanews.com\/index.php\/2021\/05\/10\/em-reta-final-de-recuperacao-thiago-maia-manda-recado-para-torcida-do-fla\/\"},\"author\":{\"name\":\"Let\u00edcia Gerheim\",\"@id\":\"https:\/\/www.gaveanews.com\/#\/schema\/person\/714c67050b836198af2450ba1c142a67\"},\"headline\":\"Em reta final de recupera\u00e7\u00e3o, Thiago Maia manda recado para torcida do Fla\",\"datePublished\":\"2021-05-10T17:07:47+00:00\",\"dateModified\":\"2021-08-12T03:46:40+00:00\",\"mainEntityOfPage\":{\"@id\":\"https:\/\/www.gaveanews.com\/index.php\/2021\/05\/10\/em-reta-final-de-recuperacao-thiago-maia-manda-recado-para-torcida-do-fla\/\"},\"wordCount\":282,\"commentCount\":3,\"image\":{\"@id\":\"https:\/\/www.gaveanews.com\/index.php\/2021\/05\/10\/em-reta-final-de-recuperacao-thiago-maia-manda-recado-para-torcida-do-fla\/#primaryimage\"},\"thumbnailUrl\":\"https:\/\/www.gaveanews.com\/wp-content\/uploads\/Thiago-Maia-em-recuperacao-no-Ninho-do-Ururbu.webp\",\"articleSection\":[\"Flamengo\"],\"inLanguage\":\"pt-BR\",\"potentialAction\":[{\"@type\":\"CommentAction\",\"name\":\"Comment\",\"target\":[\"https:\/\/www.gaveanews.com\/index.php\/2021\/05\/10\/em-reta-final-de-recuperacao-thiago-maia-manda-recado-para-torcida-do-fla\/#respond\"]}],\"copyrightYear\":\"2021\",\"copyrightHolder\":{\"@id\":\"https:\/\/www.gaveanews.com\/#organization\"}},{\"@type\":\"WebPage\",\"@id\":\"https:\/\/www.gaveanews.com\/index.php\/2021\/05\/10\/em-reta-final-de-recuperacao-thiago-maia-manda-recado-para-torcida-do-fla\/\",\"url\":\"https:\/\/www.gaveanews.com\/index.php\/2021\/05\/10\/em-reta-final-de-recuperacao-thiago-maia-manda-recado-para-torcida-do-fla\/\",\"name\":\"Em reta final de transi\u00e7\u00e3o, Thiago Maia manda recado para torcida do Fla\",\"isPartOf\":{\"@id\":\"https:\/\/www.gaveanews.com\/#website\"},\"primaryImageOfPage\":{\"@id\":\"https:\/\/www.gaveanews.com\/index.php\/2021\/05\/10\/em-reta-final-de-recuperacao-thiago-maia-manda-recado-para-torcida-do-fla\/#primaryimage\"},\"image\":{\"@id\":\"https:\/\/www.gaveanews.com\/index.php\/2021\/05\/10\/em-reta-final-de-recuperacao-thiago-maia-manda-recado-para-torcida-do-fla\/#primaryimage\"},\"thumbnailUrl\":\"https:\/\/www.gaveanews.com\/wp-content\/uploads\/Thiago-Maia-em-recuperacao-no-Ninho-do-Ururbu.webp\",\"datePublished\":\"2021-05-10T17:07:47+00:00\",\"dateModified\":\"2021-08-12T03:46:40+00:00\",\"author\":{\"@id\":\"https:\/\/www.gaveanews.com\/#\/schema\/person\/714c67050b836198af2450ba1c142a67\"},\"breadcrumb\":{\"@id\":\"https:\/\/www.gaveanews.com\/index.php\/2021\/05\/10\/em-reta-final-de-recuperacao-thiago-maia-manda-recado-para-torcida-do-fla\/#breadcrumb\"},\"inLanguage\":\"pt-BR\",\"potentialAction\":[{\"@type\":\"ReadAction\",\"target\":[\"https:\/\/www.gaveanews.com\/index.php\/2021\/05\/10\/em-reta-final-de-recuperacao-thiago-maia-manda-recado-para-torcida-do-fla\/\"]}]},{\"@type\":\"ImageObject\",\"inLanguage\":\"pt-BR\",\"@id\":\"https:\/\/www.gaveanews.com\/index.php\/2021\/05\/10\/em-reta-final-de-recuperacao-thiago-maia-manda-recado-para-torcida-do-fla\/#primaryimage\",\"url\":\"https:\/\/www.gaveanews.com\/wp-content\/uploads\/Thiago-Maia-em-recuperacao-no-Ninho-do-Ururbu.webp\",\"contentUrl\":\"https:\/\/www.gaveanews.com\/wp-content\/uploads\/Thiago-Maia-em-recuperacao-no-Ninho-do-Ururbu.webp\",\"width\":640,\"height\":640,\"caption\":\"Thiago Maia em recupera\u00e7\u00e3o no Ninho do Ururbu (Foto: Reprodu\u00e7\u00e3o\/Instagram\/@ThiagoMaia)\"},{\"@type\":\"BreadcrumbList\",\"@id\":\"https:\/\/www.gaveanews.com\/index.php\/2021\/05\/10\/em-reta-final-de-recuperacao-thiago-maia-manda-recado-para-torcida-do-fla\/#breadcrumb\",\"itemListElement\":[{\"@type\":\"ListItem\",\"position\":1,\"name\":\"Home\",\"item\":\"https:\/\/www.gaveanews.com\/\"},{\"@type\":\"ListItem\",\"position\":2,\"name\":\"Em reta final de recupera\u00e7\u00e3o, Thiago Maia manda recado para torcida do Fla\"}]},{\"@type\":\"WebSite\",\"@id\":\"https:\/\/www.gaveanews.com\/#website\",\"url\":\"https:\/\/www.gaveanews.com\/\",\"name\":\"G\u00e1vea News\",\"description\":\"Veja todas as not\u00edcias sobre o Flamengo: Contrata\u00e7\u00f5es, categorias de base, resultados das partidas, tabela de classifica\u00e7\u00e3o, pr\u00f3ximos jogos!\",\"potentialAction\":[{\"@type\":\"SearchAction\",\"target\":{\"@type\":\"EntryPoint\",\"urlTemplate\":\"https:\/\/www.gaveanews.com\/?s={search_term_string}\"},\"query-input\":{\"@type\":\"PropertyValueSpecification\",\"valueRequired\":true,\"valueName\":\"search_term_string\"}}],\"inLanguage\":\"pt-BR\"},{\"@type\":\"Person\",\"@id\":\"https:\/\/www.gaveanews.com\/#\/schema\/person\/714c67050b836198af2450ba1c142a67\",\"name\":\"Let\u00edcia Gerheim\",\"image\":{\"@type\":\"ImageObject\",\"inLanguage\":\"pt-BR\",\"@id\":\"https:\/\/www.gaveanews.com\/#\/schema\/person\/image\/\",\"url\":\"https:\/\/secure.gravatar.com\/avatar\/60734739c50fcebfbac509e2a826ccd0ff405c019bc73aab9354f19ecad1dcb4?s=96&d=mm&r=g\",\"contentUrl\":\"https:\/\/secure.gravatar.com\/avatar\/60734739c50fcebfbac509e2a826ccd0ff405c019bc73aab9354f19ecad1dcb4?s=96&d=mm&r=g\",\"caption\":\"Let\u00edcia Gerheim\"}}]}<\/script>\n<!-- \/ Yoast SEO Premium plugin. -->","yoast_head_json":{"title":"Em reta final de transi\u00e7\u00e3o, Thiago Maia manda recado para torcida do Fla","robots":{"index":"index","follow":"follow","max-snippet":"max-snippet:-1","max-image-preview":"max-image-preview:large","max-video-preview":"max-video-preview:-1"},"canonical":"https:\/\/www.gaveanews.com\/index.php\/2021\/05\/10\/em-reta-final-de-recuperacao-thiago-maia-manda-recado-para-torcida-do-fla\/","og_locale":"pt_BR","og_type":"article","og_title":"Em reta final de recupera\u00e7\u00e3o, Thiago Maia manda recado para torcida do Fla","og_description":"Passados pouco mais de cinco meses de sua cirurgia no joelho, Thiago Maia se anima com evolu\u00e7\u00e3o e demonstra esperan\u00e7a de retorno em breve. O jogador sofreu les\u00e3o grave em novembro do ano passado e precisou se submeter por procedimento cir\u00fargico no in\u00edcio de dezembro para a reconstru\u00e7\u00e3o dos ligamentos do joelho esquerdo. Ap\u00f3s a [&hellip;]","og_url":"https:\/\/www.gaveanews.com\/index.php\/2021\/05\/10\/em-reta-final-de-recuperacao-thiago-maia-manda-recado-para-torcida-do-fla\/","og_site_name":"G\u00e1vea News","article_publisher":"https:\/\/facebook.com\/gaveaNews\/","article_published_time":"2021-05-10T17:07:47+00:00","article_modified_time":"2021-08-12T03:46:40+00:00","og_image":[{"width":640,"height":640,"url":"https:\/\/www.gaveanews.com\/wp-content\/uploads\/Thiago-Maia-em-recuperacao-no-Ninho-do-Ururbu.webp","type":"image\/jpeg"}],"author":"Let\u00edcia Gerheim","twitter_card":"summary_large_image","twitter_misc":{"Escrito por":"Let\u00edcia Gerheim","Est. tempo de leitura":"2 minutos"},"schema":{"@context":"https:\/\/schema.org","@graph":[{"@type":"NewsArticle","@id":"https:\/\/www.gaveanews.com\/index.php\/2021\/05\/10\/em-reta-final-de-recuperacao-thiago-maia-manda-recado-para-torcida-do-fla\/#article","isPartOf":{"@id":"https:\/\/www.gaveanews.com\/index.php\/2021\/05\/10\/em-reta-final-de-recuperacao-thiago-maia-manda-recado-para-torcida-do-fla\/"},"author":{"name":"Let\u00edcia Gerheim","@id":"https:\/\/www.gaveanews.com\/#\/schema\/person\/714c67050b836198af2450ba1c142a67"},"headline":"Em reta final de recupera\u00e7\u00e3o, Thiago Maia manda recado para torcida do Fla","datePublished":"2021-05-10T17:07:47+00:00","dateModified":"2021-08-12T03:46:40+00:00","mainEntityOfPage":{"@id":"https:\/\/www.gaveanews.com\/index.php\/2021\/05\/10\/em-reta-final-de-recuperacao-thiago-maia-manda-recado-para-torcida-do-fla\/"},"wordCount":282,"commentCount":3,"image":{"@id":"https:\/\/www.gaveanews.com\/index.php\/2021\/05\/10\/em-reta-final-de-recuperacao-thiago-maia-manda-recado-para-torcida-do-fla\/#primaryimage"},"thumbnailUrl":"https:\/\/www.gaveanews.com\/wp-content\/uploads\/Thiago-Maia-em-recuperacao-no-Ninho-do-Ururbu.webp","articleSection":["Flamengo"],"inLanguage":"pt-BR","potentialAction":[{"@type":"CommentAction","name":"Comment","target":["https:\/\/www.gaveanews.com\/index.php\/2021\/05\/10\/em-reta-final-de-recuperacao-thiago-maia-manda-recado-para-torcida-do-fla\/#respond"]}],"copyrightYear":"2021","copyrightHolder":{"@id":"https:\/\/www.gaveanews.com\/#organization"}},{"@type":"WebPage","@id":"https:\/\/www.gaveanews.com\/index.php\/2021\/05\/10\/em-reta-final-de-recuperacao-thiago-maia-manda-recado-para-torcida-do-fla\/","url":"https:\/\/www.gaveanews.com\/index.php\/2021\/05\/10\/em-reta-final-de-recuperacao-thiago-maia-manda-recado-para-torcida-do-fla\/","name":"Em reta final de transi\u00e7\u00e3o, Thiago Maia manda recado para torcida do Fla","isPartOf":{"@id":"https:\/\/www.gaveanews.com\/#website"},"primaryImageOfPage":{"@id":"https:\/\/www.gaveanews.com\/index.php\/2021\/05\/10\/em-reta-final-de-recuperacao-thiago-maia-manda-recado-para-torcida-do-fla\/#primaryimage"},"image":{"@id":"https:\/\/www.gaveanews.com\/index.php\/2021\/05\/10\/em-reta-final-de-recuperacao-thiago-maia-manda-recado-para-torcida-do-fla\/#primaryimage"},"thumbnailUrl":"https:\/\/www.gaveanews.com\/wp-content\/uploads\/Thiago-Maia-em-recuperacao-no-Ninho-do-Ururbu.webp","datePublished":"2021-05-10T17:07:47+00:00","dateModified":"2021-08-12T03:46:40+00:00","author":{"@id":"https:\/\/www.gaveanews.com\/#\/schema\/person\/714c67050b836198af2450ba1c142a67"},"breadcrumb":{"@id":"https:\/\/www.gaveanews.com\/index.php\/2021\/05\/10\/em-reta-final-de-recuperacao-thiago-maia-manda-recado-para-torcida-do-fla\/#breadcrumb"},"inLanguage":"pt-BR","potentialAction":[{"@type":"ReadAction","target":["https:\/\/www.gaveanews.com\/index.php\/2021\/05\/10\/em-reta-final-de-recuperacao-thiago-maia-manda-recado-para-torcida-do-fla\/"]}]},{"@type":"ImageObject","inLanguage":"pt-BR","@id":"https:\/\/www.gaveanews.com\/index.php\/2021\/05\/10\/em-reta-final-de-recuperacao-thiago-maia-manda-recado-para-torcida-do-fla\/#primaryimage","url":"https:\/\/www.gaveanews.com\/wp-content\/uploads\/Thiago-Maia-em-recuperacao-no-Ninho-do-Ururbu.webp","contentUrl":"https:\/\/www.gaveanews.com\/wp-content\/uploads\/Thiago-Maia-em-recuperacao-no-Ninho-do-Ururbu.webp","width":640,"height":640,"caption":"Thiago Maia em recupera\u00e7\u00e3o no Ninho do Ururbu (Foto: Reprodu\u00e7\u00e3o\/Instagram\/@ThiagoMaia)"},{"@type":"BreadcrumbList","@id":"https:\/\/www.gaveanews.com\/index.php\/2021\/05\/10\/em-reta-final-de-recuperacao-thiago-maia-manda-recado-para-torcida-do-fla\/#breadcrumb","itemListElement":[{"@type":"ListItem","position":1,"name":"Home","item":"https:\/\/www.gaveanews.com\/"},{"@type":"ListItem","position":2,"name":"Em reta final de recupera\u00e7\u00e3o, Thiago Maia manda recado para torcida do Fla"}]},{"@type":"WebSite","@id":"https:\/\/www.gaveanews.com\/#website","url":"https:\/\/www.gaveanews.com\/","name":"G\u00e1vea News","description":"Veja todas as not\u00edcias sobre o Flamengo: Contrata\u00e7\u00f5es, categorias de base, resultados das partidas, tabela de classifica\u00e7\u00e3o, pr\u00f3ximos jogos!","potentialAction":[{"@type":"SearchAction","target":{"@type":"EntryPoint","urlTemplate":"https:\/\/www.gaveanews.com\/?s={search_term_string}"},"query-input":{"@type":"PropertyValueSpecification","valueRequired":true,"valueName":"search_term_string"}}],"inLanguage":"pt-BR"},{"@type":"Person","@id":"https:\/\/www.gaveanews.com\/#\/schema\/person\/714c67050b836198af2450ba1c142a67","name":"Let\u00edcia Gerheim","image":{"@type":"ImageObject","inLanguage":"pt-BR","@id":"https:\/\/www.gaveanews.com\/#\/schema\/person\/image\/","url":"https:\/\/secure.gravatar.com\/avatar\/60734739c50fcebfbac509e2a826ccd0ff405c019bc73aab9354f19ecad1dcb4?s=96&d=mm&r=g","contentUrl":"https:\/\/secure.gravatar.com\/avatar\/60734739c50fcebfbac509e2a826ccd0ff405c019bc73aab9354f19ecad1dcb4?s=96&d=mm&r=g","caption":"Let\u00edcia Gerheim"}}]}},"_links":{"self":[{"href":"https:\/\/www.gaveanews.com\/index.php\/wp-json\/wp\/v2\/posts\/60826","targetHints":{"allow":["GET"]}}],"collection":[{"href":"https:\/\/www.gaveanews.com\/index.php\/wp-json\/wp\/v2\/posts"}],"about":[{"href":"https:\/\/www.gaveanews.com\/index.php\/wp-json\/wp\/v2\/types\/post"}],"author":[{"embeddable":true,"href":"https:\/\/www.gaveanews.com\/index.php\/wp-json\/wp\/v2\/users\/4"}],"replies":[{"embeddable":true,"href":"https:\/\/www.gaveanews.com\/index.php\/wp-json\/wp\/v2\/comments?post=60826"}],"version-history":[{"count":0,"href":"https:\/\/www.gaveanews.com\/index.php\/wp-json\/wp\/v2\/posts\/60826\/revisions"}],"wp:featuredmedia":[{"embeddable":true,"href":"https:\/\/www.gaveanews.com\/index.php\/wp-json\/wp\/v2\/media\/57716"}],"wp:attachment":[{"href":"https:\/\/www.gaveanews.com\/index.php\/wp-json\/wp\/v2\/media?parent=60826"}],"wp:term":[{"taxonomy":"category","embeddable":true,"href":"https:\/\/www.gaveanews.com\/index.php\/wp-json\/wp\/v2\/categories?post=60826"},{"taxonomy":"post_tag","embeddable":true,"href":"https:\/\/www.gaveanews.com\/index.php\/wp-json\/wp\/v2\/tags?post=60826"}],"curies":[{"name":"wp","href":"https:\/\/api.w.org\/{rel}","templated":true}]}}