{"id":60871,"date":"2021-05-10T22:10:00","date_gmt":"2021-05-11T01:10:00","guid":{"rendered":"https:\/\/www.gaveanews.com\/?p=60871"},"modified":"2021-05-10T21:53:51","modified_gmt":"2021-05-11T00:53:51","slug":"zagueiro-quebra-protocolo-do-flamengo-e-e-fotografado-jogando-pelada","status":"publish","type":"post","link":"https:\/\/www.gaveanews.com\/index.php\/2021\/05\/10\/zagueiro-quebra-protocolo-do-flamengo-e-e-fotografado-jogando-pelada\/","title":{"rendered":"Zagueiro quebra protocolo do Flamengo e \u00e9 fotografado jogando &#8220;pelada&#8221;"},"content":{"rendered":"\n<p>O zagueiro Ot\u00e1vio foi fotografado disputando uma &#8220;pelada&#8221; e quebrando o protocolo de isolamento imposto pelo Flamengo de preven\u00e7\u00e3o ao novo coronav\u00edrus. Em imagens divulgadas nesta segunda-feira em uma rede social, o jogador \u00e9 visto descal\u00e7o, sem camisa e com short do time.<\/p>\n\n\n\n<figure class=\"wp-block-image size-large\"><img decoding=\"async\" src=\"https:\/\/s2.glbimg.com\/Nq3g67Sp9cnDgDnEcPsEV-aVtw0=\/0x0:766x1024\/984x0\/smart\/filters:strip_icc()\/i.s3.glbimg.com\/v1\/AUTH_bc8228b6673f488aa253bbcb03c80ec5\/internal_photos\/bs\/2021\/n\/E\/fTp96wTv2DfmgXAAwrBg\/a2acfc14-7018-4942-aadb-063c4ff886b4.webp\" alt=\"\"\/><\/figure>\n\n\n\n<p>De acordo com o perfil que divulgou as imagens, o jogador estava em um campo da Barra da Tijuca. Procurado, o Flamengo informou que n\u00e3o se posicionar\u00e1 e que vai esperar a reapresenta\u00e7\u00e3o do atleta nesta ter\u00e7a-feira para pedir explica\u00e7\u00f5es e decidir se tomar\u00e1 alguma medida.<\/p>\n\n\n\n<p>Ot\u00e1vio fez parte do grupo que disputou o in\u00edcio do Campeonato Carioca, mas n\u00e3o chegou a entrar em campo e j\u00e1 retornou ao sub-20.<\/p>\n\n\n\n<p>Ele se destacou para o torcedor rubro-negro quando foi titular no empate com o Palmeiras, no Brasileiro de 2020, quando os principais jogadores do Flamengo foram desfalque devido a um surto de Covid.<\/p>\n\n\n\n<figure class=\"wp-block-image size-large\"><img decoding=\"async\" src=\"https:\/\/s2.glbimg.com\/BRP6cAsZk_H92R_UuVHyBPpL1M0=\/0x0:526x728\/984x0\/smart\/filters:strip_icc()\/i.s3.glbimg.com\/v1\/AUTH_bc8228b6673f488aa253bbcb03c80ec5\/internal_photos\/bs\/2021\/p\/F\/Vn2JAxSmy1X0BPpFHTMA\/efd35732-aabb-4e10-9470-26e3b3c77dee.webp\" alt=\"\"\/><\/figure>\n\n\n\n<p>O zagueiro completou 19 anos em abril. Ele est\u00e1 no Flamengo desde 2018 e foi titular da equipe sub-20 durante a temporada 2020. Ainda n\u00e3o h\u00e1 previs\u00e3o para que seja integrado ao elenco profissional.<\/p>\n\n\n\n<p>Retirado de: Globo Esporte<\/p>\n","protected":false},"excerpt":{"rendered":"<p>O zagueiro Ot\u00e1vio foi fotografado disputando uma &#8220;pelada&#8221; e quebrando o protocolo de isolamento imposto pelo Flamengo de preven\u00e7\u00e3o ao novo coronav\u00edrus. Em imagens divulgadas nesta segunda-feira em uma rede social, o jogador \u00e9 visto descal\u00e7o, sem camisa e com short do time. De acordo com o perfil que divulgou as imagens, o jogador estava [&hellip;]<\/p>\n","protected":false},"author":1,"featured_media":48448,"comment_status":"open","ping_status":"closed","sticky":false,"template":"","format":"standard","meta":{"footnotes":""},"categories":[1],"tags":[],"class_list":["post-60871","post","type-post","status-publish","format-standard","has-post-thumbnail","hentry","category-flamengo"],"yoast_head":"<!-- This site is optimized with the Yoast SEO Premium plugin v24.2 (Yoast SEO v26.9) - https:\/\/yoast.com\/product\/yoast-seo-premium-wordpress\/ -->\n<title>Zagueiro quebra protocolo do Flamengo e \u00e9 fotografado jogando &quot;pelada&quot;<\/title>\n<meta name=\"description\" content=\"Em imagens divulgadas nesta segunda-feira em uma rede social, o jogador \u00e9 visto descal\u00e7o, sem camisa e com short do time.\" \/>\n<meta name=\"robots\" content=\"index, follow, max-snippet:-1, max-image-preview:large, max-video-preview:-1\" \/>\n<link rel=\"canonical\" href=\"https:\/\/www.gaveanews.com\/index.php\/2021\/05\/10\/zagueiro-quebra-protocolo-do-flamengo-e-e-fotografado-jogando-pelada\/\" \/>\n<meta property=\"og:locale\" content=\"pt_BR\" \/>\n<meta property=\"og:type\" content=\"article\" \/>\n<meta property=\"og:title\" content=\"Zagueiro quebra protocolo do Flamengo e \u00e9 fotografado jogando &quot;pelada&quot;\" \/>\n<meta property=\"og:description\" content=\"Em imagens divulgadas nesta segunda-feira em uma rede social, o jogador \u00e9 visto descal\u00e7o, sem camisa e com short do time.\" \/>\n<meta property=\"og:url\" content=\"https:\/\/www.gaveanews.com\/index.php\/2021\/05\/10\/zagueiro-quebra-protocolo-do-flamengo-e-e-fotografado-jogando-pelada\/\" \/>\n<meta property=\"og:site_name\" content=\"G\u00e1vea News\" \/>\n<meta property=\"article:publisher\" content=\"https:\/\/facebook.com\/gaveaNews\/\" \/>\n<meta property=\"article:published_time\" content=\"2021-05-11T01:10:00+00:00\" \/>\n<meta property=\"og:image\" content=\"https:\/\/www.gaveanews.com\/wp-content\/uploads\/Otavio-em-acao-pelo-Flamengo-na-partida-contra-o-Palmeiras-pelo-Campeonato-Brasileiro-de-2020.webp\" \/>\n\t<meta property=\"og:image:width\" content=\"700\" \/>\n\t<meta property=\"og:image:height\" content=\"470\" \/>\n\t<meta property=\"og:image:type\" content=\"image\/jpeg\" \/>\n<meta name=\"author\" content=\"Equipe G\u00e1vea News\" \/>\n<meta name=\"twitter:card\" content=\"summary_large_image\" \/>\n<meta name=\"twitter:label1\" content=\"Escrito por\" \/>\n\t<meta name=\"twitter:data1\" content=\"Equipe G\u00e1vea News\" \/>\n\t<meta name=\"twitter:label2\" content=\"Est. tempo de leitura\" \/>\n\t<meta name=\"twitter:data2\" content=\"2 minutos\" \/>\n<script type=\"application\/ld+json\" class=\"yoast-schema-graph\">{\"@context\":\"https:\/\/schema.org\",\"@graph\":[{\"@type\":\"NewsArticle\",\"@id\":\"https:\/\/www.gaveanews.com\/index.php\/2021\/05\/10\/zagueiro-quebra-protocolo-do-flamengo-e-e-fotografado-jogando-pelada\/#article\",\"isPartOf\":{\"@id\":\"https:\/\/www.gaveanews.com\/index.php\/2021\/05\/10\/zagueiro-quebra-protocolo-do-flamengo-e-e-fotografado-jogando-pelada\/\"},\"author\":{\"name\":\"Equipe G\u00e1vea News\",\"@id\":\"https:\/\/www.gaveanews.com\/#\/schema\/person\/2ec14f73fb96be2caf28f91afb14749d\"},\"headline\":\"Zagueiro quebra protocolo do Flamengo e \u00e9 fotografado jogando &#8220;pelada&#8221;\",\"datePublished\":\"2021-05-11T01:10:00+00:00\",\"mainEntityOfPage\":{\"@id\":\"https:\/\/www.gaveanews.com\/index.php\/2021\/05\/10\/zagueiro-quebra-protocolo-do-flamengo-e-e-fotografado-jogando-pelada\/\"},\"wordCount\":201,\"commentCount\":32,\"image\":{\"@id\":\"https:\/\/www.gaveanews.com\/index.php\/2021\/05\/10\/zagueiro-quebra-protocolo-do-flamengo-e-e-fotografado-jogando-pelada\/#primaryimage\"},\"thumbnailUrl\":\"https:\/\/www.gaveanews.com\/wp-content\/uploads\/Otavio-em-acao-pelo-Flamengo-na-partida-contra-o-Palmeiras-pelo-Campeonato-Brasileiro-de-2020.webp\",\"articleSection\":[\"Flamengo\"],\"inLanguage\":\"pt-BR\",\"potentialAction\":[{\"@type\":\"CommentAction\",\"name\":\"Comment\",\"target\":[\"https:\/\/www.gaveanews.com\/index.php\/2021\/05\/10\/zagueiro-quebra-protocolo-do-flamengo-e-e-fotografado-jogando-pelada\/#respond\"]}],\"copyrightYear\":\"2021\",\"copyrightHolder\":{\"@id\":\"https:\/\/www.gaveanews.com\/#organization\"}},{\"@type\":\"WebPage\",\"@id\":\"https:\/\/www.gaveanews.com\/index.php\/2021\/05\/10\/zagueiro-quebra-protocolo-do-flamengo-e-e-fotografado-jogando-pelada\/\",\"url\":\"https:\/\/www.gaveanews.com\/index.php\/2021\/05\/10\/zagueiro-quebra-protocolo-do-flamengo-e-e-fotografado-jogando-pelada\/\",\"name\":\"Zagueiro quebra protocolo do Flamengo e \u00e9 fotografado jogando \\\"pelada\\\"\",\"isPartOf\":{\"@id\":\"https:\/\/www.gaveanews.com\/#website\"},\"primaryImageOfPage\":{\"@id\":\"https:\/\/www.gaveanews.com\/index.php\/2021\/05\/10\/zagueiro-quebra-protocolo-do-flamengo-e-e-fotografado-jogando-pelada\/#primaryimage\"},\"image\":{\"@id\":\"https:\/\/www.gaveanews.com\/index.php\/2021\/05\/10\/zagueiro-quebra-protocolo-do-flamengo-e-e-fotografado-jogando-pelada\/#primaryimage\"},\"thumbnailUrl\":\"https:\/\/www.gaveanews.com\/wp-content\/uploads\/Otavio-em-acao-pelo-Flamengo-na-partida-contra-o-Palmeiras-pelo-Campeonato-Brasileiro-de-2020.webp\",\"datePublished\":\"2021-05-11T01:10:00+00:00\",\"author\":{\"@id\":\"https:\/\/www.gaveanews.com\/#\/schema\/person\/2ec14f73fb96be2caf28f91afb14749d\"},\"description\":\"Em imagens divulgadas nesta segunda-feira em uma rede social, o jogador \u00e9 visto descal\u00e7o, sem camisa e com short do time.\",\"breadcrumb\":{\"@id\":\"https:\/\/www.gaveanews.com\/index.php\/2021\/05\/10\/zagueiro-quebra-protocolo-do-flamengo-e-e-fotografado-jogando-pelada\/#breadcrumb\"},\"inLanguage\":\"pt-BR\",\"potentialAction\":[{\"@type\":\"ReadAction\",\"target\":[\"https:\/\/www.gaveanews.com\/index.php\/2021\/05\/10\/zagueiro-quebra-protocolo-do-flamengo-e-e-fotografado-jogando-pelada\/\"]}]},{\"@type\":\"ImageObject\",\"inLanguage\":\"pt-BR\",\"@id\":\"https:\/\/www.gaveanews.com\/index.php\/2021\/05\/10\/zagueiro-quebra-protocolo-do-flamengo-e-e-fotografado-jogando-pelada\/#primaryimage\",\"url\":\"https:\/\/www.gaveanews.com\/wp-content\/uploads\/Otavio-em-acao-pelo-Flamengo-na-partida-contra-o-Palmeiras-pelo-Campeonato-Brasileiro-de-2020.webp\",\"contentUrl\":\"https:\/\/www.gaveanews.com\/wp-content\/uploads\/Otavio-em-acao-pelo-Flamengo-na-partida-contra-o-Palmeiras-pelo-Campeonato-Brasileiro-de-2020.webp\",\"width\":700,\"height\":470,\"caption\":\"Hugo Souza e Ot\u00e1vio em a\u00e7\u00e3o pelo Flamengo na partida contra o Palmeiras pelo Campeonato Brasileiro de 2020 (Foto: Alexandre Vidal\/Flamengo)\"},{\"@type\":\"BreadcrumbList\",\"@id\":\"https:\/\/www.gaveanews.com\/index.php\/2021\/05\/10\/zagueiro-quebra-protocolo-do-flamengo-e-e-fotografado-jogando-pelada\/#breadcrumb\",\"itemListElement\":[{\"@type\":\"ListItem\",\"position\":1,\"name\":\"Home\",\"item\":\"https:\/\/www.gaveanews.com\/\"},{\"@type\":\"ListItem\",\"position\":2,\"name\":\"Zagueiro quebra protocolo do Flamengo e \u00e9 fotografado jogando &#8220;pelada&#8221;\"}]},{\"@type\":\"WebSite\",\"@id\":\"https:\/\/www.gaveanews.com\/#website\",\"url\":\"https:\/\/www.gaveanews.com\/\",\"name\":\"G\u00e1vea News\",\"description\":\"Veja todas as not\u00edcias sobre o Flamengo: Contrata\u00e7\u00f5es, categorias de base, resultados das partidas, tabela de classifica\u00e7\u00e3o, pr\u00f3ximos jogos!\",\"potentialAction\":[{\"@type\":\"SearchAction\",\"target\":{\"@type\":\"EntryPoint\",\"urlTemplate\":\"https:\/\/www.gaveanews.com\/?s={search_term_string}\"},\"query-input\":{\"@type\":\"PropertyValueSpecification\",\"valueRequired\":true,\"valueName\":\"search_term_string\"}}],\"inLanguage\":\"pt-BR\"},{\"@type\":\"Person\",\"@id\":\"https:\/\/www.gaveanews.com\/#\/schema\/person\/2ec14f73fb96be2caf28f91afb14749d\",\"name\":\"Equipe G\u00e1vea News\",\"image\":{\"@type\":\"ImageObject\",\"inLanguage\":\"pt-BR\",\"@id\":\"https:\/\/www.gaveanews.com\/#\/schema\/person\/image\/\",\"url\":\"https:\/\/secure.gravatar.com\/avatar\/1e1956f1facbffd3f8fa53a326721950116b3b9dc9bd44939c01180fd4a745a9?s=96&d=mm&r=g\",\"contentUrl\":\"https:\/\/secure.gravatar.com\/avatar\/1e1956f1facbffd3f8fa53a326721950116b3b9dc9bd44939c01180fd4a745a9?s=96&d=mm&r=g\",\"caption\":\"Equipe G\u00e1vea News\"}}]}<\/script>\n<!-- \/ Yoast SEO Premium plugin. -->","yoast_head_json":{"title":"Zagueiro quebra protocolo do Flamengo e \u00e9 fotografado jogando \"pelada\"","description":"Em imagens divulgadas nesta segunda-feira em uma rede social, o jogador \u00e9 visto descal\u00e7o, sem camisa e com short do time.","robots":{"index":"index","follow":"follow","max-snippet":"max-snippet:-1","max-image-preview":"max-image-preview:large","max-video-preview":"max-video-preview:-1"},"canonical":"https:\/\/www.gaveanews.com\/index.php\/2021\/05\/10\/zagueiro-quebra-protocolo-do-flamengo-e-e-fotografado-jogando-pelada\/","og_locale":"pt_BR","og_type":"article","og_title":"Zagueiro quebra protocolo do Flamengo e \u00e9 fotografado jogando \"pelada\"","og_description":"Em imagens divulgadas nesta segunda-feira em uma rede social, o jogador \u00e9 visto descal\u00e7o, sem camisa e com short do time.","og_url":"https:\/\/www.gaveanews.com\/index.php\/2021\/05\/10\/zagueiro-quebra-protocolo-do-flamengo-e-e-fotografado-jogando-pelada\/","og_site_name":"G\u00e1vea News","article_publisher":"https:\/\/facebook.com\/gaveaNews\/","article_published_time":"2021-05-11T01:10:00+00:00","og_image":[{"width":700,"height":470,"url":"https:\/\/www.gaveanews.com\/wp-content\/uploads\/Otavio-em-acao-pelo-Flamengo-na-partida-contra-o-Palmeiras-pelo-Campeonato-Brasileiro-de-2020.webp","type":"image\/jpeg"}],"author":"Equipe G\u00e1vea News","twitter_card":"summary_large_image","twitter_misc":{"Escrito por":"Equipe G\u00e1vea News","Est. tempo de leitura":"2 minutos"},"schema":{"@context":"https:\/\/schema.org","@graph":[{"@type":"NewsArticle","@id":"https:\/\/www.gaveanews.com\/index.php\/2021\/05\/10\/zagueiro-quebra-protocolo-do-flamengo-e-e-fotografado-jogando-pelada\/#article","isPartOf":{"@id":"https:\/\/www.gaveanews.com\/index.php\/2021\/05\/10\/zagueiro-quebra-protocolo-do-flamengo-e-e-fotografado-jogando-pelada\/"},"author":{"name":"Equipe G\u00e1vea News","@id":"https:\/\/www.gaveanews.com\/#\/schema\/person\/2ec14f73fb96be2caf28f91afb14749d"},"headline":"Zagueiro quebra protocolo do Flamengo e \u00e9 fotografado jogando &#8220;pelada&#8221;","datePublished":"2021-05-11T01:10:00+00:00","mainEntityOfPage":{"@id":"https:\/\/www.gaveanews.com\/index.php\/2021\/05\/10\/zagueiro-quebra-protocolo-do-flamengo-e-e-fotografado-jogando-pelada\/"},"wordCount":201,"commentCount":32,"image":{"@id":"https:\/\/www.gaveanews.com\/index.php\/2021\/05\/10\/zagueiro-quebra-protocolo-do-flamengo-e-e-fotografado-jogando-pelada\/#primaryimage"},"thumbnailUrl":"https:\/\/www.gaveanews.com\/wp-content\/uploads\/Otavio-em-acao-pelo-Flamengo-na-partida-contra-o-Palmeiras-pelo-Campeonato-Brasileiro-de-2020.webp","articleSection":["Flamengo"],"inLanguage":"pt-BR","potentialAction":[{"@type":"CommentAction","name":"Comment","target":["https:\/\/www.gaveanews.com\/index.php\/2021\/05\/10\/zagueiro-quebra-protocolo-do-flamengo-e-e-fotografado-jogando-pelada\/#respond"]}],"copyrightYear":"2021","copyrightHolder":{"@id":"https:\/\/www.gaveanews.com\/#organization"}},{"@type":"WebPage","@id":"https:\/\/www.gaveanews.com\/index.php\/2021\/05\/10\/zagueiro-quebra-protocolo-do-flamengo-e-e-fotografado-jogando-pelada\/","url":"https:\/\/www.gaveanews.com\/index.php\/2021\/05\/10\/zagueiro-quebra-protocolo-do-flamengo-e-e-fotografado-jogando-pelada\/","name":"Zagueiro quebra protocolo do Flamengo e \u00e9 fotografado jogando \"pelada\"","isPartOf":{"@id":"https:\/\/www.gaveanews.com\/#website"},"primaryImageOfPage":{"@id":"https:\/\/www.gaveanews.com\/index.php\/2021\/05\/10\/zagueiro-quebra-protocolo-do-flamengo-e-e-fotografado-jogando-pelada\/#primaryimage"},"image":{"@id":"https:\/\/www.gaveanews.com\/index.php\/2021\/05\/10\/zagueiro-quebra-protocolo-do-flamengo-e-e-fotografado-jogando-pelada\/#primaryimage"},"thumbnailUrl":"https:\/\/www.gaveanews.com\/wp-content\/uploads\/Otavio-em-acao-pelo-Flamengo-na-partida-contra-o-Palmeiras-pelo-Campeonato-Brasileiro-de-2020.webp","datePublished":"2021-05-11T01:10:00+00:00","author":{"@id":"https:\/\/www.gaveanews.com\/#\/schema\/person\/2ec14f73fb96be2caf28f91afb14749d"},"description":"Em imagens divulgadas nesta segunda-feira em uma rede social, o jogador \u00e9 visto descal\u00e7o, sem camisa e com short do time.","breadcrumb":{"@id":"https:\/\/www.gaveanews.com\/index.php\/2021\/05\/10\/zagueiro-quebra-protocolo-do-flamengo-e-e-fotografado-jogando-pelada\/#breadcrumb"},"inLanguage":"pt-BR","potentialAction":[{"@type":"ReadAction","target":["https:\/\/www.gaveanews.com\/index.php\/2021\/05\/10\/zagueiro-quebra-protocolo-do-flamengo-e-e-fotografado-jogando-pelada\/"]}]},{"@type":"ImageObject","inLanguage":"pt-BR","@id":"https:\/\/www.gaveanews.com\/index.php\/2021\/05\/10\/zagueiro-quebra-protocolo-do-flamengo-e-e-fotografado-jogando-pelada\/#primaryimage","url":"https:\/\/www.gaveanews.com\/wp-content\/uploads\/Otavio-em-acao-pelo-Flamengo-na-partida-contra-o-Palmeiras-pelo-Campeonato-Brasileiro-de-2020.webp","contentUrl":"https:\/\/www.gaveanews.com\/wp-content\/uploads\/Otavio-em-acao-pelo-Flamengo-na-partida-contra-o-Palmeiras-pelo-Campeonato-Brasileiro-de-2020.webp","width":700,"height":470,"caption":"Hugo Souza e Ot\u00e1vio em a\u00e7\u00e3o pelo Flamengo na partida contra o Palmeiras pelo Campeonato Brasileiro de 2020 (Foto: Alexandre Vidal\/Flamengo)"},{"@type":"BreadcrumbList","@id":"https:\/\/www.gaveanews.com\/index.php\/2021\/05\/10\/zagueiro-quebra-protocolo-do-flamengo-e-e-fotografado-jogando-pelada\/#breadcrumb","itemListElement":[{"@type":"ListItem","position":1,"name":"Home","item":"https:\/\/www.gaveanews.com\/"},{"@type":"ListItem","position":2,"name":"Zagueiro quebra protocolo do Flamengo e \u00e9 fotografado jogando &#8220;pelada&#8221;"}]},{"@type":"WebSite","@id":"https:\/\/www.gaveanews.com\/#website","url":"https:\/\/www.gaveanews.com\/","name":"G\u00e1vea News","description":"Veja todas as not\u00edcias sobre o Flamengo: Contrata\u00e7\u00f5es, categorias de base, resultados das partidas, tabela de classifica\u00e7\u00e3o, pr\u00f3ximos jogos!","potentialAction":[{"@type":"SearchAction","target":{"@type":"EntryPoint","urlTemplate":"https:\/\/www.gaveanews.com\/?s={search_term_string}"},"query-input":{"@type":"PropertyValueSpecification","valueRequired":true,"valueName":"search_term_string"}}],"inLanguage":"pt-BR"},{"@type":"Person","@id":"https:\/\/www.gaveanews.com\/#\/schema\/person\/2ec14f73fb96be2caf28f91afb14749d","name":"Equipe G\u00e1vea News","image":{"@type":"ImageObject","inLanguage":"pt-BR","@id":"https:\/\/www.gaveanews.com\/#\/schema\/person\/image\/","url":"https:\/\/secure.gravatar.com\/avatar\/1e1956f1facbffd3f8fa53a326721950116b3b9dc9bd44939c01180fd4a745a9?s=96&d=mm&r=g","contentUrl":"https:\/\/secure.gravatar.com\/avatar\/1e1956f1facbffd3f8fa53a326721950116b3b9dc9bd44939c01180fd4a745a9?s=96&d=mm&r=g","caption":"Equipe G\u00e1vea News"}}]}},"_links":{"self":[{"href":"https:\/\/www.gaveanews.com\/index.php\/wp-json\/wp\/v2\/posts\/60871","targetHints":{"allow":["GET"]}}],"collection":[{"href":"https:\/\/www.gaveanews.com\/index.php\/wp-json\/wp\/v2\/posts"}],"about":[{"href":"https:\/\/www.gaveanews.com\/index.php\/wp-json\/wp\/v2\/types\/post"}],"author":[{"embeddable":true,"href":"https:\/\/www.gaveanews.com\/index.php\/wp-json\/wp\/v2\/users\/1"}],"replies":[{"embeddable":true,"href":"https:\/\/www.gaveanews.com\/index.php\/wp-json\/wp\/v2\/comments?post=60871"}],"version-history":[{"count":0,"href":"https:\/\/www.gaveanews.com\/index.php\/wp-json\/wp\/v2\/posts\/60871\/revisions"}],"wp:featuredmedia":[{"embeddable":true,"href":"https:\/\/www.gaveanews.com\/index.php\/wp-json\/wp\/v2\/media\/48448"}],"wp:attachment":[{"href":"https:\/\/www.gaveanews.com\/index.php\/wp-json\/wp\/v2\/media?parent=60871"}],"wp:term":[{"taxonomy":"category","embeddable":true,"href":"https:\/\/www.gaveanews.com\/index.php\/wp-json\/wp\/v2\/categories?post=60871"},{"taxonomy":"post_tag","embeddable":true,"href":"https:\/\/www.gaveanews.com\/index.php\/wp-json\/wp\/v2\/tags?post=60871"}],"curies":[{"name":"wp","href":"https:\/\/api.w.org\/{rel}","templated":true}]}}