{"id":61046,"date":"2021-05-12T22:31:02","date_gmt":"2021-05-13T01:31:02","guid":{"rendered":"https:\/\/www.gaveanews.com\/?p=61046"},"modified":"2021-05-12T22:31:05","modified_gmt":"2021-05-13T01:31:05","slug":"havan-deseja-vender-produtos-do-flamengo-em-suas-lojas","status":"publish","type":"post","link":"https:\/\/www.gaveanews.com\/index.php\/2021\/05\/12\/havan-deseja-vender-produtos-do-flamengo-em-suas-lojas\/","title":{"rendered":"Havan deseja vender produtos do Flamengo em suas lojas"},"content":{"rendered":"\n<p>O Flamengo acertou, na \u00faltima segunda-feira (10), o patroc\u00ednio da rede de departamentos Havan. O contrato ser\u00e1 firmado at\u00e9 dezembro de 2021 e vai render aos cofres do clube cerca de R$ 6,5 milh\u00f5es. Em contato com a reportagem da Goal, Lucas Hang, gerente de novos neg\u00f3cios da empresa, comemorou o acerto e explicou os motivos da parceria.<\/p>\n\n\n\n<p><strong><em>\u2014 Decidimos pelo Flamengo pelo fato de ser o maior clube de massa do Brasil, ter uma torcida muito apaixonada. Um time que est\u00e1 no Brasil inteiro, assim como a Havan. Nossa expectativa \u00e9 mostrar um pouco mais da nossa cara, da Havan. Somos muito al\u00e9m do que a maioria das pessoas acham. Somos uma empresa de 35 anos de hist\u00f3ria e hoje est\u00e1 conseguindo fazer parceria com a maior torcida do mundo. \u00c9 sinal de muito orgulho e faz com que a gente queira estender essa parceria e ajudar o Flamengo cada vez mais.<\/em><\/strong><\/p>\n\n\n\n<p>Lucas ressaltou a import\u00e2ncia do diretor de futebol Bruno Spindel na aproxima\u00e7\u00e3o das duas empresas e garantiu que o Flamengo sempre esteve no radar.<\/p>\n\n\n\n<p><strong><em>\u2014 Realmente o Flamengo sempre esteve no nosso radar, a gente nunca chegou a avan\u00e7ar muito nas conversas mas sempre houve essa cogita\u00e7\u00e3o do nosso lado. Acabou avan\u00e7ando por conta de contatos que nos ajudaram entre as duas partes. O Bruno Spindel foi um dos respons\u00e1veis por isso, ele entrou em contato comigo e passamos a conversar, depois falamos com o marketing do Flamengo.<\/em><\/strong><\/p>\n\n\n\n<p>Por fim, ele revelou que h\u00e1 interesse da Havan em comercializar produtos do Flamengo em suas lojas espalhadas pelo Brasil.<\/p>\n\n\n\n<p><strong><em>\u2014 Temos interesse, estamos entrando em contato com o Flamengo e Adidas para vender no nosso site e na loja, n\u00e3o esta fechado ainda, mas o interesse existe e deve acontecer.<\/em><\/strong><\/p>\n\n\n\n<p>Retirado de: Goal<\/p>\n","protected":false},"excerpt":{"rendered":"<p>O Flamengo acertou, na \u00faltima segunda-feira (10), o patroc\u00ednio da rede de departamentos Havan. O contrato ser\u00e1 firmado at\u00e9 dezembro de 2021 e vai render aos cofres do clube cerca de R$ 6,5 milh\u00f5es. Em contato com a reportagem da Goal, Lucas Hang, gerente de novos neg\u00f3cios da empresa, comemorou o acerto e explicou os [&hellip;]<\/p>\n","protected":false},"author":1,"featured_media":60844,"comment_status":"open","ping_status":"closed","sticky":false,"template":"","format":"standard","meta":{"footnotes":""},"categories":[1],"tags":[],"class_list":["post-61046","post","type-post","status-publish","format-standard","has-post-thumbnail","hentry","category-flamengo"],"yoast_head":"<!-- This site is optimized with the Yoast SEO Premium plugin v24.2 (Yoast SEO v26.9) - https:\/\/yoast.com\/product\/yoast-seo-premium-wordpress\/ -->\n<title>Havan deseja vender produtos do Flamengo em suas lojas<\/title>\n<meta name=\"robots\" content=\"index, follow, max-snippet:-1, max-image-preview:large, max-video-preview:-1\" \/>\n<link rel=\"canonical\" href=\"https:\/\/www.gaveanews.com\/index.php\/2021\/05\/12\/havan-deseja-vender-produtos-do-flamengo-em-suas-lojas\/\" \/>\n<meta property=\"og:locale\" content=\"pt_BR\" \/>\n<meta property=\"og:type\" content=\"article\" \/>\n<meta property=\"og:title\" content=\"Havan deseja vender produtos do Flamengo em suas lojas\" \/>\n<meta property=\"og:description\" content=\"O Flamengo acertou, na \u00faltima segunda-feira (10), o patroc\u00ednio da rede de departamentos Havan. O contrato ser\u00e1 firmado at\u00e9 dezembro de 2021 e vai render aos cofres do clube cerca de R$ 6,5 milh\u00f5es. Em contato com a reportagem da Goal, Lucas Hang, gerente de novos neg\u00f3cios da empresa, comemorou o acerto e explicou os [&hellip;]\" \/>\n<meta property=\"og:url\" content=\"https:\/\/www.gaveanews.com\/index.php\/2021\/05\/12\/havan-deseja-vender-produtos-do-flamengo-em-suas-lojas\/\" \/>\n<meta property=\"og:site_name\" content=\"G\u00e1vea News\" \/>\n<meta property=\"article:publisher\" content=\"https:\/\/facebook.com\/gaveaNews\/\" \/>\n<meta property=\"article:published_time\" content=\"2021-05-13T01:31:02+00:00\" \/>\n<meta property=\"article:modified_time\" content=\"2021-05-13T01:31:05+00:00\" \/>\n<meta property=\"og:image\" content=\"https:\/\/www.gaveanews.com\/wp-content\/uploads\/Logomarca-da-Havan.webp\" \/>\n\t<meta property=\"og:image:width\" content=\"1104\" \/>\n\t<meta property=\"og:image:height\" content=\"600\" \/>\n\t<meta property=\"og:image:type\" content=\"image\/png\" \/>\n<meta name=\"author\" content=\"Equipe G\u00e1vea News\" \/>\n<meta name=\"twitter:card\" content=\"summary_large_image\" \/>\n<meta name=\"twitter:label1\" content=\"Escrito por\" \/>\n\t<meta name=\"twitter:data1\" content=\"Equipe G\u00e1vea News\" \/>\n\t<meta name=\"twitter:label2\" content=\"Est. tempo de leitura\" \/>\n\t<meta name=\"twitter:data2\" content=\"2 minutos\" \/>\n<script type=\"application\/ld+json\" class=\"yoast-schema-graph\">{\"@context\":\"https:\/\/schema.org\",\"@graph\":[{\"@type\":\"NewsArticle\",\"@id\":\"https:\/\/www.gaveanews.com\/index.php\/2021\/05\/12\/havan-deseja-vender-produtos-do-flamengo-em-suas-lojas\/#article\",\"isPartOf\":{\"@id\":\"https:\/\/www.gaveanews.com\/index.php\/2021\/05\/12\/havan-deseja-vender-produtos-do-flamengo-em-suas-lojas\/\"},\"author\":{\"name\":\"Equipe G\u00e1vea News\",\"@id\":\"https:\/\/www.gaveanews.com\/#\/schema\/person\/2ec14f73fb96be2caf28f91afb14749d\"},\"headline\":\"Havan deseja vender produtos do Flamengo em suas lojas\",\"datePublished\":\"2021-05-13T01:31:02+00:00\",\"dateModified\":\"2021-05-13T01:31:05+00:00\",\"mainEntityOfPage\":{\"@id\":\"https:\/\/www.gaveanews.com\/index.php\/2021\/05\/12\/havan-deseja-vender-produtos-do-flamengo-em-suas-lojas\/\"},\"wordCount\":307,\"commentCount\":26,\"image\":{\"@id\":\"https:\/\/www.gaveanews.com\/index.php\/2021\/05\/12\/havan-deseja-vender-produtos-do-flamengo-em-suas-lojas\/#primaryimage\"},\"thumbnailUrl\":\"https:\/\/www.gaveanews.com\/wp-content\/uploads\/Logomarca-da-Havan.webp\",\"articleSection\":[\"Flamengo\"],\"inLanguage\":\"pt-BR\",\"potentialAction\":[{\"@type\":\"CommentAction\",\"name\":\"Comment\",\"target\":[\"https:\/\/www.gaveanews.com\/index.php\/2021\/05\/12\/havan-deseja-vender-produtos-do-flamengo-em-suas-lojas\/#respond\"]}],\"copyrightYear\":\"2021\",\"copyrightHolder\":{\"@id\":\"https:\/\/www.gaveanews.com\/#organization\"}},{\"@type\":\"WebPage\",\"@id\":\"https:\/\/www.gaveanews.com\/index.php\/2021\/05\/12\/havan-deseja-vender-produtos-do-flamengo-em-suas-lojas\/\",\"url\":\"https:\/\/www.gaveanews.com\/index.php\/2021\/05\/12\/havan-deseja-vender-produtos-do-flamengo-em-suas-lojas\/\",\"name\":\"Havan deseja vender produtos do Flamengo em suas lojas\",\"isPartOf\":{\"@id\":\"https:\/\/www.gaveanews.com\/#website\"},\"primaryImageOfPage\":{\"@id\":\"https:\/\/www.gaveanews.com\/index.php\/2021\/05\/12\/havan-deseja-vender-produtos-do-flamengo-em-suas-lojas\/#primaryimage\"},\"image\":{\"@id\":\"https:\/\/www.gaveanews.com\/index.php\/2021\/05\/12\/havan-deseja-vender-produtos-do-flamengo-em-suas-lojas\/#primaryimage\"},\"thumbnailUrl\":\"https:\/\/www.gaveanews.com\/wp-content\/uploads\/Logomarca-da-Havan.webp\",\"datePublished\":\"2021-05-13T01:31:02+00:00\",\"dateModified\":\"2021-05-13T01:31:05+00:00\",\"author\":{\"@id\":\"https:\/\/www.gaveanews.com\/#\/schema\/person\/2ec14f73fb96be2caf28f91afb14749d\"},\"breadcrumb\":{\"@id\":\"https:\/\/www.gaveanews.com\/index.php\/2021\/05\/12\/havan-deseja-vender-produtos-do-flamengo-em-suas-lojas\/#breadcrumb\"},\"inLanguage\":\"pt-BR\",\"potentialAction\":[{\"@type\":\"ReadAction\",\"target\":[\"https:\/\/www.gaveanews.com\/index.php\/2021\/05\/12\/havan-deseja-vender-produtos-do-flamengo-em-suas-lojas\/\"]}]},{\"@type\":\"ImageObject\",\"inLanguage\":\"pt-BR\",\"@id\":\"https:\/\/www.gaveanews.com\/index.php\/2021\/05\/12\/havan-deseja-vender-produtos-do-flamengo-em-suas-lojas\/#primaryimage\",\"url\":\"https:\/\/www.gaveanews.com\/wp-content\/uploads\/Logomarca-da-Havan.webp\",\"contentUrl\":\"https:\/\/www.gaveanews.com\/wp-content\/uploads\/Logomarca-da-Havan.webp\",\"width\":1104,\"height\":600,\"caption\":\"Logomarca da Havan (Foto: Reprodu\u00e7\u00e3o)\"},{\"@type\":\"BreadcrumbList\",\"@id\":\"https:\/\/www.gaveanews.com\/index.php\/2021\/05\/12\/havan-deseja-vender-produtos-do-flamengo-em-suas-lojas\/#breadcrumb\",\"itemListElement\":[{\"@type\":\"ListItem\",\"position\":1,\"name\":\"Home\",\"item\":\"https:\/\/www.gaveanews.com\/\"},{\"@type\":\"ListItem\",\"position\":2,\"name\":\"Havan deseja vender produtos do Flamengo em suas lojas\"}]},{\"@type\":\"WebSite\",\"@id\":\"https:\/\/www.gaveanews.com\/#website\",\"url\":\"https:\/\/www.gaveanews.com\/\",\"name\":\"G\u00e1vea News\",\"description\":\"Veja todas as not\u00edcias sobre o Flamengo: Contrata\u00e7\u00f5es, categorias de base, resultados das partidas, tabela de classifica\u00e7\u00e3o, pr\u00f3ximos jogos!\",\"potentialAction\":[{\"@type\":\"SearchAction\",\"target\":{\"@type\":\"EntryPoint\",\"urlTemplate\":\"https:\/\/www.gaveanews.com\/?s={search_term_string}\"},\"query-input\":{\"@type\":\"PropertyValueSpecification\",\"valueRequired\":true,\"valueName\":\"search_term_string\"}}],\"inLanguage\":\"pt-BR\"},{\"@type\":\"Person\",\"@id\":\"https:\/\/www.gaveanews.com\/#\/schema\/person\/2ec14f73fb96be2caf28f91afb14749d\",\"name\":\"Equipe G\u00e1vea News\",\"image\":{\"@type\":\"ImageObject\",\"inLanguage\":\"pt-BR\",\"@id\":\"https:\/\/www.gaveanews.com\/#\/schema\/person\/image\/\",\"url\":\"https:\/\/secure.gravatar.com\/avatar\/1e1956f1facbffd3f8fa53a326721950116b3b9dc9bd44939c01180fd4a745a9?s=96&d=mm&r=g\",\"contentUrl\":\"https:\/\/secure.gravatar.com\/avatar\/1e1956f1facbffd3f8fa53a326721950116b3b9dc9bd44939c01180fd4a745a9?s=96&d=mm&r=g\",\"caption\":\"Equipe G\u00e1vea News\"}}]}<\/script>\n<!-- \/ Yoast SEO Premium plugin. -->","yoast_head_json":{"title":"Havan deseja vender produtos do Flamengo em suas lojas","robots":{"index":"index","follow":"follow","max-snippet":"max-snippet:-1","max-image-preview":"max-image-preview:large","max-video-preview":"max-video-preview:-1"},"canonical":"https:\/\/www.gaveanews.com\/index.php\/2021\/05\/12\/havan-deseja-vender-produtos-do-flamengo-em-suas-lojas\/","og_locale":"pt_BR","og_type":"article","og_title":"Havan deseja vender produtos do Flamengo em suas lojas","og_description":"O Flamengo acertou, na \u00faltima segunda-feira (10), o patroc\u00ednio da rede de departamentos Havan. O contrato ser\u00e1 firmado at\u00e9 dezembro de 2021 e vai render aos cofres do clube cerca de R$ 6,5 milh\u00f5es. Em contato com a reportagem da Goal, Lucas Hang, gerente de novos neg\u00f3cios da empresa, comemorou o acerto e explicou os [&hellip;]","og_url":"https:\/\/www.gaveanews.com\/index.php\/2021\/05\/12\/havan-deseja-vender-produtos-do-flamengo-em-suas-lojas\/","og_site_name":"G\u00e1vea News","article_publisher":"https:\/\/facebook.com\/gaveaNews\/","article_published_time":"2021-05-13T01:31:02+00:00","article_modified_time":"2021-05-13T01:31:05+00:00","og_image":[{"width":1104,"height":600,"url":"https:\/\/www.gaveanews.com\/wp-content\/uploads\/Logomarca-da-Havan.webp","type":"image\/png"}],"author":"Equipe G\u00e1vea News","twitter_card":"summary_large_image","twitter_misc":{"Escrito por":"Equipe G\u00e1vea News","Est. tempo de leitura":"2 minutos"},"schema":{"@context":"https:\/\/schema.org","@graph":[{"@type":"NewsArticle","@id":"https:\/\/www.gaveanews.com\/index.php\/2021\/05\/12\/havan-deseja-vender-produtos-do-flamengo-em-suas-lojas\/#article","isPartOf":{"@id":"https:\/\/www.gaveanews.com\/index.php\/2021\/05\/12\/havan-deseja-vender-produtos-do-flamengo-em-suas-lojas\/"},"author":{"name":"Equipe G\u00e1vea News","@id":"https:\/\/www.gaveanews.com\/#\/schema\/person\/2ec14f73fb96be2caf28f91afb14749d"},"headline":"Havan deseja vender produtos do Flamengo em suas lojas","datePublished":"2021-05-13T01:31:02+00:00","dateModified":"2021-05-13T01:31:05+00:00","mainEntityOfPage":{"@id":"https:\/\/www.gaveanews.com\/index.php\/2021\/05\/12\/havan-deseja-vender-produtos-do-flamengo-em-suas-lojas\/"},"wordCount":307,"commentCount":26,"image":{"@id":"https:\/\/www.gaveanews.com\/index.php\/2021\/05\/12\/havan-deseja-vender-produtos-do-flamengo-em-suas-lojas\/#primaryimage"},"thumbnailUrl":"https:\/\/www.gaveanews.com\/wp-content\/uploads\/Logomarca-da-Havan.webp","articleSection":["Flamengo"],"inLanguage":"pt-BR","potentialAction":[{"@type":"CommentAction","name":"Comment","target":["https:\/\/www.gaveanews.com\/index.php\/2021\/05\/12\/havan-deseja-vender-produtos-do-flamengo-em-suas-lojas\/#respond"]}],"copyrightYear":"2021","copyrightHolder":{"@id":"https:\/\/www.gaveanews.com\/#organization"}},{"@type":"WebPage","@id":"https:\/\/www.gaveanews.com\/index.php\/2021\/05\/12\/havan-deseja-vender-produtos-do-flamengo-em-suas-lojas\/","url":"https:\/\/www.gaveanews.com\/index.php\/2021\/05\/12\/havan-deseja-vender-produtos-do-flamengo-em-suas-lojas\/","name":"Havan deseja vender produtos do Flamengo em suas lojas","isPartOf":{"@id":"https:\/\/www.gaveanews.com\/#website"},"primaryImageOfPage":{"@id":"https:\/\/www.gaveanews.com\/index.php\/2021\/05\/12\/havan-deseja-vender-produtos-do-flamengo-em-suas-lojas\/#primaryimage"},"image":{"@id":"https:\/\/www.gaveanews.com\/index.php\/2021\/05\/12\/havan-deseja-vender-produtos-do-flamengo-em-suas-lojas\/#primaryimage"},"thumbnailUrl":"https:\/\/www.gaveanews.com\/wp-content\/uploads\/Logomarca-da-Havan.webp","datePublished":"2021-05-13T01:31:02+00:00","dateModified":"2021-05-13T01:31:05+00:00","author":{"@id":"https:\/\/www.gaveanews.com\/#\/schema\/person\/2ec14f73fb96be2caf28f91afb14749d"},"breadcrumb":{"@id":"https:\/\/www.gaveanews.com\/index.php\/2021\/05\/12\/havan-deseja-vender-produtos-do-flamengo-em-suas-lojas\/#breadcrumb"},"inLanguage":"pt-BR","potentialAction":[{"@type":"ReadAction","target":["https:\/\/www.gaveanews.com\/index.php\/2021\/05\/12\/havan-deseja-vender-produtos-do-flamengo-em-suas-lojas\/"]}]},{"@type":"ImageObject","inLanguage":"pt-BR","@id":"https:\/\/www.gaveanews.com\/index.php\/2021\/05\/12\/havan-deseja-vender-produtos-do-flamengo-em-suas-lojas\/#primaryimage","url":"https:\/\/www.gaveanews.com\/wp-content\/uploads\/Logomarca-da-Havan.webp","contentUrl":"https:\/\/www.gaveanews.com\/wp-content\/uploads\/Logomarca-da-Havan.webp","width":1104,"height":600,"caption":"Logomarca da Havan (Foto: Reprodu\u00e7\u00e3o)"},{"@type":"BreadcrumbList","@id":"https:\/\/www.gaveanews.com\/index.php\/2021\/05\/12\/havan-deseja-vender-produtos-do-flamengo-em-suas-lojas\/#breadcrumb","itemListElement":[{"@type":"ListItem","position":1,"name":"Home","item":"https:\/\/www.gaveanews.com\/"},{"@type":"ListItem","position":2,"name":"Havan deseja vender produtos do Flamengo em suas lojas"}]},{"@type":"WebSite","@id":"https:\/\/www.gaveanews.com\/#website","url":"https:\/\/www.gaveanews.com\/","name":"G\u00e1vea News","description":"Veja todas as not\u00edcias sobre o Flamengo: Contrata\u00e7\u00f5es, categorias de base, resultados das partidas, tabela de classifica\u00e7\u00e3o, pr\u00f3ximos jogos!","potentialAction":[{"@type":"SearchAction","target":{"@type":"EntryPoint","urlTemplate":"https:\/\/www.gaveanews.com\/?s={search_term_string}"},"query-input":{"@type":"PropertyValueSpecification","valueRequired":true,"valueName":"search_term_string"}}],"inLanguage":"pt-BR"},{"@type":"Person","@id":"https:\/\/www.gaveanews.com\/#\/schema\/person\/2ec14f73fb96be2caf28f91afb14749d","name":"Equipe G\u00e1vea News","image":{"@type":"ImageObject","inLanguage":"pt-BR","@id":"https:\/\/www.gaveanews.com\/#\/schema\/person\/image\/","url":"https:\/\/secure.gravatar.com\/avatar\/1e1956f1facbffd3f8fa53a326721950116b3b9dc9bd44939c01180fd4a745a9?s=96&d=mm&r=g","contentUrl":"https:\/\/secure.gravatar.com\/avatar\/1e1956f1facbffd3f8fa53a326721950116b3b9dc9bd44939c01180fd4a745a9?s=96&d=mm&r=g","caption":"Equipe G\u00e1vea News"}}]}},"_links":{"self":[{"href":"https:\/\/www.gaveanews.com\/index.php\/wp-json\/wp\/v2\/posts\/61046","targetHints":{"allow":["GET"]}}],"collection":[{"href":"https:\/\/www.gaveanews.com\/index.php\/wp-json\/wp\/v2\/posts"}],"about":[{"href":"https:\/\/www.gaveanews.com\/index.php\/wp-json\/wp\/v2\/types\/post"}],"author":[{"embeddable":true,"href":"https:\/\/www.gaveanews.com\/index.php\/wp-json\/wp\/v2\/users\/1"}],"replies":[{"embeddable":true,"href":"https:\/\/www.gaveanews.com\/index.php\/wp-json\/wp\/v2\/comments?post=61046"}],"version-history":[{"count":0,"href":"https:\/\/www.gaveanews.com\/index.php\/wp-json\/wp\/v2\/posts\/61046\/revisions"}],"wp:featuredmedia":[{"embeddable":true,"href":"https:\/\/www.gaveanews.com\/index.php\/wp-json\/wp\/v2\/media\/60844"}],"wp:attachment":[{"href":"https:\/\/www.gaveanews.com\/index.php\/wp-json\/wp\/v2\/media?parent=61046"}],"wp:term":[{"taxonomy":"category","embeddable":true,"href":"https:\/\/www.gaveanews.com\/index.php\/wp-json\/wp\/v2\/categories?post=61046"},{"taxonomy":"post_tag","embeddable":true,"href":"https:\/\/www.gaveanews.com\/index.php\/wp-json\/wp\/v2\/tags?post=61046"}],"curies":[{"name":"wp","href":"https:\/\/api.w.org\/{rel}","templated":true}]}}