{"id":61054,"date":"2021-05-13T00:28:35","date_gmt":"2021-05-13T03:28:35","guid":{"rendered":"https:\/\/www.gaveanews.com\/?p=61054"},"modified":"2021-05-13T00:28:37","modified_gmt":"2021-05-13T03:28:37","slug":"adriano-recusou-oferta-para-se-tornar-a-contratacao-mais-cara-da-historia","status":"publish","type":"post","link":"https:\/\/www.gaveanews.com\/index.php\/2021\/05\/13\/adriano-recusou-oferta-para-se-tornar-a-contratacao-mais-cara-da-historia\/","title":{"rendered":"Adriano recusou oferta para se tornar a contrata\u00e7\u00e3o mais cara da hist\u00f3ria"},"content":{"rendered":"\n<p>Contratado pela Inter de Mil\u00e3o junto ao Flamengo em 2001, quando tinha apenas 19 anos, o ex-atacante Adriano foi um dos principais nomes do clube entre 2004 e 2009, depois de uma curta adapta\u00e7\u00e3o na It\u00e1lia passando por Fiorentina e Parma. E em 2005, no seu auge, o jogador teve uma proposta muito boa da Premier League, mas recusou.<\/p>\n\n\n\n<p>Em entrevista ao &#8220;The Players Tribune&#8221;, Adriano revelou que o Chelsea tentou contrat\u00e1-lo e ofereceu 100 milh\u00f5es de euros (R$ 283,7 milh\u00f5es na \u00e9poca), mas em respeito ao presidente da Inter na \u00e9poca, Massimo Moratti, ele decidiu recusar um caminh\u00e3o de dinheiro para seguir na It\u00e1lia.<\/p>\n\n\n\n<p>Inclusive, se tivesse aceitado a proposta, o brasileiro teria se tornado a contrata\u00e7\u00e3o mais cara da hist\u00f3ria naquela \u00e9poca, j\u00e1 que naquele momento Zinedine Zidane, contratado pelo Real Madrid, era o refor\u00e7o mais caro, ao custo de 65 milh\u00f5es de d\u00f3lares (R$ 152,9 milh\u00f5es nas cifras da \u00e9poca).<\/p>\n\n\n\n<p>Adriano ainda revelou que o fato de ter sido leal a Moratti naquela \u00e9poca o ajudou a ser liberado de gra\u00e7a pelo clube italiano para voltar e ser campe\u00e3o brasileiro com o Flamengo, em 2009.<\/p>\n\n\n\n<p><strong><em>\u2014 Eu poderia ter ido para o Chelsea e n\u00e3o fui em considera\u00e7\u00e3o ao Moratti. Na \u00e9poca, eram 100 milh\u00f5es. Por Deus. N\u00e3o (fui por lealdade). Eu voltei para a Inter. Por isso que ele (Moratti) me liberou (em 2009 de gra\u00e7a). Sabe quanto eu ia pagar (para ser liberado)? Sete milh\u00f5es de euros (R$ 19,8 milh\u00f5es). S\u00f3 de multa para voltar. A\u00ed ele: &#8216;N\u00e3o. \u00c9 isso que voc\u00ea quer mesmo?&#8217;. A\u00ed eu disse &#8216;Moratti, quero. N\u00e3o quero ficar a\u00ed para mentir para o senhor&#8217;. Ele disse &#8216;Ent\u00e3o t\u00e1 bom, t\u00e1 liberado&#8217;. Assinou minha rescis\u00e3o, eu n\u00e3o paguei nada<\/em><\/strong>, disse.<\/p>\n\n\n\n<p><strong><em>\u2014 N\u00e3o que eu n\u00e3o quis (ir para o Chelsea). Quando cheguei na It\u00e1lia, Moratti me abra\u00e7ou de uma maneira. Levei todo mundo da minha fam\u00edlia para a Europa. 44 pessoas. Ele botou um \u00f4nibus para minha fam\u00edlia. N\u00e3o esque\u00e7o nem por um caramba. Tenho muita (considera\u00e7\u00e3o). Coisas boas a gente n\u00e3o pode esquecer<\/em><\/strong>, prosseguiu.<\/p>\n\n\n\n<p>Por \u00faltimo, ele ainda lembrou que a morte do seu pai, Mirinho, em 2004, foi um divisor de \u00e1guas na sua carreira. O ex-atacante revelou que o momento foi muito dif\u00edcil, interferindo diretamente na sua carreira.<\/p>\n\n\n\n<p><strong><em>\u2014 Eu n\u00e3o estava com cabe\u00e7a. N\u00e3o era mais eu. Depois que meu pai morreu, mexeu com minha cabe\u00e7a. N\u00e3o conseguia mais ser eu, jogar com alegria, paix\u00e3o. N\u00e3o estava conseguindo<\/em><\/strong>, finalizou.<\/p>\n\n\n\n<p>Retirado de: ESPN<\/p>\n","protected":false},"excerpt":{"rendered":"<p>Contratado pela Inter de Mil\u00e3o junto ao Flamengo em 2001, quando tinha apenas 19 anos, o ex-atacante Adriano foi um dos principais nomes do clube entre 2004 e 2009, depois de uma curta adapta\u00e7\u00e3o na It\u00e1lia passando por Fiorentina e Parma. E em 2005, no seu auge, o jogador teve uma proposta muito boa da [&hellip;]<\/p>\n","protected":false},"author":1,"featured_media":23934,"comment_status":"open","ping_status":"closed","sticky":false,"template":"","format":"standard","meta":{"footnotes":""},"categories":[48],"tags":[],"class_list":["post-61054","post","type-post","status-publish","format-standard","has-post-thumbnail","hentry","category-negociacoes"],"yoast_head":"<!-- This site is optimized with the Yoast SEO Premium plugin v24.2 (Yoast SEO v26.9) - https:\/\/yoast.com\/product\/yoast-seo-premium-wordpress\/ -->\n<title>Adriano recusou oferta para se tornar a contrata\u00e7\u00e3o mais cara da hist\u00f3ria<\/title>\n<meta name=\"robots\" content=\"index, follow, max-snippet:-1, max-image-preview:large, max-video-preview:-1\" \/>\n<link rel=\"canonical\" href=\"https:\/\/www.gaveanews.com\/index.php\/2021\/05\/13\/adriano-recusou-oferta-para-se-tornar-a-contratacao-mais-cara-da-historia\/\" \/>\n<meta property=\"og:locale\" content=\"pt_BR\" \/>\n<meta property=\"og:type\" content=\"article\" \/>\n<meta property=\"og:title\" content=\"Adriano recusou oferta para se tornar a contrata\u00e7\u00e3o mais cara da hist\u00f3ria\" \/>\n<meta property=\"og:description\" content=\"Contratado pela Inter de Mil\u00e3o junto ao Flamengo em 2001, quando tinha apenas 19 anos, o ex-atacante Adriano foi um dos principais nomes do clube entre 2004 e 2009, depois de uma curta adapta\u00e7\u00e3o na It\u00e1lia passando por Fiorentina e Parma. E em 2005, no seu auge, o jogador teve uma proposta muito boa da [&hellip;]\" \/>\n<meta property=\"og:url\" content=\"https:\/\/www.gaveanews.com\/index.php\/2021\/05\/13\/adriano-recusou-oferta-para-se-tornar-a-contratacao-mais-cara-da-historia\/\" \/>\n<meta property=\"og:site_name\" content=\"G\u00e1vea News\" \/>\n<meta property=\"article:publisher\" content=\"https:\/\/facebook.com\/gaveaNews\/\" \/>\n<meta property=\"article:published_time\" content=\"2021-05-13T03:28:35+00:00\" \/>\n<meta property=\"article:modified_time\" content=\"2021-05-13T03:28:37+00:00\" \/>\n<meta property=\"og:image\" content=\"https:\/\/www.gaveanews.com\/wp-content\/uploads\/2019\/08\/Adriano-Imperador-em-acao-pelo-Flamengo-no-Maracana.webp\" \/>\n\t<meta property=\"og:image:width\" content=\"1\" \/>\n\t<meta property=\"og:image:height\" content=\"1\" \/>\n\t<meta property=\"og:image:type\" content=\"image\/jpeg\" \/>\n<meta name=\"author\" content=\"Equipe G\u00e1vea News\" \/>\n<meta name=\"twitter:card\" content=\"summary_large_image\" \/>\n<meta name=\"twitter:label1\" content=\"Escrito por\" \/>\n\t<meta name=\"twitter:data1\" content=\"Equipe G\u00e1vea News\" \/>\n\t<meta name=\"twitter:label2\" content=\"Est. tempo de leitura\" \/>\n\t<meta name=\"twitter:data2\" content=\"2 minutos\" \/>\n<script type=\"application\/ld+json\" class=\"yoast-schema-graph\">{\"@context\":\"https:\/\/schema.org\",\"@graph\":[{\"@type\":\"NewsArticle\",\"@id\":\"https:\/\/www.gaveanews.com\/index.php\/2021\/05\/13\/adriano-recusou-oferta-para-se-tornar-a-contratacao-mais-cara-da-historia\/#article\",\"isPartOf\":{\"@id\":\"https:\/\/www.gaveanews.com\/index.php\/2021\/05\/13\/adriano-recusou-oferta-para-se-tornar-a-contratacao-mais-cara-da-historia\/\"},\"author\":{\"name\":\"Equipe G\u00e1vea News\",\"@id\":\"https:\/\/www.gaveanews.com\/#\/schema\/person\/2ec14f73fb96be2caf28f91afb14749d\"},\"headline\":\"Adriano recusou oferta para se tornar a contrata\u00e7\u00e3o mais cara da hist\u00f3ria\",\"datePublished\":\"2021-05-13T03:28:35+00:00\",\"dateModified\":\"2021-05-13T03:28:37+00:00\",\"mainEntityOfPage\":{\"@id\":\"https:\/\/www.gaveanews.com\/index.php\/2021\/05\/13\/adriano-recusou-oferta-para-se-tornar-a-contratacao-mais-cara-da-historia\/\"},\"wordCount\":455,\"commentCount\":5,\"image\":{\"@id\":\"https:\/\/www.gaveanews.com\/index.php\/2021\/05\/13\/adriano-recusou-oferta-para-se-tornar-a-contratacao-mais-cara-da-historia\/#primaryimage\"},\"thumbnailUrl\":\"https:\/\/www.gaveanews.com\/wp-content\/uploads\/2019\/08\/Adriano-Imperador-em-acao-pelo-Flamengo-no-Maracana.webp\",\"articleSection\":[\"Negocia\u00e7\u00f5es\"],\"inLanguage\":\"pt-BR\",\"potentialAction\":[{\"@type\":\"CommentAction\",\"name\":\"Comment\",\"target\":[\"https:\/\/www.gaveanews.com\/index.php\/2021\/05\/13\/adriano-recusou-oferta-para-se-tornar-a-contratacao-mais-cara-da-historia\/#respond\"]}],\"copyrightYear\":\"2021\",\"copyrightHolder\":{\"@id\":\"https:\/\/www.gaveanews.com\/#organization\"}},{\"@type\":\"WebPage\",\"@id\":\"https:\/\/www.gaveanews.com\/index.php\/2021\/05\/13\/adriano-recusou-oferta-para-se-tornar-a-contratacao-mais-cara-da-historia\/\",\"url\":\"https:\/\/www.gaveanews.com\/index.php\/2021\/05\/13\/adriano-recusou-oferta-para-se-tornar-a-contratacao-mais-cara-da-historia\/\",\"name\":\"Adriano recusou oferta para se tornar a contrata\u00e7\u00e3o mais cara da hist\u00f3ria\",\"isPartOf\":{\"@id\":\"https:\/\/www.gaveanews.com\/#website\"},\"primaryImageOfPage\":{\"@id\":\"https:\/\/www.gaveanews.com\/index.php\/2021\/05\/13\/adriano-recusou-oferta-para-se-tornar-a-contratacao-mais-cara-da-historia\/#primaryimage\"},\"image\":{\"@id\":\"https:\/\/www.gaveanews.com\/index.php\/2021\/05\/13\/adriano-recusou-oferta-para-se-tornar-a-contratacao-mais-cara-da-historia\/#primaryimage\"},\"thumbnailUrl\":\"https:\/\/www.gaveanews.com\/wp-content\/uploads\/2019\/08\/Adriano-Imperador-em-acao-pelo-Flamengo-no-Maracana.webp\",\"datePublished\":\"2021-05-13T03:28:35+00:00\",\"dateModified\":\"2021-05-13T03:28:37+00:00\",\"author\":{\"@id\":\"https:\/\/www.gaveanews.com\/#\/schema\/person\/2ec14f73fb96be2caf28f91afb14749d\"},\"breadcrumb\":{\"@id\":\"https:\/\/www.gaveanews.com\/index.php\/2021\/05\/13\/adriano-recusou-oferta-para-se-tornar-a-contratacao-mais-cara-da-historia\/#breadcrumb\"},\"inLanguage\":\"pt-BR\",\"potentialAction\":[{\"@type\":\"ReadAction\",\"target\":[\"https:\/\/www.gaveanews.com\/index.php\/2021\/05\/13\/adriano-recusou-oferta-para-se-tornar-a-contratacao-mais-cara-da-historia\/\"]}]},{\"@type\":\"ImageObject\",\"inLanguage\":\"pt-BR\",\"@id\":\"https:\/\/www.gaveanews.com\/index.php\/2021\/05\/13\/adriano-recusou-oferta-para-se-tornar-a-contratacao-mais-cara-da-historia\/#primaryimage\",\"url\":\"https:\/\/www.gaveanews.com\/wp-content\/uploads\/2019\/08\/Adriano-Imperador-em-acao-pelo-Flamengo-no-Maracana.webp\",\"contentUrl\":\"https:\/\/www.gaveanews.com\/wp-content\/uploads\/2019\/08\/Adriano-Imperador-em-acao-pelo-Flamengo-no-Maracana.webp\",\"caption\":\"Adriano Imperador em a\u00e7\u00e3o pelo Flamengo no Maracan\u00e3 (Foto: Celso Pupo\/Fotoarena)\"},{\"@type\":\"BreadcrumbList\",\"@id\":\"https:\/\/www.gaveanews.com\/index.php\/2021\/05\/13\/adriano-recusou-oferta-para-se-tornar-a-contratacao-mais-cara-da-historia\/#breadcrumb\",\"itemListElement\":[{\"@type\":\"ListItem\",\"position\":1,\"name\":\"Home\",\"item\":\"https:\/\/www.gaveanews.com\/\"},{\"@type\":\"ListItem\",\"position\":2,\"name\":\"Adriano recusou oferta para se tornar a contrata\u00e7\u00e3o mais cara da hist\u00f3ria\"}]},{\"@type\":\"WebSite\",\"@id\":\"https:\/\/www.gaveanews.com\/#website\",\"url\":\"https:\/\/www.gaveanews.com\/\",\"name\":\"G\u00e1vea News\",\"description\":\"Veja todas as not\u00edcias sobre o Flamengo: Contrata\u00e7\u00f5es, categorias de base, resultados das partidas, tabela de classifica\u00e7\u00e3o, pr\u00f3ximos jogos!\",\"potentialAction\":[{\"@type\":\"SearchAction\",\"target\":{\"@type\":\"EntryPoint\",\"urlTemplate\":\"https:\/\/www.gaveanews.com\/?s={search_term_string}\"},\"query-input\":{\"@type\":\"PropertyValueSpecification\",\"valueRequired\":true,\"valueName\":\"search_term_string\"}}],\"inLanguage\":\"pt-BR\"},{\"@type\":\"Person\",\"@id\":\"https:\/\/www.gaveanews.com\/#\/schema\/person\/2ec14f73fb96be2caf28f91afb14749d\",\"name\":\"Equipe G\u00e1vea News\",\"image\":{\"@type\":\"ImageObject\",\"inLanguage\":\"pt-BR\",\"@id\":\"https:\/\/www.gaveanews.com\/#\/schema\/person\/image\/\",\"url\":\"https:\/\/secure.gravatar.com\/avatar\/1e1956f1facbffd3f8fa53a326721950116b3b9dc9bd44939c01180fd4a745a9?s=96&d=mm&r=g\",\"contentUrl\":\"https:\/\/secure.gravatar.com\/avatar\/1e1956f1facbffd3f8fa53a326721950116b3b9dc9bd44939c01180fd4a745a9?s=96&d=mm&r=g\",\"caption\":\"Equipe G\u00e1vea News\"}}]}<\/script>\n<!-- \/ Yoast SEO Premium plugin. -->","yoast_head_json":{"title":"Adriano recusou oferta para se tornar a contrata\u00e7\u00e3o mais cara da hist\u00f3ria","robots":{"index":"index","follow":"follow","max-snippet":"max-snippet:-1","max-image-preview":"max-image-preview:large","max-video-preview":"max-video-preview:-1"},"canonical":"https:\/\/www.gaveanews.com\/index.php\/2021\/05\/13\/adriano-recusou-oferta-para-se-tornar-a-contratacao-mais-cara-da-historia\/","og_locale":"pt_BR","og_type":"article","og_title":"Adriano recusou oferta para se tornar a contrata\u00e7\u00e3o mais cara da hist\u00f3ria","og_description":"Contratado pela Inter de Mil\u00e3o junto ao Flamengo em 2001, quando tinha apenas 19 anos, o ex-atacante Adriano foi um dos principais nomes do clube entre 2004 e 2009, depois de uma curta adapta\u00e7\u00e3o na It\u00e1lia passando por Fiorentina e Parma. E em 2005, no seu auge, o jogador teve uma proposta muito boa da [&hellip;]","og_url":"https:\/\/www.gaveanews.com\/index.php\/2021\/05\/13\/adriano-recusou-oferta-para-se-tornar-a-contratacao-mais-cara-da-historia\/","og_site_name":"G\u00e1vea News","article_publisher":"https:\/\/facebook.com\/gaveaNews\/","article_published_time":"2021-05-13T03:28:35+00:00","article_modified_time":"2021-05-13T03:28:37+00:00","og_image":[{"url":"https:\/\/www.gaveanews.com\/wp-content\/uploads\/2019\/08\/Adriano-Imperador-em-acao-pelo-Flamengo-no-Maracana.webp","width":1,"height":1,"type":"image\/jpeg"}],"author":"Equipe G\u00e1vea News","twitter_card":"summary_large_image","twitter_misc":{"Escrito por":"Equipe G\u00e1vea News","Est. tempo de leitura":"2 minutos"},"schema":{"@context":"https:\/\/schema.org","@graph":[{"@type":"NewsArticle","@id":"https:\/\/www.gaveanews.com\/index.php\/2021\/05\/13\/adriano-recusou-oferta-para-se-tornar-a-contratacao-mais-cara-da-historia\/#article","isPartOf":{"@id":"https:\/\/www.gaveanews.com\/index.php\/2021\/05\/13\/adriano-recusou-oferta-para-se-tornar-a-contratacao-mais-cara-da-historia\/"},"author":{"name":"Equipe G\u00e1vea News","@id":"https:\/\/www.gaveanews.com\/#\/schema\/person\/2ec14f73fb96be2caf28f91afb14749d"},"headline":"Adriano recusou oferta para se tornar a contrata\u00e7\u00e3o mais cara da hist\u00f3ria","datePublished":"2021-05-13T03:28:35+00:00","dateModified":"2021-05-13T03:28:37+00:00","mainEntityOfPage":{"@id":"https:\/\/www.gaveanews.com\/index.php\/2021\/05\/13\/adriano-recusou-oferta-para-se-tornar-a-contratacao-mais-cara-da-historia\/"},"wordCount":455,"commentCount":5,"image":{"@id":"https:\/\/www.gaveanews.com\/index.php\/2021\/05\/13\/adriano-recusou-oferta-para-se-tornar-a-contratacao-mais-cara-da-historia\/#primaryimage"},"thumbnailUrl":"https:\/\/www.gaveanews.com\/wp-content\/uploads\/2019\/08\/Adriano-Imperador-em-acao-pelo-Flamengo-no-Maracana.webp","articleSection":["Negocia\u00e7\u00f5es"],"inLanguage":"pt-BR","potentialAction":[{"@type":"CommentAction","name":"Comment","target":["https:\/\/www.gaveanews.com\/index.php\/2021\/05\/13\/adriano-recusou-oferta-para-se-tornar-a-contratacao-mais-cara-da-historia\/#respond"]}],"copyrightYear":"2021","copyrightHolder":{"@id":"https:\/\/www.gaveanews.com\/#organization"}},{"@type":"WebPage","@id":"https:\/\/www.gaveanews.com\/index.php\/2021\/05\/13\/adriano-recusou-oferta-para-se-tornar-a-contratacao-mais-cara-da-historia\/","url":"https:\/\/www.gaveanews.com\/index.php\/2021\/05\/13\/adriano-recusou-oferta-para-se-tornar-a-contratacao-mais-cara-da-historia\/","name":"Adriano recusou oferta para se tornar a contrata\u00e7\u00e3o mais cara da hist\u00f3ria","isPartOf":{"@id":"https:\/\/www.gaveanews.com\/#website"},"primaryImageOfPage":{"@id":"https:\/\/www.gaveanews.com\/index.php\/2021\/05\/13\/adriano-recusou-oferta-para-se-tornar-a-contratacao-mais-cara-da-historia\/#primaryimage"},"image":{"@id":"https:\/\/www.gaveanews.com\/index.php\/2021\/05\/13\/adriano-recusou-oferta-para-se-tornar-a-contratacao-mais-cara-da-historia\/#primaryimage"},"thumbnailUrl":"https:\/\/www.gaveanews.com\/wp-content\/uploads\/2019\/08\/Adriano-Imperador-em-acao-pelo-Flamengo-no-Maracana.webp","datePublished":"2021-05-13T03:28:35+00:00","dateModified":"2021-05-13T03:28:37+00:00","author":{"@id":"https:\/\/www.gaveanews.com\/#\/schema\/person\/2ec14f73fb96be2caf28f91afb14749d"},"breadcrumb":{"@id":"https:\/\/www.gaveanews.com\/index.php\/2021\/05\/13\/adriano-recusou-oferta-para-se-tornar-a-contratacao-mais-cara-da-historia\/#breadcrumb"},"inLanguage":"pt-BR","potentialAction":[{"@type":"ReadAction","target":["https:\/\/www.gaveanews.com\/index.php\/2021\/05\/13\/adriano-recusou-oferta-para-se-tornar-a-contratacao-mais-cara-da-historia\/"]}]},{"@type":"ImageObject","inLanguage":"pt-BR","@id":"https:\/\/www.gaveanews.com\/index.php\/2021\/05\/13\/adriano-recusou-oferta-para-se-tornar-a-contratacao-mais-cara-da-historia\/#primaryimage","url":"https:\/\/www.gaveanews.com\/wp-content\/uploads\/2019\/08\/Adriano-Imperador-em-acao-pelo-Flamengo-no-Maracana.webp","contentUrl":"https:\/\/www.gaveanews.com\/wp-content\/uploads\/2019\/08\/Adriano-Imperador-em-acao-pelo-Flamengo-no-Maracana.webp","caption":"Adriano Imperador em a\u00e7\u00e3o pelo Flamengo no Maracan\u00e3 (Foto: Celso Pupo\/Fotoarena)"},{"@type":"BreadcrumbList","@id":"https:\/\/www.gaveanews.com\/index.php\/2021\/05\/13\/adriano-recusou-oferta-para-se-tornar-a-contratacao-mais-cara-da-historia\/#breadcrumb","itemListElement":[{"@type":"ListItem","position":1,"name":"Home","item":"https:\/\/www.gaveanews.com\/"},{"@type":"ListItem","position":2,"name":"Adriano recusou oferta para se tornar a contrata\u00e7\u00e3o mais cara da hist\u00f3ria"}]},{"@type":"WebSite","@id":"https:\/\/www.gaveanews.com\/#website","url":"https:\/\/www.gaveanews.com\/","name":"G\u00e1vea News","description":"Veja todas as not\u00edcias sobre o Flamengo: Contrata\u00e7\u00f5es, categorias de base, resultados das partidas, tabela de classifica\u00e7\u00e3o, pr\u00f3ximos jogos!","potentialAction":[{"@type":"SearchAction","target":{"@type":"EntryPoint","urlTemplate":"https:\/\/www.gaveanews.com\/?s={search_term_string}"},"query-input":{"@type":"PropertyValueSpecification","valueRequired":true,"valueName":"search_term_string"}}],"inLanguage":"pt-BR"},{"@type":"Person","@id":"https:\/\/www.gaveanews.com\/#\/schema\/person\/2ec14f73fb96be2caf28f91afb14749d","name":"Equipe G\u00e1vea News","image":{"@type":"ImageObject","inLanguage":"pt-BR","@id":"https:\/\/www.gaveanews.com\/#\/schema\/person\/image\/","url":"https:\/\/secure.gravatar.com\/avatar\/1e1956f1facbffd3f8fa53a326721950116b3b9dc9bd44939c01180fd4a745a9?s=96&d=mm&r=g","contentUrl":"https:\/\/secure.gravatar.com\/avatar\/1e1956f1facbffd3f8fa53a326721950116b3b9dc9bd44939c01180fd4a745a9?s=96&d=mm&r=g","caption":"Equipe G\u00e1vea News"}}]}},"_links":{"self":[{"href":"https:\/\/www.gaveanews.com\/index.php\/wp-json\/wp\/v2\/posts\/61054","targetHints":{"allow":["GET"]}}],"collection":[{"href":"https:\/\/www.gaveanews.com\/index.php\/wp-json\/wp\/v2\/posts"}],"about":[{"href":"https:\/\/www.gaveanews.com\/index.php\/wp-json\/wp\/v2\/types\/post"}],"author":[{"embeddable":true,"href":"https:\/\/www.gaveanews.com\/index.php\/wp-json\/wp\/v2\/users\/1"}],"replies":[{"embeddable":true,"href":"https:\/\/www.gaveanews.com\/index.php\/wp-json\/wp\/v2\/comments?post=61054"}],"version-history":[{"count":0,"href":"https:\/\/www.gaveanews.com\/index.php\/wp-json\/wp\/v2\/posts\/61054\/revisions"}],"wp:featuredmedia":[{"embeddable":true,"href":"https:\/\/www.gaveanews.com\/index.php\/wp-json\/wp\/v2\/media\/23934"}],"wp:attachment":[{"href":"https:\/\/www.gaveanews.com\/index.php\/wp-json\/wp\/v2\/media?parent=61054"}],"wp:term":[{"taxonomy":"category","embeddable":true,"href":"https:\/\/www.gaveanews.com\/index.php\/wp-json\/wp\/v2\/categories?post=61054"},{"taxonomy":"post_tag","embeddable":true,"href":"https:\/\/www.gaveanews.com\/index.php\/wp-json\/wp\/v2\/tags?post=61054"}],"curies":[{"name":"wp","href":"https:\/\/api.w.org\/{rel}","templated":true}]}}