{"id":61056,"date":"2021-05-13T00:58:06","date_gmt":"2021-05-13T03:58:06","guid":{"rendered":"https:\/\/www.gaveanews.com\/?p=61056"},"modified":"2021-05-13T00:59:44","modified_gmt":"2021-05-13T03:59:44","slug":"gramado-sintetico-na-libertadores-e-alvo-de-criticas-flamenguistas","status":"publish","type":"post","link":"https:\/\/www.gaveanews.com\/index.php\/2021\/05\/13\/gramado-sintetico-na-libertadores-e-alvo-de-criticas-flamenguistas\/","title":{"rendered":"Gramado sint\u00e9tico na Libertadores \u00e9 alvo de cr\u00edticas flamenguistas"},"content":{"rendered":"\n<p>O Flamengo arrancou um empate do Uni\u00f3n La Calera-CHI, pela Libertadores. Os rubro-negros levaram dois gols, mas buscaram a igualdade no Chile. A equipe carioca atuou no gramado sint\u00e9tico do est\u00e1dio Nicol\u00e1s Chahu\u00e1n Nazar e o meia Diego se mostrou surpreso com as condi\u00e7\u00f5es do piso.<\/p>\n\n\n\n<p><strong><em>\u2014 N\u00f3s viemos prontos para essa dificuldade. \u00c9 um gramado realmente muito ruim, porque normalmente n\u00f3s j\u00e1 jogamos l\u00e1 contra o Athletico, por exemplo, \u00e9 um gramado onde o jogo flui, a bola desliza. Eu imagino que todos de casa acham que, por ser um gramado sint\u00e9tico, a bola ia correr, mas aqui \u00e9 o contr\u00e1rio. Aqui segura tanto a bola quanto a chuteira<\/em><\/strong>, disse.<\/p>\n\n\n\n<p>J\u00e1 o t\u00e9cnico Rog\u00e9rio Ceni afirmou que o La Calera n\u00e3o molhou o gramado antes da partida.<\/p>\n\n\n\n<p><strong><em>\u2014 A grama artificial n\u00e3o atrapalhou tanto, o que atrapalhou \u00e9 que n\u00e3o molharam. Claro que n\u00e3o \u00e9 como a natural, mas quando ela n\u00e3o \u00e9 molhada prende o jogo um pouco mais e n\u00e3o d\u00e1 velocidade no passe. Faltou molhar<\/em><\/strong>, declarou.<\/p>\n\n\n\n<p>O empate impediu a classifica\u00e7\u00e3o antecipada do Flamengo \u00e0s oitavas de final da Libertadores. No entanto, os rubro-negros ainda podem avan\u00e7ar nesta quinta-feira, caso a LDU-EQU derrote o V\u00e9lez-ARG, em Buenos Aires.<\/p>\n\n\n\n<p>Retirado de: Gazeta Esportiva<\/p>\n","protected":false},"excerpt":{"rendered":"<p>O Flamengo arrancou um empate do Uni\u00f3n La Calera-CHI, pela Libertadores. Os rubro-negros levaram dois gols, mas buscaram a igualdade no Chile. A equipe carioca atuou no gramado sint\u00e9tico do est\u00e1dio Nicol\u00e1s Chahu\u00e1n Nazar e o meia Diego se mostrou surpreso com as condi\u00e7\u00f5es do piso. \u2014 N\u00f3s viemos prontos para essa dificuldade. \u00c9 um [&hellip;]<\/p>\n","protected":false},"author":1,"featured_media":61058,"comment_status":"open","ping_status":"closed","sticky":false,"template":"","format":"standard","meta":{"footnotes":""},"categories":[1],"tags":[],"class_list":["post-61056","post","type-post","status-publish","format-standard","has-post-thumbnail","hentry","category-flamengo"],"yoast_head":"<!-- This site is optimized with the Yoast SEO Premium plugin v24.2 (Yoast SEO v26.9) - https:\/\/yoast.com\/product\/yoast-seo-premium-wordpress\/ -->\n<title>Gramado sint\u00e9tico na Libertadores \u00e9 alvo de cr\u00edticas flamenguistas<\/title>\n<meta name=\"robots\" content=\"index, follow, max-snippet:-1, max-image-preview:large, max-video-preview:-1\" \/>\n<link rel=\"canonical\" href=\"https:\/\/www.gaveanews.com\/index.php\/2021\/05\/13\/gramado-sintetico-na-libertadores-e-alvo-de-criticas-flamenguistas\/\" \/>\n<meta property=\"og:locale\" content=\"pt_BR\" \/>\n<meta property=\"og:type\" content=\"article\" \/>\n<meta property=\"og:title\" content=\"Gramado sint\u00e9tico na Libertadores \u00e9 alvo de cr\u00edticas flamenguistas\" \/>\n<meta property=\"og:description\" content=\"O Flamengo arrancou um empate do Uni\u00f3n La Calera-CHI, pela Libertadores. Os rubro-negros levaram dois gols, mas buscaram a igualdade no Chile. A equipe carioca atuou no gramado sint\u00e9tico do est\u00e1dio Nicol\u00e1s Chahu\u00e1n Nazar e o meia Diego se mostrou surpreso com as condi\u00e7\u00f5es do piso. \u2014 N\u00f3s viemos prontos para essa dificuldade. \u00c9 um [&hellip;]\" \/>\n<meta property=\"og:url\" content=\"https:\/\/www.gaveanews.com\/index.php\/2021\/05\/13\/gramado-sintetico-na-libertadores-e-alvo-de-criticas-flamenguistas\/\" \/>\n<meta property=\"og:site_name\" content=\"G\u00e1vea News\" \/>\n<meta property=\"article:publisher\" content=\"https:\/\/facebook.com\/gaveaNews\/\" \/>\n<meta property=\"article:published_time\" content=\"2021-05-13T03:58:06+00:00\" \/>\n<meta property=\"article:modified_time\" content=\"2021-05-13T03:59:44+00:00\" \/>\n<meta property=\"og:image\" content=\"https:\/\/www.gaveanews.com\/wp-content\/uploads\/Everton-Ribeiro-em-acao-pelo-Flamengo-durante-o-jogo-contra-o-Union-La-Calera-no-estadio-Nicolas-Chahuan-Nazar.webp\" \/>\n\t<meta property=\"og:image:width\" content=\"799\" \/>\n\t<meta property=\"og:image:height\" content=\"533\" \/>\n\t<meta property=\"og:image:type\" content=\"image\/jpeg\" \/>\n<meta name=\"author\" content=\"Equipe G\u00e1vea News\" \/>\n<meta name=\"twitter:card\" content=\"summary_large_image\" \/>\n<meta name=\"twitter:label1\" content=\"Escrito por\" \/>\n\t<meta name=\"twitter:data1\" content=\"Equipe G\u00e1vea News\" \/>\n\t<meta name=\"twitter:label2\" content=\"Est. tempo de leitura\" \/>\n\t<meta name=\"twitter:data2\" content=\"1 minuto\" \/>\n<script type=\"application\/ld+json\" class=\"yoast-schema-graph\">{\"@context\":\"https:\/\/schema.org\",\"@graph\":[{\"@type\":\"NewsArticle\",\"@id\":\"https:\/\/www.gaveanews.com\/index.php\/2021\/05\/13\/gramado-sintetico-na-libertadores-e-alvo-de-criticas-flamenguistas\/#article\",\"isPartOf\":{\"@id\":\"https:\/\/www.gaveanews.com\/index.php\/2021\/05\/13\/gramado-sintetico-na-libertadores-e-alvo-de-criticas-flamenguistas\/\"},\"author\":{\"name\":\"Equipe G\u00e1vea News\",\"@id\":\"https:\/\/www.gaveanews.com\/#\/schema\/person\/2ec14f73fb96be2caf28f91afb14749d\"},\"headline\":\"Gramado sint\u00e9tico na Libertadores \u00e9 alvo de cr\u00edticas flamenguistas\",\"datePublished\":\"2021-05-13T03:58:06+00:00\",\"dateModified\":\"2021-05-13T03:59:44+00:00\",\"mainEntityOfPage\":{\"@id\":\"https:\/\/www.gaveanews.com\/index.php\/2021\/05\/13\/gramado-sintetico-na-libertadores-e-alvo-de-criticas-flamenguistas\/\"},\"wordCount\":229,\"commentCount\":5,\"image\":{\"@id\":\"https:\/\/www.gaveanews.com\/index.php\/2021\/05\/13\/gramado-sintetico-na-libertadores-e-alvo-de-criticas-flamenguistas\/#primaryimage\"},\"thumbnailUrl\":\"https:\/\/www.gaveanews.com\/wp-content\/uploads\/Everton-Ribeiro-em-acao-pelo-Flamengo-durante-o-jogo-contra-o-Union-La-Calera-no-estadio-Nicolas-Chahuan-Nazar.webp\",\"articleSection\":[\"Flamengo\"],\"inLanguage\":\"pt-BR\",\"potentialAction\":[{\"@type\":\"CommentAction\",\"name\":\"Comment\",\"target\":[\"https:\/\/www.gaveanews.com\/index.php\/2021\/05\/13\/gramado-sintetico-na-libertadores-e-alvo-de-criticas-flamenguistas\/#respond\"]}],\"copyrightYear\":\"2021\",\"copyrightHolder\":{\"@id\":\"https:\/\/www.gaveanews.com\/#organization\"}},{\"@type\":\"WebPage\",\"@id\":\"https:\/\/www.gaveanews.com\/index.php\/2021\/05\/13\/gramado-sintetico-na-libertadores-e-alvo-de-criticas-flamenguistas\/\",\"url\":\"https:\/\/www.gaveanews.com\/index.php\/2021\/05\/13\/gramado-sintetico-na-libertadores-e-alvo-de-criticas-flamenguistas\/\",\"name\":\"Gramado sint\u00e9tico na Libertadores \u00e9 alvo de cr\u00edticas flamenguistas\",\"isPartOf\":{\"@id\":\"https:\/\/www.gaveanews.com\/#website\"},\"primaryImageOfPage\":{\"@id\":\"https:\/\/www.gaveanews.com\/index.php\/2021\/05\/13\/gramado-sintetico-na-libertadores-e-alvo-de-criticas-flamenguistas\/#primaryimage\"},\"image\":{\"@id\":\"https:\/\/www.gaveanews.com\/index.php\/2021\/05\/13\/gramado-sintetico-na-libertadores-e-alvo-de-criticas-flamenguistas\/#primaryimage\"},\"thumbnailUrl\":\"https:\/\/www.gaveanews.com\/wp-content\/uploads\/Everton-Ribeiro-em-acao-pelo-Flamengo-durante-o-jogo-contra-o-Union-La-Calera-no-estadio-Nicolas-Chahuan-Nazar.webp\",\"datePublished\":\"2021-05-13T03:58:06+00:00\",\"dateModified\":\"2021-05-13T03:59:44+00:00\",\"author\":{\"@id\":\"https:\/\/www.gaveanews.com\/#\/schema\/person\/2ec14f73fb96be2caf28f91afb14749d\"},\"breadcrumb\":{\"@id\":\"https:\/\/www.gaveanews.com\/index.php\/2021\/05\/13\/gramado-sintetico-na-libertadores-e-alvo-de-criticas-flamenguistas\/#breadcrumb\"},\"inLanguage\":\"pt-BR\",\"potentialAction\":[{\"@type\":\"ReadAction\",\"target\":[\"https:\/\/www.gaveanews.com\/index.php\/2021\/05\/13\/gramado-sintetico-na-libertadores-e-alvo-de-criticas-flamenguistas\/\"]}]},{\"@type\":\"ImageObject\",\"inLanguage\":\"pt-BR\",\"@id\":\"https:\/\/www.gaveanews.com\/index.php\/2021\/05\/13\/gramado-sintetico-na-libertadores-e-alvo-de-criticas-flamenguistas\/#primaryimage\",\"url\":\"https:\/\/www.gaveanews.com\/wp-content\/uploads\/Everton-Ribeiro-em-acao-pelo-Flamengo-durante-o-jogo-contra-o-Union-La-Calera-no-estadio-Nicolas-Chahuan-Nazar.webp\",\"contentUrl\":\"https:\/\/www.gaveanews.com\/wp-content\/uploads\/Everton-Ribeiro-em-acao-pelo-Flamengo-durante-o-jogo-contra-o-Union-La-Calera-no-estadio-Nicolas-Chahuan-Nazar.webp\",\"width\":799,\"height\":533,\"caption\":\"Everton Ribeiro em a\u00e7\u00e3o pelo Flamengo durante o jogo contra o Uni\u00f3n La Calera no est\u00e1dio Nicol\u00e1s Chahu\u00e1n Nazar (Foto: Alexandre Vidal\/Flamengo)\"},{\"@type\":\"BreadcrumbList\",\"@id\":\"https:\/\/www.gaveanews.com\/index.php\/2021\/05\/13\/gramado-sintetico-na-libertadores-e-alvo-de-criticas-flamenguistas\/#breadcrumb\",\"itemListElement\":[{\"@type\":\"ListItem\",\"position\":1,\"name\":\"Home\",\"item\":\"https:\/\/www.gaveanews.com\/\"},{\"@type\":\"ListItem\",\"position\":2,\"name\":\"Gramado sint\u00e9tico na Libertadores \u00e9 alvo de cr\u00edticas flamenguistas\"}]},{\"@type\":\"WebSite\",\"@id\":\"https:\/\/www.gaveanews.com\/#website\",\"url\":\"https:\/\/www.gaveanews.com\/\",\"name\":\"G\u00e1vea News\",\"description\":\"Veja todas as not\u00edcias sobre o Flamengo: Contrata\u00e7\u00f5es, categorias de base, resultados das partidas, tabela de classifica\u00e7\u00e3o, pr\u00f3ximos jogos!\",\"potentialAction\":[{\"@type\":\"SearchAction\",\"target\":{\"@type\":\"EntryPoint\",\"urlTemplate\":\"https:\/\/www.gaveanews.com\/?s={search_term_string}\"},\"query-input\":{\"@type\":\"PropertyValueSpecification\",\"valueRequired\":true,\"valueName\":\"search_term_string\"}}],\"inLanguage\":\"pt-BR\"},{\"@type\":\"Person\",\"@id\":\"https:\/\/www.gaveanews.com\/#\/schema\/person\/2ec14f73fb96be2caf28f91afb14749d\",\"name\":\"Equipe G\u00e1vea News\",\"image\":{\"@type\":\"ImageObject\",\"inLanguage\":\"pt-BR\",\"@id\":\"https:\/\/www.gaveanews.com\/#\/schema\/person\/image\/\",\"url\":\"https:\/\/secure.gravatar.com\/avatar\/1e1956f1facbffd3f8fa53a326721950116b3b9dc9bd44939c01180fd4a745a9?s=96&d=mm&r=g\",\"contentUrl\":\"https:\/\/secure.gravatar.com\/avatar\/1e1956f1facbffd3f8fa53a326721950116b3b9dc9bd44939c01180fd4a745a9?s=96&d=mm&r=g\",\"caption\":\"Equipe G\u00e1vea News\"}}]}<\/script>\n<!-- \/ Yoast SEO Premium plugin. -->","yoast_head_json":{"title":"Gramado sint\u00e9tico na Libertadores \u00e9 alvo de cr\u00edticas flamenguistas","robots":{"index":"index","follow":"follow","max-snippet":"max-snippet:-1","max-image-preview":"max-image-preview:large","max-video-preview":"max-video-preview:-1"},"canonical":"https:\/\/www.gaveanews.com\/index.php\/2021\/05\/13\/gramado-sintetico-na-libertadores-e-alvo-de-criticas-flamenguistas\/","og_locale":"pt_BR","og_type":"article","og_title":"Gramado sint\u00e9tico na Libertadores \u00e9 alvo de cr\u00edticas flamenguistas","og_description":"O Flamengo arrancou um empate do Uni\u00f3n La Calera-CHI, pela Libertadores. Os rubro-negros levaram dois gols, mas buscaram a igualdade no Chile. A equipe carioca atuou no gramado sint\u00e9tico do est\u00e1dio Nicol\u00e1s Chahu\u00e1n Nazar e o meia Diego se mostrou surpreso com as condi\u00e7\u00f5es do piso. \u2014 N\u00f3s viemos prontos para essa dificuldade. \u00c9 um [&hellip;]","og_url":"https:\/\/www.gaveanews.com\/index.php\/2021\/05\/13\/gramado-sintetico-na-libertadores-e-alvo-de-criticas-flamenguistas\/","og_site_name":"G\u00e1vea News","article_publisher":"https:\/\/facebook.com\/gaveaNews\/","article_published_time":"2021-05-13T03:58:06+00:00","article_modified_time":"2021-05-13T03:59:44+00:00","og_image":[{"width":799,"height":533,"url":"https:\/\/www.gaveanews.com\/wp-content\/uploads\/Everton-Ribeiro-em-acao-pelo-Flamengo-durante-o-jogo-contra-o-Union-La-Calera-no-estadio-Nicolas-Chahuan-Nazar.webp","type":"image\/jpeg"}],"author":"Equipe G\u00e1vea News","twitter_card":"summary_large_image","twitter_misc":{"Escrito por":"Equipe G\u00e1vea News","Est. tempo de leitura":"1 minuto"},"schema":{"@context":"https:\/\/schema.org","@graph":[{"@type":"NewsArticle","@id":"https:\/\/www.gaveanews.com\/index.php\/2021\/05\/13\/gramado-sintetico-na-libertadores-e-alvo-de-criticas-flamenguistas\/#article","isPartOf":{"@id":"https:\/\/www.gaveanews.com\/index.php\/2021\/05\/13\/gramado-sintetico-na-libertadores-e-alvo-de-criticas-flamenguistas\/"},"author":{"name":"Equipe G\u00e1vea News","@id":"https:\/\/www.gaveanews.com\/#\/schema\/person\/2ec14f73fb96be2caf28f91afb14749d"},"headline":"Gramado sint\u00e9tico na Libertadores \u00e9 alvo de cr\u00edticas flamenguistas","datePublished":"2021-05-13T03:58:06+00:00","dateModified":"2021-05-13T03:59:44+00:00","mainEntityOfPage":{"@id":"https:\/\/www.gaveanews.com\/index.php\/2021\/05\/13\/gramado-sintetico-na-libertadores-e-alvo-de-criticas-flamenguistas\/"},"wordCount":229,"commentCount":5,"image":{"@id":"https:\/\/www.gaveanews.com\/index.php\/2021\/05\/13\/gramado-sintetico-na-libertadores-e-alvo-de-criticas-flamenguistas\/#primaryimage"},"thumbnailUrl":"https:\/\/www.gaveanews.com\/wp-content\/uploads\/Everton-Ribeiro-em-acao-pelo-Flamengo-durante-o-jogo-contra-o-Union-La-Calera-no-estadio-Nicolas-Chahuan-Nazar.webp","articleSection":["Flamengo"],"inLanguage":"pt-BR","potentialAction":[{"@type":"CommentAction","name":"Comment","target":["https:\/\/www.gaveanews.com\/index.php\/2021\/05\/13\/gramado-sintetico-na-libertadores-e-alvo-de-criticas-flamenguistas\/#respond"]}],"copyrightYear":"2021","copyrightHolder":{"@id":"https:\/\/www.gaveanews.com\/#organization"}},{"@type":"WebPage","@id":"https:\/\/www.gaveanews.com\/index.php\/2021\/05\/13\/gramado-sintetico-na-libertadores-e-alvo-de-criticas-flamenguistas\/","url":"https:\/\/www.gaveanews.com\/index.php\/2021\/05\/13\/gramado-sintetico-na-libertadores-e-alvo-de-criticas-flamenguistas\/","name":"Gramado sint\u00e9tico na Libertadores \u00e9 alvo de cr\u00edticas flamenguistas","isPartOf":{"@id":"https:\/\/www.gaveanews.com\/#website"},"primaryImageOfPage":{"@id":"https:\/\/www.gaveanews.com\/index.php\/2021\/05\/13\/gramado-sintetico-na-libertadores-e-alvo-de-criticas-flamenguistas\/#primaryimage"},"image":{"@id":"https:\/\/www.gaveanews.com\/index.php\/2021\/05\/13\/gramado-sintetico-na-libertadores-e-alvo-de-criticas-flamenguistas\/#primaryimage"},"thumbnailUrl":"https:\/\/www.gaveanews.com\/wp-content\/uploads\/Everton-Ribeiro-em-acao-pelo-Flamengo-durante-o-jogo-contra-o-Union-La-Calera-no-estadio-Nicolas-Chahuan-Nazar.webp","datePublished":"2021-05-13T03:58:06+00:00","dateModified":"2021-05-13T03:59:44+00:00","author":{"@id":"https:\/\/www.gaveanews.com\/#\/schema\/person\/2ec14f73fb96be2caf28f91afb14749d"},"breadcrumb":{"@id":"https:\/\/www.gaveanews.com\/index.php\/2021\/05\/13\/gramado-sintetico-na-libertadores-e-alvo-de-criticas-flamenguistas\/#breadcrumb"},"inLanguage":"pt-BR","potentialAction":[{"@type":"ReadAction","target":["https:\/\/www.gaveanews.com\/index.php\/2021\/05\/13\/gramado-sintetico-na-libertadores-e-alvo-de-criticas-flamenguistas\/"]}]},{"@type":"ImageObject","inLanguage":"pt-BR","@id":"https:\/\/www.gaveanews.com\/index.php\/2021\/05\/13\/gramado-sintetico-na-libertadores-e-alvo-de-criticas-flamenguistas\/#primaryimage","url":"https:\/\/www.gaveanews.com\/wp-content\/uploads\/Everton-Ribeiro-em-acao-pelo-Flamengo-durante-o-jogo-contra-o-Union-La-Calera-no-estadio-Nicolas-Chahuan-Nazar.webp","contentUrl":"https:\/\/www.gaveanews.com\/wp-content\/uploads\/Everton-Ribeiro-em-acao-pelo-Flamengo-durante-o-jogo-contra-o-Union-La-Calera-no-estadio-Nicolas-Chahuan-Nazar.webp","width":799,"height":533,"caption":"Everton Ribeiro em a\u00e7\u00e3o pelo Flamengo durante o jogo contra o Uni\u00f3n La Calera no est\u00e1dio Nicol\u00e1s Chahu\u00e1n Nazar (Foto: Alexandre Vidal\/Flamengo)"},{"@type":"BreadcrumbList","@id":"https:\/\/www.gaveanews.com\/index.php\/2021\/05\/13\/gramado-sintetico-na-libertadores-e-alvo-de-criticas-flamenguistas\/#breadcrumb","itemListElement":[{"@type":"ListItem","position":1,"name":"Home","item":"https:\/\/www.gaveanews.com\/"},{"@type":"ListItem","position":2,"name":"Gramado sint\u00e9tico na Libertadores \u00e9 alvo de cr\u00edticas flamenguistas"}]},{"@type":"WebSite","@id":"https:\/\/www.gaveanews.com\/#website","url":"https:\/\/www.gaveanews.com\/","name":"G\u00e1vea News","description":"Veja todas as not\u00edcias sobre o Flamengo: Contrata\u00e7\u00f5es, categorias de base, resultados das partidas, tabela de classifica\u00e7\u00e3o, pr\u00f3ximos jogos!","potentialAction":[{"@type":"SearchAction","target":{"@type":"EntryPoint","urlTemplate":"https:\/\/www.gaveanews.com\/?s={search_term_string}"},"query-input":{"@type":"PropertyValueSpecification","valueRequired":true,"valueName":"search_term_string"}}],"inLanguage":"pt-BR"},{"@type":"Person","@id":"https:\/\/www.gaveanews.com\/#\/schema\/person\/2ec14f73fb96be2caf28f91afb14749d","name":"Equipe G\u00e1vea News","image":{"@type":"ImageObject","inLanguage":"pt-BR","@id":"https:\/\/www.gaveanews.com\/#\/schema\/person\/image\/","url":"https:\/\/secure.gravatar.com\/avatar\/1e1956f1facbffd3f8fa53a326721950116b3b9dc9bd44939c01180fd4a745a9?s=96&d=mm&r=g","contentUrl":"https:\/\/secure.gravatar.com\/avatar\/1e1956f1facbffd3f8fa53a326721950116b3b9dc9bd44939c01180fd4a745a9?s=96&d=mm&r=g","caption":"Equipe G\u00e1vea News"}}]}},"_links":{"self":[{"href":"https:\/\/www.gaveanews.com\/index.php\/wp-json\/wp\/v2\/posts\/61056","targetHints":{"allow":["GET"]}}],"collection":[{"href":"https:\/\/www.gaveanews.com\/index.php\/wp-json\/wp\/v2\/posts"}],"about":[{"href":"https:\/\/www.gaveanews.com\/index.php\/wp-json\/wp\/v2\/types\/post"}],"author":[{"embeddable":true,"href":"https:\/\/www.gaveanews.com\/index.php\/wp-json\/wp\/v2\/users\/1"}],"replies":[{"embeddable":true,"href":"https:\/\/www.gaveanews.com\/index.php\/wp-json\/wp\/v2\/comments?post=61056"}],"version-history":[{"count":0,"href":"https:\/\/www.gaveanews.com\/index.php\/wp-json\/wp\/v2\/posts\/61056\/revisions"}],"wp:featuredmedia":[{"embeddable":true,"href":"https:\/\/www.gaveanews.com\/index.php\/wp-json\/wp\/v2\/media\/61058"}],"wp:attachment":[{"href":"https:\/\/www.gaveanews.com\/index.php\/wp-json\/wp\/v2\/media?parent=61056"}],"wp:term":[{"taxonomy":"category","embeddable":true,"href":"https:\/\/www.gaveanews.com\/index.php\/wp-json\/wp\/v2\/categories?post=61056"},{"taxonomy":"post_tag","embeddable":true,"href":"https:\/\/www.gaveanews.com\/index.php\/wp-json\/wp\/v2\/tags?post=61056"}],"curies":[{"name":"wp","href":"https:\/\/api.w.org\/{rel}","templated":true}]}}