{"id":61069,"date":"2021-05-13T07:22:07","date_gmt":"2021-05-13T10:22:07","guid":{"rendered":"https:\/\/www.gaveanews.com\/?p=61069"},"modified":"2021-05-13T07:22:09","modified_gmt":"2021-05-13T10:22:09","slug":"gabriel-batista-vai-de-quarta-opcao-a-alternativa-em-final-no-flamengo","status":"publish","type":"post","link":"https:\/\/www.gaveanews.com\/index.php\/2021\/05\/13\/gabriel-batista-vai-de-quarta-opcao-a-alternativa-em-final-no-flamengo\/","title":{"rendered":"Gabriel Batista vai de quarta op\u00e7\u00e3o \u00e0 alternativa em final no Flamengo"},"content":{"rendered":"\n<p>Cria da base do Flamengo, o goleiro Gabriel Batista foi de quarta op\u00e7\u00e3o com Rog\u00e9rio Ceni \u00e0 possibilidade de atuar em uma final de Campeonato Carioca. Titular nas duas \u00faltimas partidas, o camisa 22 foi o escolhido frente \u00e0 aus\u00eancia de Diego Alves \u2014 que ainda \u00e9 d\u00favida para o cl\u00e1ssico com o Fluminense, s\u00e1bado \u2014, ganhou mais espa\u00e7o no elenco e acirrou a briga com o companheiro Hugo Souza.<\/p>\n\n\n\n<p>Destaque nas divis\u00f5es inferiores, Gabriel chegou ao Flamengo em 2014, aos 15 anos, ap\u00f3s passagem pelo Audax Rio. Na G\u00e1vea, fez parte de uma gera\u00e7\u00e3o que contou com nomes como Vinicius Junior, Lincoln, Jean Lucas, Klebinho e Thuler, e foi promovido no in\u00edcio de 2018. Naquele mesmo ano, fez a estreia nas primeiras rodadas do Estadual, quando um time &#8220;alternativo&#8221; foi utilizado.<\/p>\n\n\n\n<p>No decorrer deste per\u00edodo, teve forte concorr\u00eancia na posi\u00e7\u00e3o, com Diego Alves e C\u00e9sar, tamb\u00e9m cria do Fla e que foi her\u00f3i da Copinha em 2011, \u00e0 frente na disputa. A primeira partida em Campeonato Brasileiro aconteceu em 2019, contra o Goi\u00e1s, quando o camisa 1 estava lesionado e C\u00e9sar acabou expulso. Neste confronto, inclusive, sofreu um gol de Michael, hoje companheiro de equipe.<\/p>\n\n\n\n<p>No ano passado, por\u00e9m, viu Hugo Souza, que j\u00e1 havia sido at\u00e9 mesmo convocado por Tite, &#8220;atropelar a hierarquia&#8221; no setor e se tornar dono da posi\u00e7\u00e3o sob as traves, caindo rapidamente tamb\u00e9m nas gra\u00e7as da torcida rubro-negra.<\/p>\n\n\n\n<p>Neste cen\u00e1rio, n\u00e3o teve muitas oportunidades com Ceni at\u00e9 aqui. O \u00faltimo jogo com a equipe principal havia sido em setembro do ano passado, justamente com o Fluminense, quando o Rubro-Negro ainda tinha Dom\u00e8nec Torrent no banco de reservas. Depois, atuou no in\u00edcio do Carioca desta temporada, sendo um dos principais nomes quando o Fla usou boa parte do grupo sub-20, sob as ordens de Maur\u00edcio Souza.<\/p>\n\n\n\n<p>At\u00e9 por isso, a escolha para ser titular contra o Volta Redonda, pela semifinal do Carioca, e contra o La Calera, pela Libertadores, chegou a causar certa surpresa. Segundo Ceni, a ideia era dar &#8220;rodagem&#8221; ao goleiro para que ele pudesse &#8220;estar preparado&#8221;.<\/p>\n\n\n\n<p><strong><em>\u2014 Foi uma boa oportunidade do Gabriel Batista trabalhar, assim como o C\u00e9sar teve no jogo com o Cear\u00e1. S\u00e3o jogadores formados, com idades pr\u00f3ximas um do outro. \u00c9 um goleiro que vejo todos os dias trabalhando e que eu queria ver ter uma oportunidade para que o pr\u00f3prio torcedor conhe\u00e7a. Eu sei que o Gabriel jogou ano passado, mas foi o primeiro jogo dele que eu pude estar presente no campo. Ent\u00e3o, \u00e9 importante dar rodagem para todos, para que no dia que precisarmos de algum jogador, possa estar preparado<\/em><\/strong>, disse, ap\u00f3s o duelo com o Volta\u00e7o, no \u00faltimo s\u00e1bado.<\/p>\n\n\n\n<p>Se uma nova oportunidade vai acontecer no s\u00e1bado ainda \u00e9 uma inc\u00f3gnita, mas \u00e9 certo que Batista soube responder positivamente aos testes aos quais foi submetido.<\/p>\n\n\n\n<h2 class=\"wp-block-heading\" id=\"h-volta-ao-chile\">Volta ao Chile<\/h2>\n\n\n\n<div class=\"wp-block-image\"><figure class=\"aligncenter size-large\"><img decoding=\"async\" src=\"https:\/\/conteudo.imguol.com.br\/c\/esporte\/03\/2021\/05\/12\/gabriel-batista-goleiro-do-flamengo-no-mundial-sub-17-pela-selecao-brasileira-1620867608726_v2_750x421.webp.webp\" alt=\"\"\/><\/figure><\/div>\n\n\n\n<p>A viagem para o confronto com o La Calera teve um gosto especial para Gabriel Batista. O goleiro p\u00f4de voltar ao pa\u00eds onde defendeu a sele\u00e7\u00e3o brasileira no Mundial Sub-17 de 2015. A delega\u00e7\u00e3o, inclusive, utilizou o CT em Vi\u00f1a del Mar, o mesmo usado pelo Rubro-Negro agora. \u00c0 \u00e9poca, al\u00e9m de Gabriel, tamb\u00e9m foram convocados Juliano Chade, ent\u00e3o no Athletico-PR, e Filipe Santos, que defendia o Corinthians na ocasi\u00e3o.<\/p>\n\n\n\n<h2 class=\"wp-block-heading\" id=\"h-jogo-com-os-p-s\">Jogo com os p\u00e9s<\/h2>\n\n\n\n<p>Elogiado pela comiss\u00e3o t\u00e9cnica, Gabriel Batista demonstrou tamb\u00e9m boa desenvoltura com os p\u00e9s, heran\u00e7a dos tempos de futsal. Foi na modalidade que, ainda pequeno, ele deu os primeiros passos. \u00c0 \u00e9poca, o goleiro, que \u00e9 natural de S\u00e3o Gon\u00e7alo, defendeu o Canto do Rio, tradicional clube localizado na cidade vizinha Niter\u00f3i.<\/p>\n\n\n\n<h2 class=\"wp-block-heading\" id=\"h-c-sar-se-recupera-de-cirurgia\">C\u00e9sar se recupera de cirurgia<\/h2>\n\n\n\n<p>O goleiro C\u00e9sar se recupera de uma cirurgia ap\u00f3s les\u00e3o no ligamento cruzado no joelho direito. Ele se lesionou durante um treino no fim de fevereiro, antes do jogo que deu o t\u00edtulo ao Flamengo pela \u00faltima rodada do Brasileiro. \u00c0 \u00e9poca do problema, ele tinha conversas avan\u00e7adas para um empr\u00e9stimo ao Atl\u00e9tico-GO.<\/p>\n\n\n\n<p>Retirado de: UOL<\/p>\n","protected":false},"excerpt":{"rendered":"<p>Cria da base do Flamengo, o goleiro Gabriel Batista foi de quarta op\u00e7\u00e3o com Rog\u00e9rio Ceni \u00e0 possibilidade de atuar em uma final de Campeonato Carioca. Titular nas duas \u00faltimas partidas, o camisa 22 foi o escolhido frente \u00e0 aus\u00eancia de Diego Alves \u2014 que ainda \u00e9 d\u00favida para o cl\u00e1ssico com o Fluminense, s\u00e1bado [&hellip;]<\/p>\n","protected":false},"author":1,"featured_media":61033,"comment_status":"open","ping_status":"closed","sticky":false,"template":"","format":"standard","meta":{"footnotes":""},"categories":[1],"tags":[],"class_list":["post-61069","post","type-post","status-publish","format-standard","has-post-thumbnail","hentry","category-flamengo"],"yoast_head":"<!-- This site is optimized with the Yoast SEO Premium plugin v24.2 (Yoast SEO v26.9) - https:\/\/yoast.com\/product\/yoast-seo-premium-wordpress\/ -->\n<title>Gabriel Batista vai de quarta op\u00e7\u00e3o \u00e0 alternativa em final no Flamengo<\/title>\n<meta name=\"robots\" content=\"index, follow, max-snippet:-1, max-image-preview:large, max-video-preview:-1\" \/>\n<link rel=\"canonical\" href=\"https:\/\/www.gaveanews.com\/index.php\/2021\/05\/13\/gabriel-batista-vai-de-quarta-opcao-a-alternativa-em-final-no-flamengo\/\" \/>\n<meta property=\"og:locale\" content=\"pt_BR\" \/>\n<meta property=\"og:type\" content=\"article\" \/>\n<meta property=\"og:title\" content=\"Gabriel Batista vai de quarta op\u00e7\u00e3o \u00e0 alternativa em final no Flamengo\" \/>\n<meta property=\"og:description\" content=\"Cria da base do Flamengo, o goleiro Gabriel Batista foi de quarta op\u00e7\u00e3o com Rog\u00e9rio Ceni \u00e0 possibilidade de atuar em uma final de Campeonato Carioca. Titular nas duas \u00faltimas partidas, o camisa 22 foi o escolhido frente \u00e0 aus\u00eancia de Diego Alves \u2014 que ainda \u00e9 d\u00favida para o cl\u00e1ssico com o Fluminense, s\u00e1bado [&hellip;]\" \/>\n<meta property=\"og:url\" content=\"https:\/\/www.gaveanews.com\/index.php\/2021\/05\/13\/gabriel-batista-vai-de-quarta-opcao-a-alternativa-em-final-no-flamengo\/\" \/>\n<meta property=\"og:site_name\" content=\"G\u00e1vea News\" \/>\n<meta property=\"article:publisher\" content=\"https:\/\/facebook.com\/gaveaNews\/\" \/>\n<meta property=\"article:published_time\" content=\"2021-05-13T10:22:07+00:00\" \/>\n<meta property=\"article:modified_time\" content=\"2021-05-13T10:22:09+00:00\" \/>\n<meta property=\"og:image\" content=\"https:\/\/www.gaveanews.com\/wp-content\/uploads\/Gabriel-Batista-em-acao-pelo-Flamengo-na-Libertadores.webp\" \/>\n\t<meta property=\"og:image:width\" content=\"799\" \/>\n\t<meta property=\"og:image:height\" content=\"533\" \/>\n\t<meta property=\"og:image:type\" content=\"image\/jpeg\" \/>\n<meta name=\"author\" content=\"Equipe G\u00e1vea News\" \/>\n<meta name=\"twitter:card\" content=\"summary_large_image\" \/>\n<meta name=\"twitter:label1\" content=\"Escrito por\" \/>\n\t<meta name=\"twitter:data1\" content=\"Equipe G\u00e1vea News\" \/>\n\t<meta name=\"twitter:label2\" content=\"Est. tempo de leitura\" \/>\n\t<meta name=\"twitter:data2\" content=\"4 minutos\" \/>\n<script type=\"application\/ld+json\" class=\"yoast-schema-graph\">{\"@context\":\"https:\/\/schema.org\",\"@graph\":[{\"@type\":\"NewsArticle\",\"@id\":\"https:\/\/www.gaveanews.com\/index.php\/2021\/05\/13\/gabriel-batista-vai-de-quarta-opcao-a-alternativa-em-final-no-flamengo\/#article\",\"isPartOf\":{\"@id\":\"https:\/\/www.gaveanews.com\/index.php\/2021\/05\/13\/gabriel-batista-vai-de-quarta-opcao-a-alternativa-em-final-no-flamengo\/\"},\"author\":{\"name\":\"Equipe G\u00e1vea News\",\"@id\":\"https:\/\/www.gaveanews.com\/#\/schema\/person\/2ec14f73fb96be2caf28f91afb14749d\"},\"headline\":\"Gabriel Batista vai de quarta op\u00e7\u00e3o \u00e0 alternativa em final no Flamengo\",\"datePublished\":\"2021-05-13T10:22:07+00:00\",\"dateModified\":\"2021-05-13T10:22:09+00:00\",\"mainEntityOfPage\":{\"@id\":\"https:\/\/www.gaveanews.com\/index.php\/2021\/05\/13\/gabriel-batista-vai-de-quarta-opcao-a-alternativa-em-final-no-flamengo\/\"},\"wordCount\":715,\"commentCount\":15,\"image\":{\"@id\":\"https:\/\/www.gaveanews.com\/index.php\/2021\/05\/13\/gabriel-batista-vai-de-quarta-opcao-a-alternativa-em-final-no-flamengo\/#primaryimage\"},\"thumbnailUrl\":\"https:\/\/www.gaveanews.com\/wp-content\/uploads\/Gabriel-Batista-em-acao-pelo-Flamengo-na-Libertadores.webp\",\"articleSection\":[\"Flamengo\"],\"inLanguage\":\"pt-BR\",\"potentialAction\":[{\"@type\":\"CommentAction\",\"name\":\"Comment\",\"target\":[\"https:\/\/www.gaveanews.com\/index.php\/2021\/05\/13\/gabriel-batista-vai-de-quarta-opcao-a-alternativa-em-final-no-flamengo\/#respond\"]}],\"copyrightYear\":\"2021\",\"copyrightHolder\":{\"@id\":\"https:\/\/www.gaveanews.com\/#organization\"}},{\"@type\":\"WebPage\",\"@id\":\"https:\/\/www.gaveanews.com\/index.php\/2021\/05\/13\/gabriel-batista-vai-de-quarta-opcao-a-alternativa-em-final-no-flamengo\/\",\"url\":\"https:\/\/www.gaveanews.com\/index.php\/2021\/05\/13\/gabriel-batista-vai-de-quarta-opcao-a-alternativa-em-final-no-flamengo\/\",\"name\":\"Gabriel Batista vai de quarta op\u00e7\u00e3o \u00e0 alternativa em final no Flamengo\",\"isPartOf\":{\"@id\":\"https:\/\/www.gaveanews.com\/#website\"},\"primaryImageOfPage\":{\"@id\":\"https:\/\/www.gaveanews.com\/index.php\/2021\/05\/13\/gabriel-batista-vai-de-quarta-opcao-a-alternativa-em-final-no-flamengo\/#primaryimage\"},\"image\":{\"@id\":\"https:\/\/www.gaveanews.com\/index.php\/2021\/05\/13\/gabriel-batista-vai-de-quarta-opcao-a-alternativa-em-final-no-flamengo\/#primaryimage\"},\"thumbnailUrl\":\"https:\/\/www.gaveanews.com\/wp-content\/uploads\/Gabriel-Batista-em-acao-pelo-Flamengo-na-Libertadores.webp\",\"datePublished\":\"2021-05-13T10:22:07+00:00\",\"dateModified\":\"2021-05-13T10:22:09+00:00\",\"author\":{\"@id\":\"https:\/\/www.gaveanews.com\/#\/schema\/person\/2ec14f73fb96be2caf28f91afb14749d\"},\"breadcrumb\":{\"@id\":\"https:\/\/www.gaveanews.com\/index.php\/2021\/05\/13\/gabriel-batista-vai-de-quarta-opcao-a-alternativa-em-final-no-flamengo\/#breadcrumb\"},\"inLanguage\":\"pt-BR\",\"potentialAction\":[{\"@type\":\"ReadAction\",\"target\":[\"https:\/\/www.gaveanews.com\/index.php\/2021\/05\/13\/gabriel-batista-vai-de-quarta-opcao-a-alternativa-em-final-no-flamengo\/\"]}]},{\"@type\":\"ImageObject\",\"inLanguage\":\"pt-BR\",\"@id\":\"https:\/\/www.gaveanews.com\/index.php\/2021\/05\/13\/gabriel-batista-vai-de-quarta-opcao-a-alternativa-em-final-no-flamengo\/#primaryimage\",\"url\":\"https:\/\/www.gaveanews.com\/wp-content\/uploads\/Gabriel-Batista-em-acao-pelo-Flamengo-na-Libertadores.webp\",\"contentUrl\":\"https:\/\/www.gaveanews.com\/wp-content\/uploads\/Gabriel-Batista-em-acao-pelo-Flamengo-na-Libertadores.webp\",\"width\":799,\"height\":533,\"caption\":\"Gabriel Batista em a\u00e7\u00e3o pelo Flamengo na Libertadores (Foto: Alexandre Vidal\/Flamengo)\"},{\"@type\":\"BreadcrumbList\",\"@id\":\"https:\/\/www.gaveanews.com\/index.php\/2021\/05\/13\/gabriel-batista-vai-de-quarta-opcao-a-alternativa-em-final-no-flamengo\/#breadcrumb\",\"itemListElement\":[{\"@type\":\"ListItem\",\"position\":1,\"name\":\"Home\",\"item\":\"https:\/\/www.gaveanews.com\/\"},{\"@type\":\"ListItem\",\"position\":2,\"name\":\"Gabriel Batista vai de quarta op\u00e7\u00e3o \u00e0 alternativa em final no Flamengo\"}]},{\"@type\":\"WebSite\",\"@id\":\"https:\/\/www.gaveanews.com\/#website\",\"url\":\"https:\/\/www.gaveanews.com\/\",\"name\":\"G\u00e1vea News\",\"description\":\"Veja todas as not\u00edcias sobre o Flamengo: Contrata\u00e7\u00f5es, categorias de base, resultados das partidas, tabela de classifica\u00e7\u00e3o, pr\u00f3ximos jogos!\",\"potentialAction\":[{\"@type\":\"SearchAction\",\"target\":{\"@type\":\"EntryPoint\",\"urlTemplate\":\"https:\/\/www.gaveanews.com\/?s={search_term_string}\"},\"query-input\":{\"@type\":\"PropertyValueSpecification\",\"valueRequired\":true,\"valueName\":\"search_term_string\"}}],\"inLanguage\":\"pt-BR\"},{\"@type\":\"Person\",\"@id\":\"https:\/\/www.gaveanews.com\/#\/schema\/person\/2ec14f73fb96be2caf28f91afb14749d\",\"name\":\"Equipe G\u00e1vea News\",\"image\":{\"@type\":\"ImageObject\",\"inLanguage\":\"pt-BR\",\"@id\":\"https:\/\/www.gaveanews.com\/#\/schema\/person\/image\/\",\"url\":\"https:\/\/secure.gravatar.com\/avatar\/1e1956f1facbffd3f8fa53a326721950116b3b9dc9bd44939c01180fd4a745a9?s=96&d=mm&r=g\",\"contentUrl\":\"https:\/\/secure.gravatar.com\/avatar\/1e1956f1facbffd3f8fa53a326721950116b3b9dc9bd44939c01180fd4a745a9?s=96&d=mm&r=g\",\"caption\":\"Equipe G\u00e1vea News\"}}]}<\/script>\n<!-- \/ Yoast SEO Premium plugin. -->","yoast_head_json":{"title":"Gabriel Batista vai de quarta op\u00e7\u00e3o \u00e0 alternativa em final no Flamengo","robots":{"index":"index","follow":"follow","max-snippet":"max-snippet:-1","max-image-preview":"max-image-preview:large","max-video-preview":"max-video-preview:-1"},"canonical":"https:\/\/www.gaveanews.com\/index.php\/2021\/05\/13\/gabriel-batista-vai-de-quarta-opcao-a-alternativa-em-final-no-flamengo\/","og_locale":"pt_BR","og_type":"article","og_title":"Gabriel Batista vai de quarta op\u00e7\u00e3o \u00e0 alternativa em final no Flamengo","og_description":"Cria da base do Flamengo, o goleiro Gabriel Batista foi de quarta op\u00e7\u00e3o com Rog\u00e9rio Ceni \u00e0 possibilidade de atuar em uma final de Campeonato Carioca. Titular nas duas \u00faltimas partidas, o camisa 22 foi o escolhido frente \u00e0 aus\u00eancia de Diego Alves \u2014 que ainda \u00e9 d\u00favida para o cl\u00e1ssico com o Fluminense, s\u00e1bado [&hellip;]","og_url":"https:\/\/www.gaveanews.com\/index.php\/2021\/05\/13\/gabriel-batista-vai-de-quarta-opcao-a-alternativa-em-final-no-flamengo\/","og_site_name":"G\u00e1vea News","article_publisher":"https:\/\/facebook.com\/gaveaNews\/","article_published_time":"2021-05-13T10:22:07+00:00","article_modified_time":"2021-05-13T10:22:09+00:00","og_image":[{"width":799,"height":533,"url":"https:\/\/www.gaveanews.com\/wp-content\/uploads\/Gabriel-Batista-em-acao-pelo-Flamengo-na-Libertadores.webp","type":"image\/jpeg"}],"author":"Equipe G\u00e1vea News","twitter_card":"summary_large_image","twitter_misc":{"Escrito por":"Equipe G\u00e1vea News","Est. tempo de leitura":"4 minutos"},"schema":{"@context":"https:\/\/schema.org","@graph":[{"@type":"NewsArticle","@id":"https:\/\/www.gaveanews.com\/index.php\/2021\/05\/13\/gabriel-batista-vai-de-quarta-opcao-a-alternativa-em-final-no-flamengo\/#article","isPartOf":{"@id":"https:\/\/www.gaveanews.com\/index.php\/2021\/05\/13\/gabriel-batista-vai-de-quarta-opcao-a-alternativa-em-final-no-flamengo\/"},"author":{"name":"Equipe G\u00e1vea News","@id":"https:\/\/www.gaveanews.com\/#\/schema\/person\/2ec14f73fb96be2caf28f91afb14749d"},"headline":"Gabriel Batista vai de quarta op\u00e7\u00e3o \u00e0 alternativa em final no Flamengo","datePublished":"2021-05-13T10:22:07+00:00","dateModified":"2021-05-13T10:22:09+00:00","mainEntityOfPage":{"@id":"https:\/\/www.gaveanews.com\/index.php\/2021\/05\/13\/gabriel-batista-vai-de-quarta-opcao-a-alternativa-em-final-no-flamengo\/"},"wordCount":715,"commentCount":15,"image":{"@id":"https:\/\/www.gaveanews.com\/index.php\/2021\/05\/13\/gabriel-batista-vai-de-quarta-opcao-a-alternativa-em-final-no-flamengo\/#primaryimage"},"thumbnailUrl":"https:\/\/www.gaveanews.com\/wp-content\/uploads\/Gabriel-Batista-em-acao-pelo-Flamengo-na-Libertadores.webp","articleSection":["Flamengo"],"inLanguage":"pt-BR","potentialAction":[{"@type":"CommentAction","name":"Comment","target":["https:\/\/www.gaveanews.com\/index.php\/2021\/05\/13\/gabriel-batista-vai-de-quarta-opcao-a-alternativa-em-final-no-flamengo\/#respond"]}],"copyrightYear":"2021","copyrightHolder":{"@id":"https:\/\/www.gaveanews.com\/#organization"}},{"@type":"WebPage","@id":"https:\/\/www.gaveanews.com\/index.php\/2021\/05\/13\/gabriel-batista-vai-de-quarta-opcao-a-alternativa-em-final-no-flamengo\/","url":"https:\/\/www.gaveanews.com\/index.php\/2021\/05\/13\/gabriel-batista-vai-de-quarta-opcao-a-alternativa-em-final-no-flamengo\/","name":"Gabriel Batista vai de quarta op\u00e7\u00e3o \u00e0 alternativa em final no Flamengo","isPartOf":{"@id":"https:\/\/www.gaveanews.com\/#website"},"primaryImageOfPage":{"@id":"https:\/\/www.gaveanews.com\/index.php\/2021\/05\/13\/gabriel-batista-vai-de-quarta-opcao-a-alternativa-em-final-no-flamengo\/#primaryimage"},"image":{"@id":"https:\/\/www.gaveanews.com\/index.php\/2021\/05\/13\/gabriel-batista-vai-de-quarta-opcao-a-alternativa-em-final-no-flamengo\/#primaryimage"},"thumbnailUrl":"https:\/\/www.gaveanews.com\/wp-content\/uploads\/Gabriel-Batista-em-acao-pelo-Flamengo-na-Libertadores.webp","datePublished":"2021-05-13T10:22:07+00:00","dateModified":"2021-05-13T10:22:09+00:00","author":{"@id":"https:\/\/www.gaveanews.com\/#\/schema\/person\/2ec14f73fb96be2caf28f91afb14749d"},"breadcrumb":{"@id":"https:\/\/www.gaveanews.com\/index.php\/2021\/05\/13\/gabriel-batista-vai-de-quarta-opcao-a-alternativa-em-final-no-flamengo\/#breadcrumb"},"inLanguage":"pt-BR","potentialAction":[{"@type":"ReadAction","target":["https:\/\/www.gaveanews.com\/index.php\/2021\/05\/13\/gabriel-batista-vai-de-quarta-opcao-a-alternativa-em-final-no-flamengo\/"]}]},{"@type":"ImageObject","inLanguage":"pt-BR","@id":"https:\/\/www.gaveanews.com\/index.php\/2021\/05\/13\/gabriel-batista-vai-de-quarta-opcao-a-alternativa-em-final-no-flamengo\/#primaryimage","url":"https:\/\/www.gaveanews.com\/wp-content\/uploads\/Gabriel-Batista-em-acao-pelo-Flamengo-na-Libertadores.webp","contentUrl":"https:\/\/www.gaveanews.com\/wp-content\/uploads\/Gabriel-Batista-em-acao-pelo-Flamengo-na-Libertadores.webp","width":799,"height":533,"caption":"Gabriel Batista em a\u00e7\u00e3o pelo Flamengo na Libertadores (Foto: Alexandre Vidal\/Flamengo)"},{"@type":"BreadcrumbList","@id":"https:\/\/www.gaveanews.com\/index.php\/2021\/05\/13\/gabriel-batista-vai-de-quarta-opcao-a-alternativa-em-final-no-flamengo\/#breadcrumb","itemListElement":[{"@type":"ListItem","position":1,"name":"Home","item":"https:\/\/www.gaveanews.com\/"},{"@type":"ListItem","position":2,"name":"Gabriel Batista vai de quarta op\u00e7\u00e3o \u00e0 alternativa em final no Flamengo"}]},{"@type":"WebSite","@id":"https:\/\/www.gaveanews.com\/#website","url":"https:\/\/www.gaveanews.com\/","name":"G\u00e1vea News","description":"Veja todas as not\u00edcias sobre o Flamengo: Contrata\u00e7\u00f5es, categorias de base, resultados das partidas, tabela de classifica\u00e7\u00e3o, pr\u00f3ximos jogos!","potentialAction":[{"@type":"SearchAction","target":{"@type":"EntryPoint","urlTemplate":"https:\/\/www.gaveanews.com\/?s={search_term_string}"},"query-input":{"@type":"PropertyValueSpecification","valueRequired":true,"valueName":"search_term_string"}}],"inLanguage":"pt-BR"},{"@type":"Person","@id":"https:\/\/www.gaveanews.com\/#\/schema\/person\/2ec14f73fb96be2caf28f91afb14749d","name":"Equipe G\u00e1vea News","image":{"@type":"ImageObject","inLanguage":"pt-BR","@id":"https:\/\/www.gaveanews.com\/#\/schema\/person\/image\/","url":"https:\/\/secure.gravatar.com\/avatar\/1e1956f1facbffd3f8fa53a326721950116b3b9dc9bd44939c01180fd4a745a9?s=96&d=mm&r=g","contentUrl":"https:\/\/secure.gravatar.com\/avatar\/1e1956f1facbffd3f8fa53a326721950116b3b9dc9bd44939c01180fd4a745a9?s=96&d=mm&r=g","caption":"Equipe G\u00e1vea News"}}]}},"_links":{"self":[{"href":"https:\/\/www.gaveanews.com\/index.php\/wp-json\/wp\/v2\/posts\/61069","targetHints":{"allow":["GET"]}}],"collection":[{"href":"https:\/\/www.gaveanews.com\/index.php\/wp-json\/wp\/v2\/posts"}],"about":[{"href":"https:\/\/www.gaveanews.com\/index.php\/wp-json\/wp\/v2\/types\/post"}],"author":[{"embeddable":true,"href":"https:\/\/www.gaveanews.com\/index.php\/wp-json\/wp\/v2\/users\/1"}],"replies":[{"embeddable":true,"href":"https:\/\/www.gaveanews.com\/index.php\/wp-json\/wp\/v2\/comments?post=61069"}],"version-history":[{"count":0,"href":"https:\/\/www.gaveanews.com\/index.php\/wp-json\/wp\/v2\/posts\/61069\/revisions"}],"wp:featuredmedia":[{"embeddable":true,"href":"https:\/\/www.gaveanews.com\/index.php\/wp-json\/wp\/v2\/media\/61033"}],"wp:attachment":[{"href":"https:\/\/www.gaveanews.com\/index.php\/wp-json\/wp\/v2\/media?parent=61069"}],"wp:term":[{"taxonomy":"category","embeddable":true,"href":"https:\/\/www.gaveanews.com\/index.php\/wp-json\/wp\/v2\/categories?post=61069"},{"taxonomy":"post_tag","embeddable":true,"href":"https:\/\/www.gaveanews.com\/index.php\/wp-json\/wp\/v2\/tags?post=61069"}],"curies":[{"name":"wp","href":"https:\/\/api.w.org\/{rel}","templated":true}]}}