{"id":61071,"date":"2021-05-13T10:54:50","date_gmt":"2021-05-13T13:54:50","guid":{"rendered":"https:\/\/www.gaveanews.com\/?p=61071"},"modified":"2021-05-13T10:54:53","modified_gmt":"2021-05-13T13:54:53","slug":"patrocinador-do-flamengo-nao-respeita-contrato-e-critica-o-time-na-internet","status":"publish","type":"post","link":"https:\/\/www.gaveanews.com\/index.php\/2021\/05\/13\/patrocinador-do-flamengo-nao-respeita-contrato-e-critica-o-time-na-internet\/","title":{"rendered":"Patrocinador do Flamengo n\u00e3o respeita contrato e critica o time na internet"},"content":{"rendered":"\n<p>Em meio \u00e0 pol\u00eamica com o patroc\u00ednio da Havan, mais um parceiro do Flamengo deu o que falar nesta semana. Durante o confronto com o Uni\u00f3n La Calera, pela Libertadores, na \u00faltima ter\u00e7a-feira (11), Luis Felipe Adaime, CEO e founder da Moss, utilizando uma conta pessoal em rede social, fez cr\u00edticas ao time comandado por Rog\u00e9rio Ceni. <\/p>\n\n\n\n<p>Em uma das publica\u00e7\u00f5es, chegou a pedir que os jogadores se doassem mais em campo. Internamente, por\u00e9m, houve quem lembrasse que, em contrato, &#8220;\u00e9 vedado a qualquer das Partes dar entrevista ou pronunciar-se em nome da outra, bem como criticar, emitir opini\u00f5es ou fazer qualquer coment\u00e1rio acerca de seus nomes, marcas\/logotipos, diretores, dirigentes e gest\u00f5es desportivas e empresariais&#8221;. <\/p>\n\n\n\n<figure class=\"wp-block-embed is-type-rich is-provider-twitter wp-block-embed-twitter\"><div class=\"wp-block-embed__wrapper\">\n<blockquote class=\"twitter-tweet\" data-width=\"550\" data-dnt=\"true\"><p lang=\"pt\" dir=\"ltr\">perder pra esse timeco de varzea ta duro. vamo porra<\/p>&mdash; Luis Felipe Adaime (@luis_adaime) <a href=\"https:\/\/twitter.com\/luis_adaime\/status\/1392297924789428228?ref_src=twsrc%5Etfw\">May 12, 2021<\/a><\/blockquote><script async src=\"https:\/\/platform.twitter.com\/widgets.js\" charset=\"utf-8\"><\/script>\n<\/div><\/figure>\n\n\n\n<p>O UOL Esporte procurou o Rubro-Negro e a Moss, que n\u00e3o se pronunciaram sobre o epis\u00f3dio.<\/p>\n\n\n\n<p>Retirado de: UOL<\/p>\n","protected":false},"excerpt":{"rendered":"<p>Em meio \u00e0 pol\u00eamica com o patroc\u00ednio da Havan, mais um parceiro do Flamengo deu o que falar nesta semana. Durante o confronto com o Uni\u00f3n La Calera, pela Libertadores, na \u00faltima ter\u00e7a-feira (11), Luis Felipe Adaime, CEO e founder da Moss, utilizando uma conta pessoal em rede social, fez cr\u00edticas ao time comandado por [&hellip;]<\/p>\n","protected":false},"author":1,"featured_media":58460,"comment_status":"open","ping_status":"closed","sticky":false,"template":"","format":"standard","meta":{"footnotes":""},"categories":[1],"tags":[],"class_list":["post-61071","post","type-post","status-publish","format-standard","has-post-thumbnail","hentry","category-flamengo"],"yoast_head":"<!-- This site is optimized with the Yoast SEO Premium plugin v24.2 (Yoast SEO v26.9) - https:\/\/yoast.com\/product\/yoast-seo-premium-wordpress\/ -->\n<title>Patrocinador do Flamengo n\u00e3o respeita contrato e critica o time na internet<\/title>\n<meta name=\"robots\" content=\"index, follow, max-snippet:-1, max-image-preview:large, max-video-preview:-1\" \/>\n<link rel=\"canonical\" href=\"https:\/\/www.gaveanews.com\/index.php\/2021\/05\/13\/patrocinador-do-flamengo-nao-respeita-contrato-e-critica-o-time-na-internet\/\" \/>\n<meta property=\"og:locale\" content=\"pt_BR\" \/>\n<meta property=\"og:type\" content=\"article\" \/>\n<meta property=\"og:title\" content=\"Patrocinador do Flamengo n\u00e3o respeita contrato e critica o time na internet\" \/>\n<meta property=\"og:description\" content=\"Em meio \u00e0 pol\u00eamica com o patroc\u00ednio da Havan, mais um parceiro do Flamengo deu o que falar nesta semana. Durante o confronto com o Uni\u00f3n La Calera, pela Libertadores, na \u00faltima ter\u00e7a-feira (11), Luis Felipe Adaime, CEO e founder da Moss, utilizando uma conta pessoal em rede social, fez cr\u00edticas ao time comandado por [&hellip;]\" \/>\n<meta property=\"og:url\" content=\"https:\/\/www.gaveanews.com\/index.php\/2021\/05\/13\/patrocinador-do-flamengo-nao-respeita-contrato-e-critica-o-time-na-internet\/\" \/>\n<meta property=\"og:site_name\" content=\"G\u00e1vea News\" \/>\n<meta property=\"article:publisher\" content=\"https:\/\/facebook.com\/gaveaNews\/\" \/>\n<meta property=\"article:published_time\" content=\"2021-05-13T13:54:50+00:00\" \/>\n<meta property=\"article:modified_time\" content=\"2021-05-13T13:54:53+00:00\" \/>\n<meta property=\"og:image\" content=\"https:\/\/www.gaveanews.com\/wp-content\/uploads\/Logomarca-da-empresa-Moss.webp\" \/>\n\t<meta property=\"og:image:width\" content=\"2363\" \/>\n\t<meta property=\"og:image:height\" content=\"1773\" \/>\n\t<meta property=\"og:image:type\" content=\"image\/png\" \/>\n<meta name=\"author\" content=\"Equipe G\u00e1vea News\" \/>\n<meta name=\"twitter:card\" content=\"summary_large_image\" \/>\n<meta name=\"twitter:label1\" content=\"Escrito por\" \/>\n\t<meta name=\"twitter:data1\" content=\"Equipe G\u00e1vea News\" \/>\n\t<meta name=\"twitter:label2\" content=\"Est. tempo de leitura\" \/>\n\t<meta name=\"twitter:data2\" content=\"1 minuto\" \/>\n<script type=\"application\/ld+json\" class=\"yoast-schema-graph\">{\"@context\":\"https:\/\/schema.org\",\"@graph\":[{\"@type\":\"NewsArticle\",\"@id\":\"https:\/\/www.gaveanews.com\/index.php\/2021\/05\/13\/patrocinador-do-flamengo-nao-respeita-contrato-e-critica-o-time-na-internet\/#article\",\"isPartOf\":{\"@id\":\"https:\/\/www.gaveanews.com\/index.php\/2021\/05\/13\/patrocinador-do-flamengo-nao-respeita-contrato-e-critica-o-time-na-internet\/\"},\"author\":{\"name\":\"Equipe G\u00e1vea News\",\"@id\":\"https:\/\/www.gaveanews.com\/#\/schema\/person\/2ec14f73fb96be2caf28f91afb14749d\"},\"headline\":\"Patrocinador do Flamengo n\u00e3o respeita contrato e critica o time na internet\",\"datePublished\":\"2021-05-13T13:54:50+00:00\",\"dateModified\":\"2021-05-13T13:54:53+00:00\",\"mainEntityOfPage\":{\"@id\":\"https:\/\/www.gaveanews.com\/index.php\/2021\/05\/13\/patrocinador-do-flamengo-nao-respeita-contrato-e-critica-o-time-na-internet\/\"},\"wordCount\":164,\"commentCount\":76,\"image\":{\"@id\":\"https:\/\/www.gaveanews.com\/index.php\/2021\/05\/13\/patrocinador-do-flamengo-nao-respeita-contrato-e-critica-o-time-na-internet\/#primaryimage\"},\"thumbnailUrl\":\"https:\/\/www.gaveanews.com\/wp-content\/uploads\/Logomarca-da-empresa-Moss.webp\",\"articleSection\":[\"Flamengo\"],\"inLanguage\":\"pt-BR\",\"potentialAction\":[{\"@type\":\"CommentAction\",\"name\":\"Comment\",\"target\":[\"https:\/\/www.gaveanews.com\/index.php\/2021\/05\/13\/patrocinador-do-flamengo-nao-respeita-contrato-e-critica-o-time-na-internet\/#respond\"]}],\"copyrightYear\":\"2021\",\"copyrightHolder\":{\"@id\":\"https:\/\/www.gaveanews.com\/#organization\"}},{\"@type\":\"WebPage\",\"@id\":\"https:\/\/www.gaveanews.com\/index.php\/2021\/05\/13\/patrocinador-do-flamengo-nao-respeita-contrato-e-critica-o-time-na-internet\/\",\"url\":\"https:\/\/www.gaveanews.com\/index.php\/2021\/05\/13\/patrocinador-do-flamengo-nao-respeita-contrato-e-critica-o-time-na-internet\/\",\"name\":\"Patrocinador do Flamengo n\u00e3o respeita contrato e critica o time na internet\",\"isPartOf\":{\"@id\":\"https:\/\/www.gaveanews.com\/#website\"},\"primaryImageOfPage\":{\"@id\":\"https:\/\/www.gaveanews.com\/index.php\/2021\/05\/13\/patrocinador-do-flamengo-nao-respeita-contrato-e-critica-o-time-na-internet\/#primaryimage\"},\"image\":{\"@id\":\"https:\/\/www.gaveanews.com\/index.php\/2021\/05\/13\/patrocinador-do-flamengo-nao-respeita-contrato-e-critica-o-time-na-internet\/#primaryimage\"},\"thumbnailUrl\":\"https:\/\/www.gaveanews.com\/wp-content\/uploads\/Logomarca-da-empresa-Moss.webp\",\"datePublished\":\"2021-05-13T13:54:50+00:00\",\"dateModified\":\"2021-05-13T13:54:53+00:00\",\"author\":{\"@id\":\"https:\/\/www.gaveanews.com\/#\/schema\/person\/2ec14f73fb96be2caf28f91afb14749d\"},\"breadcrumb\":{\"@id\":\"https:\/\/www.gaveanews.com\/index.php\/2021\/05\/13\/patrocinador-do-flamengo-nao-respeita-contrato-e-critica-o-time-na-internet\/#breadcrumb\"},\"inLanguage\":\"pt-BR\",\"potentialAction\":[{\"@type\":\"ReadAction\",\"target\":[\"https:\/\/www.gaveanews.com\/index.php\/2021\/05\/13\/patrocinador-do-flamengo-nao-respeita-contrato-e-critica-o-time-na-internet\/\"]}]},{\"@type\":\"ImageObject\",\"inLanguage\":\"pt-BR\",\"@id\":\"https:\/\/www.gaveanews.com\/index.php\/2021\/05\/13\/patrocinador-do-flamengo-nao-respeita-contrato-e-critica-o-time-na-internet\/#primaryimage\",\"url\":\"https:\/\/www.gaveanews.com\/wp-content\/uploads\/Logomarca-da-empresa-Moss.webp\",\"contentUrl\":\"https:\/\/www.gaveanews.com\/wp-content\/uploads\/Logomarca-da-empresa-Moss.webp\",\"width\":2363,\"height\":1773,\"caption\":\"Logomarca da empresa Moss (Foto: Reprodu\u00e7\u00e3o\/Fintechs Brasil)\"},{\"@type\":\"BreadcrumbList\",\"@id\":\"https:\/\/www.gaveanews.com\/index.php\/2021\/05\/13\/patrocinador-do-flamengo-nao-respeita-contrato-e-critica-o-time-na-internet\/#breadcrumb\",\"itemListElement\":[{\"@type\":\"ListItem\",\"position\":1,\"name\":\"Home\",\"item\":\"https:\/\/www.gaveanews.com\/\"},{\"@type\":\"ListItem\",\"position\":2,\"name\":\"Patrocinador do Flamengo n\u00e3o respeita contrato e critica o time na internet\"}]},{\"@type\":\"WebSite\",\"@id\":\"https:\/\/www.gaveanews.com\/#website\",\"url\":\"https:\/\/www.gaveanews.com\/\",\"name\":\"G\u00e1vea News\",\"description\":\"Veja todas as not\u00edcias sobre o Flamengo: Contrata\u00e7\u00f5es, categorias de base, resultados das partidas, tabela de classifica\u00e7\u00e3o, pr\u00f3ximos jogos!\",\"potentialAction\":[{\"@type\":\"SearchAction\",\"target\":{\"@type\":\"EntryPoint\",\"urlTemplate\":\"https:\/\/www.gaveanews.com\/?s={search_term_string}\"},\"query-input\":{\"@type\":\"PropertyValueSpecification\",\"valueRequired\":true,\"valueName\":\"search_term_string\"}}],\"inLanguage\":\"pt-BR\"},{\"@type\":\"Person\",\"@id\":\"https:\/\/www.gaveanews.com\/#\/schema\/person\/2ec14f73fb96be2caf28f91afb14749d\",\"name\":\"Equipe G\u00e1vea News\",\"image\":{\"@type\":\"ImageObject\",\"inLanguage\":\"pt-BR\",\"@id\":\"https:\/\/www.gaveanews.com\/#\/schema\/person\/image\/\",\"url\":\"https:\/\/secure.gravatar.com\/avatar\/1e1956f1facbffd3f8fa53a326721950116b3b9dc9bd44939c01180fd4a745a9?s=96&d=mm&r=g\",\"contentUrl\":\"https:\/\/secure.gravatar.com\/avatar\/1e1956f1facbffd3f8fa53a326721950116b3b9dc9bd44939c01180fd4a745a9?s=96&d=mm&r=g\",\"caption\":\"Equipe G\u00e1vea News\"}}]}<\/script>\n<!-- \/ Yoast SEO Premium plugin. -->","yoast_head_json":{"title":"Patrocinador do Flamengo n\u00e3o respeita contrato e critica o time na internet","robots":{"index":"index","follow":"follow","max-snippet":"max-snippet:-1","max-image-preview":"max-image-preview:large","max-video-preview":"max-video-preview:-1"},"canonical":"https:\/\/www.gaveanews.com\/index.php\/2021\/05\/13\/patrocinador-do-flamengo-nao-respeita-contrato-e-critica-o-time-na-internet\/","og_locale":"pt_BR","og_type":"article","og_title":"Patrocinador do Flamengo n\u00e3o respeita contrato e critica o time na internet","og_description":"Em meio \u00e0 pol\u00eamica com o patroc\u00ednio da Havan, mais um parceiro do Flamengo deu o que falar nesta semana. Durante o confronto com o Uni\u00f3n La Calera, pela Libertadores, na \u00faltima ter\u00e7a-feira (11), Luis Felipe Adaime, CEO e founder da Moss, utilizando uma conta pessoal em rede social, fez cr\u00edticas ao time comandado por [&hellip;]","og_url":"https:\/\/www.gaveanews.com\/index.php\/2021\/05\/13\/patrocinador-do-flamengo-nao-respeita-contrato-e-critica-o-time-na-internet\/","og_site_name":"G\u00e1vea News","article_publisher":"https:\/\/facebook.com\/gaveaNews\/","article_published_time":"2021-05-13T13:54:50+00:00","article_modified_time":"2021-05-13T13:54:53+00:00","og_image":[{"width":2363,"height":1773,"url":"https:\/\/www.gaveanews.com\/wp-content\/uploads\/Logomarca-da-empresa-Moss.webp","type":"image\/png"}],"author":"Equipe G\u00e1vea News","twitter_card":"summary_large_image","twitter_misc":{"Escrito por":"Equipe G\u00e1vea News","Est. tempo de leitura":"1 minuto"},"schema":{"@context":"https:\/\/schema.org","@graph":[{"@type":"NewsArticle","@id":"https:\/\/www.gaveanews.com\/index.php\/2021\/05\/13\/patrocinador-do-flamengo-nao-respeita-contrato-e-critica-o-time-na-internet\/#article","isPartOf":{"@id":"https:\/\/www.gaveanews.com\/index.php\/2021\/05\/13\/patrocinador-do-flamengo-nao-respeita-contrato-e-critica-o-time-na-internet\/"},"author":{"name":"Equipe G\u00e1vea News","@id":"https:\/\/www.gaveanews.com\/#\/schema\/person\/2ec14f73fb96be2caf28f91afb14749d"},"headline":"Patrocinador do Flamengo n\u00e3o respeita contrato e critica o time na internet","datePublished":"2021-05-13T13:54:50+00:00","dateModified":"2021-05-13T13:54:53+00:00","mainEntityOfPage":{"@id":"https:\/\/www.gaveanews.com\/index.php\/2021\/05\/13\/patrocinador-do-flamengo-nao-respeita-contrato-e-critica-o-time-na-internet\/"},"wordCount":164,"commentCount":76,"image":{"@id":"https:\/\/www.gaveanews.com\/index.php\/2021\/05\/13\/patrocinador-do-flamengo-nao-respeita-contrato-e-critica-o-time-na-internet\/#primaryimage"},"thumbnailUrl":"https:\/\/www.gaveanews.com\/wp-content\/uploads\/Logomarca-da-empresa-Moss.webp","articleSection":["Flamengo"],"inLanguage":"pt-BR","potentialAction":[{"@type":"CommentAction","name":"Comment","target":["https:\/\/www.gaveanews.com\/index.php\/2021\/05\/13\/patrocinador-do-flamengo-nao-respeita-contrato-e-critica-o-time-na-internet\/#respond"]}],"copyrightYear":"2021","copyrightHolder":{"@id":"https:\/\/www.gaveanews.com\/#organization"}},{"@type":"WebPage","@id":"https:\/\/www.gaveanews.com\/index.php\/2021\/05\/13\/patrocinador-do-flamengo-nao-respeita-contrato-e-critica-o-time-na-internet\/","url":"https:\/\/www.gaveanews.com\/index.php\/2021\/05\/13\/patrocinador-do-flamengo-nao-respeita-contrato-e-critica-o-time-na-internet\/","name":"Patrocinador do Flamengo n\u00e3o respeita contrato e critica o time na internet","isPartOf":{"@id":"https:\/\/www.gaveanews.com\/#website"},"primaryImageOfPage":{"@id":"https:\/\/www.gaveanews.com\/index.php\/2021\/05\/13\/patrocinador-do-flamengo-nao-respeita-contrato-e-critica-o-time-na-internet\/#primaryimage"},"image":{"@id":"https:\/\/www.gaveanews.com\/index.php\/2021\/05\/13\/patrocinador-do-flamengo-nao-respeita-contrato-e-critica-o-time-na-internet\/#primaryimage"},"thumbnailUrl":"https:\/\/www.gaveanews.com\/wp-content\/uploads\/Logomarca-da-empresa-Moss.webp","datePublished":"2021-05-13T13:54:50+00:00","dateModified":"2021-05-13T13:54:53+00:00","author":{"@id":"https:\/\/www.gaveanews.com\/#\/schema\/person\/2ec14f73fb96be2caf28f91afb14749d"},"breadcrumb":{"@id":"https:\/\/www.gaveanews.com\/index.php\/2021\/05\/13\/patrocinador-do-flamengo-nao-respeita-contrato-e-critica-o-time-na-internet\/#breadcrumb"},"inLanguage":"pt-BR","potentialAction":[{"@type":"ReadAction","target":["https:\/\/www.gaveanews.com\/index.php\/2021\/05\/13\/patrocinador-do-flamengo-nao-respeita-contrato-e-critica-o-time-na-internet\/"]}]},{"@type":"ImageObject","inLanguage":"pt-BR","@id":"https:\/\/www.gaveanews.com\/index.php\/2021\/05\/13\/patrocinador-do-flamengo-nao-respeita-contrato-e-critica-o-time-na-internet\/#primaryimage","url":"https:\/\/www.gaveanews.com\/wp-content\/uploads\/Logomarca-da-empresa-Moss.webp","contentUrl":"https:\/\/www.gaveanews.com\/wp-content\/uploads\/Logomarca-da-empresa-Moss.webp","width":2363,"height":1773,"caption":"Logomarca da empresa Moss (Foto: Reprodu\u00e7\u00e3o\/Fintechs Brasil)"},{"@type":"BreadcrumbList","@id":"https:\/\/www.gaveanews.com\/index.php\/2021\/05\/13\/patrocinador-do-flamengo-nao-respeita-contrato-e-critica-o-time-na-internet\/#breadcrumb","itemListElement":[{"@type":"ListItem","position":1,"name":"Home","item":"https:\/\/www.gaveanews.com\/"},{"@type":"ListItem","position":2,"name":"Patrocinador do Flamengo n\u00e3o respeita contrato e critica o time na internet"}]},{"@type":"WebSite","@id":"https:\/\/www.gaveanews.com\/#website","url":"https:\/\/www.gaveanews.com\/","name":"G\u00e1vea News","description":"Veja todas as not\u00edcias sobre o Flamengo: Contrata\u00e7\u00f5es, categorias de base, resultados das partidas, tabela de classifica\u00e7\u00e3o, pr\u00f3ximos jogos!","potentialAction":[{"@type":"SearchAction","target":{"@type":"EntryPoint","urlTemplate":"https:\/\/www.gaveanews.com\/?s={search_term_string}"},"query-input":{"@type":"PropertyValueSpecification","valueRequired":true,"valueName":"search_term_string"}}],"inLanguage":"pt-BR"},{"@type":"Person","@id":"https:\/\/www.gaveanews.com\/#\/schema\/person\/2ec14f73fb96be2caf28f91afb14749d","name":"Equipe G\u00e1vea News","image":{"@type":"ImageObject","inLanguage":"pt-BR","@id":"https:\/\/www.gaveanews.com\/#\/schema\/person\/image\/","url":"https:\/\/secure.gravatar.com\/avatar\/1e1956f1facbffd3f8fa53a326721950116b3b9dc9bd44939c01180fd4a745a9?s=96&d=mm&r=g","contentUrl":"https:\/\/secure.gravatar.com\/avatar\/1e1956f1facbffd3f8fa53a326721950116b3b9dc9bd44939c01180fd4a745a9?s=96&d=mm&r=g","caption":"Equipe G\u00e1vea News"}}]}},"_links":{"self":[{"href":"https:\/\/www.gaveanews.com\/index.php\/wp-json\/wp\/v2\/posts\/61071","targetHints":{"allow":["GET"]}}],"collection":[{"href":"https:\/\/www.gaveanews.com\/index.php\/wp-json\/wp\/v2\/posts"}],"about":[{"href":"https:\/\/www.gaveanews.com\/index.php\/wp-json\/wp\/v2\/types\/post"}],"author":[{"embeddable":true,"href":"https:\/\/www.gaveanews.com\/index.php\/wp-json\/wp\/v2\/users\/1"}],"replies":[{"embeddable":true,"href":"https:\/\/www.gaveanews.com\/index.php\/wp-json\/wp\/v2\/comments?post=61071"}],"version-history":[{"count":0,"href":"https:\/\/www.gaveanews.com\/index.php\/wp-json\/wp\/v2\/posts\/61071\/revisions"}],"wp:featuredmedia":[{"embeddable":true,"href":"https:\/\/www.gaveanews.com\/index.php\/wp-json\/wp\/v2\/media\/58460"}],"wp:attachment":[{"href":"https:\/\/www.gaveanews.com\/index.php\/wp-json\/wp\/v2\/media?parent=61071"}],"wp:term":[{"taxonomy":"category","embeddable":true,"href":"https:\/\/www.gaveanews.com\/index.php\/wp-json\/wp\/v2\/categories?post=61071"},{"taxonomy":"post_tag","embeddable":true,"href":"https:\/\/www.gaveanews.com\/index.php\/wp-json\/wp\/v2\/tags?post=61071"}],"curies":[{"name":"wp","href":"https:\/\/api.w.org\/{rel}","templated":true}]}}