{"id":61092,"date":"2021-05-13T14:05:16","date_gmt":"2021-05-13T17:05:16","guid":{"rendered":"https:\/\/www.gaveanews.com\/?p=61092"},"modified":"2021-08-12T00:50:03","modified_gmt":"2021-08-12T03:50:03","slug":"apos-polemica-em-rede-social-patrocinador-do-flamengo-se-manifesta","status":"publish","type":"post","link":"https:\/\/www.gaveanews.com\/index.php\/2021\/05\/13\/apos-polemica-em-rede-social-patrocinador-do-flamengo-se-manifesta\/","title":{"rendered":"Ap\u00f3s pol\u00eamica em rede social, patrocinador do Flamengo se manifesta"},"content":{"rendered":"\n<p>Na \u00faltima ter\u00e7a-feira (11), o Flamengo visitou o Uni\u00f3n La Calera e empatou em 2 a 2. Com desempenho muito abaixo do esperado, principalmente no primeiro tempo, o rubro-negro levou muitos torcedores \u00e0 loucura.<\/p>\n\n\n\n<p>A primeira etapa, irreconhec\u00edvel, da partida, deixou v\u00e1rios flamenguistas indignados. O resultado da situa\u00e7\u00e3o levou v\u00e1rios internautas a criticarem alguns dos jogadores do elenco nas redes sociais. Outros, por sua vez, reclamaram da inefetividade da equipe em campo.<\/p>\n\n\n\n<p>Um deles foi Luiz Felipe Adaime, CEO da Moss. <a href=\"https:\/\/www.gaveanews.com\/index.php\/2021\/05\/13\/patrocinador-do-flamengo-nao-respeita-contrato-e-critica-o-time-na-internet\/\">Em seu perfil do Twitter, o Diretor Executivo da empresa criticou a atua\u00e7\u00e3o do time no Chile<\/a>. A atitude foi mal vista e gerou desconforto no clube, uma vez que o contrato com a empresa prev\u00ea que<strong><em> &#8220;\u00e9 vedado a qualquer das partes dar entrevista ou pronunciar-se em nome da outra, bem como criticar, emitir opini\u00f5es ou fazer qualquer coment\u00e1rio acerca de seus nomes, marcas\/logotipos, diretores, dirigentes e gest\u00f5es desportivas e empresariais&#8221;<\/em><\/strong>.<\/p>\n\n\n\n<p>Ap\u00f3s sua publica\u00e7\u00e3o ter repercutido na internet, Luis Felipe fez uma declara\u00e7\u00e3o em seu perfil, na qual o CEO se desculpa \u00e0 Na\u00e7\u00e3o por seu comportamento em rela\u00e7\u00e3o \u00e0 partida e afirma ainda estar se adaptando a representar uma empresa nas redes sociais.<\/p>\n\n\n\n<h2 class=\"wp-block-heading\" id=\"h-confira-a-publica-o\">Confira a publica\u00e7\u00e3o:<\/h2>\n\n\n\n<figure class=\"wp-block-embed is-type-rich is-provider-twitter wp-block-embed-twitter\"><div class=\"wp-block-embed__wrapper\">\n<blockquote class=\"twitter-tweet\" data-width=\"550\" data-dnt=\"true\"><p lang=\"pt\" dir=\"ltr\">Querida Nacao e <a href=\"https:\/\/twitter.com\/Flamengo?ref_src=twsrc%5Etfw\">@Flamengo<\/a>: peco perdao se me exaltei no meu perfil. Vcs tem razao, devo assumir o papel de patrocinador e apoiar o clube e seus atletas sempre. Se pareceu que critiquei, foi no calor do momento, como torcedor. Nunca fui pessoa publica e to me adaptando, SRN<\/p>&mdash; Luis Felipe Adaime (@luis_adaime) <a href=\"https:\/\/twitter.com\/luis_adaime\/status\/1392855546781478913?ref_src=twsrc%5Etfw\">May 13, 2021<\/a><\/blockquote><script async src=\"https:\/\/platform.twitter.com\/widgets.js\" charset=\"utf-8\"><\/script>\n<\/div><\/figure>\n\n\n\n<p>Em meio a isso, o elenco rubro-negro se prepara para enfrentar o Fluminense pela final do Campeonato Carioca. A partida ocorrer\u00e1 \u00e1s 21h05 (hor\u00e1rio de Bras\u00edlia), deste s\u00e1bado (15), e <a href=\"https:\/\/www.gaveanews.com\/index.php\/2021\/05\/12\/record-vai-transmitir-flamengo-e-fluminense-para-todo-o-brasil\/\">ser\u00e1 transmitida pela Record<\/a>.<\/p>\n","protected":false},"excerpt":{"rendered":"<p>Na \u00faltima ter\u00e7a-feira (11), o Flamengo visitou o Uni\u00f3n La Calera e empatou em 2 a 2. Com desempenho muito abaixo do esperado, principalmente no primeiro tempo, o rubro-negro levou muitos torcedores \u00e0 loucura. A primeira etapa, irreconhec\u00edvel, da partida, deixou v\u00e1rios flamenguistas indignados. O resultado da situa\u00e7\u00e3o levou v\u00e1rios internautas a criticarem alguns dos [&hellip;]<\/p>\n","protected":false},"author":4,"featured_media":61096,"comment_status":"open","ping_status":"closed","sticky":false,"template":"","format":"standard","meta":{"footnotes":""},"categories":[1],"tags":[],"class_list":["post-61092","post","type-post","status-publish","format-standard","has-post-thumbnail","hentry","category-flamengo"],"yoast_head":"<!-- This site is optimized with the Yoast SEO Premium plugin v24.2 (Yoast SEO v26.9) - https:\/\/yoast.com\/product\/yoast-seo-premium-wordpress\/ -->\n<title>Ap\u00f3s pol\u00eamica em rede social, patrocinador do Flamengo se manifesta<\/title>\n<meta name=\"robots\" content=\"index, follow, max-snippet:-1, max-image-preview:large, max-video-preview:-1\" \/>\n<link rel=\"canonical\" href=\"https:\/\/www.gaveanews.com\/index.php\/2021\/05\/13\/apos-polemica-em-rede-social-patrocinador-do-flamengo-se-manifesta\/\" \/>\n<meta property=\"og:locale\" content=\"pt_BR\" \/>\n<meta property=\"og:type\" content=\"article\" \/>\n<meta property=\"og:title\" content=\"Ap\u00f3s pol\u00eamica em rede social, patrocinador do Flamengo se manifesta\" \/>\n<meta property=\"og:description\" content=\"Na \u00faltima ter\u00e7a-feira (11), o Flamengo visitou o Uni\u00f3n La Calera e empatou em 2 a 2. Com desempenho muito abaixo do esperado, principalmente no primeiro tempo, o rubro-negro levou muitos torcedores \u00e0 loucura. A primeira etapa, irreconhec\u00edvel, da partida, deixou v\u00e1rios flamenguistas indignados. O resultado da situa\u00e7\u00e3o levou v\u00e1rios internautas a criticarem alguns dos [&hellip;]\" \/>\n<meta property=\"og:url\" content=\"https:\/\/www.gaveanews.com\/index.php\/2021\/05\/13\/apos-polemica-em-rede-social-patrocinador-do-flamengo-se-manifesta\/\" \/>\n<meta property=\"og:site_name\" content=\"G\u00e1vea News\" \/>\n<meta property=\"article:publisher\" content=\"https:\/\/facebook.com\/gaveaNews\/\" \/>\n<meta property=\"article:published_time\" content=\"2021-05-13T17:05:16+00:00\" \/>\n<meta property=\"article:modified_time\" content=\"2021-08-12T03:50:03+00:00\" \/>\n<meta property=\"og:image\" content=\"https:\/\/www.gaveanews.com\/wp-content\/uploads\/Parceria-entre-Moss-e-Flamengo.webp\" \/>\n\t<meta property=\"og:image:width\" content=\"783\" \/>\n\t<meta property=\"og:image:height\" content=\"391\" \/>\n\t<meta property=\"og:image:type\" content=\"image\/jpeg\" \/>\n<meta name=\"author\" content=\"Let\u00edcia Gerheim\" \/>\n<meta name=\"twitter:card\" content=\"summary_large_image\" \/>\n<meta name=\"twitter:label1\" content=\"Escrito por\" \/>\n\t<meta name=\"twitter:data1\" content=\"Let\u00edcia Gerheim\" \/>\n\t<meta name=\"twitter:label2\" content=\"Est. tempo de leitura\" \/>\n\t<meta name=\"twitter:data2\" content=\"2 minutos\" \/>\n<script type=\"application\/ld+json\" class=\"yoast-schema-graph\">{\"@context\":\"https:\/\/schema.org\",\"@graph\":[{\"@type\":\"NewsArticle\",\"@id\":\"https:\/\/www.gaveanews.com\/index.php\/2021\/05\/13\/apos-polemica-em-rede-social-patrocinador-do-flamengo-se-manifesta\/#article\",\"isPartOf\":{\"@id\":\"https:\/\/www.gaveanews.com\/index.php\/2021\/05\/13\/apos-polemica-em-rede-social-patrocinador-do-flamengo-se-manifesta\/\"},\"author\":{\"name\":\"Let\u00edcia Gerheim\",\"@id\":\"https:\/\/www.gaveanews.com\/#\/schema\/person\/714c67050b836198af2450ba1c142a67\"},\"headline\":\"Ap\u00f3s pol\u00eamica em rede social, patrocinador do Flamengo se manifesta\",\"datePublished\":\"2021-05-13T17:05:16+00:00\",\"dateModified\":\"2021-08-12T03:50:03+00:00\",\"mainEntityOfPage\":{\"@id\":\"https:\/\/www.gaveanews.com\/index.php\/2021\/05\/13\/apos-polemica-em-rede-social-patrocinador-do-flamengo-se-manifesta\/\"},\"wordCount\":264,\"commentCount\":25,\"image\":{\"@id\":\"https:\/\/www.gaveanews.com\/index.php\/2021\/05\/13\/apos-polemica-em-rede-social-patrocinador-do-flamengo-se-manifesta\/#primaryimage\"},\"thumbnailUrl\":\"https:\/\/www.gaveanews.com\/wp-content\/uploads\/Parceria-entre-Moss-e-Flamengo.webp\",\"articleSection\":[\"Flamengo\"],\"inLanguage\":\"pt-BR\",\"potentialAction\":[{\"@type\":\"CommentAction\",\"name\":\"Comment\",\"target\":[\"https:\/\/www.gaveanews.com\/index.php\/2021\/05\/13\/apos-polemica-em-rede-social-patrocinador-do-flamengo-se-manifesta\/#respond\"]}],\"copyrightYear\":\"2021\",\"copyrightHolder\":{\"@id\":\"https:\/\/www.gaveanews.com\/#organization\"}},{\"@type\":\"WebPage\",\"@id\":\"https:\/\/www.gaveanews.com\/index.php\/2021\/05\/13\/apos-polemica-em-rede-social-patrocinador-do-flamengo-se-manifesta\/\",\"url\":\"https:\/\/www.gaveanews.com\/index.php\/2021\/05\/13\/apos-polemica-em-rede-social-patrocinador-do-flamengo-se-manifesta\/\",\"name\":\"Ap\u00f3s pol\u00eamica em rede social, patrocinador do Flamengo se manifesta\",\"isPartOf\":{\"@id\":\"https:\/\/www.gaveanews.com\/#website\"},\"primaryImageOfPage\":{\"@id\":\"https:\/\/www.gaveanews.com\/index.php\/2021\/05\/13\/apos-polemica-em-rede-social-patrocinador-do-flamengo-se-manifesta\/#primaryimage\"},\"image\":{\"@id\":\"https:\/\/www.gaveanews.com\/index.php\/2021\/05\/13\/apos-polemica-em-rede-social-patrocinador-do-flamengo-se-manifesta\/#primaryimage\"},\"thumbnailUrl\":\"https:\/\/www.gaveanews.com\/wp-content\/uploads\/Parceria-entre-Moss-e-Flamengo.webp\",\"datePublished\":\"2021-05-13T17:05:16+00:00\",\"dateModified\":\"2021-08-12T03:50:03+00:00\",\"author\":{\"@id\":\"https:\/\/www.gaveanews.com\/#\/schema\/person\/714c67050b836198af2450ba1c142a67\"},\"breadcrumb\":{\"@id\":\"https:\/\/www.gaveanews.com\/index.php\/2021\/05\/13\/apos-polemica-em-rede-social-patrocinador-do-flamengo-se-manifesta\/#breadcrumb\"},\"inLanguage\":\"pt-BR\",\"potentialAction\":[{\"@type\":\"ReadAction\",\"target\":[\"https:\/\/www.gaveanews.com\/index.php\/2021\/05\/13\/apos-polemica-em-rede-social-patrocinador-do-flamengo-se-manifesta\/\"]}]},{\"@type\":\"ImageObject\",\"inLanguage\":\"pt-BR\",\"@id\":\"https:\/\/www.gaveanews.com\/index.php\/2021\/05\/13\/apos-polemica-em-rede-social-patrocinador-do-flamengo-se-manifesta\/#primaryimage\",\"url\":\"https:\/\/www.gaveanews.com\/wp-content\/uploads\/Parceria-entre-Moss-e-Flamengo.webp\",\"contentUrl\":\"https:\/\/www.gaveanews.com\/wp-content\/uploads\/Parceria-entre-Moss-e-Flamengo.webp\",\"width\":783,\"height\":391,\"caption\":\"Parceria entre Moss e Flamengo (Foto: Divulga\u00e7\u00e3o\/Flamengo)\"},{\"@type\":\"BreadcrumbList\",\"@id\":\"https:\/\/www.gaveanews.com\/index.php\/2021\/05\/13\/apos-polemica-em-rede-social-patrocinador-do-flamengo-se-manifesta\/#breadcrumb\",\"itemListElement\":[{\"@type\":\"ListItem\",\"position\":1,\"name\":\"Home\",\"item\":\"https:\/\/www.gaveanews.com\/\"},{\"@type\":\"ListItem\",\"position\":2,\"name\":\"Ap\u00f3s pol\u00eamica em rede social, patrocinador do Flamengo se manifesta\"}]},{\"@type\":\"WebSite\",\"@id\":\"https:\/\/www.gaveanews.com\/#website\",\"url\":\"https:\/\/www.gaveanews.com\/\",\"name\":\"G\u00e1vea News\",\"description\":\"Veja todas as not\u00edcias sobre o Flamengo: Contrata\u00e7\u00f5es, categorias de base, resultados das partidas, tabela de classifica\u00e7\u00e3o, pr\u00f3ximos jogos!\",\"potentialAction\":[{\"@type\":\"SearchAction\",\"target\":{\"@type\":\"EntryPoint\",\"urlTemplate\":\"https:\/\/www.gaveanews.com\/?s={search_term_string}\"},\"query-input\":{\"@type\":\"PropertyValueSpecification\",\"valueRequired\":true,\"valueName\":\"search_term_string\"}}],\"inLanguage\":\"pt-BR\"},{\"@type\":\"Person\",\"@id\":\"https:\/\/www.gaveanews.com\/#\/schema\/person\/714c67050b836198af2450ba1c142a67\",\"name\":\"Let\u00edcia Gerheim\",\"image\":{\"@type\":\"ImageObject\",\"inLanguage\":\"pt-BR\",\"@id\":\"https:\/\/www.gaveanews.com\/#\/schema\/person\/image\/\",\"url\":\"https:\/\/secure.gravatar.com\/avatar\/60734739c50fcebfbac509e2a826ccd0ff405c019bc73aab9354f19ecad1dcb4?s=96&d=mm&r=g\",\"contentUrl\":\"https:\/\/secure.gravatar.com\/avatar\/60734739c50fcebfbac509e2a826ccd0ff405c019bc73aab9354f19ecad1dcb4?s=96&d=mm&r=g\",\"caption\":\"Let\u00edcia Gerheim\"}}]}<\/script>\n<!-- \/ Yoast SEO Premium plugin. -->","yoast_head_json":{"title":"Ap\u00f3s pol\u00eamica em rede social, patrocinador do Flamengo se manifesta","robots":{"index":"index","follow":"follow","max-snippet":"max-snippet:-1","max-image-preview":"max-image-preview:large","max-video-preview":"max-video-preview:-1"},"canonical":"https:\/\/www.gaveanews.com\/index.php\/2021\/05\/13\/apos-polemica-em-rede-social-patrocinador-do-flamengo-se-manifesta\/","og_locale":"pt_BR","og_type":"article","og_title":"Ap\u00f3s pol\u00eamica em rede social, patrocinador do Flamengo se manifesta","og_description":"Na \u00faltima ter\u00e7a-feira (11), o Flamengo visitou o Uni\u00f3n La Calera e empatou em 2 a 2. Com desempenho muito abaixo do esperado, principalmente no primeiro tempo, o rubro-negro levou muitos torcedores \u00e0 loucura. A primeira etapa, irreconhec\u00edvel, da partida, deixou v\u00e1rios flamenguistas indignados. O resultado da situa\u00e7\u00e3o levou v\u00e1rios internautas a criticarem alguns dos [&hellip;]","og_url":"https:\/\/www.gaveanews.com\/index.php\/2021\/05\/13\/apos-polemica-em-rede-social-patrocinador-do-flamengo-se-manifesta\/","og_site_name":"G\u00e1vea News","article_publisher":"https:\/\/facebook.com\/gaveaNews\/","article_published_time":"2021-05-13T17:05:16+00:00","article_modified_time":"2021-08-12T03:50:03+00:00","og_image":[{"width":783,"height":391,"url":"https:\/\/www.gaveanews.com\/wp-content\/uploads\/Parceria-entre-Moss-e-Flamengo.webp","type":"image\/jpeg"}],"author":"Let\u00edcia Gerheim","twitter_card":"summary_large_image","twitter_misc":{"Escrito por":"Let\u00edcia Gerheim","Est. tempo de leitura":"2 minutos"},"schema":{"@context":"https:\/\/schema.org","@graph":[{"@type":"NewsArticle","@id":"https:\/\/www.gaveanews.com\/index.php\/2021\/05\/13\/apos-polemica-em-rede-social-patrocinador-do-flamengo-se-manifesta\/#article","isPartOf":{"@id":"https:\/\/www.gaveanews.com\/index.php\/2021\/05\/13\/apos-polemica-em-rede-social-patrocinador-do-flamengo-se-manifesta\/"},"author":{"name":"Let\u00edcia Gerheim","@id":"https:\/\/www.gaveanews.com\/#\/schema\/person\/714c67050b836198af2450ba1c142a67"},"headline":"Ap\u00f3s pol\u00eamica em rede social, patrocinador do Flamengo se manifesta","datePublished":"2021-05-13T17:05:16+00:00","dateModified":"2021-08-12T03:50:03+00:00","mainEntityOfPage":{"@id":"https:\/\/www.gaveanews.com\/index.php\/2021\/05\/13\/apos-polemica-em-rede-social-patrocinador-do-flamengo-se-manifesta\/"},"wordCount":264,"commentCount":25,"image":{"@id":"https:\/\/www.gaveanews.com\/index.php\/2021\/05\/13\/apos-polemica-em-rede-social-patrocinador-do-flamengo-se-manifesta\/#primaryimage"},"thumbnailUrl":"https:\/\/www.gaveanews.com\/wp-content\/uploads\/Parceria-entre-Moss-e-Flamengo.webp","articleSection":["Flamengo"],"inLanguage":"pt-BR","potentialAction":[{"@type":"CommentAction","name":"Comment","target":["https:\/\/www.gaveanews.com\/index.php\/2021\/05\/13\/apos-polemica-em-rede-social-patrocinador-do-flamengo-se-manifesta\/#respond"]}],"copyrightYear":"2021","copyrightHolder":{"@id":"https:\/\/www.gaveanews.com\/#organization"}},{"@type":"WebPage","@id":"https:\/\/www.gaveanews.com\/index.php\/2021\/05\/13\/apos-polemica-em-rede-social-patrocinador-do-flamengo-se-manifesta\/","url":"https:\/\/www.gaveanews.com\/index.php\/2021\/05\/13\/apos-polemica-em-rede-social-patrocinador-do-flamengo-se-manifesta\/","name":"Ap\u00f3s pol\u00eamica em rede social, patrocinador do Flamengo se manifesta","isPartOf":{"@id":"https:\/\/www.gaveanews.com\/#website"},"primaryImageOfPage":{"@id":"https:\/\/www.gaveanews.com\/index.php\/2021\/05\/13\/apos-polemica-em-rede-social-patrocinador-do-flamengo-se-manifesta\/#primaryimage"},"image":{"@id":"https:\/\/www.gaveanews.com\/index.php\/2021\/05\/13\/apos-polemica-em-rede-social-patrocinador-do-flamengo-se-manifesta\/#primaryimage"},"thumbnailUrl":"https:\/\/www.gaveanews.com\/wp-content\/uploads\/Parceria-entre-Moss-e-Flamengo.webp","datePublished":"2021-05-13T17:05:16+00:00","dateModified":"2021-08-12T03:50:03+00:00","author":{"@id":"https:\/\/www.gaveanews.com\/#\/schema\/person\/714c67050b836198af2450ba1c142a67"},"breadcrumb":{"@id":"https:\/\/www.gaveanews.com\/index.php\/2021\/05\/13\/apos-polemica-em-rede-social-patrocinador-do-flamengo-se-manifesta\/#breadcrumb"},"inLanguage":"pt-BR","potentialAction":[{"@type":"ReadAction","target":["https:\/\/www.gaveanews.com\/index.php\/2021\/05\/13\/apos-polemica-em-rede-social-patrocinador-do-flamengo-se-manifesta\/"]}]},{"@type":"ImageObject","inLanguage":"pt-BR","@id":"https:\/\/www.gaveanews.com\/index.php\/2021\/05\/13\/apos-polemica-em-rede-social-patrocinador-do-flamengo-se-manifesta\/#primaryimage","url":"https:\/\/www.gaveanews.com\/wp-content\/uploads\/Parceria-entre-Moss-e-Flamengo.webp","contentUrl":"https:\/\/www.gaveanews.com\/wp-content\/uploads\/Parceria-entre-Moss-e-Flamengo.webp","width":783,"height":391,"caption":"Parceria entre Moss e Flamengo (Foto: Divulga\u00e7\u00e3o\/Flamengo)"},{"@type":"BreadcrumbList","@id":"https:\/\/www.gaveanews.com\/index.php\/2021\/05\/13\/apos-polemica-em-rede-social-patrocinador-do-flamengo-se-manifesta\/#breadcrumb","itemListElement":[{"@type":"ListItem","position":1,"name":"Home","item":"https:\/\/www.gaveanews.com\/"},{"@type":"ListItem","position":2,"name":"Ap\u00f3s pol\u00eamica em rede social, patrocinador do Flamengo se manifesta"}]},{"@type":"WebSite","@id":"https:\/\/www.gaveanews.com\/#website","url":"https:\/\/www.gaveanews.com\/","name":"G\u00e1vea News","description":"Veja todas as not\u00edcias sobre o Flamengo: Contrata\u00e7\u00f5es, categorias de base, resultados das partidas, tabela de classifica\u00e7\u00e3o, pr\u00f3ximos jogos!","potentialAction":[{"@type":"SearchAction","target":{"@type":"EntryPoint","urlTemplate":"https:\/\/www.gaveanews.com\/?s={search_term_string}"},"query-input":{"@type":"PropertyValueSpecification","valueRequired":true,"valueName":"search_term_string"}}],"inLanguage":"pt-BR"},{"@type":"Person","@id":"https:\/\/www.gaveanews.com\/#\/schema\/person\/714c67050b836198af2450ba1c142a67","name":"Let\u00edcia Gerheim","image":{"@type":"ImageObject","inLanguage":"pt-BR","@id":"https:\/\/www.gaveanews.com\/#\/schema\/person\/image\/","url":"https:\/\/secure.gravatar.com\/avatar\/60734739c50fcebfbac509e2a826ccd0ff405c019bc73aab9354f19ecad1dcb4?s=96&d=mm&r=g","contentUrl":"https:\/\/secure.gravatar.com\/avatar\/60734739c50fcebfbac509e2a826ccd0ff405c019bc73aab9354f19ecad1dcb4?s=96&d=mm&r=g","caption":"Let\u00edcia Gerheim"}}]}},"_links":{"self":[{"href":"https:\/\/www.gaveanews.com\/index.php\/wp-json\/wp\/v2\/posts\/61092","targetHints":{"allow":["GET"]}}],"collection":[{"href":"https:\/\/www.gaveanews.com\/index.php\/wp-json\/wp\/v2\/posts"}],"about":[{"href":"https:\/\/www.gaveanews.com\/index.php\/wp-json\/wp\/v2\/types\/post"}],"author":[{"embeddable":true,"href":"https:\/\/www.gaveanews.com\/index.php\/wp-json\/wp\/v2\/users\/4"}],"replies":[{"embeddable":true,"href":"https:\/\/www.gaveanews.com\/index.php\/wp-json\/wp\/v2\/comments?post=61092"}],"version-history":[{"count":0,"href":"https:\/\/www.gaveanews.com\/index.php\/wp-json\/wp\/v2\/posts\/61092\/revisions"}],"wp:featuredmedia":[{"embeddable":true,"href":"https:\/\/www.gaveanews.com\/index.php\/wp-json\/wp\/v2\/media\/61096"}],"wp:attachment":[{"href":"https:\/\/www.gaveanews.com\/index.php\/wp-json\/wp\/v2\/media?parent=61092"}],"wp:term":[{"taxonomy":"category","embeddable":true,"href":"https:\/\/www.gaveanews.com\/index.php\/wp-json\/wp\/v2\/categories?post=61092"},{"taxonomy":"post_tag","embeddable":true,"href":"https:\/\/www.gaveanews.com\/index.php\/wp-json\/wp\/v2\/tags?post=61092"}],"curies":[{"name":"wp","href":"https:\/\/api.w.org\/{rel}","templated":true}]}}