{"id":61116,"date":"2021-05-13T19:23:30","date_gmt":"2021-05-13T22:23:30","guid":{"rendered":"https:\/\/www.gaveanews.com\/?p=61116"},"modified":"2021-08-12T00:49:57","modified_gmt":"2021-08-12T03:49:57","slug":"dirigente-do-flamengo-teme-por-convocacoes-e-critica-calendario","status":"publish","type":"post","link":"https:\/\/www.gaveanews.com\/index.php\/2021\/05\/13\/dirigente-do-flamengo-teme-por-convocacoes-e-critica-calendario\/","title":{"rendered":"Dirigente do Flamengo teme por convoca\u00e7\u00f5es e critica calend\u00e1rio"},"content":{"rendered":"\n<p>Com elenco multicampe\u00e3o em casa, o Flamengo j\u00e1 conquistou v\u00e1rios t\u00edtulos e, com a visibilidade ganha, agora carrega o &#8220;fardo&#8221; de ter v\u00e1rios integrantes do elenco despertando interesse de Sele\u00e7\u00f5es Sul-Americanas.<\/p>\n\n\n\n<p>Entrando em fase importante para sua classifica\u00e7\u00e3o nas oitavas de final da Libertadores, sua estreia no Brasileir\u00e3o e na Copa do Brasil, o Mais Querido esbarra em um obst\u00e1culo que poder\u00e1 fazer grande diferen\u00e7a no desempenho do time: as convoca\u00e7\u00f5es para as Eliminat\u00f3rias da Copa do Mundo.<\/p>\n\n\n\n<p>Levando em considera\u00e7\u00e3o a atual situa\u00e7\u00e3o do pa\u00eds em rela\u00e7\u00e3o ao enfrentamento da Covid, v\u00e1rios clubes europeus j\u00e1 indicaram que n\u00e3o liberar\u00e3o seus jogadores para viajarem ao Brasil. Assim, boa parte dos atletas que possuem cadeira cativa na Sele\u00e7\u00e3o Brasileira poder\u00e3o ficar de fora das pr\u00f3ximas partidas a serem disputadas no in\u00edcio do m\u00eas que vem.<\/p>\n\n\n\n<p>Neste contexto, existe a possibilidade de at\u00e9 6 jogadores brasileiros serem convocados por Tite. S\u00e3o eles: Rodrigo Caio, Gerson, Everton Ribeiro, Bruno Henrique, Gabigol e Pedro. Al\u00e9m destes, Arrascaeta e Isla tamb\u00e9m s\u00e3o frequentemente convocados para atuarem por Uruguai e Chile, respectivamente.<\/p>\n\n\n\n<p>Preocupado com a possibilidade de perder muitos de seus atletas de uma s\u00f3 vez, Bruno Spindel confirmou que o clube da G\u00e1vea teme pela convoca\u00e7\u00e3o desta sexta-feira (14) . O Diretor Executivo de Futebol tamb\u00e9m criticou o calend\u00e1rio das competi\u00e7\u00f5es Sul-Americanas.<\/p>\n\n\n\n<p><em><strong>\u2014 A gente entende que n\u00e3o seria justo, impacta no equil\u00edbrio esportivo da competi\u00e7\u00e3o. J\u00e1 n\u00e3o \u00e9 justo pela forma que o calend\u00e1rio \u00e9 feito, coloca em risco o equil\u00edbrio e ainda tira o brilho. No lugar de incentivar que os clubes tenham atletas de sele\u00e7\u00e3o, o calend\u00e1rio acaba punindo. A posi\u00e7\u00e3o do clube \u00e9 essa, a gente se preocupa muito e a institui\u00e7\u00e3o vai lidar com os problemas conforme eles forem surgindo.<\/strong><\/em><\/p>\n\n\n\n<p><em><strong>\u2014 A gente vai precisar lidar com isso. A gente fica feliz com convoca\u00e7\u00e3o, \u00e9 uma chancela ao trabalho do clube, do treinador, dos atletas, mas hoje traz um custo alto de performance, n\u00e3o me parece justo. Em vez de ser premiado pelo trabalho, o calend\u00e1rio acaba punindo de forma severa. Nenhum clube resiste em performance ao perder seis atletas em Data Fifa. \u00c9 risco de sa\u00fade, performance e desempenho.<\/strong><\/em><\/p>\n\n\n\n<p>Enquanto a CBF n\u00e3o divulga a lista de convocados, o elenco rubro-negro treina normalmente com foco no cl\u00e1ssico deste s\u00e1bado (15). O duelo contra o Fluminense ocorrer\u00e1 \u00e0s 21h05 (hor\u00e1rio de Bras\u00edlia) e <a href=\"https:\/\/www.gaveanews.com\/index.php\/2021\/05\/12\/record-vai-transmitir-flamengo-e-fluminense-para-todo-o-brasil\/\">ser\u00e1 transmitido pela Record<\/a>.<\/p>\n","protected":false},"excerpt":{"rendered":"<p>Com elenco multicampe\u00e3o em casa, o Flamengo j\u00e1 conquistou v\u00e1rios t\u00edtulos e, com a visibilidade ganha, agora carrega o &#8220;fardo&#8221; de ter v\u00e1rios integrantes do elenco despertando interesse de Sele\u00e7\u00f5es Sul-Americanas. Entrando em fase importante para sua classifica\u00e7\u00e3o nas oitavas de final da Libertadores, sua estreia no Brasileir\u00e3o e na Copa do Brasil, o Mais [&hellip;]<\/p>\n","protected":false},"author":4,"featured_media":23781,"comment_status":"open","ping_status":"closed","sticky":false,"template":"","format":"standard","meta":{"footnotes":""},"categories":[1],"tags":[],"class_list":["post-61116","post","type-post","status-publish","format-standard","has-post-thumbnail","hentry","category-flamengo"],"yoast_head":"<!-- This site is optimized with the Yoast SEO Premium plugin v24.2 (Yoast SEO v26.9) - https:\/\/yoast.com\/product\/yoast-seo-premium-wordpress\/ -->\n<title>Dirigente do Flamengo teme por convoca\u00e7\u00f5es e critica calend\u00e1rio<\/title>\n<meta name=\"robots\" content=\"index, follow, max-snippet:-1, max-image-preview:large, max-video-preview:-1\" \/>\n<link rel=\"canonical\" href=\"https:\/\/www.gaveanews.com\/index.php\/2021\/05\/13\/dirigente-do-flamengo-teme-por-convocacoes-e-critica-calendario\/\" \/>\n<meta property=\"og:locale\" content=\"pt_BR\" \/>\n<meta property=\"og:type\" content=\"article\" \/>\n<meta property=\"og:title\" content=\"Dirigente do Flamengo teme por convoca\u00e7\u00f5es e critica calend\u00e1rio\" \/>\n<meta property=\"og:description\" content=\"Com elenco multicampe\u00e3o em casa, o Flamengo j\u00e1 conquistou v\u00e1rios t\u00edtulos e, com a visibilidade ganha, agora carrega o &#8220;fardo&#8221; de ter v\u00e1rios integrantes do elenco despertando interesse de Sele\u00e7\u00f5es Sul-Americanas. Entrando em fase importante para sua classifica\u00e7\u00e3o nas oitavas de final da Libertadores, sua estreia no Brasileir\u00e3o e na Copa do Brasil, o Mais [&hellip;]\" \/>\n<meta property=\"og:url\" content=\"https:\/\/www.gaveanews.com\/index.php\/2021\/05\/13\/dirigente-do-flamengo-teme-por-convocacoes-e-critica-calendario\/\" \/>\n<meta property=\"og:site_name\" content=\"G\u00e1vea News\" \/>\n<meta property=\"article:publisher\" content=\"https:\/\/facebook.com\/gaveaNews\/\" \/>\n<meta property=\"article:published_time\" content=\"2021-05-13T22:23:30+00:00\" \/>\n<meta property=\"article:modified_time\" content=\"2021-08-12T03:49:57+00:00\" \/>\n<meta property=\"og:image\" content=\"https:\/\/www.gaveanews.com\/wp-content\/uploads\/2019\/07\/Tite-durante-coletiva-de-imprensa-do-Brasil.webp\" \/>\n\t<meta property=\"og:image:width\" content=\"960\" \/>\n\t<meta property=\"og:image:height\" content=\"639\" \/>\n\t<meta property=\"og:image:type\" content=\"image\/jpeg\" \/>\n<meta name=\"author\" content=\"Let\u00edcia Gerheim\" \/>\n<meta name=\"twitter:card\" content=\"summary_large_image\" \/>\n<meta name=\"twitter:label1\" content=\"Escrito por\" \/>\n\t<meta name=\"twitter:data1\" content=\"Let\u00edcia Gerheim\" \/>\n\t<meta name=\"twitter:label2\" content=\"Est. tempo de leitura\" \/>\n\t<meta name=\"twitter:data2\" content=\"2 minutos\" \/>\n<script type=\"application\/ld+json\" class=\"yoast-schema-graph\">{\"@context\":\"https:\/\/schema.org\",\"@graph\":[{\"@type\":\"NewsArticle\",\"@id\":\"https:\/\/www.gaveanews.com\/index.php\/2021\/05\/13\/dirigente-do-flamengo-teme-por-convocacoes-e-critica-calendario\/#article\",\"isPartOf\":{\"@id\":\"https:\/\/www.gaveanews.com\/index.php\/2021\/05\/13\/dirigente-do-flamengo-teme-por-convocacoes-e-critica-calendario\/\"},\"author\":{\"name\":\"Let\u00edcia Gerheim\",\"@id\":\"https:\/\/www.gaveanews.com\/#\/schema\/person\/714c67050b836198af2450ba1c142a67\"},\"headline\":\"Dirigente do Flamengo teme por convoca\u00e7\u00f5es e critica calend\u00e1rio\",\"datePublished\":\"2021-05-13T22:23:30+00:00\",\"dateModified\":\"2021-08-12T03:49:57+00:00\",\"mainEntityOfPage\":{\"@id\":\"https:\/\/www.gaveanews.com\/index.php\/2021\/05\/13\/dirigente-do-flamengo-teme-por-convocacoes-e-critica-calendario\/\"},\"wordCount\":448,\"commentCount\":13,\"image\":{\"@id\":\"https:\/\/www.gaveanews.com\/index.php\/2021\/05\/13\/dirigente-do-flamengo-teme-por-convocacoes-e-critica-calendario\/#primaryimage\"},\"thumbnailUrl\":\"https:\/\/www.gaveanews.com\/wp-content\/uploads\/2019\/07\/Tite-durante-coletiva-de-imprensa-do-Brasil.webp\",\"articleSection\":[\"Flamengo\"],\"inLanguage\":\"pt-BR\",\"potentialAction\":[{\"@type\":\"CommentAction\",\"name\":\"Comment\",\"target\":[\"https:\/\/www.gaveanews.com\/index.php\/2021\/05\/13\/dirigente-do-flamengo-teme-por-convocacoes-e-critica-calendario\/#respond\"]}],\"copyrightYear\":\"2021\",\"copyrightHolder\":{\"@id\":\"https:\/\/www.gaveanews.com\/#organization\"}},{\"@type\":\"WebPage\",\"@id\":\"https:\/\/www.gaveanews.com\/index.php\/2021\/05\/13\/dirigente-do-flamengo-teme-por-convocacoes-e-critica-calendario\/\",\"url\":\"https:\/\/www.gaveanews.com\/index.php\/2021\/05\/13\/dirigente-do-flamengo-teme-por-convocacoes-e-critica-calendario\/\",\"name\":\"Dirigente do Flamengo teme por convoca\u00e7\u00f5es e critica calend\u00e1rio\",\"isPartOf\":{\"@id\":\"https:\/\/www.gaveanews.com\/#website\"},\"primaryImageOfPage\":{\"@id\":\"https:\/\/www.gaveanews.com\/index.php\/2021\/05\/13\/dirigente-do-flamengo-teme-por-convocacoes-e-critica-calendario\/#primaryimage\"},\"image\":{\"@id\":\"https:\/\/www.gaveanews.com\/index.php\/2021\/05\/13\/dirigente-do-flamengo-teme-por-convocacoes-e-critica-calendario\/#primaryimage\"},\"thumbnailUrl\":\"https:\/\/www.gaveanews.com\/wp-content\/uploads\/2019\/07\/Tite-durante-coletiva-de-imprensa-do-Brasil.webp\",\"datePublished\":\"2021-05-13T22:23:30+00:00\",\"dateModified\":\"2021-08-12T03:49:57+00:00\",\"author\":{\"@id\":\"https:\/\/www.gaveanews.com\/#\/schema\/person\/714c67050b836198af2450ba1c142a67\"},\"breadcrumb\":{\"@id\":\"https:\/\/www.gaveanews.com\/index.php\/2021\/05\/13\/dirigente-do-flamengo-teme-por-convocacoes-e-critica-calendario\/#breadcrumb\"},\"inLanguage\":\"pt-BR\",\"potentialAction\":[{\"@type\":\"ReadAction\",\"target\":[\"https:\/\/www.gaveanews.com\/index.php\/2021\/05\/13\/dirigente-do-flamengo-teme-por-convocacoes-e-critica-calendario\/\"]}]},{\"@type\":\"ImageObject\",\"inLanguage\":\"pt-BR\",\"@id\":\"https:\/\/www.gaveanews.com\/index.php\/2021\/05\/13\/dirigente-do-flamengo-teme-por-convocacoes-e-critica-calendario\/#primaryimage\",\"url\":\"https:\/\/www.gaveanews.com\/wp-content\/uploads\/2019\/07\/Tite-durante-coletiva-de-imprensa-do-Brasil.webp\",\"contentUrl\":\"https:\/\/www.gaveanews.com\/wp-content\/uploads\/2019\/07\/Tite-durante-coletiva-de-imprensa-do-Brasil.webp\",\"width\":960,\"height\":639,\"caption\":\"Tite durante coletiva de imprensa do Brasil (Foto: Lucas Figueiredo\/CBF)\"},{\"@type\":\"BreadcrumbList\",\"@id\":\"https:\/\/www.gaveanews.com\/index.php\/2021\/05\/13\/dirigente-do-flamengo-teme-por-convocacoes-e-critica-calendario\/#breadcrumb\",\"itemListElement\":[{\"@type\":\"ListItem\",\"position\":1,\"name\":\"Home\",\"item\":\"https:\/\/www.gaveanews.com\/\"},{\"@type\":\"ListItem\",\"position\":2,\"name\":\"Dirigente do Flamengo teme por convoca\u00e7\u00f5es e critica calend\u00e1rio\"}]},{\"@type\":\"WebSite\",\"@id\":\"https:\/\/www.gaveanews.com\/#website\",\"url\":\"https:\/\/www.gaveanews.com\/\",\"name\":\"G\u00e1vea News\",\"description\":\"Veja todas as not\u00edcias sobre o Flamengo: Contrata\u00e7\u00f5es, categorias de base, resultados das partidas, tabela de classifica\u00e7\u00e3o, pr\u00f3ximos jogos!\",\"potentialAction\":[{\"@type\":\"SearchAction\",\"target\":{\"@type\":\"EntryPoint\",\"urlTemplate\":\"https:\/\/www.gaveanews.com\/?s={search_term_string}\"},\"query-input\":{\"@type\":\"PropertyValueSpecification\",\"valueRequired\":true,\"valueName\":\"search_term_string\"}}],\"inLanguage\":\"pt-BR\"},{\"@type\":\"Person\",\"@id\":\"https:\/\/www.gaveanews.com\/#\/schema\/person\/714c67050b836198af2450ba1c142a67\",\"name\":\"Let\u00edcia Gerheim\",\"image\":{\"@type\":\"ImageObject\",\"inLanguage\":\"pt-BR\",\"@id\":\"https:\/\/www.gaveanews.com\/#\/schema\/person\/image\/\",\"url\":\"https:\/\/secure.gravatar.com\/avatar\/60734739c50fcebfbac509e2a826ccd0ff405c019bc73aab9354f19ecad1dcb4?s=96&d=mm&r=g\",\"contentUrl\":\"https:\/\/secure.gravatar.com\/avatar\/60734739c50fcebfbac509e2a826ccd0ff405c019bc73aab9354f19ecad1dcb4?s=96&d=mm&r=g\",\"caption\":\"Let\u00edcia Gerheim\"}}]}<\/script>\n<!-- \/ Yoast SEO Premium plugin. -->","yoast_head_json":{"title":"Dirigente do Flamengo teme por convoca\u00e7\u00f5es e critica calend\u00e1rio","robots":{"index":"index","follow":"follow","max-snippet":"max-snippet:-1","max-image-preview":"max-image-preview:large","max-video-preview":"max-video-preview:-1"},"canonical":"https:\/\/www.gaveanews.com\/index.php\/2021\/05\/13\/dirigente-do-flamengo-teme-por-convocacoes-e-critica-calendario\/","og_locale":"pt_BR","og_type":"article","og_title":"Dirigente do Flamengo teme por convoca\u00e7\u00f5es e critica calend\u00e1rio","og_description":"Com elenco multicampe\u00e3o em casa, o Flamengo j\u00e1 conquistou v\u00e1rios t\u00edtulos e, com a visibilidade ganha, agora carrega o &#8220;fardo&#8221; de ter v\u00e1rios integrantes do elenco despertando interesse de Sele\u00e7\u00f5es Sul-Americanas. Entrando em fase importante para sua classifica\u00e7\u00e3o nas oitavas de final da Libertadores, sua estreia no Brasileir\u00e3o e na Copa do Brasil, o Mais [&hellip;]","og_url":"https:\/\/www.gaveanews.com\/index.php\/2021\/05\/13\/dirigente-do-flamengo-teme-por-convocacoes-e-critica-calendario\/","og_site_name":"G\u00e1vea News","article_publisher":"https:\/\/facebook.com\/gaveaNews\/","article_published_time":"2021-05-13T22:23:30+00:00","article_modified_time":"2021-08-12T03:49:57+00:00","og_image":[{"width":960,"height":639,"url":"https:\/\/www.gaveanews.com\/wp-content\/uploads\/2019\/07\/Tite-durante-coletiva-de-imprensa-do-Brasil.webp","type":"image\/jpeg"}],"author":"Let\u00edcia Gerheim","twitter_card":"summary_large_image","twitter_misc":{"Escrito por":"Let\u00edcia Gerheim","Est. tempo de leitura":"2 minutos"},"schema":{"@context":"https:\/\/schema.org","@graph":[{"@type":"NewsArticle","@id":"https:\/\/www.gaveanews.com\/index.php\/2021\/05\/13\/dirigente-do-flamengo-teme-por-convocacoes-e-critica-calendario\/#article","isPartOf":{"@id":"https:\/\/www.gaveanews.com\/index.php\/2021\/05\/13\/dirigente-do-flamengo-teme-por-convocacoes-e-critica-calendario\/"},"author":{"name":"Let\u00edcia Gerheim","@id":"https:\/\/www.gaveanews.com\/#\/schema\/person\/714c67050b836198af2450ba1c142a67"},"headline":"Dirigente do Flamengo teme por convoca\u00e7\u00f5es e critica calend\u00e1rio","datePublished":"2021-05-13T22:23:30+00:00","dateModified":"2021-08-12T03:49:57+00:00","mainEntityOfPage":{"@id":"https:\/\/www.gaveanews.com\/index.php\/2021\/05\/13\/dirigente-do-flamengo-teme-por-convocacoes-e-critica-calendario\/"},"wordCount":448,"commentCount":13,"image":{"@id":"https:\/\/www.gaveanews.com\/index.php\/2021\/05\/13\/dirigente-do-flamengo-teme-por-convocacoes-e-critica-calendario\/#primaryimage"},"thumbnailUrl":"https:\/\/www.gaveanews.com\/wp-content\/uploads\/2019\/07\/Tite-durante-coletiva-de-imprensa-do-Brasil.webp","articleSection":["Flamengo"],"inLanguage":"pt-BR","potentialAction":[{"@type":"CommentAction","name":"Comment","target":["https:\/\/www.gaveanews.com\/index.php\/2021\/05\/13\/dirigente-do-flamengo-teme-por-convocacoes-e-critica-calendario\/#respond"]}],"copyrightYear":"2021","copyrightHolder":{"@id":"https:\/\/www.gaveanews.com\/#organization"}},{"@type":"WebPage","@id":"https:\/\/www.gaveanews.com\/index.php\/2021\/05\/13\/dirigente-do-flamengo-teme-por-convocacoes-e-critica-calendario\/","url":"https:\/\/www.gaveanews.com\/index.php\/2021\/05\/13\/dirigente-do-flamengo-teme-por-convocacoes-e-critica-calendario\/","name":"Dirigente do Flamengo teme por convoca\u00e7\u00f5es e critica calend\u00e1rio","isPartOf":{"@id":"https:\/\/www.gaveanews.com\/#website"},"primaryImageOfPage":{"@id":"https:\/\/www.gaveanews.com\/index.php\/2021\/05\/13\/dirigente-do-flamengo-teme-por-convocacoes-e-critica-calendario\/#primaryimage"},"image":{"@id":"https:\/\/www.gaveanews.com\/index.php\/2021\/05\/13\/dirigente-do-flamengo-teme-por-convocacoes-e-critica-calendario\/#primaryimage"},"thumbnailUrl":"https:\/\/www.gaveanews.com\/wp-content\/uploads\/2019\/07\/Tite-durante-coletiva-de-imprensa-do-Brasil.webp","datePublished":"2021-05-13T22:23:30+00:00","dateModified":"2021-08-12T03:49:57+00:00","author":{"@id":"https:\/\/www.gaveanews.com\/#\/schema\/person\/714c67050b836198af2450ba1c142a67"},"breadcrumb":{"@id":"https:\/\/www.gaveanews.com\/index.php\/2021\/05\/13\/dirigente-do-flamengo-teme-por-convocacoes-e-critica-calendario\/#breadcrumb"},"inLanguage":"pt-BR","potentialAction":[{"@type":"ReadAction","target":["https:\/\/www.gaveanews.com\/index.php\/2021\/05\/13\/dirigente-do-flamengo-teme-por-convocacoes-e-critica-calendario\/"]}]},{"@type":"ImageObject","inLanguage":"pt-BR","@id":"https:\/\/www.gaveanews.com\/index.php\/2021\/05\/13\/dirigente-do-flamengo-teme-por-convocacoes-e-critica-calendario\/#primaryimage","url":"https:\/\/www.gaveanews.com\/wp-content\/uploads\/2019\/07\/Tite-durante-coletiva-de-imprensa-do-Brasil.webp","contentUrl":"https:\/\/www.gaveanews.com\/wp-content\/uploads\/2019\/07\/Tite-durante-coletiva-de-imprensa-do-Brasil.webp","width":960,"height":639,"caption":"Tite durante coletiva de imprensa do Brasil (Foto: Lucas Figueiredo\/CBF)"},{"@type":"BreadcrumbList","@id":"https:\/\/www.gaveanews.com\/index.php\/2021\/05\/13\/dirigente-do-flamengo-teme-por-convocacoes-e-critica-calendario\/#breadcrumb","itemListElement":[{"@type":"ListItem","position":1,"name":"Home","item":"https:\/\/www.gaveanews.com\/"},{"@type":"ListItem","position":2,"name":"Dirigente do Flamengo teme por convoca\u00e7\u00f5es e critica calend\u00e1rio"}]},{"@type":"WebSite","@id":"https:\/\/www.gaveanews.com\/#website","url":"https:\/\/www.gaveanews.com\/","name":"G\u00e1vea News","description":"Veja todas as not\u00edcias sobre o Flamengo: Contrata\u00e7\u00f5es, categorias de base, resultados das partidas, tabela de classifica\u00e7\u00e3o, pr\u00f3ximos jogos!","potentialAction":[{"@type":"SearchAction","target":{"@type":"EntryPoint","urlTemplate":"https:\/\/www.gaveanews.com\/?s={search_term_string}"},"query-input":{"@type":"PropertyValueSpecification","valueRequired":true,"valueName":"search_term_string"}}],"inLanguage":"pt-BR"},{"@type":"Person","@id":"https:\/\/www.gaveanews.com\/#\/schema\/person\/714c67050b836198af2450ba1c142a67","name":"Let\u00edcia Gerheim","image":{"@type":"ImageObject","inLanguage":"pt-BR","@id":"https:\/\/www.gaveanews.com\/#\/schema\/person\/image\/","url":"https:\/\/secure.gravatar.com\/avatar\/60734739c50fcebfbac509e2a826ccd0ff405c019bc73aab9354f19ecad1dcb4?s=96&d=mm&r=g","contentUrl":"https:\/\/secure.gravatar.com\/avatar\/60734739c50fcebfbac509e2a826ccd0ff405c019bc73aab9354f19ecad1dcb4?s=96&d=mm&r=g","caption":"Let\u00edcia Gerheim"}}]}},"_links":{"self":[{"href":"https:\/\/www.gaveanews.com\/index.php\/wp-json\/wp\/v2\/posts\/61116","targetHints":{"allow":["GET"]}}],"collection":[{"href":"https:\/\/www.gaveanews.com\/index.php\/wp-json\/wp\/v2\/posts"}],"about":[{"href":"https:\/\/www.gaveanews.com\/index.php\/wp-json\/wp\/v2\/types\/post"}],"author":[{"embeddable":true,"href":"https:\/\/www.gaveanews.com\/index.php\/wp-json\/wp\/v2\/users\/4"}],"replies":[{"embeddable":true,"href":"https:\/\/www.gaveanews.com\/index.php\/wp-json\/wp\/v2\/comments?post=61116"}],"version-history":[{"count":0,"href":"https:\/\/www.gaveanews.com\/index.php\/wp-json\/wp\/v2\/posts\/61116\/revisions"}],"wp:featuredmedia":[{"embeddable":true,"href":"https:\/\/www.gaveanews.com\/index.php\/wp-json\/wp\/v2\/media\/23781"}],"wp:attachment":[{"href":"https:\/\/www.gaveanews.com\/index.php\/wp-json\/wp\/v2\/media?parent=61116"}],"wp:term":[{"taxonomy":"category","embeddable":true,"href":"https:\/\/www.gaveanews.com\/index.php\/wp-json\/wp\/v2\/categories?post=61116"},{"taxonomy":"post_tag","embeddable":true,"href":"https:\/\/www.gaveanews.com\/index.php\/wp-json\/wp\/v2\/tags?post=61116"}],"curies":[{"name":"wp","href":"https:\/\/api.w.org\/{rel}","templated":true}]}}