{"id":61119,"date":"2021-05-13T18:06:12","date_gmt":"2021-05-13T21:06:12","guid":{"rendered":"https:\/\/www.gaveanews.com\/?p=61119"},"modified":"2021-05-13T18:06:14","modified_gmt":"2021-05-13T21:06:14","slug":"devido-a-final-da-libertadores-conmebol-reformara-estadio-centenario","status":"publish","type":"post","link":"https:\/\/www.gaveanews.com\/index.php\/2021\/05\/13\/devido-a-final-da-libertadores-conmebol-reformara-estadio-centenario\/","title":{"rendered":"Devido a final da Libertadores, Conmebol reformar\u00e1 est\u00e1dio Centen\u00e1rio"},"content":{"rendered":"\n<p>A Conmebol (Confedera\u00e7\u00e3o Sul-Americana de Futebol) vai bancar boa parte da reforma que ser\u00e1 necess\u00e1ria para que o est\u00e1dio Centen\u00e1rio, em Montevid\u00e9u, esteja apto a receber as finais de 2021 das Copas Libertadores (em 20 de novembro) e Sul-Americana (em 6 de novembro). Nesta quinta-feira (13), a entidade anunciou que a capital do Uruguai ser\u00e1 a sede das duas partidas porque o governo garantiu que ser\u00e1 liberada a presen\u00e7a de p\u00fablico, o que os outros concorrentes (Brasil, Argentina e Equador) n\u00e3o fizeram.<\/p>\n\n\n\n<p>Na reuni\u00e3o virtual do Conselho da Conmebol realizada nesta quinta foi aprovado que a confedera\u00e7\u00e3o sul-americana ajude nas melhorias que ser\u00e3o feitas no Centen\u00e1rio &#8211; estima-se que o gasto fique em US$ 2 milh\u00f5es (R$ 10,5 milh\u00f5es). O Centen\u00e1rio pertence ao governo uruguaio, que intermediou para a Conmebol a chegada das 50 mil doses da vacina contra a covid-19 enviadas pelo laborat\u00f3rio chin\u00eas Sinovac. A ideia \u00e9 vacinar delega\u00e7\u00f5es de sele\u00e7\u00f5es, clubes e funcion\u00e1rios das associa\u00e7\u00f5es filiadas.<\/p>\n\n\n\n<p>A Conmebol, normalmente, se responsabiliza apenas por reforma no gramado e ajustes pontuais para colocar as marcas de seus patrocinadores em setores predeterminados do est\u00e1dio. As obras maiores s\u00e3o de responsabilidade dos propriet\u00e1rios e da associa\u00e7\u00e3o filiada ou de seu governo.<\/p>\n\n\n\n<p>O relat\u00f3rio da inspe\u00e7\u00e3o feita no Centen\u00e1rio encontrou diversos problemas. A coluna apurou que o est\u00e1dio teve avalia\u00e7\u00e3o pior do que todos os outros equipamentos visitados pelos t\u00e9cnicos da Conmebol \u2014 sete na Argentina, cinco no Brasil e um no Equador (veja lista abaixo). Pesou, portanto, a garantia uruguaia de que haver\u00e1 p\u00fablico nas duas finais.<\/p>\n\n\n\n<p>O Centen\u00e1rio precisa das seguintes melhorias:<\/p>\n\n\n\n<p>&#8211;&nbsp;<strong>Ilumina\u00e7\u00e3o<\/strong>: Espera-se trocar todo o sistema por um mais moderno;<br>&#8211;&nbsp;<strong>Vesti\u00e1rios<\/strong>: Segundo o relat\u00f3rio h\u00e1 problemas principalmente no vesti\u00e1rio B, usado normalmente pelos times visitantes. \u00c9 preciso aumentar o espa\u00e7o e criar uma \u00e1rea de aquecimento, por exemplo;<br>&#8211;&nbsp;<strong>Tribunas<\/strong>&nbsp;&#8211; Como espera ter torcida alguns ajustes precisar\u00e3o ser feitos porque mesmo com vacina\u00e7\u00e3o avan\u00e7ada haver\u00e1 protocolos sanit\u00e1rios com orienta\u00e7\u00e3o para distanciamento;<br>&#8211;&nbsp;<strong>\u00c1rea de imprensa<\/strong>: Espera-se maior presen\u00e7a de jornalistas comparado com as finais das edi\u00e7\u00f5es 2020 (Maracan\u00e3 e C\u00f3rdoba) e ser\u00e1 preciso criar uma \u00e1rea maior para entrevistas e espa\u00e7o nas tribunas para os jornalistas;<br>&#8211;&nbsp;<strong>Gramado<\/strong>: O que menos preocupa a Conmebol, que normalmente j\u00e1 se responsabiliza pela melhoria do campo assumindo a administra\u00e7\u00e3o do est\u00e1dio 15 dias antes das partidas.<\/p>\n\n\n\n<p>A Conmebol avaliou que a moderniza\u00e7\u00e3o do Centen\u00e1rio ser\u00e1 importante tamb\u00e9m no projeto da confedera\u00e7\u00e3o para que a Am\u00e9rica do Sul receba a Copa do Mundo de 2030 \u2014 candidatura conjunta de Argentina, Uruguai, Paraguai e Chile. A concorr\u00eancia deve ser forte contra pa\u00edses da Europa principalmente, como a Inglaterra e Espanha\/Portugal.<\/p>\n\n\n\n<p>At\u00e9 esta quarta-feira (12), o Uruguai havia aplicado a primeira dose da vacina contra a covid-19 em 36% de sua popula\u00e7\u00e3o, n\u00famero bem maior do que os outros tr\u00eas pa\u00edses com est\u00e1dios concorrendo \u00e0 final da Libertadores-2021: a Argentina aplicou ao menos uma dose em 18% de seus habitantes, o Brasil em 17,4% e o Equador em apenas 6%.<\/p>\n\n\n\n<p>Durante a negocia\u00e7\u00e3o para a importa\u00e7\u00e3o das vacinas da Sinovac, a Conmebol ouviu do governo uruguaio que at\u00e9 o fim de 2021 quase toda a popula\u00e7\u00e3o estar\u00e1 vacinada, o que d\u00e1 garantia de ter boa parte da capacidade do est\u00e1dio Centen\u00e1rio aberto aos torcedores, mesmo que ainda com algumas restri\u00e7\u00f5es sanit\u00e1rias, como distanciamento entre os assentos e uso de m\u00e1scaras.<\/p>\n\n\n\n<p>A Conmebol teve um preju\u00edzo em 2020 de US$ 14 milh\u00f5es, atribu\u00eddo ao adiamento da Copa Am\u00e9rica de 2020 para 2021 (est\u00e1 programada para ser na Argentina e na Col\u00f4mbia entre junho e julho), mas tamb\u00e9m por n\u00e3o vender ingressos e pacotes de hospitalidade (camarotes e \u00e1reas VIPs) nas suas finais \u00fanicas da Libertadores (no Maracan\u00e3) e da Sul-Americana (em C\u00f3rdoba-ARG).<\/p>\n\n\n\n<p>A entidade tamb\u00e9m anunciou nesta quinta as sedes das finais \u00fanicas de 2022: Guayaquil, no Equador, receber\u00e1 a Libertadores, desbancando a favorita Argentina, e o Man\u00e9 Garrincha, em Bras\u00edlia, a Sul-Americana. O est\u00e1dio brasileiro era o favorito para ter a Sul-Americana j\u00e1 em 2021, mas o Brasil, com vacina\u00e7\u00e3o devagar, n\u00e3o garantia que poderia dar acesso a p\u00fablico em novembro.<\/p>\n\n\n\n<p><strong>A furada de fila uruguaia<\/strong><\/p>\n\n\n\n<p>Em 2020, a Conmebol decidiu que elegeria ao mesmo tempo as sedes das finais \u00fanicas da Libertadores e Sul-Americana para o tri\u00eanio 2021-2023. Abriu inscri\u00e7\u00f5es para uma concorr\u00eancia, mas a pandemia atrasou o processo.<\/p>\n\n\n\n<p>Em 2021, a confedera\u00e7\u00e3o decidiu que escolheria somente os anfitri\u00f5es das partidas deste ano, por causa da limita\u00e7\u00e3o das viagens dos t\u00e9cnicos que fazem as inspe\u00e7\u00f5es. Em fevereiro divulgou a lista dos concorrentes de cada ano e o Centen\u00e1rio aparecia como candidato apenas para a final da Libertadores de 2022.<\/p>\n\n\n\n<p>A vacina mudou todo o planejamento. O Conselho da Conmebol, formado pelo presidente Alejandro Dominguez e os dez mandat\u00e1rios das associa\u00e7\u00f5es filiadas, entre eles Rog\u00e9rio Caboclo, da CBF, decidiram antecipar a candidatura uruguaia de 2022 para 2021 e dar as edi\u00e7\u00f5es do ano que vem para aqueles que seriam os escolhidos em 2021.<\/p>\n\n\n\n<p>Veja a lista dos est\u00e1dios e cidades candidatos para sede das finais da Libertadores e Sul-Americana entre 2021 e 2023 divulgada em fevereiro:<\/p>\n\n\n\n<p><strong>Libertadores 2021<\/strong><br>La Bombonera &#8211; Buenos Aires<br>Monumental de Nu\u00f1ez &#8211; Buenos Aires<br>Nuevo Gasometro &#8211; Buenos Aires<br>Libertadores de Am\u00e9rica &#8211; Avellaneda<br>El Cilindro &#8211; Avellaneda<br>Mario Kempes &#8211; C\u00f3rdoba<br>\u00danico &#8211; Santiago Del Estero<br>Beira-Rio &#8211; Porto Alegre<br>Morumbi &#8211; S\u00e3o Paulo<br>Monumental de Barcelona &#8211; Guayaquil<\/p>\n\n\n\n<p><strong>Sul-Americana 2021<\/strong><br>La Bombonera &#8211; Buenos Aires<br>Monumental de Nu\u00f1ez &#8211; Buenos Aires<br>Nuevo Gasometro &#8211; Buenos Aires<br>Libertadores de Am\u00e9rica &#8211; Avellaneda<br>El Cilindro &#8211; Avellaneda<br>\u00danico &#8211; Santiago del Estero<br>Man\u00e9 Garrincha &#8211; Bras\u00edlia<br>Arena Castel\u00e3o &#8211; Fortaleza<br>Beira-Rio &#8211; Porto Alegre<br>Arena Pernambuco &#8211; Recife<\/p>\n\n\n\n<p><strong>Libertadores 2022<\/strong><br>La Bombonera &#8211; Buenos Aires<br>Monumental de Nu\u00f1ez &#8211; Buenos Aires<br>Nuevo Gasometro &#8211; Buenos Aires<br>Libertadores de Am\u00e9rica &#8211; Avellaneda<br>El Cilindro &#8211; Avellaneda<br>Mario Kempes &#8211; C\u00f3rdoba<br>\u00danico &#8211; Santiago Del Estero<br>Beira-Rio &#8211; Porto Alegre<br>Morumbi &#8211; S\u00e3o Paulo<br>Nacional &#8211; Lima<br>Monumental &#8211; Lima<br>Centen\u00e1rio &#8211; Montevid\u00e9u<br>Monumental de Barcelona &#8211; Guayaquil<\/p>\n\n\n\n<p><strong>Sul-Americana 2022<\/strong><br>La Bombonera &#8211; Buenos Aires<br>Monumental de Nu\u00f1ez &#8211; Buenos Aires<br>Nuevo Gasometro &#8211; Buenos Aires<br>Libertadores de Am\u00e9rica &#8211; Avellaneda<br>El Cilindro &#8211; Avellaneda<br>Mario Kempes &#8211; C\u00f3rdoba<br>\u00danico &#8211; Santiago del Estero<br>Man\u00e9 Garrincha &#8211; Bras\u00edlia<br>Arena Castel\u00e3o &#8211; Fortaleza<br>Beira-Rio &#8211; Porto Alegre<br>Arena Pernambuco &#8211; Recife<br>Arena Fonte Nova &#8211; Salvador<br>Monumental &#8211; Lima<br>Nacional &#8211; Lima<\/p>\n\n\n\n<p><strong>Libertadores 2023<\/strong><br>La Bombonera &#8211; Buenos Aires<br>Monumental de Nu\u00f1ez &#8211; Buenos Aires<br>Nuevo Gasometro &#8211; Buenos Aires<br>Libertadores de Am\u00e9rica &#8211; Avellaneda<br>El Cilindro &#8211; Avellaneda<br>Mario Kempes &#8211; C\u00f3rdoba<br>\u00danico &#8211; Santiago Del Estero<br>Beira-Rio &#8211; Porto Alegre<br>Morumbi &#8211; S\u00e3o Paulo<br>Nacional &#8211; Lima<br>Monumental &#8211; Lima<br>Monumental de Barcelona &#8211; Guayaquil<br>Atanasio Girardot &#8211; Medell\u00edn<br>Metropolitano &#8211; Barranquilla<\/p>\n\n\n\n<p><strong>Sul-Americana 2023<\/strong><br>La Bombonera &#8211; Buenos Aires<br>Monumental de Nu\u00f1ez &#8211; Buenos Aires<br>Nuevo Gasometro &#8211; Buenos Aires<br>Libertadores de Am\u00e9rica &#8211; Avellaneda<br>El Cilindro &#8211; Avellaneda<br>\u00danico &#8211; Santiago del Estero<br>Mario Kempes &#8211; C\u00f3rdoba<br>Man\u00e9 Garrincha &#8211; Bras\u00edlia<br>Arena Castel\u00e3o &#8211; Fortaleza<br>Beira-Rio &#8211; Porto Alegre<br>Arena Pernambuco &#8211; Recife<br>Arena Fonte Nova &#8211; Salvador<br>Monumental &#8211; Lima<br>Nacional &#8211; Lima<br>Atanasio Girardot &#8211; Medell\u00edn<\/p>\n\n\n\n<p>Retirado de: Marcel Rizzo<\/p>\n","protected":false},"excerpt":{"rendered":"<p>A Conmebol (Confedera\u00e7\u00e3o Sul-Americana de Futebol) vai bancar boa parte da reforma que ser\u00e1 necess\u00e1ria para que o est\u00e1dio Centen\u00e1rio, em Montevid\u00e9u, esteja apto a receber as finais de 2021 das Copas Libertadores (em 20 de novembro) e Sul-Americana (em 6 de novembro). Nesta quinta-feira (13), a entidade anunciou que a capital do Uruguai ser\u00e1 [&hellip;]<\/p>\n","protected":false},"author":1,"featured_media":35738,"comment_status":"open","ping_status":"closed","sticky":false,"template":"","format":"standard","meta":{"footnotes":""},"categories":[1],"tags":[],"class_list":["post-61119","post","type-post","status-publish","format-standard","has-post-thumbnail","hentry","category-flamengo"],"yoast_head":"<!-- This site is optimized with the Yoast SEO Premium plugin v24.2 (Yoast SEO v26.9) - https:\/\/yoast.com\/product\/yoast-seo-premium-wordpress\/ -->\n<title>Devido a final da Libertadores, Conmebol reformar\u00e1 est\u00e1dio Centen\u00e1rio<\/title>\n<meta name=\"robots\" content=\"index, follow, max-snippet:-1, max-image-preview:large, max-video-preview:-1\" \/>\n<link rel=\"canonical\" href=\"https:\/\/www.gaveanews.com\/index.php\/2021\/05\/13\/devido-a-final-da-libertadores-conmebol-reformara-estadio-centenario\/\" \/>\n<meta property=\"og:locale\" content=\"pt_BR\" \/>\n<meta property=\"og:type\" content=\"article\" \/>\n<meta property=\"og:title\" content=\"Devido a final da Libertadores, Conmebol reformar\u00e1 est\u00e1dio Centen\u00e1rio\" \/>\n<meta property=\"og:description\" content=\"A Conmebol (Confedera\u00e7\u00e3o Sul-Americana de Futebol) vai bancar boa parte da reforma que ser\u00e1 necess\u00e1ria para que o est\u00e1dio Centen\u00e1rio, em Montevid\u00e9u, esteja apto a receber as finais de 2021 das Copas Libertadores (em 20 de novembro) e Sul-Americana (em 6 de novembro). Nesta quinta-feira (13), a entidade anunciou que a capital do Uruguai ser\u00e1 [&hellip;]\" \/>\n<meta property=\"og:url\" content=\"https:\/\/www.gaveanews.com\/index.php\/2021\/05\/13\/devido-a-final-da-libertadores-conmebol-reformara-estadio-centenario\/\" \/>\n<meta property=\"og:site_name\" content=\"G\u00e1vea News\" \/>\n<meta property=\"article:publisher\" content=\"https:\/\/facebook.com\/gaveaNews\/\" \/>\n<meta property=\"article:published_time\" content=\"2021-05-13T21:06:12+00:00\" \/>\n<meta property=\"article:modified_time\" content=\"2021-05-13T21:06:14+00:00\" \/>\n<meta property=\"og:image\" content=\"https:\/\/www.gaveanews.com\/wp-content\/uploads\/Logomarca-da-Conmebol.webp\" \/>\n\t<meta property=\"og:image:width\" content=\"1162\" \/>\n\t<meta property=\"og:image:height\" content=\"751\" \/>\n\t<meta property=\"og:image:type\" content=\"image\/jpeg\" \/>\n<meta name=\"author\" content=\"Equipe G\u00e1vea News\" \/>\n<meta name=\"twitter:card\" content=\"summary_large_image\" \/>\n<meta name=\"twitter:label1\" content=\"Escrito por\" \/>\n\t<meta name=\"twitter:data1\" content=\"Equipe G\u00e1vea News\" \/>\n\t<meta name=\"twitter:label2\" content=\"Est. tempo de leitura\" \/>\n\t<meta name=\"twitter:data2\" content=\"5 minutos\" \/>\n<script type=\"application\/ld+json\" class=\"yoast-schema-graph\">{\"@context\":\"https:\/\/schema.org\",\"@graph\":[{\"@type\":\"NewsArticle\",\"@id\":\"https:\/\/www.gaveanews.com\/index.php\/2021\/05\/13\/devido-a-final-da-libertadores-conmebol-reformara-estadio-centenario\/#article\",\"isPartOf\":{\"@id\":\"https:\/\/www.gaveanews.com\/index.php\/2021\/05\/13\/devido-a-final-da-libertadores-conmebol-reformara-estadio-centenario\/\"},\"author\":{\"name\":\"Equipe G\u00e1vea News\",\"@id\":\"https:\/\/www.gaveanews.com\/#\/schema\/person\/2ec14f73fb96be2caf28f91afb14749d\"},\"headline\":\"Devido a final da Libertadores, Conmebol reformar\u00e1 est\u00e1dio Centen\u00e1rio\",\"datePublished\":\"2021-05-13T21:06:12+00:00\",\"dateModified\":\"2021-05-13T21:06:14+00:00\",\"mainEntityOfPage\":{\"@id\":\"https:\/\/www.gaveanews.com\/index.php\/2021\/05\/13\/devido-a-final-da-libertadores-conmebol-reformara-estadio-centenario\/\"},\"wordCount\":1236,\"commentCount\":0,\"image\":{\"@id\":\"https:\/\/www.gaveanews.com\/index.php\/2021\/05\/13\/devido-a-final-da-libertadores-conmebol-reformara-estadio-centenario\/#primaryimage\"},\"thumbnailUrl\":\"https:\/\/www.gaveanews.com\/wp-content\/uploads\/Logomarca-da-Conmebol.webp\",\"articleSection\":[\"Flamengo\"],\"inLanguage\":\"pt-BR\",\"potentialAction\":[{\"@type\":\"CommentAction\",\"name\":\"Comment\",\"target\":[\"https:\/\/www.gaveanews.com\/index.php\/2021\/05\/13\/devido-a-final-da-libertadores-conmebol-reformara-estadio-centenario\/#respond\"]}],\"copyrightYear\":\"2021\",\"copyrightHolder\":{\"@id\":\"https:\/\/www.gaveanews.com\/#organization\"}},{\"@type\":\"WebPage\",\"@id\":\"https:\/\/www.gaveanews.com\/index.php\/2021\/05\/13\/devido-a-final-da-libertadores-conmebol-reformara-estadio-centenario\/\",\"url\":\"https:\/\/www.gaveanews.com\/index.php\/2021\/05\/13\/devido-a-final-da-libertadores-conmebol-reformara-estadio-centenario\/\",\"name\":\"Devido a final da Libertadores, Conmebol reformar\u00e1 est\u00e1dio Centen\u00e1rio\",\"isPartOf\":{\"@id\":\"https:\/\/www.gaveanews.com\/#website\"},\"primaryImageOfPage\":{\"@id\":\"https:\/\/www.gaveanews.com\/index.php\/2021\/05\/13\/devido-a-final-da-libertadores-conmebol-reformara-estadio-centenario\/#primaryimage\"},\"image\":{\"@id\":\"https:\/\/www.gaveanews.com\/index.php\/2021\/05\/13\/devido-a-final-da-libertadores-conmebol-reformara-estadio-centenario\/#primaryimage\"},\"thumbnailUrl\":\"https:\/\/www.gaveanews.com\/wp-content\/uploads\/Logomarca-da-Conmebol.webp\",\"datePublished\":\"2021-05-13T21:06:12+00:00\",\"dateModified\":\"2021-05-13T21:06:14+00:00\",\"author\":{\"@id\":\"https:\/\/www.gaveanews.com\/#\/schema\/person\/2ec14f73fb96be2caf28f91afb14749d\"},\"breadcrumb\":{\"@id\":\"https:\/\/www.gaveanews.com\/index.php\/2021\/05\/13\/devido-a-final-da-libertadores-conmebol-reformara-estadio-centenario\/#breadcrumb\"},\"inLanguage\":\"pt-BR\",\"potentialAction\":[{\"@type\":\"ReadAction\",\"target\":[\"https:\/\/www.gaveanews.com\/index.php\/2021\/05\/13\/devido-a-final-da-libertadores-conmebol-reformara-estadio-centenario\/\"]}]},{\"@type\":\"ImageObject\",\"inLanguage\":\"pt-BR\",\"@id\":\"https:\/\/www.gaveanews.com\/index.php\/2021\/05\/13\/devido-a-final-da-libertadores-conmebol-reformara-estadio-centenario\/#primaryimage\",\"url\":\"https:\/\/www.gaveanews.com\/wp-content\/uploads\/Logomarca-da-Conmebol.webp\",\"contentUrl\":\"https:\/\/www.gaveanews.com\/wp-content\/uploads\/Logomarca-da-Conmebol.webp\",\"width\":1162,\"height\":751},{\"@type\":\"BreadcrumbList\",\"@id\":\"https:\/\/www.gaveanews.com\/index.php\/2021\/05\/13\/devido-a-final-da-libertadores-conmebol-reformara-estadio-centenario\/#breadcrumb\",\"itemListElement\":[{\"@type\":\"ListItem\",\"position\":1,\"name\":\"Home\",\"item\":\"https:\/\/www.gaveanews.com\/\"},{\"@type\":\"ListItem\",\"position\":2,\"name\":\"Devido a final da Libertadores, Conmebol reformar\u00e1 est\u00e1dio Centen\u00e1rio\"}]},{\"@type\":\"WebSite\",\"@id\":\"https:\/\/www.gaveanews.com\/#website\",\"url\":\"https:\/\/www.gaveanews.com\/\",\"name\":\"G\u00e1vea News\",\"description\":\"Veja todas as not\u00edcias sobre o Flamengo: Contrata\u00e7\u00f5es, categorias de base, resultados das partidas, tabela de classifica\u00e7\u00e3o, pr\u00f3ximos jogos!\",\"potentialAction\":[{\"@type\":\"SearchAction\",\"target\":{\"@type\":\"EntryPoint\",\"urlTemplate\":\"https:\/\/www.gaveanews.com\/?s={search_term_string}\"},\"query-input\":{\"@type\":\"PropertyValueSpecification\",\"valueRequired\":true,\"valueName\":\"search_term_string\"}}],\"inLanguage\":\"pt-BR\"},{\"@type\":\"Person\",\"@id\":\"https:\/\/www.gaveanews.com\/#\/schema\/person\/2ec14f73fb96be2caf28f91afb14749d\",\"name\":\"Equipe G\u00e1vea News\",\"image\":{\"@type\":\"ImageObject\",\"inLanguage\":\"pt-BR\",\"@id\":\"https:\/\/www.gaveanews.com\/#\/schema\/person\/image\/\",\"url\":\"https:\/\/secure.gravatar.com\/avatar\/1e1956f1facbffd3f8fa53a326721950116b3b9dc9bd44939c01180fd4a745a9?s=96&d=mm&r=g\",\"contentUrl\":\"https:\/\/secure.gravatar.com\/avatar\/1e1956f1facbffd3f8fa53a326721950116b3b9dc9bd44939c01180fd4a745a9?s=96&d=mm&r=g\",\"caption\":\"Equipe G\u00e1vea News\"}}]}<\/script>\n<!-- \/ Yoast SEO Premium plugin. -->","yoast_head_json":{"title":"Devido a final da Libertadores, Conmebol reformar\u00e1 est\u00e1dio Centen\u00e1rio","robots":{"index":"index","follow":"follow","max-snippet":"max-snippet:-1","max-image-preview":"max-image-preview:large","max-video-preview":"max-video-preview:-1"},"canonical":"https:\/\/www.gaveanews.com\/index.php\/2021\/05\/13\/devido-a-final-da-libertadores-conmebol-reformara-estadio-centenario\/","og_locale":"pt_BR","og_type":"article","og_title":"Devido a final da Libertadores, Conmebol reformar\u00e1 est\u00e1dio Centen\u00e1rio","og_description":"A Conmebol (Confedera\u00e7\u00e3o Sul-Americana de Futebol) vai bancar boa parte da reforma que ser\u00e1 necess\u00e1ria para que o est\u00e1dio Centen\u00e1rio, em Montevid\u00e9u, esteja apto a receber as finais de 2021 das Copas Libertadores (em 20 de novembro) e Sul-Americana (em 6 de novembro). Nesta quinta-feira (13), a entidade anunciou que a capital do Uruguai ser\u00e1 [&hellip;]","og_url":"https:\/\/www.gaveanews.com\/index.php\/2021\/05\/13\/devido-a-final-da-libertadores-conmebol-reformara-estadio-centenario\/","og_site_name":"G\u00e1vea News","article_publisher":"https:\/\/facebook.com\/gaveaNews\/","article_published_time":"2021-05-13T21:06:12+00:00","article_modified_time":"2021-05-13T21:06:14+00:00","og_image":[{"width":1162,"height":751,"url":"https:\/\/www.gaveanews.com\/wp-content\/uploads\/Logomarca-da-Conmebol.webp","type":"image\/jpeg"}],"author":"Equipe G\u00e1vea News","twitter_card":"summary_large_image","twitter_misc":{"Escrito por":"Equipe G\u00e1vea News","Est. tempo de leitura":"5 minutos"},"schema":{"@context":"https:\/\/schema.org","@graph":[{"@type":"NewsArticle","@id":"https:\/\/www.gaveanews.com\/index.php\/2021\/05\/13\/devido-a-final-da-libertadores-conmebol-reformara-estadio-centenario\/#article","isPartOf":{"@id":"https:\/\/www.gaveanews.com\/index.php\/2021\/05\/13\/devido-a-final-da-libertadores-conmebol-reformara-estadio-centenario\/"},"author":{"name":"Equipe G\u00e1vea News","@id":"https:\/\/www.gaveanews.com\/#\/schema\/person\/2ec14f73fb96be2caf28f91afb14749d"},"headline":"Devido a final da Libertadores, Conmebol reformar\u00e1 est\u00e1dio Centen\u00e1rio","datePublished":"2021-05-13T21:06:12+00:00","dateModified":"2021-05-13T21:06:14+00:00","mainEntityOfPage":{"@id":"https:\/\/www.gaveanews.com\/index.php\/2021\/05\/13\/devido-a-final-da-libertadores-conmebol-reformara-estadio-centenario\/"},"wordCount":1236,"commentCount":0,"image":{"@id":"https:\/\/www.gaveanews.com\/index.php\/2021\/05\/13\/devido-a-final-da-libertadores-conmebol-reformara-estadio-centenario\/#primaryimage"},"thumbnailUrl":"https:\/\/www.gaveanews.com\/wp-content\/uploads\/Logomarca-da-Conmebol.webp","articleSection":["Flamengo"],"inLanguage":"pt-BR","potentialAction":[{"@type":"CommentAction","name":"Comment","target":["https:\/\/www.gaveanews.com\/index.php\/2021\/05\/13\/devido-a-final-da-libertadores-conmebol-reformara-estadio-centenario\/#respond"]}],"copyrightYear":"2021","copyrightHolder":{"@id":"https:\/\/www.gaveanews.com\/#organization"}},{"@type":"WebPage","@id":"https:\/\/www.gaveanews.com\/index.php\/2021\/05\/13\/devido-a-final-da-libertadores-conmebol-reformara-estadio-centenario\/","url":"https:\/\/www.gaveanews.com\/index.php\/2021\/05\/13\/devido-a-final-da-libertadores-conmebol-reformara-estadio-centenario\/","name":"Devido a final da Libertadores, Conmebol reformar\u00e1 est\u00e1dio Centen\u00e1rio","isPartOf":{"@id":"https:\/\/www.gaveanews.com\/#website"},"primaryImageOfPage":{"@id":"https:\/\/www.gaveanews.com\/index.php\/2021\/05\/13\/devido-a-final-da-libertadores-conmebol-reformara-estadio-centenario\/#primaryimage"},"image":{"@id":"https:\/\/www.gaveanews.com\/index.php\/2021\/05\/13\/devido-a-final-da-libertadores-conmebol-reformara-estadio-centenario\/#primaryimage"},"thumbnailUrl":"https:\/\/www.gaveanews.com\/wp-content\/uploads\/Logomarca-da-Conmebol.webp","datePublished":"2021-05-13T21:06:12+00:00","dateModified":"2021-05-13T21:06:14+00:00","author":{"@id":"https:\/\/www.gaveanews.com\/#\/schema\/person\/2ec14f73fb96be2caf28f91afb14749d"},"breadcrumb":{"@id":"https:\/\/www.gaveanews.com\/index.php\/2021\/05\/13\/devido-a-final-da-libertadores-conmebol-reformara-estadio-centenario\/#breadcrumb"},"inLanguage":"pt-BR","potentialAction":[{"@type":"ReadAction","target":["https:\/\/www.gaveanews.com\/index.php\/2021\/05\/13\/devido-a-final-da-libertadores-conmebol-reformara-estadio-centenario\/"]}]},{"@type":"ImageObject","inLanguage":"pt-BR","@id":"https:\/\/www.gaveanews.com\/index.php\/2021\/05\/13\/devido-a-final-da-libertadores-conmebol-reformara-estadio-centenario\/#primaryimage","url":"https:\/\/www.gaveanews.com\/wp-content\/uploads\/Logomarca-da-Conmebol.webp","contentUrl":"https:\/\/www.gaveanews.com\/wp-content\/uploads\/Logomarca-da-Conmebol.webp","width":1162,"height":751},{"@type":"BreadcrumbList","@id":"https:\/\/www.gaveanews.com\/index.php\/2021\/05\/13\/devido-a-final-da-libertadores-conmebol-reformara-estadio-centenario\/#breadcrumb","itemListElement":[{"@type":"ListItem","position":1,"name":"Home","item":"https:\/\/www.gaveanews.com\/"},{"@type":"ListItem","position":2,"name":"Devido a final da Libertadores, Conmebol reformar\u00e1 est\u00e1dio Centen\u00e1rio"}]},{"@type":"WebSite","@id":"https:\/\/www.gaveanews.com\/#website","url":"https:\/\/www.gaveanews.com\/","name":"G\u00e1vea News","description":"Veja todas as not\u00edcias sobre o Flamengo: Contrata\u00e7\u00f5es, categorias de base, resultados das partidas, tabela de classifica\u00e7\u00e3o, pr\u00f3ximos jogos!","potentialAction":[{"@type":"SearchAction","target":{"@type":"EntryPoint","urlTemplate":"https:\/\/www.gaveanews.com\/?s={search_term_string}"},"query-input":{"@type":"PropertyValueSpecification","valueRequired":true,"valueName":"search_term_string"}}],"inLanguage":"pt-BR"},{"@type":"Person","@id":"https:\/\/www.gaveanews.com\/#\/schema\/person\/2ec14f73fb96be2caf28f91afb14749d","name":"Equipe G\u00e1vea News","image":{"@type":"ImageObject","inLanguage":"pt-BR","@id":"https:\/\/www.gaveanews.com\/#\/schema\/person\/image\/","url":"https:\/\/secure.gravatar.com\/avatar\/1e1956f1facbffd3f8fa53a326721950116b3b9dc9bd44939c01180fd4a745a9?s=96&d=mm&r=g","contentUrl":"https:\/\/secure.gravatar.com\/avatar\/1e1956f1facbffd3f8fa53a326721950116b3b9dc9bd44939c01180fd4a745a9?s=96&d=mm&r=g","caption":"Equipe G\u00e1vea News"}}]}},"_links":{"self":[{"href":"https:\/\/www.gaveanews.com\/index.php\/wp-json\/wp\/v2\/posts\/61119","targetHints":{"allow":["GET"]}}],"collection":[{"href":"https:\/\/www.gaveanews.com\/index.php\/wp-json\/wp\/v2\/posts"}],"about":[{"href":"https:\/\/www.gaveanews.com\/index.php\/wp-json\/wp\/v2\/types\/post"}],"author":[{"embeddable":true,"href":"https:\/\/www.gaveanews.com\/index.php\/wp-json\/wp\/v2\/users\/1"}],"replies":[{"embeddable":true,"href":"https:\/\/www.gaveanews.com\/index.php\/wp-json\/wp\/v2\/comments?post=61119"}],"version-history":[{"count":0,"href":"https:\/\/www.gaveanews.com\/index.php\/wp-json\/wp\/v2\/posts\/61119\/revisions"}],"wp:featuredmedia":[{"embeddable":true,"href":"https:\/\/www.gaveanews.com\/index.php\/wp-json\/wp\/v2\/media\/35738"}],"wp:attachment":[{"href":"https:\/\/www.gaveanews.com\/index.php\/wp-json\/wp\/v2\/media?parent=61119"}],"wp:term":[{"taxonomy":"category","embeddable":true,"href":"https:\/\/www.gaveanews.com\/index.php\/wp-json\/wp\/v2\/categories?post=61119"},{"taxonomy":"post_tag","embeddable":true,"href":"https:\/\/www.gaveanews.com\/index.php\/wp-json\/wp\/v2\/tags?post=61119"}],"curies":[{"name":"wp","href":"https:\/\/api.w.org\/{rel}","templated":true}]}}