{"id":61124,"date":"2021-05-13T17:44:26","date_gmt":"2021-05-13T20:44:26","guid":{"rendered":"https:\/\/www.gaveanews.com\/?p=61124"},"modified":"2021-08-12T00:49:58","modified_gmt":"2021-08-12T03:49:58","slug":"dirigente-do-flamengo-comenta-declaracao-do-goleiro-buffon","status":"publish","type":"post","link":"https:\/\/www.gaveanews.com\/index.php\/2021\/05\/13\/dirigente-do-flamengo-comenta-declaracao-do-goleiro-buffon\/","title":{"rendered":"Dirigente do Flamengo comenta declara\u00e7\u00e3o do goleiro Buffon"},"content":{"rendered":"\n<p>Ap\u00f3s anunciar sua sa\u00edda da Juventus ao fim da presente temporada, o goleiro Buffon permanece sem destino para o ciclo seguinte. Em entrevista feita com o arqueiro, Clara Albuquerque, da <em>TNT Sports<\/em>, questionou sobre a possibilidade de o jogador rumar a algum time brasileiro, e a resposta dele surpreendeu.<\/p>\n\n\n\n<p>Conhecendo toda a visibilidade do Flamengo no futebol, o goleiro citou o clube da G\u00e1vea em tom de brincadeira, <a href=\"https:\/\/www.gaveanews.com\/index.php\/2021\/05\/12\/de-saida-da-juventus-buffon-brinca-sobre-contato-para-atuar-no-flamengo\/\">falando que teria sido sondado pelo clube da G\u00e1vea, mas que deveria permanecer na Europa<\/a>. O coment\u00e1rio do arqueiro circulou pela internet e, depois de muitas especula\u00e7\u00f5es de torcedores, um dirigente do Fla se pronunciou.<\/p>\n\n\n\n<p>De acordo com Cah\u00ea Mota, um dos dirigentes do Mais Querido negou qualquer aproxima\u00e7\u00e3o do clube com o goleiro. O jornalista n\u00e3o informou quem foi o autor da resposta. <\/p>\n\n\n\n<p><em><strong>\u2014 Nunca procuramos. Deve ter sido brincadeira dele.<\/strong><\/em><\/p>\n\n\n\n<p>Com o assunto encerrado, o clube treina para enfrentar o Fluminense pela final do Carioc\u00e3o. O cl\u00e1ssico ocorrer\u00e1 \u00e0s 21h05 (hor\u00e1rio de Bras\u00edlia) deste s\u00e1bado (15). A partida ocorrer\u00e1 no Maracan\u00e3 e <a href=\"https:\/\/www.gaveanews.com\/index.php\/2021\/05\/12\/record-vai-transmitir-flamengo-e-fluminense-para-todo-o-brasil\/\">contar\u00e1 com a transmiss\u00e3o da Record<\/a>.<\/p>\n","protected":false},"excerpt":{"rendered":"<p>Ap\u00f3s anunciar sua sa\u00edda da Juventus ao fim da presente temporada, o goleiro Buffon permanece sem destino para o ciclo seguinte. Em entrevista feita com o arqueiro, Clara Albuquerque, da TNT Sports, questionou sobre a possibilidade de o jogador rumar a algum time brasileiro, e a resposta dele surpreendeu. Conhecendo toda a visibilidade do Flamengo [&hellip;]<\/p>\n","protected":false},"author":4,"featured_media":61044,"comment_status":"open","ping_status":"closed","sticky":false,"template":"","format":"standard","meta":{"footnotes":""},"categories":[48],"tags":[],"class_list":["post-61124","post","type-post","status-publish","format-standard","has-post-thumbnail","hentry","category-negociacoes"],"yoast_head":"<!-- This site is optimized with the Yoast SEO Premium plugin v24.2 (Yoast SEO v26.9) - https:\/\/yoast.com\/product\/yoast-seo-premium-wordpress\/ -->\n<title>Dirigente do Flamengo comenta declara\u00e7\u00e3o do goleiro Buffon<\/title>\n<meta name=\"robots\" content=\"index, follow, max-snippet:-1, max-image-preview:large, max-video-preview:-1\" \/>\n<link rel=\"canonical\" href=\"https:\/\/www.gaveanews.com\/index.php\/2021\/05\/13\/dirigente-do-flamengo-comenta-declaracao-do-goleiro-buffon\/\" \/>\n<meta property=\"og:locale\" content=\"pt_BR\" \/>\n<meta property=\"og:type\" content=\"article\" \/>\n<meta property=\"og:title\" content=\"Dirigente do Flamengo comenta declara\u00e7\u00e3o do goleiro Buffon\" \/>\n<meta property=\"og:description\" content=\"Ap\u00f3s anunciar sua sa\u00edda da Juventus ao fim da presente temporada, o goleiro Buffon permanece sem destino para o ciclo seguinte. Em entrevista feita com o arqueiro, Clara Albuquerque, da TNT Sports, questionou sobre a possibilidade de o jogador rumar a algum time brasileiro, e a resposta dele surpreendeu. Conhecendo toda a visibilidade do Flamengo [&hellip;]\" \/>\n<meta property=\"og:url\" content=\"https:\/\/www.gaveanews.com\/index.php\/2021\/05\/13\/dirigente-do-flamengo-comenta-declaracao-do-goleiro-buffon\/\" \/>\n<meta property=\"og:site_name\" content=\"G\u00e1vea News\" \/>\n<meta property=\"article:publisher\" content=\"https:\/\/facebook.com\/gaveaNews\/\" \/>\n<meta property=\"article:published_time\" content=\"2021-05-13T20:44:26+00:00\" \/>\n<meta property=\"article:modified_time\" content=\"2021-08-12T03:49:58+00:00\" \/>\n<meta property=\"og:image\" content=\"https:\/\/www.gaveanews.com\/wp-content\/uploads\/Buffon-durante-o-aquecimento-antes-do-jogo-da-Italia.webp\" \/>\n\t<meta property=\"og:image:width\" content=\"984\" \/>\n\t<meta property=\"og:image:height\" content=\"717\" \/>\n\t<meta property=\"og:image:type\" content=\"image\/jpeg\" \/>\n<meta name=\"author\" content=\"Let\u00edcia Gerheim\" \/>\n<meta name=\"twitter:card\" content=\"summary_large_image\" \/>\n<meta name=\"twitter:label1\" content=\"Escrito por\" \/>\n\t<meta name=\"twitter:data1\" content=\"Let\u00edcia Gerheim\" \/>\n\t<meta name=\"twitter:label2\" content=\"Est. tempo de leitura\" \/>\n\t<meta name=\"twitter:data2\" content=\"1 minuto\" \/>\n<script type=\"application\/ld+json\" class=\"yoast-schema-graph\">{\"@context\":\"https:\/\/schema.org\",\"@graph\":[{\"@type\":\"NewsArticle\",\"@id\":\"https:\/\/www.gaveanews.com\/index.php\/2021\/05\/13\/dirigente-do-flamengo-comenta-declaracao-do-goleiro-buffon\/#article\",\"isPartOf\":{\"@id\":\"https:\/\/www.gaveanews.com\/index.php\/2021\/05\/13\/dirigente-do-flamengo-comenta-declaracao-do-goleiro-buffon\/\"},\"author\":{\"name\":\"Let\u00edcia Gerheim\",\"@id\":\"https:\/\/www.gaveanews.com\/#\/schema\/person\/714c67050b836198af2450ba1c142a67\"},\"headline\":\"Dirigente do Flamengo comenta declara\u00e7\u00e3o do goleiro Buffon\",\"datePublished\":\"2021-05-13T20:44:26+00:00\",\"dateModified\":\"2021-08-12T03:49:58+00:00\",\"mainEntityOfPage\":{\"@id\":\"https:\/\/www.gaveanews.com\/index.php\/2021\/05\/13\/dirigente-do-flamengo-comenta-declaracao-do-goleiro-buffon\/\"},\"wordCount\":199,\"commentCount\":12,\"image\":{\"@id\":\"https:\/\/www.gaveanews.com\/index.php\/2021\/05\/13\/dirigente-do-flamengo-comenta-declaracao-do-goleiro-buffon\/#primaryimage\"},\"thumbnailUrl\":\"https:\/\/www.gaveanews.com\/wp-content\/uploads\/Buffon-durante-o-aquecimento-antes-do-jogo-da-Italia.webp\",\"articleSection\":[\"Negocia\u00e7\u00f5es\"],\"inLanguage\":\"pt-BR\",\"potentialAction\":[{\"@type\":\"CommentAction\",\"name\":\"Comment\",\"target\":[\"https:\/\/www.gaveanews.com\/index.php\/2021\/05\/13\/dirigente-do-flamengo-comenta-declaracao-do-goleiro-buffon\/#respond\"]}],\"copyrightYear\":\"2021\",\"copyrightHolder\":{\"@id\":\"https:\/\/www.gaveanews.com\/#organization\"}},{\"@type\":\"WebPage\",\"@id\":\"https:\/\/www.gaveanews.com\/index.php\/2021\/05\/13\/dirigente-do-flamengo-comenta-declaracao-do-goleiro-buffon\/\",\"url\":\"https:\/\/www.gaveanews.com\/index.php\/2021\/05\/13\/dirigente-do-flamengo-comenta-declaracao-do-goleiro-buffon\/\",\"name\":\"Dirigente do Flamengo comenta declara\u00e7\u00e3o do goleiro Buffon\",\"isPartOf\":{\"@id\":\"https:\/\/www.gaveanews.com\/#website\"},\"primaryImageOfPage\":{\"@id\":\"https:\/\/www.gaveanews.com\/index.php\/2021\/05\/13\/dirigente-do-flamengo-comenta-declaracao-do-goleiro-buffon\/#primaryimage\"},\"image\":{\"@id\":\"https:\/\/www.gaveanews.com\/index.php\/2021\/05\/13\/dirigente-do-flamengo-comenta-declaracao-do-goleiro-buffon\/#primaryimage\"},\"thumbnailUrl\":\"https:\/\/www.gaveanews.com\/wp-content\/uploads\/Buffon-durante-o-aquecimento-antes-do-jogo-da-Italia.webp\",\"datePublished\":\"2021-05-13T20:44:26+00:00\",\"dateModified\":\"2021-08-12T03:49:58+00:00\",\"author\":{\"@id\":\"https:\/\/www.gaveanews.com\/#\/schema\/person\/714c67050b836198af2450ba1c142a67\"},\"breadcrumb\":{\"@id\":\"https:\/\/www.gaveanews.com\/index.php\/2021\/05\/13\/dirigente-do-flamengo-comenta-declaracao-do-goleiro-buffon\/#breadcrumb\"},\"inLanguage\":\"pt-BR\",\"potentialAction\":[{\"@type\":\"ReadAction\",\"target\":[\"https:\/\/www.gaveanews.com\/index.php\/2021\/05\/13\/dirigente-do-flamengo-comenta-declaracao-do-goleiro-buffon\/\"]}]},{\"@type\":\"ImageObject\",\"inLanguage\":\"pt-BR\",\"@id\":\"https:\/\/www.gaveanews.com\/index.php\/2021\/05\/13\/dirigente-do-flamengo-comenta-declaracao-do-goleiro-buffon\/#primaryimage\",\"url\":\"https:\/\/www.gaveanews.com\/wp-content\/uploads\/Buffon-durante-o-aquecimento-antes-do-jogo-da-Italia.webp\",\"contentUrl\":\"https:\/\/www.gaveanews.com\/wp-content\/uploads\/Buffon-durante-o-aquecimento-antes-do-jogo-da-Italia.webp\",\"width\":984,\"height\":717,\"caption\":\"Buffon durante o aquecimento antes do jogo da It\u00e1lia (Foto: Reuters)\"},{\"@type\":\"BreadcrumbList\",\"@id\":\"https:\/\/www.gaveanews.com\/index.php\/2021\/05\/13\/dirigente-do-flamengo-comenta-declaracao-do-goleiro-buffon\/#breadcrumb\",\"itemListElement\":[{\"@type\":\"ListItem\",\"position\":1,\"name\":\"Home\",\"item\":\"https:\/\/www.gaveanews.com\/\"},{\"@type\":\"ListItem\",\"position\":2,\"name\":\"Dirigente do Flamengo comenta declara\u00e7\u00e3o do goleiro Buffon\"}]},{\"@type\":\"WebSite\",\"@id\":\"https:\/\/www.gaveanews.com\/#website\",\"url\":\"https:\/\/www.gaveanews.com\/\",\"name\":\"G\u00e1vea News\",\"description\":\"Veja todas as not\u00edcias sobre o Flamengo: Contrata\u00e7\u00f5es, categorias de base, resultados das partidas, tabela de classifica\u00e7\u00e3o, pr\u00f3ximos jogos!\",\"potentialAction\":[{\"@type\":\"SearchAction\",\"target\":{\"@type\":\"EntryPoint\",\"urlTemplate\":\"https:\/\/www.gaveanews.com\/?s={search_term_string}\"},\"query-input\":{\"@type\":\"PropertyValueSpecification\",\"valueRequired\":true,\"valueName\":\"search_term_string\"}}],\"inLanguage\":\"pt-BR\"},{\"@type\":\"Person\",\"@id\":\"https:\/\/www.gaveanews.com\/#\/schema\/person\/714c67050b836198af2450ba1c142a67\",\"name\":\"Let\u00edcia Gerheim\",\"image\":{\"@type\":\"ImageObject\",\"inLanguage\":\"pt-BR\",\"@id\":\"https:\/\/www.gaveanews.com\/#\/schema\/person\/image\/\",\"url\":\"https:\/\/secure.gravatar.com\/avatar\/60734739c50fcebfbac509e2a826ccd0ff405c019bc73aab9354f19ecad1dcb4?s=96&d=mm&r=g\",\"contentUrl\":\"https:\/\/secure.gravatar.com\/avatar\/60734739c50fcebfbac509e2a826ccd0ff405c019bc73aab9354f19ecad1dcb4?s=96&d=mm&r=g\",\"caption\":\"Let\u00edcia Gerheim\"}}]}<\/script>\n<!-- \/ Yoast SEO Premium plugin. -->","yoast_head_json":{"title":"Dirigente do Flamengo comenta declara\u00e7\u00e3o do goleiro Buffon","robots":{"index":"index","follow":"follow","max-snippet":"max-snippet:-1","max-image-preview":"max-image-preview:large","max-video-preview":"max-video-preview:-1"},"canonical":"https:\/\/www.gaveanews.com\/index.php\/2021\/05\/13\/dirigente-do-flamengo-comenta-declaracao-do-goleiro-buffon\/","og_locale":"pt_BR","og_type":"article","og_title":"Dirigente do Flamengo comenta declara\u00e7\u00e3o do goleiro Buffon","og_description":"Ap\u00f3s anunciar sua sa\u00edda da Juventus ao fim da presente temporada, o goleiro Buffon permanece sem destino para o ciclo seguinte. Em entrevista feita com o arqueiro, Clara Albuquerque, da TNT Sports, questionou sobre a possibilidade de o jogador rumar a algum time brasileiro, e a resposta dele surpreendeu. Conhecendo toda a visibilidade do Flamengo [&hellip;]","og_url":"https:\/\/www.gaveanews.com\/index.php\/2021\/05\/13\/dirigente-do-flamengo-comenta-declaracao-do-goleiro-buffon\/","og_site_name":"G\u00e1vea News","article_publisher":"https:\/\/facebook.com\/gaveaNews\/","article_published_time":"2021-05-13T20:44:26+00:00","article_modified_time":"2021-08-12T03:49:58+00:00","og_image":[{"width":984,"height":717,"url":"https:\/\/www.gaveanews.com\/wp-content\/uploads\/Buffon-durante-o-aquecimento-antes-do-jogo-da-Italia.webp","type":"image\/jpeg"}],"author":"Let\u00edcia Gerheim","twitter_card":"summary_large_image","twitter_misc":{"Escrito por":"Let\u00edcia Gerheim","Est. tempo de leitura":"1 minuto"},"schema":{"@context":"https:\/\/schema.org","@graph":[{"@type":"NewsArticle","@id":"https:\/\/www.gaveanews.com\/index.php\/2021\/05\/13\/dirigente-do-flamengo-comenta-declaracao-do-goleiro-buffon\/#article","isPartOf":{"@id":"https:\/\/www.gaveanews.com\/index.php\/2021\/05\/13\/dirigente-do-flamengo-comenta-declaracao-do-goleiro-buffon\/"},"author":{"name":"Let\u00edcia Gerheim","@id":"https:\/\/www.gaveanews.com\/#\/schema\/person\/714c67050b836198af2450ba1c142a67"},"headline":"Dirigente do Flamengo comenta declara\u00e7\u00e3o do goleiro Buffon","datePublished":"2021-05-13T20:44:26+00:00","dateModified":"2021-08-12T03:49:58+00:00","mainEntityOfPage":{"@id":"https:\/\/www.gaveanews.com\/index.php\/2021\/05\/13\/dirigente-do-flamengo-comenta-declaracao-do-goleiro-buffon\/"},"wordCount":199,"commentCount":12,"image":{"@id":"https:\/\/www.gaveanews.com\/index.php\/2021\/05\/13\/dirigente-do-flamengo-comenta-declaracao-do-goleiro-buffon\/#primaryimage"},"thumbnailUrl":"https:\/\/www.gaveanews.com\/wp-content\/uploads\/Buffon-durante-o-aquecimento-antes-do-jogo-da-Italia.webp","articleSection":["Negocia\u00e7\u00f5es"],"inLanguage":"pt-BR","potentialAction":[{"@type":"CommentAction","name":"Comment","target":["https:\/\/www.gaveanews.com\/index.php\/2021\/05\/13\/dirigente-do-flamengo-comenta-declaracao-do-goleiro-buffon\/#respond"]}],"copyrightYear":"2021","copyrightHolder":{"@id":"https:\/\/www.gaveanews.com\/#organization"}},{"@type":"WebPage","@id":"https:\/\/www.gaveanews.com\/index.php\/2021\/05\/13\/dirigente-do-flamengo-comenta-declaracao-do-goleiro-buffon\/","url":"https:\/\/www.gaveanews.com\/index.php\/2021\/05\/13\/dirigente-do-flamengo-comenta-declaracao-do-goleiro-buffon\/","name":"Dirigente do Flamengo comenta declara\u00e7\u00e3o do goleiro Buffon","isPartOf":{"@id":"https:\/\/www.gaveanews.com\/#website"},"primaryImageOfPage":{"@id":"https:\/\/www.gaveanews.com\/index.php\/2021\/05\/13\/dirigente-do-flamengo-comenta-declaracao-do-goleiro-buffon\/#primaryimage"},"image":{"@id":"https:\/\/www.gaveanews.com\/index.php\/2021\/05\/13\/dirigente-do-flamengo-comenta-declaracao-do-goleiro-buffon\/#primaryimage"},"thumbnailUrl":"https:\/\/www.gaveanews.com\/wp-content\/uploads\/Buffon-durante-o-aquecimento-antes-do-jogo-da-Italia.webp","datePublished":"2021-05-13T20:44:26+00:00","dateModified":"2021-08-12T03:49:58+00:00","author":{"@id":"https:\/\/www.gaveanews.com\/#\/schema\/person\/714c67050b836198af2450ba1c142a67"},"breadcrumb":{"@id":"https:\/\/www.gaveanews.com\/index.php\/2021\/05\/13\/dirigente-do-flamengo-comenta-declaracao-do-goleiro-buffon\/#breadcrumb"},"inLanguage":"pt-BR","potentialAction":[{"@type":"ReadAction","target":["https:\/\/www.gaveanews.com\/index.php\/2021\/05\/13\/dirigente-do-flamengo-comenta-declaracao-do-goleiro-buffon\/"]}]},{"@type":"ImageObject","inLanguage":"pt-BR","@id":"https:\/\/www.gaveanews.com\/index.php\/2021\/05\/13\/dirigente-do-flamengo-comenta-declaracao-do-goleiro-buffon\/#primaryimage","url":"https:\/\/www.gaveanews.com\/wp-content\/uploads\/Buffon-durante-o-aquecimento-antes-do-jogo-da-Italia.webp","contentUrl":"https:\/\/www.gaveanews.com\/wp-content\/uploads\/Buffon-durante-o-aquecimento-antes-do-jogo-da-Italia.webp","width":984,"height":717,"caption":"Buffon durante o aquecimento antes do jogo da It\u00e1lia (Foto: Reuters)"},{"@type":"BreadcrumbList","@id":"https:\/\/www.gaveanews.com\/index.php\/2021\/05\/13\/dirigente-do-flamengo-comenta-declaracao-do-goleiro-buffon\/#breadcrumb","itemListElement":[{"@type":"ListItem","position":1,"name":"Home","item":"https:\/\/www.gaveanews.com\/"},{"@type":"ListItem","position":2,"name":"Dirigente do Flamengo comenta declara\u00e7\u00e3o do goleiro Buffon"}]},{"@type":"WebSite","@id":"https:\/\/www.gaveanews.com\/#website","url":"https:\/\/www.gaveanews.com\/","name":"G\u00e1vea News","description":"Veja todas as not\u00edcias sobre o Flamengo: Contrata\u00e7\u00f5es, categorias de base, resultados das partidas, tabela de classifica\u00e7\u00e3o, pr\u00f3ximos jogos!","potentialAction":[{"@type":"SearchAction","target":{"@type":"EntryPoint","urlTemplate":"https:\/\/www.gaveanews.com\/?s={search_term_string}"},"query-input":{"@type":"PropertyValueSpecification","valueRequired":true,"valueName":"search_term_string"}}],"inLanguage":"pt-BR"},{"@type":"Person","@id":"https:\/\/www.gaveanews.com\/#\/schema\/person\/714c67050b836198af2450ba1c142a67","name":"Let\u00edcia Gerheim","image":{"@type":"ImageObject","inLanguage":"pt-BR","@id":"https:\/\/www.gaveanews.com\/#\/schema\/person\/image\/","url":"https:\/\/secure.gravatar.com\/avatar\/60734739c50fcebfbac509e2a826ccd0ff405c019bc73aab9354f19ecad1dcb4?s=96&d=mm&r=g","contentUrl":"https:\/\/secure.gravatar.com\/avatar\/60734739c50fcebfbac509e2a826ccd0ff405c019bc73aab9354f19ecad1dcb4?s=96&d=mm&r=g","caption":"Let\u00edcia Gerheim"}}]}},"_links":{"self":[{"href":"https:\/\/www.gaveanews.com\/index.php\/wp-json\/wp\/v2\/posts\/61124","targetHints":{"allow":["GET"]}}],"collection":[{"href":"https:\/\/www.gaveanews.com\/index.php\/wp-json\/wp\/v2\/posts"}],"about":[{"href":"https:\/\/www.gaveanews.com\/index.php\/wp-json\/wp\/v2\/types\/post"}],"author":[{"embeddable":true,"href":"https:\/\/www.gaveanews.com\/index.php\/wp-json\/wp\/v2\/users\/4"}],"replies":[{"embeddable":true,"href":"https:\/\/www.gaveanews.com\/index.php\/wp-json\/wp\/v2\/comments?post=61124"}],"version-history":[{"count":0,"href":"https:\/\/www.gaveanews.com\/index.php\/wp-json\/wp\/v2\/posts\/61124\/revisions"}],"wp:featuredmedia":[{"embeddable":true,"href":"https:\/\/www.gaveanews.com\/index.php\/wp-json\/wp\/v2\/media\/61044"}],"wp:attachment":[{"href":"https:\/\/www.gaveanews.com\/index.php\/wp-json\/wp\/v2\/media?parent=61124"}],"wp:term":[{"taxonomy":"category","embeddable":true,"href":"https:\/\/www.gaveanews.com\/index.php\/wp-json\/wp\/v2\/categories?post=61124"},{"taxonomy":"post_tag","embeddable":true,"href":"https:\/\/www.gaveanews.com\/index.php\/wp-json\/wp\/v2\/tags?post=61124"}],"curies":[{"name":"wp","href":"https:\/\/api.w.org\/{rel}","templated":true}]}}