{"id":61131,"date":"2021-05-13T18:42:04","date_gmt":"2021-05-13T21:42:04","guid":{"rendered":"https:\/\/www.gaveanews.com\/?p=61131"},"modified":"2021-05-13T18:42:52","modified_gmt":"2021-05-13T21:42:52","slug":"adidas-revela-mais-detalhes-do-novo-uniforme-do-flamengo-veja-fotos","status":"publish","type":"post","link":"https:\/\/www.gaveanews.com\/index.php\/2021\/05\/13\/adidas-revela-mais-detalhes-do-novo-uniforme-do-flamengo-veja-fotos\/","title":{"rendered":"Adidas revela mais detalhes do novo uniforme do Flamengo; veja fotos"},"content":{"rendered":"\n<p>O Flamengo lan\u00e7a nesta sexta-feira oficialmente o uniforme n\u00famero 2 para temporada 2021. A camisa predominantemente branca homenageia os 40 anos do t\u00edtulo mundial de 1981 e tem no ombro e nas mangas detalhes rubro-negros com orig\u00e2mis em refer\u00eancia \u00e0 final de 13 de dezembro daquele ano, no est\u00e1dio nacional de T\u00f3quio, no Jap\u00e3o.<\/p>\n\n\n\n<p>Os orig\u00e2mis s\u00e3o uma arte tradicional e secular do Jap\u00e3o, que consistem em pap\u00e9is dobrados em refer\u00eancia a seres ou objeto. No uniforme, eles est\u00e3o em formato do urubu, mascote do clube.<\/p>\n\n\n\n<p>A grande novidade, por\u00e9m, est\u00e1 no short, que ser\u00e1 predominantemente vermelho com os orig\u00e2mis pretos. N\u00e3o h\u00e1 ainda previs\u00e3o de estreia para o uniforme 2. Havia o desejo de utiliza\u00e7\u00e3o j\u00e1 na final do Carioca, s\u00e1bado, contra o Fluminense, mas a tend\u00eancia \u00e9 que fique para depois.<\/p>\n\n\n\n<figure class=\"wp-block-embed is-type-video is-provider-youtube wp-block-embed-youtube wp-embed-aspect-16-9 wp-has-aspect-ratio\"><div class=\"wp-block-embed__wrapper\">\nhttps:\/\/youtu.be\/zELMsAciM1A\n<\/div><\/figure>\n\n\n\n<p>A discuss\u00e3o agora est\u00e1 na estreia ou n\u00e3o diante da LDU, quarta-feira, pela Libertadores. A quest\u00e3o est\u00e1 no fato do Flamengo usar uniforme 2 sendo mandante da partida.<\/p>\n\n\n\n<p>A camisa 2 estar\u00e1 \u00e0 venda com exclusividade nas lojas oficiais do clube a partir de sexta-feira, por R$ 279,99. Uma semana depois estar\u00e1 dispon\u00edvel em outras lojas.<\/p>\n\n\n\n<p><strong>Veja fotos abaixo:<\/strong><\/p>\n\n\n\n<figure class=\"wp-block-image size-large is-resized\"><img loading=\"lazy\" decoding=\"async\" src=\"https:\/\/pbs.twimg.com\/media\/E1THWQ2WQAAqH_K?format=jpg\" alt=\"\" width=\"837\" height=\"558\"\/><\/figure>\n\n\n\n<figure class=\"wp-block-image size-large\"><img decoding=\"async\" src=\"https:\/\/s2.glbimg.com\/lv-4zemqV94qHt2DsIe-5qbSMOA=\/0x0:1280x720\/984x0\/smart\/filters:strip_icc()\/i.s3.glbimg.com\/v1\/AUTH_bc8228b6673f488aa253bbcb03c80ec5\/internal_photos\/bs\/2021\/1\/C\/v1t1YATFAP5oIJPtZmzQ\/c398bc29-9b38-4f29-8394-296bbba384f6.webp\" alt=\"\"\/><\/figure>\n\n\n\n<figure class=\"wp-block-image size-large\"><img decoding=\"async\" src=\"https:\/\/s2.glbimg.com\/8Tg4HB0uJZaqQLf5MOHdGlcIK3A=\/0x0:1280x720\/984x0\/smart\/filters:strip_icc()\/i.s3.glbimg.com\/v1\/AUTH_bc8228b6673f488aa253bbcb03c80ec5\/internal_photos\/bs\/2021\/J\/O\/FVTVhKSkWxTWfpGkltyw\/9a18c4ca-bcf5-46d2-b601-c7b7cdd2c1e4.webp\" alt=\"\"\/><\/figure>\n\n\n\n<figure class=\"wp-block-image size-large\"><img decoding=\"async\" src=\"https:\/\/s2.glbimg.com\/jSwORahnrIcDvJjVfZOe2NRaoQE=\/0x0:1280x720\/984x0\/smart\/filters:strip_icc()\/i.s3.glbimg.com\/v1\/AUTH_bc8228b6673f488aa253bbcb03c80ec5\/internal_photos\/bs\/2021\/z\/G\/FkmRB6QAGYtch5zYBk4Q\/2b4e2876-5f52-4c53-a383-7cd2b236c49a.webp\" alt=\"\"\/><\/figure>\n\n\n\n<figure class=\"wp-block-image size-large\"><img decoding=\"async\" src=\"https:\/\/s2.glbimg.com\/NgOW7UYWoyr1pKB__j5xB8K1JUE=\/0x0:1280x720\/984x0\/smart\/filters:strip_icc()\/i.s3.glbimg.com\/v1\/AUTH_bc8228b6673f488aa253bbcb03c80ec5\/internal_photos\/bs\/2021\/D\/L\/C4UeleQke0A8YpP9r43Q\/d82085ce-495d-4e5e-b023-0de1f08e5437.webp\" alt=\"\"\/><\/figure>\n\n\n\n<figure class=\"wp-block-image size-large\"><img decoding=\"async\" src=\"https:\/\/pbs.twimg.com\/media\/E1TD-qBWQAcAiz4?format=jpg&amp;name=900x900\" alt=\"\"\/><\/figure>\n\n\n\n<figure class=\"wp-block-image size-large\"><img decoding=\"async\" src=\"https:\/\/s2.glbimg.com\/BKaC2wEbxKL-QiAglc_PUySQhDk=\/0x0:1280x720\/984x0\/smart\/filters:strip_icc()\/i.s3.glbimg.com\/v1\/AUTH_bc8228b6673f488aa253bbcb03c80ec5\/internal_photos\/bs\/2021\/W\/E\/BPOFPzSKGKUewz4JIDrA\/72df7bc4-1cb3-4c69-a755-a1dfcf40a245.webp\" alt=\"\"\/><\/figure>\n\n\n\n<p>Retirado de: Globo Esporte<\/p>\n","protected":false},"excerpt":{"rendered":"<p>O Flamengo lan\u00e7a nesta sexta-feira oficialmente o uniforme n\u00famero 2 para temporada 2021. A camisa predominantemente branca homenageia os 40 anos do t\u00edtulo mundial de 1981 e tem no ombro e nas mangas detalhes rubro-negros com orig\u00e2mis em refer\u00eancia \u00e0 final de 13 de dezembro daquele ano, no est\u00e1dio nacional de T\u00f3quio, no Jap\u00e3o. Os [&hellip;]<\/p>\n","protected":false},"author":1,"featured_media":16214,"comment_status":"open","ping_status":"closed","sticky":false,"template":"","format":"standard","meta":{"footnotes":""},"categories":[40],"tags":[],"class_list":["post-61131","post","type-post","status-publish","format-standard","has-post-thumbnail","hentry","category-video"],"yoast_head":"<!-- This site is optimized with the Yoast SEO Premium plugin v24.2 (Yoast SEO v26.9) - https:\/\/yoast.com\/product\/yoast-seo-premium-wordpress\/ -->\n<title>Adidas revela mais detalhes do novo uniforme do Flamengo; veja fotos<\/title>\n<meta name=\"robots\" content=\"index, follow, max-snippet:-1, max-image-preview:large, max-video-preview:-1\" \/>\n<link rel=\"canonical\" href=\"https:\/\/www.gaveanews.com\/index.php\/2021\/05\/13\/adidas-revela-mais-detalhes-do-novo-uniforme-do-flamengo-veja-fotos\/\" \/>\n<meta property=\"og:locale\" content=\"pt_BR\" \/>\n<meta property=\"og:type\" content=\"article\" \/>\n<meta property=\"og:title\" content=\"Adidas revela mais detalhes do novo uniforme do Flamengo; veja fotos\" \/>\n<meta property=\"og:description\" content=\"O Flamengo lan\u00e7a nesta sexta-feira oficialmente o uniforme n\u00famero 2 para temporada 2021. A camisa predominantemente branca homenageia os 40 anos do t\u00edtulo mundial de 1981 e tem no ombro e nas mangas detalhes rubro-negros com orig\u00e2mis em refer\u00eancia \u00e0 final de 13 de dezembro daquele ano, no est\u00e1dio nacional de T\u00f3quio, no Jap\u00e3o. Os [&hellip;]\" \/>\n<meta property=\"og:url\" content=\"https:\/\/www.gaveanews.com\/index.php\/2021\/05\/13\/adidas-revela-mais-detalhes-do-novo-uniforme-do-flamengo-veja-fotos\/\" \/>\n<meta property=\"og:site_name\" content=\"G\u00e1vea News\" \/>\n<meta property=\"article:publisher\" content=\"https:\/\/facebook.com\/gaveaNews\/\" \/>\n<meta property=\"article:published_time\" content=\"2021-05-13T21:42:04+00:00\" \/>\n<meta property=\"article:modified_time\" content=\"2021-05-13T21:42:52+00:00\" \/>\n<meta property=\"og:image\" content=\"https:\/\/www.gaveanews.com\/wp-content\/uploads\/2019\/03\/Logomarca-da-Adidas.webp\" \/>\n\t<meta property=\"og:image:width\" content=\"1200\" \/>\n\t<meta property=\"og:image:height\" content=\"600\" \/>\n\t<meta property=\"og:image:type\" content=\"image\/png\" \/>\n<meta name=\"author\" content=\"Equipe G\u00e1vea News\" \/>\n<meta name=\"twitter:card\" content=\"summary_large_image\" \/>\n<meta name=\"twitter:label1\" content=\"Escrito por\" \/>\n\t<meta name=\"twitter:data1\" content=\"Equipe G\u00e1vea News\" \/>\n\t<meta name=\"twitter:label2\" content=\"Est. tempo de leitura\" \/>\n\t<meta name=\"twitter:data2\" content=\"3 minutos\" \/>\n<script type=\"application\/ld+json\" class=\"yoast-schema-graph\">{\"@context\":\"https:\/\/schema.org\",\"@graph\":[{\"@type\":\"NewsArticle\",\"@id\":\"https:\/\/www.gaveanews.com\/index.php\/2021\/05\/13\/adidas-revela-mais-detalhes-do-novo-uniforme-do-flamengo-veja-fotos\/#article\",\"isPartOf\":{\"@id\":\"https:\/\/www.gaveanews.com\/index.php\/2021\/05\/13\/adidas-revela-mais-detalhes-do-novo-uniforme-do-flamengo-veja-fotos\/\"},\"author\":{\"name\":\"Equipe G\u00e1vea News\",\"@id\":\"https:\/\/www.gaveanews.com\/#\/schema\/person\/2ec14f73fb96be2caf28f91afb14749d\"},\"headline\":\"Adidas revela mais detalhes do novo uniforme do Flamengo; veja fotos\",\"datePublished\":\"2021-05-13T21:42:04+00:00\",\"dateModified\":\"2021-05-13T21:42:52+00:00\",\"mainEntityOfPage\":{\"@id\":\"https:\/\/www.gaveanews.com\/index.php\/2021\/05\/13\/adidas-revela-mais-detalhes-do-novo-uniforme-do-flamengo-veja-fotos\/\"},\"wordCount\":225,\"commentCount\":12,\"image\":{\"@id\":\"https:\/\/www.gaveanews.com\/index.php\/2021\/05\/13\/adidas-revela-mais-detalhes-do-novo-uniforme-do-flamengo-veja-fotos\/#primaryimage\"},\"thumbnailUrl\":\"https:\/\/www.gaveanews.com\/wp-content\/uploads\/2019\/03\/Logomarca-da-Adidas.webp\",\"articleSection\":[\"V\u00eddeos\"],\"inLanguage\":\"pt-BR\",\"potentialAction\":[{\"@type\":\"CommentAction\",\"name\":\"Comment\",\"target\":[\"https:\/\/www.gaveanews.com\/index.php\/2021\/05\/13\/adidas-revela-mais-detalhes-do-novo-uniforme-do-flamengo-veja-fotos\/#respond\"]}],\"copyrightYear\":\"2021\",\"copyrightHolder\":{\"@id\":\"https:\/\/www.gaveanews.com\/#organization\"}},{\"@type\":\"WebPage\",\"@id\":\"https:\/\/www.gaveanews.com\/index.php\/2021\/05\/13\/adidas-revela-mais-detalhes-do-novo-uniforme-do-flamengo-veja-fotos\/\",\"url\":\"https:\/\/www.gaveanews.com\/index.php\/2021\/05\/13\/adidas-revela-mais-detalhes-do-novo-uniforme-do-flamengo-veja-fotos\/\",\"name\":\"Adidas revela mais detalhes do novo uniforme do Flamengo; veja fotos\",\"isPartOf\":{\"@id\":\"https:\/\/www.gaveanews.com\/#website\"},\"primaryImageOfPage\":{\"@id\":\"https:\/\/www.gaveanews.com\/index.php\/2021\/05\/13\/adidas-revela-mais-detalhes-do-novo-uniforme-do-flamengo-veja-fotos\/#primaryimage\"},\"image\":{\"@id\":\"https:\/\/www.gaveanews.com\/index.php\/2021\/05\/13\/adidas-revela-mais-detalhes-do-novo-uniforme-do-flamengo-veja-fotos\/#primaryimage\"},\"thumbnailUrl\":\"https:\/\/www.gaveanews.com\/wp-content\/uploads\/2019\/03\/Logomarca-da-Adidas.webp\",\"datePublished\":\"2021-05-13T21:42:04+00:00\",\"dateModified\":\"2021-05-13T21:42:52+00:00\",\"author\":{\"@id\":\"https:\/\/www.gaveanews.com\/#\/schema\/person\/2ec14f73fb96be2caf28f91afb14749d\"},\"breadcrumb\":{\"@id\":\"https:\/\/www.gaveanews.com\/index.php\/2021\/05\/13\/adidas-revela-mais-detalhes-do-novo-uniforme-do-flamengo-veja-fotos\/#breadcrumb\"},\"inLanguage\":\"pt-BR\",\"potentialAction\":[{\"@type\":\"ReadAction\",\"target\":[\"https:\/\/www.gaveanews.com\/index.php\/2021\/05\/13\/adidas-revela-mais-detalhes-do-novo-uniforme-do-flamengo-veja-fotos\/\"]}]},{\"@type\":\"ImageObject\",\"inLanguage\":\"pt-BR\",\"@id\":\"https:\/\/www.gaveanews.com\/index.php\/2021\/05\/13\/adidas-revela-mais-detalhes-do-novo-uniforme-do-flamengo-veja-fotos\/#primaryimage\",\"url\":\"https:\/\/www.gaveanews.com\/wp-content\/uploads\/2019\/03\/Logomarca-da-Adidas.webp\",\"contentUrl\":\"https:\/\/www.gaveanews.com\/wp-content\/uploads\/2019\/03\/Logomarca-da-Adidas.webp\",\"width\":1200,\"height\":600,\"caption\":\"Logomarca da Adidas (Foto: Reprodu\u00e7\u00e3o)\"},{\"@type\":\"BreadcrumbList\",\"@id\":\"https:\/\/www.gaveanews.com\/index.php\/2021\/05\/13\/adidas-revela-mais-detalhes-do-novo-uniforme-do-flamengo-veja-fotos\/#breadcrumb\",\"itemListElement\":[{\"@type\":\"ListItem\",\"position\":1,\"name\":\"Home\",\"item\":\"https:\/\/www.gaveanews.com\/\"},{\"@type\":\"ListItem\",\"position\":2,\"name\":\"Adidas revela mais detalhes do novo uniforme do Flamengo; veja fotos\"}]},{\"@type\":\"WebSite\",\"@id\":\"https:\/\/www.gaveanews.com\/#website\",\"url\":\"https:\/\/www.gaveanews.com\/\",\"name\":\"G\u00e1vea News\",\"description\":\"Veja todas as not\u00edcias sobre o Flamengo: Contrata\u00e7\u00f5es, categorias de base, resultados das partidas, tabela de classifica\u00e7\u00e3o, pr\u00f3ximos jogos!\",\"potentialAction\":[{\"@type\":\"SearchAction\",\"target\":{\"@type\":\"EntryPoint\",\"urlTemplate\":\"https:\/\/www.gaveanews.com\/?s={search_term_string}\"},\"query-input\":{\"@type\":\"PropertyValueSpecification\",\"valueRequired\":true,\"valueName\":\"search_term_string\"}}],\"inLanguage\":\"pt-BR\"},{\"@type\":\"Person\",\"@id\":\"https:\/\/www.gaveanews.com\/#\/schema\/person\/2ec14f73fb96be2caf28f91afb14749d\",\"name\":\"Equipe G\u00e1vea News\",\"image\":{\"@type\":\"ImageObject\",\"inLanguage\":\"pt-BR\",\"@id\":\"https:\/\/www.gaveanews.com\/#\/schema\/person\/image\/\",\"url\":\"https:\/\/secure.gravatar.com\/avatar\/1e1956f1facbffd3f8fa53a326721950116b3b9dc9bd44939c01180fd4a745a9?s=96&d=mm&r=g\",\"contentUrl\":\"https:\/\/secure.gravatar.com\/avatar\/1e1956f1facbffd3f8fa53a326721950116b3b9dc9bd44939c01180fd4a745a9?s=96&d=mm&r=g\",\"caption\":\"Equipe G\u00e1vea News\"}}]}<\/script>\n<!-- \/ Yoast SEO Premium plugin. -->","yoast_head_json":{"title":"Adidas revela mais detalhes do novo uniforme do Flamengo; veja fotos","robots":{"index":"index","follow":"follow","max-snippet":"max-snippet:-1","max-image-preview":"max-image-preview:large","max-video-preview":"max-video-preview:-1"},"canonical":"https:\/\/www.gaveanews.com\/index.php\/2021\/05\/13\/adidas-revela-mais-detalhes-do-novo-uniforme-do-flamengo-veja-fotos\/","og_locale":"pt_BR","og_type":"article","og_title":"Adidas revela mais detalhes do novo uniforme do Flamengo; veja fotos","og_description":"O Flamengo lan\u00e7a nesta sexta-feira oficialmente o uniforme n\u00famero 2 para temporada 2021. A camisa predominantemente branca homenageia os 40 anos do t\u00edtulo mundial de 1981 e tem no ombro e nas mangas detalhes rubro-negros com orig\u00e2mis em refer\u00eancia \u00e0 final de 13 de dezembro daquele ano, no est\u00e1dio nacional de T\u00f3quio, no Jap\u00e3o. Os [&hellip;]","og_url":"https:\/\/www.gaveanews.com\/index.php\/2021\/05\/13\/adidas-revela-mais-detalhes-do-novo-uniforme-do-flamengo-veja-fotos\/","og_site_name":"G\u00e1vea News","article_publisher":"https:\/\/facebook.com\/gaveaNews\/","article_published_time":"2021-05-13T21:42:04+00:00","article_modified_time":"2021-05-13T21:42:52+00:00","og_image":[{"width":1200,"height":600,"url":"https:\/\/www.gaveanews.com\/wp-content\/uploads\/2019\/03\/Logomarca-da-Adidas.webp","type":"image\/png"}],"author":"Equipe G\u00e1vea News","twitter_card":"summary_large_image","twitter_misc":{"Escrito por":"Equipe G\u00e1vea News","Est. tempo de leitura":"3 minutos"},"schema":{"@context":"https:\/\/schema.org","@graph":[{"@type":"NewsArticle","@id":"https:\/\/www.gaveanews.com\/index.php\/2021\/05\/13\/adidas-revela-mais-detalhes-do-novo-uniforme-do-flamengo-veja-fotos\/#article","isPartOf":{"@id":"https:\/\/www.gaveanews.com\/index.php\/2021\/05\/13\/adidas-revela-mais-detalhes-do-novo-uniforme-do-flamengo-veja-fotos\/"},"author":{"name":"Equipe G\u00e1vea News","@id":"https:\/\/www.gaveanews.com\/#\/schema\/person\/2ec14f73fb96be2caf28f91afb14749d"},"headline":"Adidas revela mais detalhes do novo uniforme do Flamengo; veja fotos","datePublished":"2021-05-13T21:42:04+00:00","dateModified":"2021-05-13T21:42:52+00:00","mainEntityOfPage":{"@id":"https:\/\/www.gaveanews.com\/index.php\/2021\/05\/13\/adidas-revela-mais-detalhes-do-novo-uniforme-do-flamengo-veja-fotos\/"},"wordCount":225,"commentCount":12,"image":{"@id":"https:\/\/www.gaveanews.com\/index.php\/2021\/05\/13\/adidas-revela-mais-detalhes-do-novo-uniforme-do-flamengo-veja-fotos\/#primaryimage"},"thumbnailUrl":"https:\/\/www.gaveanews.com\/wp-content\/uploads\/2019\/03\/Logomarca-da-Adidas.webp","articleSection":["V\u00eddeos"],"inLanguage":"pt-BR","potentialAction":[{"@type":"CommentAction","name":"Comment","target":["https:\/\/www.gaveanews.com\/index.php\/2021\/05\/13\/adidas-revela-mais-detalhes-do-novo-uniforme-do-flamengo-veja-fotos\/#respond"]}],"copyrightYear":"2021","copyrightHolder":{"@id":"https:\/\/www.gaveanews.com\/#organization"}},{"@type":"WebPage","@id":"https:\/\/www.gaveanews.com\/index.php\/2021\/05\/13\/adidas-revela-mais-detalhes-do-novo-uniforme-do-flamengo-veja-fotos\/","url":"https:\/\/www.gaveanews.com\/index.php\/2021\/05\/13\/adidas-revela-mais-detalhes-do-novo-uniforme-do-flamengo-veja-fotos\/","name":"Adidas revela mais detalhes do novo uniforme do Flamengo; veja fotos","isPartOf":{"@id":"https:\/\/www.gaveanews.com\/#website"},"primaryImageOfPage":{"@id":"https:\/\/www.gaveanews.com\/index.php\/2021\/05\/13\/adidas-revela-mais-detalhes-do-novo-uniforme-do-flamengo-veja-fotos\/#primaryimage"},"image":{"@id":"https:\/\/www.gaveanews.com\/index.php\/2021\/05\/13\/adidas-revela-mais-detalhes-do-novo-uniforme-do-flamengo-veja-fotos\/#primaryimage"},"thumbnailUrl":"https:\/\/www.gaveanews.com\/wp-content\/uploads\/2019\/03\/Logomarca-da-Adidas.webp","datePublished":"2021-05-13T21:42:04+00:00","dateModified":"2021-05-13T21:42:52+00:00","author":{"@id":"https:\/\/www.gaveanews.com\/#\/schema\/person\/2ec14f73fb96be2caf28f91afb14749d"},"breadcrumb":{"@id":"https:\/\/www.gaveanews.com\/index.php\/2021\/05\/13\/adidas-revela-mais-detalhes-do-novo-uniforme-do-flamengo-veja-fotos\/#breadcrumb"},"inLanguage":"pt-BR","potentialAction":[{"@type":"ReadAction","target":["https:\/\/www.gaveanews.com\/index.php\/2021\/05\/13\/adidas-revela-mais-detalhes-do-novo-uniforme-do-flamengo-veja-fotos\/"]}]},{"@type":"ImageObject","inLanguage":"pt-BR","@id":"https:\/\/www.gaveanews.com\/index.php\/2021\/05\/13\/adidas-revela-mais-detalhes-do-novo-uniforme-do-flamengo-veja-fotos\/#primaryimage","url":"https:\/\/www.gaveanews.com\/wp-content\/uploads\/2019\/03\/Logomarca-da-Adidas.webp","contentUrl":"https:\/\/www.gaveanews.com\/wp-content\/uploads\/2019\/03\/Logomarca-da-Adidas.webp","width":1200,"height":600,"caption":"Logomarca da Adidas (Foto: Reprodu\u00e7\u00e3o)"},{"@type":"BreadcrumbList","@id":"https:\/\/www.gaveanews.com\/index.php\/2021\/05\/13\/adidas-revela-mais-detalhes-do-novo-uniforme-do-flamengo-veja-fotos\/#breadcrumb","itemListElement":[{"@type":"ListItem","position":1,"name":"Home","item":"https:\/\/www.gaveanews.com\/"},{"@type":"ListItem","position":2,"name":"Adidas revela mais detalhes do novo uniforme do Flamengo; veja fotos"}]},{"@type":"WebSite","@id":"https:\/\/www.gaveanews.com\/#website","url":"https:\/\/www.gaveanews.com\/","name":"G\u00e1vea News","description":"Veja todas as not\u00edcias sobre o Flamengo: Contrata\u00e7\u00f5es, categorias de base, resultados das partidas, tabela de classifica\u00e7\u00e3o, pr\u00f3ximos jogos!","potentialAction":[{"@type":"SearchAction","target":{"@type":"EntryPoint","urlTemplate":"https:\/\/www.gaveanews.com\/?s={search_term_string}"},"query-input":{"@type":"PropertyValueSpecification","valueRequired":true,"valueName":"search_term_string"}}],"inLanguage":"pt-BR"},{"@type":"Person","@id":"https:\/\/www.gaveanews.com\/#\/schema\/person\/2ec14f73fb96be2caf28f91afb14749d","name":"Equipe G\u00e1vea News","image":{"@type":"ImageObject","inLanguage":"pt-BR","@id":"https:\/\/www.gaveanews.com\/#\/schema\/person\/image\/","url":"https:\/\/secure.gravatar.com\/avatar\/1e1956f1facbffd3f8fa53a326721950116b3b9dc9bd44939c01180fd4a745a9?s=96&d=mm&r=g","contentUrl":"https:\/\/secure.gravatar.com\/avatar\/1e1956f1facbffd3f8fa53a326721950116b3b9dc9bd44939c01180fd4a745a9?s=96&d=mm&r=g","caption":"Equipe G\u00e1vea News"}}]}},"_links":{"self":[{"href":"https:\/\/www.gaveanews.com\/index.php\/wp-json\/wp\/v2\/posts\/61131","targetHints":{"allow":["GET"]}}],"collection":[{"href":"https:\/\/www.gaveanews.com\/index.php\/wp-json\/wp\/v2\/posts"}],"about":[{"href":"https:\/\/www.gaveanews.com\/index.php\/wp-json\/wp\/v2\/types\/post"}],"author":[{"embeddable":true,"href":"https:\/\/www.gaveanews.com\/index.php\/wp-json\/wp\/v2\/users\/1"}],"replies":[{"embeddable":true,"href":"https:\/\/www.gaveanews.com\/index.php\/wp-json\/wp\/v2\/comments?post=61131"}],"version-history":[{"count":0,"href":"https:\/\/www.gaveanews.com\/index.php\/wp-json\/wp\/v2\/posts\/61131\/revisions"}],"wp:featuredmedia":[{"embeddable":true,"href":"https:\/\/www.gaveanews.com\/index.php\/wp-json\/wp\/v2\/media\/16214"}],"wp:attachment":[{"href":"https:\/\/www.gaveanews.com\/index.php\/wp-json\/wp\/v2\/media?parent=61131"}],"wp:term":[{"taxonomy":"category","embeddable":true,"href":"https:\/\/www.gaveanews.com\/index.php\/wp-json\/wp\/v2\/categories?post=61131"},{"taxonomy":"post_tag","embeddable":true,"href":"https:\/\/www.gaveanews.com\/index.php\/wp-json\/wp\/v2\/tags?post=61131"}],"curies":[{"name":"wp","href":"https:\/\/api.w.org\/{rel}","templated":true}]}}