{"id":61619,"date":"2021-05-21T12:59:21","date_gmt":"2021-05-21T15:59:21","guid":{"rendered":"https:\/\/www.gaveanews.com\/?p=61619"},"modified":"2021-05-21T12:59:23","modified_gmt":"2021-05-21T15:59:23","slug":"justica-condena-globo-a-pagar-valor-milionario-por-rescisao-do-cariocao","status":"publish","type":"post","link":"https:\/\/www.gaveanews.com\/index.php\/2021\/05\/21\/justica-condena-globo-a-pagar-valor-milionario-por-rescisao-do-cariocao\/","title":{"rendered":"Justi\u00e7a condena Globo a pagar valor milion\u00e1rio por rescis\u00e3o do Carioc\u00e3o"},"content":{"rendered":"\n<p>A Globo foi condenada pela Justi\u00e7a do Rio de Janeiro, nesta sexta-feira, a pagar R$ 156 milh\u00f5es \u00e0 Federa\u00e7\u00e3o de Futebol do Rio de Janeiro pela quebra dos contratos de direitos de transmiss\u00e3o do Carioc\u00e3o. A emissora havia rompido com a Ferj ap\u00f3s desentendimentos quanto \u00e0 exibi\u00e7\u00e3o independente das equipes em 2020. A decis\u00e3o, no entanto, cabe recurso.<\/p>\n\n\n\n<p>A Ferj venceu as duas a\u00e7\u00f5es que abriu sobre a rescis\u00e3o: na quinta, o juiz Ricardo Cyfer, da 10\u00aa Vara C\u00edvel do Tribunal de Justi\u00e7a do Rio, julgou favoravelmente a solicita\u00e7\u00e3o por indeniza\u00e7\u00e3o da Ferj. Ao todo, o valor de R$ 17.291.105,20. J\u00e1 a segunda decis\u00e3o obriga \u00e0 Globo a desembolsar, por danos materiais, R$ 138,9 milh\u00f5es &#8211; que significa o contrato rompido pelo Carioca, que iria at\u00e9 2024.<\/p>\n\n\n\n<p>Botafogo, Fluminense e Vasco negociaram as indeniza\u00e7\u00f5es diretamente com a Globo. As informa\u00e7\u00f5es s\u00e3o do Uol. O processo corre em segredo de Justi\u00e7a. O desentendimento aconteceu em 2020, quando o Flamengo se utilizou da MP do Mandante para exibir seus jogos, mesmo a Globo sendo dona exclusiva dos direitos de transmiss\u00e3o da competi\u00e7\u00e3o.<\/p>\n\n\n\n<p>Ferj e a emissora chegaram a disputar por quest\u00f5es contratuais. Enquanto a federa\u00e7\u00e3o defendia a vontade do clube, a Globo optou por encerrar o contrato. Com a sa\u00edda da emissora carioca, a transmiss\u00e3o do Estadual ocorreu de forma in\u00e9dita em 2021. A mudan\u00e7a sinaliza uma queda brusca em receitas.<\/p>\n\n\n\n<p>Agora, os direitos de transmiss\u00e3o televisiva s\u00e3o da Record. A Ferj tem uma plataforma paga que tamb\u00e9m exibe as partidas, assim como cada clube tem a possibilidade de criar sua plataforma de streaming ou transmitir as partidas de suas equipes.<\/p>\n\n\n\n<p>Retirado de: Lance<\/p>\n","protected":false},"excerpt":{"rendered":"<p>A Globo foi condenada pela Justi\u00e7a do Rio de Janeiro, nesta sexta-feira, a pagar R$ 156 milh\u00f5es \u00e0 Federa\u00e7\u00e3o de Futebol do Rio de Janeiro pela quebra dos contratos de direitos de transmiss\u00e3o do Carioc\u00e3o. A emissora havia rompido com a Ferj ap\u00f3s desentendimentos quanto \u00e0 exibi\u00e7\u00e3o independente das equipes em 2020. A decis\u00e3o, no [&hellip;]<\/p>\n","protected":false},"author":1,"featured_media":16301,"comment_status":"open","ping_status":"closed","sticky":false,"template":"","format":"standard","meta":{"footnotes":""},"categories":[1],"tags":[],"class_list":["post-61619","post","type-post","status-publish","format-standard","has-post-thumbnail","hentry","category-flamengo"],"yoast_head":"<!-- This site is optimized with the Yoast SEO Premium plugin v24.2 (Yoast SEO v26.9) - https:\/\/yoast.com\/product\/yoast-seo-premium-wordpress\/ -->\n<title>Justi\u00e7a condena Globo a pagar valor milion\u00e1rio por rescis\u00e3o do Carioc\u00e3o<\/title>\n<meta name=\"robots\" content=\"index, follow, max-snippet:-1, max-image-preview:large, max-video-preview:-1\" \/>\n<link rel=\"canonical\" href=\"https:\/\/www.gaveanews.com\/index.php\/2021\/05\/21\/justica-condena-globo-a-pagar-valor-milionario-por-rescisao-do-cariocao\/\" \/>\n<meta property=\"og:locale\" content=\"pt_BR\" \/>\n<meta property=\"og:type\" content=\"article\" \/>\n<meta property=\"og:title\" content=\"Justi\u00e7a condena Globo a pagar valor milion\u00e1rio por rescis\u00e3o do Carioc\u00e3o\" \/>\n<meta property=\"og:description\" content=\"A Globo foi condenada pela Justi\u00e7a do Rio de Janeiro, nesta sexta-feira, a pagar R$ 156 milh\u00f5es \u00e0 Federa\u00e7\u00e3o de Futebol do Rio de Janeiro pela quebra dos contratos de direitos de transmiss\u00e3o do Carioc\u00e3o. A emissora havia rompido com a Ferj ap\u00f3s desentendimentos quanto \u00e0 exibi\u00e7\u00e3o independente das equipes em 2020. A decis\u00e3o, no [&hellip;]\" \/>\n<meta property=\"og:url\" content=\"https:\/\/www.gaveanews.com\/index.php\/2021\/05\/21\/justica-condena-globo-a-pagar-valor-milionario-por-rescisao-do-cariocao\/\" \/>\n<meta property=\"og:site_name\" content=\"G\u00e1vea News\" \/>\n<meta property=\"article:publisher\" content=\"https:\/\/facebook.com\/gaveaNews\/\" \/>\n<meta property=\"article:published_time\" content=\"2021-05-21T15:59:21+00:00\" \/>\n<meta property=\"article:modified_time\" content=\"2021-05-21T15:59:23+00:00\" \/>\n<meta property=\"og:image\" content=\"https:\/\/www.gaveanews.com\/wp-content\/uploads\/2019\/03\/Presidente-da-FERJ-Rubens-Lopes-durante-coletiva-de-imprensa.webp\" \/>\n\t<meta property=\"og:image:width\" content=\"841\" \/>\n\t<meta property=\"og:image:height\" content=\"600\" \/>\n\t<meta property=\"og:image:type\" content=\"image\/jpeg\" \/>\n<meta name=\"author\" content=\"Equipe G\u00e1vea News\" \/>\n<meta name=\"twitter:card\" content=\"summary_large_image\" \/>\n<meta name=\"twitter:label1\" content=\"Escrito por\" \/>\n\t<meta name=\"twitter:data1\" content=\"Equipe G\u00e1vea News\" \/>\n\t<meta name=\"twitter:label2\" content=\"Est. tempo de leitura\" \/>\n\t<meta name=\"twitter:data2\" content=\"2 minutos\" \/>\n<script type=\"application\/ld+json\" class=\"yoast-schema-graph\">{\"@context\":\"https:\/\/schema.org\",\"@graph\":[{\"@type\":\"NewsArticle\",\"@id\":\"https:\/\/www.gaveanews.com\/index.php\/2021\/05\/21\/justica-condena-globo-a-pagar-valor-milionario-por-rescisao-do-cariocao\/#article\",\"isPartOf\":{\"@id\":\"https:\/\/www.gaveanews.com\/index.php\/2021\/05\/21\/justica-condena-globo-a-pagar-valor-milionario-por-rescisao-do-cariocao\/\"},\"author\":{\"name\":\"Equipe G\u00e1vea News\",\"@id\":\"https:\/\/www.gaveanews.com\/#\/schema\/person\/2ec14f73fb96be2caf28f91afb14749d\"},\"headline\":\"Justi\u00e7a condena Globo a pagar valor milion\u00e1rio por rescis\u00e3o do Carioc\u00e3o\",\"datePublished\":\"2021-05-21T15:59:21+00:00\",\"dateModified\":\"2021-05-21T15:59:23+00:00\",\"mainEntityOfPage\":{\"@id\":\"https:\/\/www.gaveanews.com\/index.php\/2021\/05\/21\/justica-condena-globo-a-pagar-valor-milionario-por-rescisao-do-cariocao\/\"},\"wordCount\":307,\"commentCount\":28,\"image\":{\"@id\":\"https:\/\/www.gaveanews.com\/index.php\/2021\/05\/21\/justica-condena-globo-a-pagar-valor-milionario-por-rescisao-do-cariocao\/#primaryimage\"},\"thumbnailUrl\":\"https:\/\/www.gaveanews.com\/wp-content\/uploads\/2019\/03\/Presidente-da-FERJ-Rubens-Lopes-durante-coletiva-de-imprensa.webp\",\"articleSection\":[\"Flamengo\"],\"inLanguage\":\"pt-BR\",\"potentialAction\":[{\"@type\":\"CommentAction\",\"name\":\"Comment\",\"target\":[\"https:\/\/www.gaveanews.com\/index.php\/2021\/05\/21\/justica-condena-globo-a-pagar-valor-milionario-por-rescisao-do-cariocao\/#respond\"]}],\"copyrightYear\":\"2021\",\"copyrightHolder\":{\"@id\":\"https:\/\/www.gaveanews.com\/#organization\"}},{\"@type\":\"WebPage\",\"@id\":\"https:\/\/www.gaveanews.com\/index.php\/2021\/05\/21\/justica-condena-globo-a-pagar-valor-milionario-por-rescisao-do-cariocao\/\",\"url\":\"https:\/\/www.gaveanews.com\/index.php\/2021\/05\/21\/justica-condena-globo-a-pagar-valor-milionario-por-rescisao-do-cariocao\/\",\"name\":\"Justi\u00e7a condena Globo a pagar valor milion\u00e1rio por rescis\u00e3o do Carioc\u00e3o\",\"isPartOf\":{\"@id\":\"https:\/\/www.gaveanews.com\/#website\"},\"primaryImageOfPage\":{\"@id\":\"https:\/\/www.gaveanews.com\/index.php\/2021\/05\/21\/justica-condena-globo-a-pagar-valor-milionario-por-rescisao-do-cariocao\/#primaryimage\"},\"image\":{\"@id\":\"https:\/\/www.gaveanews.com\/index.php\/2021\/05\/21\/justica-condena-globo-a-pagar-valor-milionario-por-rescisao-do-cariocao\/#primaryimage\"},\"thumbnailUrl\":\"https:\/\/www.gaveanews.com\/wp-content\/uploads\/2019\/03\/Presidente-da-FERJ-Rubens-Lopes-durante-coletiva-de-imprensa.webp\",\"datePublished\":\"2021-05-21T15:59:21+00:00\",\"dateModified\":\"2021-05-21T15:59:23+00:00\",\"author\":{\"@id\":\"https:\/\/www.gaveanews.com\/#\/schema\/person\/2ec14f73fb96be2caf28f91afb14749d\"},\"breadcrumb\":{\"@id\":\"https:\/\/www.gaveanews.com\/index.php\/2021\/05\/21\/justica-condena-globo-a-pagar-valor-milionario-por-rescisao-do-cariocao\/#breadcrumb\"},\"inLanguage\":\"pt-BR\",\"potentialAction\":[{\"@type\":\"ReadAction\",\"target\":[\"https:\/\/www.gaveanews.com\/index.php\/2021\/05\/21\/justica-condena-globo-a-pagar-valor-milionario-por-rescisao-do-cariocao\/\"]}]},{\"@type\":\"ImageObject\",\"inLanguage\":\"pt-BR\",\"@id\":\"https:\/\/www.gaveanews.com\/index.php\/2021\/05\/21\/justica-condena-globo-a-pagar-valor-milionario-por-rescisao-do-cariocao\/#primaryimage\",\"url\":\"https:\/\/www.gaveanews.com\/wp-content\/uploads\/2019\/03\/Presidente-da-FERJ-Rubens-Lopes-durante-coletiva-de-imprensa.webp\",\"contentUrl\":\"https:\/\/www.gaveanews.com\/wp-content\/uploads\/2019\/03\/Presidente-da-FERJ-Rubens-Lopes-durante-coletiva-de-imprensa.webp\",\"width\":841,\"height\":600,\"caption\":\"Presidente da FERJ, Rubens Lopes durante coletiva de imprensa (Foto: \u00darsula Nery)\"},{\"@type\":\"BreadcrumbList\",\"@id\":\"https:\/\/www.gaveanews.com\/index.php\/2021\/05\/21\/justica-condena-globo-a-pagar-valor-milionario-por-rescisao-do-cariocao\/#breadcrumb\",\"itemListElement\":[{\"@type\":\"ListItem\",\"position\":1,\"name\":\"Home\",\"item\":\"https:\/\/www.gaveanews.com\/\"},{\"@type\":\"ListItem\",\"position\":2,\"name\":\"Justi\u00e7a condena Globo a pagar valor milion\u00e1rio por rescis\u00e3o do Carioc\u00e3o\"}]},{\"@type\":\"WebSite\",\"@id\":\"https:\/\/www.gaveanews.com\/#website\",\"url\":\"https:\/\/www.gaveanews.com\/\",\"name\":\"G\u00e1vea News\",\"description\":\"Veja todas as not\u00edcias sobre o Flamengo: Contrata\u00e7\u00f5es, categorias de base, resultados das partidas, tabela de classifica\u00e7\u00e3o, pr\u00f3ximos jogos!\",\"potentialAction\":[{\"@type\":\"SearchAction\",\"target\":{\"@type\":\"EntryPoint\",\"urlTemplate\":\"https:\/\/www.gaveanews.com\/?s={search_term_string}\"},\"query-input\":{\"@type\":\"PropertyValueSpecification\",\"valueRequired\":true,\"valueName\":\"search_term_string\"}}],\"inLanguage\":\"pt-BR\"},{\"@type\":\"Person\",\"@id\":\"https:\/\/www.gaveanews.com\/#\/schema\/person\/2ec14f73fb96be2caf28f91afb14749d\",\"name\":\"Equipe G\u00e1vea News\",\"image\":{\"@type\":\"ImageObject\",\"inLanguage\":\"pt-BR\",\"@id\":\"https:\/\/www.gaveanews.com\/#\/schema\/person\/image\/\",\"url\":\"https:\/\/secure.gravatar.com\/avatar\/1e1956f1facbffd3f8fa53a326721950116b3b9dc9bd44939c01180fd4a745a9?s=96&d=mm&r=g\",\"contentUrl\":\"https:\/\/secure.gravatar.com\/avatar\/1e1956f1facbffd3f8fa53a326721950116b3b9dc9bd44939c01180fd4a745a9?s=96&d=mm&r=g\",\"caption\":\"Equipe G\u00e1vea News\"}}]}<\/script>\n<!-- \/ Yoast SEO Premium plugin. -->","yoast_head_json":{"title":"Justi\u00e7a condena Globo a pagar valor milion\u00e1rio por rescis\u00e3o do Carioc\u00e3o","robots":{"index":"index","follow":"follow","max-snippet":"max-snippet:-1","max-image-preview":"max-image-preview:large","max-video-preview":"max-video-preview:-1"},"canonical":"https:\/\/www.gaveanews.com\/index.php\/2021\/05\/21\/justica-condena-globo-a-pagar-valor-milionario-por-rescisao-do-cariocao\/","og_locale":"pt_BR","og_type":"article","og_title":"Justi\u00e7a condena Globo a pagar valor milion\u00e1rio por rescis\u00e3o do Carioc\u00e3o","og_description":"A Globo foi condenada pela Justi\u00e7a do Rio de Janeiro, nesta sexta-feira, a pagar R$ 156 milh\u00f5es \u00e0 Federa\u00e7\u00e3o de Futebol do Rio de Janeiro pela quebra dos contratos de direitos de transmiss\u00e3o do Carioc\u00e3o. A emissora havia rompido com a Ferj ap\u00f3s desentendimentos quanto \u00e0 exibi\u00e7\u00e3o independente das equipes em 2020. A decis\u00e3o, no [&hellip;]","og_url":"https:\/\/www.gaveanews.com\/index.php\/2021\/05\/21\/justica-condena-globo-a-pagar-valor-milionario-por-rescisao-do-cariocao\/","og_site_name":"G\u00e1vea News","article_publisher":"https:\/\/facebook.com\/gaveaNews\/","article_published_time":"2021-05-21T15:59:21+00:00","article_modified_time":"2021-05-21T15:59:23+00:00","og_image":[{"width":841,"height":600,"url":"https:\/\/www.gaveanews.com\/wp-content\/uploads\/2019\/03\/Presidente-da-FERJ-Rubens-Lopes-durante-coletiva-de-imprensa.webp","type":"image\/jpeg"}],"author":"Equipe G\u00e1vea News","twitter_card":"summary_large_image","twitter_misc":{"Escrito por":"Equipe G\u00e1vea News","Est. tempo de leitura":"2 minutos"},"schema":{"@context":"https:\/\/schema.org","@graph":[{"@type":"NewsArticle","@id":"https:\/\/www.gaveanews.com\/index.php\/2021\/05\/21\/justica-condena-globo-a-pagar-valor-milionario-por-rescisao-do-cariocao\/#article","isPartOf":{"@id":"https:\/\/www.gaveanews.com\/index.php\/2021\/05\/21\/justica-condena-globo-a-pagar-valor-milionario-por-rescisao-do-cariocao\/"},"author":{"name":"Equipe G\u00e1vea News","@id":"https:\/\/www.gaveanews.com\/#\/schema\/person\/2ec14f73fb96be2caf28f91afb14749d"},"headline":"Justi\u00e7a condena Globo a pagar valor milion\u00e1rio por rescis\u00e3o do Carioc\u00e3o","datePublished":"2021-05-21T15:59:21+00:00","dateModified":"2021-05-21T15:59:23+00:00","mainEntityOfPage":{"@id":"https:\/\/www.gaveanews.com\/index.php\/2021\/05\/21\/justica-condena-globo-a-pagar-valor-milionario-por-rescisao-do-cariocao\/"},"wordCount":307,"commentCount":28,"image":{"@id":"https:\/\/www.gaveanews.com\/index.php\/2021\/05\/21\/justica-condena-globo-a-pagar-valor-milionario-por-rescisao-do-cariocao\/#primaryimage"},"thumbnailUrl":"https:\/\/www.gaveanews.com\/wp-content\/uploads\/2019\/03\/Presidente-da-FERJ-Rubens-Lopes-durante-coletiva-de-imprensa.webp","articleSection":["Flamengo"],"inLanguage":"pt-BR","potentialAction":[{"@type":"CommentAction","name":"Comment","target":["https:\/\/www.gaveanews.com\/index.php\/2021\/05\/21\/justica-condena-globo-a-pagar-valor-milionario-por-rescisao-do-cariocao\/#respond"]}],"copyrightYear":"2021","copyrightHolder":{"@id":"https:\/\/www.gaveanews.com\/#organization"}},{"@type":"WebPage","@id":"https:\/\/www.gaveanews.com\/index.php\/2021\/05\/21\/justica-condena-globo-a-pagar-valor-milionario-por-rescisao-do-cariocao\/","url":"https:\/\/www.gaveanews.com\/index.php\/2021\/05\/21\/justica-condena-globo-a-pagar-valor-milionario-por-rescisao-do-cariocao\/","name":"Justi\u00e7a condena Globo a pagar valor milion\u00e1rio por rescis\u00e3o do Carioc\u00e3o","isPartOf":{"@id":"https:\/\/www.gaveanews.com\/#website"},"primaryImageOfPage":{"@id":"https:\/\/www.gaveanews.com\/index.php\/2021\/05\/21\/justica-condena-globo-a-pagar-valor-milionario-por-rescisao-do-cariocao\/#primaryimage"},"image":{"@id":"https:\/\/www.gaveanews.com\/index.php\/2021\/05\/21\/justica-condena-globo-a-pagar-valor-milionario-por-rescisao-do-cariocao\/#primaryimage"},"thumbnailUrl":"https:\/\/www.gaveanews.com\/wp-content\/uploads\/2019\/03\/Presidente-da-FERJ-Rubens-Lopes-durante-coletiva-de-imprensa.webp","datePublished":"2021-05-21T15:59:21+00:00","dateModified":"2021-05-21T15:59:23+00:00","author":{"@id":"https:\/\/www.gaveanews.com\/#\/schema\/person\/2ec14f73fb96be2caf28f91afb14749d"},"breadcrumb":{"@id":"https:\/\/www.gaveanews.com\/index.php\/2021\/05\/21\/justica-condena-globo-a-pagar-valor-milionario-por-rescisao-do-cariocao\/#breadcrumb"},"inLanguage":"pt-BR","potentialAction":[{"@type":"ReadAction","target":["https:\/\/www.gaveanews.com\/index.php\/2021\/05\/21\/justica-condena-globo-a-pagar-valor-milionario-por-rescisao-do-cariocao\/"]}]},{"@type":"ImageObject","inLanguage":"pt-BR","@id":"https:\/\/www.gaveanews.com\/index.php\/2021\/05\/21\/justica-condena-globo-a-pagar-valor-milionario-por-rescisao-do-cariocao\/#primaryimage","url":"https:\/\/www.gaveanews.com\/wp-content\/uploads\/2019\/03\/Presidente-da-FERJ-Rubens-Lopes-durante-coletiva-de-imprensa.webp","contentUrl":"https:\/\/www.gaveanews.com\/wp-content\/uploads\/2019\/03\/Presidente-da-FERJ-Rubens-Lopes-durante-coletiva-de-imprensa.webp","width":841,"height":600,"caption":"Presidente da FERJ, Rubens Lopes durante coletiva de imprensa (Foto: \u00darsula Nery)"},{"@type":"BreadcrumbList","@id":"https:\/\/www.gaveanews.com\/index.php\/2021\/05\/21\/justica-condena-globo-a-pagar-valor-milionario-por-rescisao-do-cariocao\/#breadcrumb","itemListElement":[{"@type":"ListItem","position":1,"name":"Home","item":"https:\/\/www.gaveanews.com\/"},{"@type":"ListItem","position":2,"name":"Justi\u00e7a condena Globo a pagar valor milion\u00e1rio por rescis\u00e3o do Carioc\u00e3o"}]},{"@type":"WebSite","@id":"https:\/\/www.gaveanews.com\/#website","url":"https:\/\/www.gaveanews.com\/","name":"G\u00e1vea News","description":"Veja todas as not\u00edcias sobre o Flamengo: Contrata\u00e7\u00f5es, categorias de base, resultados das partidas, tabela de classifica\u00e7\u00e3o, pr\u00f3ximos jogos!","potentialAction":[{"@type":"SearchAction","target":{"@type":"EntryPoint","urlTemplate":"https:\/\/www.gaveanews.com\/?s={search_term_string}"},"query-input":{"@type":"PropertyValueSpecification","valueRequired":true,"valueName":"search_term_string"}}],"inLanguage":"pt-BR"},{"@type":"Person","@id":"https:\/\/www.gaveanews.com\/#\/schema\/person\/2ec14f73fb96be2caf28f91afb14749d","name":"Equipe G\u00e1vea News","image":{"@type":"ImageObject","inLanguage":"pt-BR","@id":"https:\/\/www.gaveanews.com\/#\/schema\/person\/image\/","url":"https:\/\/secure.gravatar.com\/avatar\/1e1956f1facbffd3f8fa53a326721950116b3b9dc9bd44939c01180fd4a745a9?s=96&d=mm&r=g","contentUrl":"https:\/\/secure.gravatar.com\/avatar\/1e1956f1facbffd3f8fa53a326721950116b3b9dc9bd44939c01180fd4a745a9?s=96&d=mm&r=g","caption":"Equipe G\u00e1vea News"}}]}},"_links":{"self":[{"href":"https:\/\/www.gaveanews.com\/index.php\/wp-json\/wp\/v2\/posts\/61619","targetHints":{"allow":["GET"]}}],"collection":[{"href":"https:\/\/www.gaveanews.com\/index.php\/wp-json\/wp\/v2\/posts"}],"about":[{"href":"https:\/\/www.gaveanews.com\/index.php\/wp-json\/wp\/v2\/types\/post"}],"author":[{"embeddable":true,"href":"https:\/\/www.gaveanews.com\/index.php\/wp-json\/wp\/v2\/users\/1"}],"replies":[{"embeddable":true,"href":"https:\/\/www.gaveanews.com\/index.php\/wp-json\/wp\/v2\/comments?post=61619"}],"version-history":[{"count":0,"href":"https:\/\/www.gaveanews.com\/index.php\/wp-json\/wp\/v2\/posts\/61619\/revisions"}],"wp:featuredmedia":[{"embeddable":true,"href":"https:\/\/www.gaveanews.com\/index.php\/wp-json\/wp\/v2\/media\/16301"}],"wp:attachment":[{"href":"https:\/\/www.gaveanews.com\/index.php\/wp-json\/wp\/v2\/media?parent=61619"}],"wp:term":[{"taxonomy":"category","embeddable":true,"href":"https:\/\/www.gaveanews.com\/index.php\/wp-json\/wp\/v2\/categories?post=61619"},{"taxonomy":"post_tag","embeddable":true,"href":"https:\/\/www.gaveanews.com\/index.php\/wp-json\/wp\/v2\/tags?post=61619"}],"curies":[{"name":"wp","href":"https:\/\/api.w.org\/{rel}","templated":true}]}}