{"id":61779,"date":"2021-05-25T07:06:14","date_gmt":"2021-05-25T10:06:14","guid":{"rendered":"https:\/\/www.gaveanews.com\/?p=61779"},"modified":"2021-05-25T07:06:16","modified_gmt":"2021-05-25T10:06:16","slug":"sem-a-globo-carioca-perde-ate-57-da-audiencia","status":"publish","type":"post","link":"https:\/\/www.gaveanews.com\/index.php\/2021\/05\/25\/sem-a-globo-carioca-perde-ate-57-da-audiencia\/","title":{"rendered":"Sem a Globo, Carioca perde at\u00e9 57% da audi\u00eancia"},"content":{"rendered":"\n<p>O Campeonato Carioca 2021 fechou seu desempenho de audi\u00eancia com um misto de emo\u00e7\u00f5es. O Estadual do Rio, que teve o Flamengo como campe\u00e3o, cresceu, na m\u00e9dia, o Ibope da Record nos hor\u00e1rios em que os jogos foram exibidos. Mas sem a Globo, o campeonato em si perdeu at\u00e9 57% de audi\u00eancia se comparado com os dois \u00faltimos anos.<\/p>\n\n\n\n<p>Segundo levantamento realizado pela coluna, a Record obteve m\u00e9dia geral de 11 pontos com o Campeonato Carioca 2021. O clube que mais deu audi\u00eancia foi o Flamengo, com m\u00e9dia de 15 pontos em suas transmiss\u00f5es. Em seguida, veio o Fluminense com 12 pontos e o Botafogo com 9 pontos.<\/p>\n\n\n\n<p>O\u00a0Vasco\u00a0foi o clube que menos deu Ibope para a Record, com 8 pontos. De todos os times, o Vasco foi o \u00fanico que n\u00e3o deu um n\u00famero na casa dos dois d\u00edgitos para o canal de Edir Macedo em nenhuma transmiss\u00e3o. No entanto, foi tamb\u00e9m o \u00fanico que n\u00e3o teve um cl\u00e1ssico contra o Flamengo transmitido em televis\u00e3o aberta.<\/p>\n\n\n\n<p>Considerando os jogos exibidos no meio de semana (ter\u00e7a e quarta), a Record obteve 11 pontos. Nas \u00faltimas quatro semanas sem\u00a0futebol\u00a0nas noites de ter\u00e7a, a emissora marcava 7 pontos com novelas,\u00a0filmes\u00a0e o programa &#8220;A Noite \u00e9 Nossa&#8221;. Ou seja, subiu em 57% os seus dados em rela\u00e7\u00e3o ao que alcan\u00e7ava antes.<\/p>\n\n\n\n<p>J\u00e1 nas noites de s\u00e1bado, faixa criticada fortemente pelo torcedor, a eleva\u00e7\u00e3o foi ainda maior. Os jogos fecharam com 12 pontos \u2014 o dobro do que o hor\u00e1rio marcava (6 pontos) com a reprise da semana da novela &#8220;G\u00eanesis&#8221;. Os resultados foram elevados pelo bom desempenho do mata-mata na Record. Na primeira fase, o Carioca manteve 6 pontos, sem altera\u00e7\u00f5es.<\/p>\n\n\n\n<h2 class=\"wp-block-heading\" id=\"h-com-globo-carioca-marcava-mais-que-o-dobro-de-audi-ncia\"><strong>Com Globo, Carioca marcava mais que o dobro de audi\u00eancia<\/strong><\/h2>\n\n\n\n<p>Quem perdeu visibilidade foi o Campeonato Carioca fora da Globo. Em 2020, quando n\u00e3o tinha o Flamengo entre os clubes com exibi\u00e7\u00e3o por causa de uma pend\u00eancia jur\u00eddica, a emissora teve m\u00e9dia de 17 pontos com o Estadual do Rio. Ou seja, uma queda de 35% no primeiro ano fora da emissora l\u00edder comparando-se com a m\u00e9dia da Record (11 pontos).<\/p>\n\n\n\n<p>Se compararmos com 2019, \u00faltimo ano do Campeonato Carioca com o Flamengo na Globo, a queda \u00e9 ainda maior. Com o primeiro t\u00edtulo do atual tricampeonato do Carioca conquistado pelo Rubro-Negro, o Carioca obteve 26 pontos de audi\u00eancia \u2014 uma diferen\u00e7a de 57% em rela\u00e7\u00e3o aos n\u00fameros de 2021.<\/p>\n\n\n\n<p>O contrato da Record para transmiss\u00e3o do Carioca s\u00f3 termina ao fim da edi\u00e7\u00e3o 2022. No ano que vem, a emissora vai pagar R$ 15 milh\u00f5es pelos jogos.<\/p>\n\n\n\n<p>Retirado de: UOL<\/p>\n","protected":false},"excerpt":{"rendered":"<p>O Campeonato Carioca 2021 fechou seu desempenho de audi\u00eancia com um misto de emo\u00e7\u00f5es. O Estadual do Rio, que teve o Flamengo como campe\u00e3o, cresceu, na m\u00e9dia, o Ibope da Record nos hor\u00e1rios em que os jogos foram exibidos. Mas sem a Globo, o campeonato em si perdeu at\u00e9 57% de audi\u00eancia se comparado com [&hellip;]<\/p>\n","protected":false},"author":1,"featured_media":17043,"comment_status":"open","ping_status":"closed","sticky":false,"template":"","format":"standard","meta":{"footnotes":""},"categories":[1],"tags":[],"class_list":["post-61779","post","type-post","status-publish","format-standard","has-post-thumbnail","hentry","category-flamengo"],"yoast_head":"<!-- This site is optimized with the Yoast SEO Premium plugin v24.2 (Yoast SEO v26.9) - https:\/\/yoast.com\/product\/yoast-seo-premium-wordpress\/ -->\n<title>Sem a Globo, Carioca perde at\u00e9 57% da audi\u00eancia<\/title>\n<meta name=\"robots\" content=\"index, follow, max-snippet:-1, max-image-preview:large, max-video-preview:-1\" \/>\n<link rel=\"canonical\" href=\"https:\/\/www.gaveanews.com\/index.php\/2021\/05\/25\/sem-a-globo-carioca-perde-ate-57-da-audiencia\/\" \/>\n<meta property=\"og:locale\" content=\"pt_BR\" \/>\n<meta property=\"og:type\" content=\"article\" \/>\n<meta property=\"og:title\" content=\"Sem a Globo, Carioca perde at\u00e9 57% da audi\u00eancia\" \/>\n<meta property=\"og:description\" content=\"O Campeonato Carioca 2021 fechou seu desempenho de audi\u00eancia com um misto de emo\u00e7\u00f5es. O Estadual do Rio, que teve o Flamengo como campe\u00e3o, cresceu, na m\u00e9dia, o Ibope da Record nos hor\u00e1rios em que os jogos foram exibidos. Mas sem a Globo, o campeonato em si perdeu at\u00e9 57% de audi\u00eancia se comparado com [&hellip;]\" \/>\n<meta property=\"og:url\" content=\"https:\/\/www.gaveanews.com\/index.php\/2021\/05\/25\/sem-a-globo-carioca-perde-ate-57-da-audiencia\/\" \/>\n<meta property=\"og:site_name\" content=\"G\u00e1vea News\" \/>\n<meta property=\"article:publisher\" content=\"https:\/\/facebook.com\/gaveaNews\/\" \/>\n<meta property=\"article:published_time\" content=\"2021-05-25T10:06:14+00:00\" \/>\n<meta property=\"article:modified_time\" content=\"2021-05-25T10:06:16+00:00\" \/>\n<meta property=\"og:image\" content=\"https:\/\/www.gaveanews.com\/wp-content\/uploads\/2019\/04\/Logomarca-da-Rede-Globo.webp\" \/>\n\t<meta property=\"og:image:width\" content=\"1920\" \/>\n\t<meta property=\"og:image:height\" content=\"1076\" \/>\n\t<meta property=\"og:image:type\" content=\"image\/png\" \/>\n<meta name=\"author\" content=\"Equipe G\u00e1vea News\" \/>\n<meta name=\"twitter:card\" content=\"summary_large_image\" \/>\n<meta name=\"twitter:label1\" content=\"Escrito por\" \/>\n\t<meta name=\"twitter:data1\" content=\"Equipe G\u00e1vea News\" \/>\n\t<meta name=\"twitter:label2\" content=\"Est. tempo de leitura\" \/>\n\t<meta name=\"twitter:data2\" content=\"2 minutos\" \/>\n<script type=\"application\/ld+json\" class=\"yoast-schema-graph\">{\"@context\":\"https:\/\/schema.org\",\"@graph\":[{\"@type\":\"NewsArticle\",\"@id\":\"https:\/\/www.gaveanews.com\/index.php\/2021\/05\/25\/sem-a-globo-carioca-perde-ate-57-da-audiencia\/#article\",\"isPartOf\":{\"@id\":\"https:\/\/www.gaveanews.com\/index.php\/2021\/05\/25\/sem-a-globo-carioca-perde-ate-57-da-audiencia\/\"},\"author\":{\"name\":\"Equipe G\u00e1vea News\",\"@id\":\"https:\/\/www.gaveanews.com\/#\/schema\/person\/2ec14f73fb96be2caf28f91afb14749d\"},\"headline\":\"Sem a Globo, Carioca perde at\u00e9 57% da audi\u00eancia\",\"datePublished\":\"2021-05-25T10:06:14+00:00\",\"dateModified\":\"2021-05-25T10:06:16+00:00\",\"mainEntityOfPage\":{\"@id\":\"https:\/\/www.gaveanews.com\/index.php\/2021\/05\/25\/sem-a-globo-carioca-perde-ate-57-da-audiencia\/\"},\"wordCount\":459,\"commentCount\":30,\"image\":{\"@id\":\"https:\/\/www.gaveanews.com\/index.php\/2021\/05\/25\/sem-a-globo-carioca-perde-ate-57-da-audiencia\/#primaryimage\"},\"thumbnailUrl\":\"https:\/\/www.gaveanews.com\/wp-content\/uploads\/2019\/04\/Logomarca-da-Rede-Globo.webp\",\"articleSection\":[\"Flamengo\"],\"inLanguage\":\"pt-BR\",\"potentialAction\":[{\"@type\":\"CommentAction\",\"name\":\"Comment\",\"target\":[\"https:\/\/www.gaveanews.com\/index.php\/2021\/05\/25\/sem-a-globo-carioca-perde-ate-57-da-audiencia\/#respond\"]}],\"copyrightYear\":\"2021\",\"copyrightHolder\":{\"@id\":\"https:\/\/www.gaveanews.com\/#organization\"}},{\"@type\":\"WebPage\",\"@id\":\"https:\/\/www.gaveanews.com\/index.php\/2021\/05\/25\/sem-a-globo-carioca-perde-ate-57-da-audiencia\/\",\"url\":\"https:\/\/www.gaveanews.com\/index.php\/2021\/05\/25\/sem-a-globo-carioca-perde-ate-57-da-audiencia\/\",\"name\":\"Sem a Globo, Carioca perde at\u00e9 57% da audi\u00eancia\",\"isPartOf\":{\"@id\":\"https:\/\/www.gaveanews.com\/#website\"},\"primaryImageOfPage\":{\"@id\":\"https:\/\/www.gaveanews.com\/index.php\/2021\/05\/25\/sem-a-globo-carioca-perde-ate-57-da-audiencia\/#primaryimage\"},\"image\":{\"@id\":\"https:\/\/www.gaveanews.com\/index.php\/2021\/05\/25\/sem-a-globo-carioca-perde-ate-57-da-audiencia\/#primaryimage\"},\"thumbnailUrl\":\"https:\/\/www.gaveanews.com\/wp-content\/uploads\/2019\/04\/Logomarca-da-Rede-Globo.webp\",\"datePublished\":\"2021-05-25T10:06:14+00:00\",\"dateModified\":\"2021-05-25T10:06:16+00:00\",\"author\":{\"@id\":\"https:\/\/www.gaveanews.com\/#\/schema\/person\/2ec14f73fb96be2caf28f91afb14749d\"},\"breadcrumb\":{\"@id\":\"https:\/\/www.gaveanews.com\/index.php\/2021\/05\/25\/sem-a-globo-carioca-perde-ate-57-da-audiencia\/#breadcrumb\"},\"inLanguage\":\"pt-BR\",\"potentialAction\":[{\"@type\":\"ReadAction\",\"target\":[\"https:\/\/www.gaveanews.com\/index.php\/2021\/05\/25\/sem-a-globo-carioca-perde-ate-57-da-audiencia\/\"]}]},{\"@type\":\"ImageObject\",\"inLanguage\":\"pt-BR\",\"@id\":\"https:\/\/www.gaveanews.com\/index.php\/2021\/05\/25\/sem-a-globo-carioca-perde-ate-57-da-audiencia\/#primaryimage\",\"url\":\"https:\/\/www.gaveanews.com\/wp-content\/uploads\/2019\/04\/Logomarca-da-Rede-Globo.webp\",\"contentUrl\":\"https:\/\/www.gaveanews.com\/wp-content\/uploads\/2019\/04\/Logomarca-da-Rede-Globo.webp\",\"width\":1920,\"height\":1076,\"caption\":\"Logomarca da Rede Globo (Foto: Reprodu\u00e7\u00e3o)\"},{\"@type\":\"BreadcrumbList\",\"@id\":\"https:\/\/www.gaveanews.com\/index.php\/2021\/05\/25\/sem-a-globo-carioca-perde-ate-57-da-audiencia\/#breadcrumb\",\"itemListElement\":[{\"@type\":\"ListItem\",\"position\":1,\"name\":\"Home\",\"item\":\"https:\/\/www.gaveanews.com\/\"},{\"@type\":\"ListItem\",\"position\":2,\"name\":\"Sem a Globo, Carioca perde at\u00e9 57% da audi\u00eancia\"}]},{\"@type\":\"WebSite\",\"@id\":\"https:\/\/www.gaveanews.com\/#website\",\"url\":\"https:\/\/www.gaveanews.com\/\",\"name\":\"G\u00e1vea News\",\"description\":\"Veja todas as not\u00edcias sobre o Flamengo: Contrata\u00e7\u00f5es, categorias de base, resultados das partidas, tabela de classifica\u00e7\u00e3o, pr\u00f3ximos jogos!\",\"potentialAction\":[{\"@type\":\"SearchAction\",\"target\":{\"@type\":\"EntryPoint\",\"urlTemplate\":\"https:\/\/www.gaveanews.com\/?s={search_term_string}\"},\"query-input\":{\"@type\":\"PropertyValueSpecification\",\"valueRequired\":true,\"valueName\":\"search_term_string\"}}],\"inLanguage\":\"pt-BR\"},{\"@type\":\"Person\",\"@id\":\"https:\/\/www.gaveanews.com\/#\/schema\/person\/2ec14f73fb96be2caf28f91afb14749d\",\"name\":\"Equipe G\u00e1vea News\",\"image\":{\"@type\":\"ImageObject\",\"inLanguage\":\"pt-BR\",\"@id\":\"https:\/\/www.gaveanews.com\/#\/schema\/person\/image\/\",\"url\":\"https:\/\/secure.gravatar.com\/avatar\/1e1956f1facbffd3f8fa53a326721950116b3b9dc9bd44939c01180fd4a745a9?s=96&d=mm&r=g\",\"contentUrl\":\"https:\/\/secure.gravatar.com\/avatar\/1e1956f1facbffd3f8fa53a326721950116b3b9dc9bd44939c01180fd4a745a9?s=96&d=mm&r=g\",\"caption\":\"Equipe G\u00e1vea News\"}}]}<\/script>\n<!-- \/ Yoast SEO Premium plugin. -->","yoast_head_json":{"title":"Sem a Globo, Carioca perde at\u00e9 57% da audi\u00eancia","robots":{"index":"index","follow":"follow","max-snippet":"max-snippet:-1","max-image-preview":"max-image-preview:large","max-video-preview":"max-video-preview:-1"},"canonical":"https:\/\/www.gaveanews.com\/index.php\/2021\/05\/25\/sem-a-globo-carioca-perde-ate-57-da-audiencia\/","og_locale":"pt_BR","og_type":"article","og_title":"Sem a Globo, Carioca perde at\u00e9 57% da audi\u00eancia","og_description":"O Campeonato Carioca 2021 fechou seu desempenho de audi\u00eancia com um misto de emo\u00e7\u00f5es. O Estadual do Rio, que teve o Flamengo como campe\u00e3o, cresceu, na m\u00e9dia, o Ibope da Record nos hor\u00e1rios em que os jogos foram exibidos. Mas sem a Globo, o campeonato em si perdeu at\u00e9 57% de audi\u00eancia se comparado com [&hellip;]","og_url":"https:\/\/www.gaveanews.com\/index.php\/2021\/05\/25\/sem-a-globo-carioca-perde-ate-57-da-audiencia\/","og_site_name":"G\u00e1vea News","article_publisher":"https:\/\/facebook.com\/gaveaNews\/","article_published_time":"2021-05-25T10:06:14+00:00","article_modified_time":"2021-05-25T10:06:16+00:00","og_image":[{"width":1920,"height":1076,"url":"https:\/\/www.gaveanews.com\/wp-content\/uploads\/2019\/04\/Logomarca-da-Rede-Globo.webp","type":"image\/png"}],"author":"Equipe G\u00e1vea News","twitter_card":"summary_large_image","twitter_misc":{"Escrito por":"Equipe G\u00e1vea News","Est. tempo de leitura":"2 minutos"},"schema":{"@context":"https:\/\/schema.org","@graph":[{"@type":"NewsArticle","@id":"https:\/\/www.gaveanews.com\/index.php\/2021\/05\/25\/sem-a-globo-carioca-perde-ate-57-da-audiencia\/#article","isPartOf":{"@id":"https:\/\/www.gaveanews.com\/index.php\/2021\/05\/25\/sem-a-globo-carioca-perde-ate-57-da-audiencia\/"},"author":{"name":"Equipe G\u00e1vea News","@id":"https:\/\/www.gaveanews.com\/#\/schema\/person\/2ec14f73fb96be2caf28f91afb14749d"},"headline":"Sem a Globo, Carioca perde at\u00e9 57% da audi\u00eancia","datePublished":"2021-05-25T10:06:14+00:00","dateModified":"2021-05-25T10:06:16+00:00","mainEntityOfPage":{"@id":"https:\/\/www.gaveanews.com\/index.php\/2021\/05\/25\/sem-a-globo-carioca-perde-ate-57-da-audiencia\/"},"wordCount":459,"commentCount":30,"image":{"@id":"https:\/\/www.gaveanews.com\/index.php\/2021\/05\/25\/sem-a-globo-carioca-perde-ate-57-da-audiencia\/#primaryimage"},"thumbnailUrl":"https:\/\/www.gaveanews.com\/wp-content\/uploads\/2019\/04\/Logomarca-da-Rede-Globo.webp","articleSection":["Flamengo"],"inLanguage":"pt-BR","potentialAction":[{"@type":"CommentAction","name":"Comment","target":["https:\/\/www.gaveanews.com\/index.php\/2021\/05\/25\/sem-a-globo-carioca-perde-ate-57-da-audiencia\/#respond"]}],"copyrightYear":"2021","copyrightHolder":{"@id":"https:\/\/www.gaveanews.com\/#organization"}},{"@type":"WebPage","@id":"https:\/\/www.gaveanews.com\/index.php\/2021\/05\/25\/sem-a-globo-carioca-perde-ate-57-da-audiencia\/","url":"https:\/\/www.gaveanews.com\/index.php\/2021\/05\/25\/sem-a-globo-carioca-perde-ate-57-da-audiencia\/","name":"Sem a Globo, Carioca perde at\u00e9 57% da audi\u00eancia","isPartOf":{"@id":"https:\/\/www.gaveanews.com\/#website"},"primaryImageOfPage":{"@id":"https:\/\/www.gaveanews.com\/index.php\/2021\/05\/25\/sem-a-globo-carioca-perde-ate-57-da-audiencia\/#primaryimage"},"image":{"@id":"https:\/\/www.gaveanews.com\/index.php\/2021\/05\/25\/sem-a-globo-carioca-perde-ate-57-da-audiencia\/#primaryimage"},"thumbnailUrl":"https:\/\/www.gaveanews.com\/wp-content\/uploads\/2019\/04\/Logomarca-da-Rede-Globo.webp","datePublished":"2021-05-25T10:06:14+00:00","dateModified":"2021-05-25T10:06:16+00:00","author":{"@id":"https:\/\/www.gaveanews.com\/#\/schema\/person\/2ec14f73fb96be2caf28f91afb14749d"},"breadcrumb":{"@id":"https:\/\/www.gaveanews.com\/index.php\/2021\/05\/25\/sem-a-globo-carioca-perde-ate-57-da-audiencia\/#breadcrumb"},"inLanguage":"pt-BR","potentialAction":[{"@type":"ReadAction","target":["https:\/\/www.gaveanews.com\/index.php\/2021\/05\/25\/sem-a-globo-carioca-perde-ate-57-da-audiencia\/"]}]},{"@type":"ImageObject","inLanguage":"pt-BR","@id":"https:\/\/www.gaveanews.com\/index.php\/2021\/05\/25\/sem-a-globo-carioca-perde-ate-57-da-audiencia\/#primaryimage","url":"https:\/\/www.gaveanews.com\/wp-content\/uploads\/2019\/04\/Logomarca-da-Rede-Globo.webp","contentUrl":"https:\/\/www.gaveanews.com\/wp-content\/uploads\/2019\/04\/Logomarca-da-Rede-Globo.webp","width":1920,"height":1076,"caption":"Logomarca da Rede Globo (Foto: Reprodu\u00e7\u00e3o)"},{"@type":"BreadcrumbList","@id":"https:\/\/www.gaveanews.com\/index.php\/2021\/05\/25\/sem-a-globo-carioca-perde-ate-57-da-audiencia\/#breadcrumb","itemListElement":[{"@type":"ListItem","position":1,"name":"Home","item":"https:\/\/www.gaveanews.com\/"},{"@type":"ListItem","position":2,"name":"Sem a Globo, Carioca perde at\u00e9 57% da audi\u00eancia"}]},{"@type":"WebSite","@id":"https:\/\/www.gaveanews.com\/#website","url":"https:\/\/www.gaveanews.com\/","name":"G\u00e1vea News","description":"Veja todas as not\u00edcias sobre o Flamengo: Contrata\u00e7\u00f5es, categorias de base, resultados das partidas, tabela de classifica\u00e7\u00e3o, pr\u00f3ximos jogos!","potentialAction":[{"@type":"SearchAction","target":{"@type":"EntryPoint","urlTemplate":"https:\/\/www.gaveanews.com\/?s={search_term_string}"},"query-input":{"@type":"PropertyValueSpecification","valueRequired":true,"valueName":"search_term_string"}}],"inLanguage":"pt-BR"},{"@type":"Person","@id":"https:\/\/www.gaveanews.com\/#\/schema\/person\/2ec14f73fb96be2caf28f91afb14749d","name":"Equipe G\u00e1vea News","image":{"@type":"ImageObject","inLanguage":"pt-BR","@id":"https:\/\/www.gaveanews.com\/#\/schema\/person\/image\/","url":"https:\/\/secure.gravatar.com\/avatar\/1e1956f1facbffd3f8fa53a326721950116b3b9dc9bd44939c01180fd4a745a9?s=96&d=mm&r=g","contentUrl":"https:\/\/secure.gravatar.com\/avatar\/1e1956f1facbffd3f8fa53a326721950116b3b9dc9bd44939c01180fd4a745a9?s=96&d=mm&r=g","caption":"Equipe G\u00e1vea News"}}]}},"_links":{"self":[{"href":"https:\/\/www.gaveanews.com\/index.php\/wp-json\/wp\/v2\/posts\/61779","targetHints":{"allow":["GET"]}}],"collection":[{"href":"https:\/\/www.gaveanews.com\/index.php\/wp-json\/wp\/v2\/posts"}],"about":[{"href":"https:\/\/www.gaveanews.com\/index.php\/wp-json\/wp\/v2\/types\/post"}],"author":[{"embeddable":true,"href":"https:\/\/www.gaveanews.com\/index.php\/wp-json\/wp\/v2\/users\/1"}],"replies":[{"embeddable":true,"href":"https:\/\/www.gaveanews.com\/index.php\/wp-json\/wp\/v2\/comments?post=61779"}],"version-history":[{"count":0,"href":"https:\/\/www.gaveanews.com\/index.php\/wp-json\/wp\/v2\/posts\/61779\/revisions"}],"wp:featuredmedia":[{"embeddable":true,"href":"https:\/\/www.gaveanews.com\/index.php\/wp-json\/wp\/v2\/media\/17043"}],"wp:attachment":[{"href":"https:\/\/www.gaveanews.com\/index.php\/wp-json\/wp\/v2\/media?parent=61779"}],"wp:term":[{"taxonomy":"category","embeddable":true,"href":"https:\/\/www.gaveanews.com\/index.php\/wp-json\/wp\/v2\/categories?post=61779"},{"taxonomy":"post_tag","embeddable":true,"href":"https:\/\/www.gaveanews.com\/index.php\/wp-json\/wp\/v2\/tags?post=61779"}],"curies":[{"name":"wp","href":"https:\/\/api.w.org\/{rel}","templated":true}]}}