{"id":62007,"date":"2021-05-28T07:27:52","date_gmt":"2021-05-28T10:27:52","guid":{"rendered":"https:\/\/www.gaveanews.com\/?p=62007"},"modified":"2021-05-28T07:27:55","modified_gmt":"2021-05-28T10:27:55","slug":"5-promessas-da-base-do-flamengo-para-voce-ficar-olho-no-brasileirao","status":"publish","type":"post","link":"https:\/\/www.gaveanews.com\/index.php\/2021\/05\/28\/5-promessas-da-base-do-flamengo-para-voce-ficar-olho-no-brasileirao\/","title":{"rendered":"5 promessas da base do Flamengo para voc\u00ea ficar olho no Brasileir\u00e3o"},"content":{"rendered":"\n<p>Em busca do nono t\u00edtulo do Campeonato Brasileiro, o Flamengo tem nomes das categorias de base sendo lapidados para aproveitamento a curto prazo no time comandado por Rog\u00e9rio Ceni. Afinal, o treinador pode sofrer algumas baixas ao longo da competi\u00e7\u00e3o.<\/p>\n\n\n\n<p>A princ\u00edpio, Maur\u00edcio Isla e Arrascaeta devem defender Chile e Uruguai, respectivamente, na Copa Am\u00e9rica. Alpem disso, Gerson, Arrascaeta, Everton Ribeiro e Rodrigo Muniz na mira de clubes do exterior. Por isso, o t\u00e9cnico ter\u00e1 de ser assertivo para garimpar as pe\u00e7as certas para integrar o elenco rubro-negro ao longo do Campeonato Brasileiro.<\/p>\n\n\n\n<p>O portal &#8216;Torcedores&#8217; listou cinco jogadores para voc\u00ea observar de perto na sequ\u00eancia da temporada. A princ\u00edpio, o levantamento tem nomes que j\u00e1 est\u00e3o no grupo principal e outros em vias de receber oportunidades.<\/p>\n\n\n\n<h3 class=\"wp-block-heading\" id=\"h-confira-a-lista\"><strong>Confira a lista!<\/strong><\/h3>\n\n\n\n<h3 class=\"wp-block-heading\" id=\"h-matheuzinho\"><strong>Matheuzinho<\/strong><\/h3>\n\n\n\n<p>\u00c9 um lateral com potencial ofensivo. Ele, inclusive, tem evolu\u00eddo bastante no setor defensivo. Al\u00e9m disso, vem pedindo passagem no time titular \u00e0 medida que vai ganhando minutagem. Com Maur\u00edcio Isla convocado para defender o Chile na Copa Am\u00e9rica, o jovem pode aproveitar a brecha para ter mais chances com Rog\u00e9rio Ceni.<\/p>\n\n\n\n<h3 class=\"wp-block-heading\" id=\"h-ramon\"><strong>Ramon<\/strong><\/h3>\n\n\n\n<p>\u00c9 tido como atleta de grande potencial: boa t\u00e9cnica, velocidade, habilidade e disciplina t\u00e1tica. Aparece bem no apoio e chega com frequ\u00eancia para finalizar. No entanto, o atleta precisa melhorar no aspecto defensivo. Foi um dos destaques do time no Campeonato Carioca. O lateral, inclusive, est\u00e1 na mira de clubes da Espanha e Portugal.<\/p>\n\n\n\n<h3 class=\"wp-block-heading\" id=\"h-gabriel-noga\"><strong>Gabriel Noga<\/strong><\/h3>\n\n\n\n<p>\u00c9 a principal aposta de Rog\u00e9rio Ceni para a zaga em 2021. Afinal, o defensor joga dos dois lados da zaga e tem no passe inicial como principal caracter\u00edstica de jogo. Considerado um zagueiro cl\u00e1ssico, o jogador chama a aten\u00e7\u00e3o pela forte personalidade e esp\u00edrito de lideran\u00e7a.<\/p>\n\n\n\n<h3 class=\"wp-block-heading\" id=\"h-jo-o-gomes\"><strong>Jo\u00e3o Gomes<\/strong><\/h3>\n\n\n\n<p>Tem excelente leitura t\u00e1tica, rouba a bola e consegue sair jogando. Al\u00e9m disso, joga de cabe\u00e7a em p\u00e9 e tem capacidade para ditar o ritmo da equipe. Tem t\u00e9cnica apurada e \u00e9 forte candidato para substituir Gerson. Est\u00e1 amadurecendo ao lado dos astros rubro-negros. Ser\u00e1 muito \u00fatil ao melhor elenco do Brasil em 2021.<\/p>\n\n\n\n<h3 class=\"wp-block-heading\" id=\"h-max\"><strong>Max<\/strong><\/h3>\n\n\n\n<p>\u00c9 um jogador veloz e habilidoso. Dribles curtos, boa chegada na \u00e1rea e finaliza\u00e7\u00f5es dif\u00edceis s\u00e3o algumas de suas caracter\u00edsticas. Ousado e moderno n\u00e3o tem medo de arriscar. Al\u00e9m disso, \u00e9 considerado um atleta vers\u00e1til. Ou seja, pode exercer v\u00e1rias fun\u00e7\u00f5es no ataque. Vem sendo apontado como o jogador de maior potencial da sua gera\u00e7\u00e3o.<\/p>\n\n\n\n<h3 class=\"wp-block-heading\" id=\"h-rodrigo-muniz\"><strong>Rodrigo Muniz<\/strong><\/h3>\n\n\n\n<p>Ap\u00f3s ser emprestado ao Coritiba em 2020, voltou ao clube mais amadurecido. Por\u00e9m, demorou a conquistar um espa\u00e7o no elenco que conta com Gabriel Barbosa e Pedro. Foi destaque do time no \u00faltimo Campeonato Carioca. Rodrigo Muniz deve trocar o Flamengo pelo Genk, da B\u00e9lgica, na pr\u00f3xima janela de transfer\u00eancias.<\/p>\n\n\n\n<p>Retirado de: Torcedores<\/p>\n","protected":false},"excerpt":{"rendered":"<p>Em busca do nono t\u00edtulo do Campeonato Brasileiro, o Flamengo tem nomes das categorias de base sendo lapidados para aproveitamento a curto prazo no time comandado por Rog\u00e9rio Ceni. Afinal, o treinador pode sofrer algumas baixas ao longo da competi\u00e7\u00e3o. A princ\u00edpio, Maur\u00edcio Isla e Arrascaeta devem defender Chile e Uruguai, respectivamente, na Copa Am\u00e9rica. [&hellip;]<\/p>\n","protected":false},"author":1,"featured_media":57300,"comment_status":"open","ping_status":"closed","sticky":false,"template":"","format":"standard","meta":{"footnotes":""},"categories":[1],"tags":[],"class_list":["post-62007","post","type-post","status-publish","format-standard","has-post-thumbnail","hentry","category-flamengo"],"yoast_head":"<!-- This site is optimized with the Yoast SEO Premium plugin v24.2 (Yoast SEO v26.9) - https:\/\/yoast.com\/product\/yoast-seo-premium-wordpress\/ -->\n<title>5 promessas da base do Flamengo para voc\u00ea ficar olho no Brasileir\u00e3o<\/title>\n<meta name=\"robots\" content=\"index, follow, max-snippet:-1, max-image-preview:large, max-video-preview:-1\" \/>\n<link rel=\"canonical\" href=\"https:\/\/www.gaveanews.com\/index.php\/2021\/05\/28\/5-promessas-da-base-do-flamengo-para-voce-ficar-olho-no-brasileirao\/\" \/>\n<meta property=\"og:locale\" content=\"pt_BR\" \/>\n<meta property=\"og:type\" content=\"article\" \/>\n<meta property=\"og:title\" content=\"5 promessas da base do Flamengo para voc\u00ea ficar olho no Brasileir\u00e3o\" \/>\n<meta property=\"og:description\" content=\"Em busca do nono t\u00edtulo do Campeonato Brasileiro, o Flamengo tem nomes das categorias de base sendo lapidados para aproveitamento a curto prazo no time comandado por Rog\u00e9rio Ceni. Afinal, o treinador pode sofrer algumas baixas ao longo da competi\u00e7\u00e3o. A princ\u00edpio, Maur\u00edcio Isla e Arrascaeta devem defender Chile e Uruguai, respectivamente, na Copa Am\u00e9rica. [&hellip;]\" \/>\n<meta property=\"og:url\" content=\"https:\/\/www.gaveanews.com\/index.php\/2021\/05\/28\/5-promessas-da-base-do-flamengo-para-voce-ficar-olho-no-brasileirao\/\" \/>\n<meta property=\"og:site_name\" content=\"G\u00e1vea News\" \/>\n<meta property=\"article:publisher\" content=\"https:\/\/facebook.com\/gaveaNews\/\" \/>\n<meta property=\"article:published_time\" content=\"2021-05-28T10:27:52+00:00\" \/>\n<meta property=\"article:modified_time\" content=\"2021-05-28T10:27:55+00:00\" \/>\n<meta property=\"og:image\" content=\"https:\/\/www.gaveanews.com\/wp-content\/uploads\/Matheuzinho-em-acao-pelo-Flamengo-no-Maracana.webp\" \/>\n\t<meta property=\"og:image:width\" content=\"800\" \/>\n\t<meta property=\"og:image:height\" content=\"533\" \/>\n\t<meta property=\"og:image:type\" content=\"image\/jpeg\" \/>\n<meta name=\"author\" content=\"Equipe G\u00e1vea News\" \/>\n<meta name=\"twitter:card\" content=\"summary_large_image\" \/>\n<meta name=\"twitter:label1\" content=\"Escrito por\" \/>\n\t<meta name=\"twitter:data1\" content=\"Equipe G\u00e1vea News\" \/>\n\t<meta name=\"twitter:label2\" content=\"Est. tempo de leitura\" \/>\n\t<meta name=\"twitter:data2\" content=\"2 minutos\" \/>\n<script type=\"application\/ld+json\" class=\"yoast-schema-graph\">{\"@context\":\"https:\/\/schema.org\",\"@graph\":[{\"@type\":\"NewsArticle\",\"@id\":\"https:\/\/www.gaveanews.com\/index.php\/2021\/05\/28\/5-promessas-da-base-do-flamengo-para-voce-ficar-olho-no-brasileirao\/#article\",\"isPartOf\":{\"@id\":\"https:\/\/www.gaveanews.com\/index.php\/2021\/05\/28\/5-promessas-da-base-do-flamengo-para-voce-ficar-olho-no-brasileirao\/\"},\"author\":{\"name\":\"Equipe G\u00e1vea News\",\"@id\":\"https:\/\/www.gaveanews.com\/#\/schema\/person\/2ec14f73fb96be2caf28f91afb14749d\"},\"headline\":\"5 promessas da base do Flamengo para voc\u00ea ficar olho no Brasileir\u00e3o\",\"datePublished\":\"2021-05-28T10:27:52+00:00\",\"dateModified\":\"2021-05-28T10:27:55+00:00\",\"mainEntityOfPage\":{\"@id\":\"https:\/\/www.gaveanews.com\/index.php\/2021\/05\/28\/5-promessas-da-base-do-flamengo-para-voce-ficar-olho-no-brasileirao\/\"},\"wordCount\":502,\"commentCount\":6,\"image\":{\"@id\":\"https:\/\/www.gaveanews.com\/index.php\/2021\/05\/28\/5-promessas-da-base-do-flamengo-para-voce-ficar-olho-no-brasileirao\/#primaryimage\"},\"thumbnailUrl\":\"https:\/\/www.gaveanews.com\/wp-content\/uploads\/Matheuzinho-em-acao-pelo-Flamengo-no-Maracana.webp\",\"articleSection\":[\"Flamengo\"],\"inLanguage\":\"pt-BR\",\"potentialAction\":[{\"@type\":\"CommentAction\",\"name\":\"Comment\",\"target\":[\"https:\/\/www.gaveanews.com\/index.php\/2021\/05\/28\/5-promessas-da-base-do-flamengo-para-voce-ficar-olho-no-brasileirao\/#respond\"]}],\"copyrightYear\":\"2021\",\"copyrightHolder\":{\"@id\":\"https:\/\/www.gaveanews.com\/#organization\"}},{\"@type\":\"WebPage\",\"@id\":\"https:\/\/www.gaveanews.com\/index.php\/2021\/05\/28\/5-promessas-da-base-do-flamengo-para-voce-ficar-olho-no-brasileirao\/\",\"url\":\"https:\/\/www.gaveanews.com\/index.php\/2021\/05\/28\/5-promessas-da-base-do-flamengo-para-voce-ficar-olho-no-brasileirao\/\",\"name\":\"5 promessas da base do Flamengo para voc\u00ea ficar olho no Brasileir\u00e3o\",\"isPartOf\":{\"@id\":\"https:\/\/www.gaveanews.com\/#website\"},\"primaryImageOfPage\":{\"@id\":\"https:\/\/www.gaveanews.com\/index.php\/2021\/05\/28\/5-promessas-da-base-do-flamengo-para-voce-ficar-olho-no-brasileirao\/#primaryimage\"},\"image\":{\"@id\":\"https:\/\/www.gaveanews.com\/index.php\/2021\/05\/28\/5-promessas-da-base-do-flamengo-para-voce-ficar-olho-no-brasileirao\/#primaryimage\"},\"thumbnailUrl\":\"https:\/\/www.gaveanews.com\/wp-content\/uploads\/Matheuzinho-em-acao-pelo-Flamengo-no-Maracana.webp\",\"datePublished\":\"2021-05-28T10:27:52+00:00\",\"dateModified\":\"2021-05-28T10:27:55+00:00\",\"author\":{\"@id\":\"https:\/\/www.gaveanews.com\/#\/schema\/person\/2ec14f73fb96be2caf28f91afb14749d\"},\"breadcrumb\":{\"@id\":\"https:\/\/www.gaveanews.com\/index.php\/2021\/05\/28\/5-promessas-da-base-do-flamengo-para-voce-ficar-olho-no-brasileirao\/#breadcrumb\"},\"inLanguage\":\"pt-BR\",\"potentialAction\":[{\"@type\":\"ReadAction\",\"target\":[\"https:\/\/www.gaveanews.com\/index.php\/2021\/05\/28\/5-promessas-da-base-do-flamengo-para-voce-ficar-olho-no-brasileirao\/\"]}]},{\"@type\":\"ImageObject\",\"inLanguage\":\"pt-BR\",\"@id\":\"https:\/\/www.gaveanews.com\/index.php\/2021\/05\/28\/5-promessas-da-base-do-flamengo-para-voce-ficar-olho-no-brasileirao\/#primaryimage\",\"url\":\"https:\/\/www.gaveanews.com\/wp-content\/uploads\/Matheuzinho-em-acao-pelo-Flamengo-no-Maracana.webp\",\"contentUrl\":\"https:\/\/www.gaveanews.com\/wp-content\/uploads\/Matheuzinho-em-acao-pelo-Flamengo-no-Maracana.webp\",\"width\":800,\"height\":533,\"caption\":\"Matheuzinho em a\u00e7\u00e3o pelo Flamengo no Maracan\u00e3 (Foto: Marcelo Cortes &amp; Gilvan de Souza \/ Flamengo)\"},{\"@type\":\"BreadcrumbList\",\"@id\":\"https:\/\/www.gaveanews.com\/index.php\/2021\/05\/28\/5-promessas-da-base-do-flamengo-para-voce-ficar-olho-no-brasileirao\/#breadcrumb\",\"itemListElement\":[{\"@type\":\"ListItem\",\"position\":1,\"name\":\"Home\",\"item\":\"https:\/\/www.gaveanews.com\/\"},{\"@type\":\"ListItem\",\"position\":2,\"name\":\"5 promessas da base do Flamengo para voc\u00ea ficar olho no Brasileir\u00e3o\"}]},{\"@type\":\"WebSite\",\"@id\":\"https:\/\/www.gaveanews.com\/#website\",\"url\":\"https:\/\/www.gaveanews.com\/\",\"name\":\"G\u00e1vea News\",\"description\":\"Veja todas as not\u00edcias sobre o Flamengo: Contrata\u00e7\u00f5es, categorias de base, resultados das partidas, tabela de classifica\u00e7\u00e3o, pr\u00f3ximos jogos!\",\"potentialAction\":[{\"@type\":\"SearchAction\",\"target\":{\"@type\":\"EntryPoint\",\"urlTemplate\":\"https:\/\/www.gaveanews.com\/?s={search_term_string}\"},\"query-input\":{\"@type\":\"PropertyValueSpecification\",\"valueRequired\":true,\"valueName\":\"search_term_string\"}}],\"inLanguage\":\"pt-BR\"},{\"@type\":\"Person\",\"@id\":\"https:\/\/www.gaveanews.com\/#\/schema\/person\/2ec14f73fb96be2caf28f91afb14749d\",\"name\":\"Equipe G\u00e1vea News\",\"image\":{\"@type\":\"ImageObject\",\"inLanguage\":\"pt-BR\",\"@id\":\"https:\/\/www.gaveanews.com\/#\/schema\/person\/image\/\",\"url\":\"https:\/\/secure.gravatar.com\/avatar\/1e1956f1facbffd3f8fa53a326721950116b3b9dc9bd44939c01180fd4a745a9?s=96&d=mm&r=g\",\"contentUrl\":\"https:\/\/secure.gravatar.com\/avatar\/1e1956f1facbffd3f8fa53a326721950116b3b9dc9bd44939c01180fd4a745a9?s=96&d=mm&r=g\",\"caption\":\"Equipe G\u00e1vea News\"}}]}<\/script>\n<!-- \/ Yoast SEO Premium plugin. -->","yoast_head_json":{"title":"5 promessas da base do Flamengo para voc\u00ea ficar olho no Brasileir\u00e3o","robots":{"index":"index","follow":"follow","max-snippet":"max-snippet:-1","max-image-preview":"max-image-preview:large","max-video-preview":"max-video-preview:-1"},"canonical":"https:\/\/www.gaveanews.com\/index.php\/2021\/05\/28\/5-promessas-da-base-do-flamengo-para-voce-ficar-olho-no-brasileirao\/","og_locale":"pt_BR","og_type":"article","og_title":"5 promessas da base do Flamengo para voc\u00ea ficar olho no Brasileir\u00e3o","og_description":"Em busca do nono t\u00edtulo do Campeonato Brasileiro, o Flamengo tem nomes das categorias de base sendo lapidados para aproveitamento a curto prazo no time comandado por Rog\u00e9rio Ceni. Afinal, o treinador pode sofrer algumas baixas ao longo da competi\u00e7\u00e3o. A princ\u00edpio, Maur\u00edcio Isla e Arrascaeta devem defender Chile e Uruguai, respectivamente, na Copa Am\u00e9rica. [&hellip;]","og_url":"https:\/\/www.gaveanews.com\/index.php\/2021\/05\/28\/5-promessas-da-base-do-flamengo-para-voce-ficar-olho-no-brasileirao\/","og_site_name":"G\u00e1vea News","article_publisher":"https:\/\/facebook.com\/gaveaNews\/","article_published_time":"2021-05-28T10:27:52+00:00","article_modified_time":"2021-05-28T10:27:55+00:00","og_image":[{"width":800,"height":533,"url":"https:\/\/www.gaveanews.com\/wp-content\/uploads\/Matheuzinho-em-acao-pelo-Flamengo-no-Maracana.webp","type":"image\/jpeg"}],"author":"Equipe G\u00e1vea News","twitter_card":"summary_large_image","twitter_misc":{"Escrito por":"Equipe G\u00e1vea News","Est. tempo de leitura":"2 minutos"},"schema":{"@context":"https:\/\/schema.org","@graph":[{"@type":"NewsArticle","@id":"https:\/\/www.gaveanews.com\/index.php\/2021\/05\/28\/5-promessas-da-base-do-flamengo-para-voce-ficar-olho-no-brasileirao\/#article","isPartOf":{"@id":"https:\/\/www.gaveanews.com\/index.php\/2021\/05\/28\/5-promessas-da-base-do-flamengo-para-voce-ficar-olho-no-brasileirao\/"},"author":{"name":"Equipe G\u00e1vea News","@id":"https:\/\/www.gaveanews.com\/#\/schema\/person\/2ec14f73fb96be2caf28f91afb14749d"},"headline":"5 promessas da base do Flamengo para voc\u00ea ficar olho no Brasileir\u00e3o","datePublished":"2021-05-28T10:27:52+00:00","dateModified":"2021-05-28T10:27:55+00:00","mainEntityOfPage":{"@id":"https:\/\/www.gaveanews.com\/index.php\/2021\/05\/28\/5-promessas-da-base-do-flamengo-para-voce-ficar-olho-no-brasileirao\/"},"wordCount":502,"commentCount":6,"image":{"@id":"https:\/\/www.gaveanews.com\/index.php\/2021\/05\/28\/5-promessas-da-base-do-flamengo-para-voce-ficar-olho-no-brasileirao\/#primaryimage"},"thumbnailUrl":"https:\/\/www.gaveanews.com\/wp-content\/uploads\/Matheuzinho-em-acao-pelo-Flamengo-no-Maracana.webp","articleSection":["Flamengo"],"inLanguage":"pt-BR","potentialAction":[{"@type":"CommentAction","name":"Comment","target":["https:\/\/www.gaveanews.com\/index.php\/2021\/05\/28\/5-promessas-da-base-do-flamengo-para-voce-ficar-olho-no-brasileirao\/#respond"]}],"copyrightYear":"2021","copyrightHolder":{"@id":"https:\/\/www.gaveanews.com\/#organization"}},{"@type":"WebPage","@id":"https:\/\/www.gaveanews.com\/index.php\/2021\/05\/28\/5-promessas-da-base-do-flamengo-para-voce-ficar-olho-no-brasileirao\/","url":"https:\/\/www.gaveanews.com\/index.php\/2021\/05\/28\/5-promessas-da-base-do-flamengo-para-voce-ficar-olho-no-brasileirao\/","name":"5 promessas da base do Flamengo para voc\u00ea ficar olho no Brasileir\u00e3o","isPartOf":{"@id":"https:\/\/www.gaveanews.com\/#website"},"primaryImageOfPage":{"@id":"https:\/\/www.gaveanews.com\/index.php\/2021\/05\/28\/5-promessas-da-base-do-flamengo-para-voce-ficar-olho-no-brasileirao\/#primaryimage"},"image":{"@id":"https:\/\/www.gaveanews.com\/index.php\/2021\/05\/28\/5-promessas-da-base-do-flamengo-para-voce-ficar-olho-no-brasileirao\/#primaryimage"},"thumbnailUrl":"https:\/\/www.gaveanews.com\/wp-content\/uploads\/Matheuzinho-em-acao-pelo-Flamengo-no-Maracana.webp","datePublished":"2021-05-28T10:27:52+00:00","dateModified":"2021-05-28T10:27:55+00:00","author":{"@id":"https:\/\/www.gaveanews.com\/#\/schema\/person\/2ec14f73fb96be2caf28f91afb14749d"},"breadcrumb":{"@id":"https:\/\/www.gaveanews.com\/index.php\/2021\/05\/28\/5-promessas-da-base-do-flamengo-para-voce-ficar-olho-no-brasileirao\/#breadcrumb"},"inLanguage":"pt-BR","potentialAction":[{"@type":"ReadAction","target":["https:\/\/www.gaveanews.com\/index.php\/2021\/05\/28\/5-promessas-da-base-do-flamengo-para-voce-ficar-olho-no-brasileirao\/"]}]},{"@type":"ImageObject","inLanguage":"pt-BR","@id":"https:\/\/www.gaveanews.com\/index.php\/2021\/05\/28\/5-promessas-da-base-do-flamengo-para-voce-ficar-olho-no-brasileirao\/#primaryimage","url":"https:\/\/www.gaveanews.com\/wp-content\/uploads\/Matheuzinho-em-acao-pelo-Flamengo-no-Maracana.webp","contentUrl":"https:\/\/www.gaveanews.com\/wp-content\/uploads\/Matheuzinho-em-acao-pelo-Flamengo-no-Maracana.webp","width":800,"height":533,"caption":"Matheuzinho em a\u00e7\u00e3o pelo Flamengo no Maracan\u00e3 (Foto: Marcelo Cortes &amp; Gilvan de Souza \/ Flamengo)"},{"@type":"BreadcrumbList","@id":"https:\/\/www.gaveanews.com\/index.php\/2021\/05\/28\/5-promessas-da-base-do-flamengo-para-voce-ficar-olho-no-brasileirao\/#breadcrumb","itemListElement":[{"@type":"ListItem","position":1,"name":"Home","item":"https:\/\/www.gaveanews.com\/"},{"@type":"ListItem","position":2,"name":"5 promessas da base do Flamengo para voc\u00ea ficar olho no Brasileir\u00e3o"}]},{"@type":"WebSite","@id":"https:\/\/www.gaveanews.com\/#website","url":"https:\/\/www.gaveanews.com\/","name":"G\u00e1vea News","description":"Veja todas as not\u00edcias sobre o Flamengo: Contrata\u00e7\u00f5es, categorias de base, resultados das partidas, tabela de classifica\u00e7\u00e3o, pr\u00f3ximos jogos!","potentialAction":[{"@type":"SearchAction","target":{"@type":"EntryPoint","urlTemplate":"https:\/\/www.gaveanews.com\/?s={search_term_string}"},"query-input":{"@type":"PropertyValueSpecification","valueRequired":true,"valueName":"search_term_string"}}],"inLanguage":"pt-BR"},{"@type":"Person","@id":"https:\/\/www.gaveanews.com\/#\/schema\/person\/2ec14f73fb96be2caf28f91afb14749d","name":"Equipe G\u00e1vea News","image":{"@type":"ImageObject","inLanguage":"pt-BR","@id":"https:\/\/www.gaveanews.com\/#\/schema\/person\/image\/","url":"https:\/\/secure.gravatar.com\/avatar\/1e1956f1facbffd3f8fa53a326721950116b3b9dc9bd44939c01180fd4a745a9?s=96&d=mm&r=g","contentUrl":"https:\/\/secure.gravatar.com\/avatar\/1e1956f1facbffd3f8fa53a326721950116b3b9dc9bd44939c01180fd4a745a9?s=96&d=mm&r=g","caption":"Equipe G\u00e1vea News"}}]}},"_links":{"self":[{"href":"https:\/\/www.gaveanews.com\/index.php\/wp-json\/wp\/v2\/posts\/62007","targetHints":{"allow":["GET"]}}],"collection":[{"href":"https:\/\/www.gaveanews.com\/index.php\/wp-json\/wp\/v2\/posts"}],"about":[{"href":"https:\/\/www.gaveanews.com\/index.php\/wp-json\/wp\/v2\/types\/post"}],"author":[{"embeddable":true,"href":"https:\/\/www.gaveanews.com\/index.php\/wp-json\/wp\/v2\/users\/1"}],"replies":[{"embeddable":true,"href":"https:\/\/www.gaveanews.com\/index.php\/wp-json\/wp\/v2\/comments?post=62007"}],"version-history":[{"count":0,"href":"https:\/\/www.gaveanews.com\/index.php\/wp-json\/wp\/v2\/posts\/62007\/revisions"}],"wp:featuredmedia":[{"embeddable":true,"href":"https:\/\/www.gaveanews.com\/index.php\/wp-json\/wp\/v2\/media\/57300"}],"wp:attachment":[{"href":"https:\/\/www.gaveanews.com\/index.php\/wp-json\/wp\/v2\/media?parent=62007"}],"wp:term":[{"taxonomy":"category","embeddable":true,"href":"https:\/\/www.gaveanews.com\/index.php\/wp-json\/wp\/v2\/categories?post=62007"},{"taxonomy":"post_tag","embeddable":true,"href":"https:\/\/www.gaveanews.com\/index.php\/wp-json\/wp\/v2\/tags?post=62007"}],"curies":[{"name":"wp","href":"https:\/\/api.w.org\/{rel}","templated":true}]}}