{"id":62009,"date":"2021-05-28T08:00:39","date_gmt":"2021-05-28T11:00:39","guid":{"rendered":"https:\/\/www.gaveanews.com\/?p=62009"},"modified":"2021-05-28T08:00:40","modified_gmt":"2021-05-28T11:00:40","slug":"diego-alves-comenta-bronca-em-leo-pereira-durante-o-jogo-do-flamengo","status":"publish","type":"post","link":"https:\/\/www.gaveanews.com\/index.php\/2021\/05\/28\/diego-alves-comenta-bronca-em-leo-pereira-durante-o-jogo-do-flamengo\/","title":{"rendered":"Diego Alves comenta bronca em L\u00e9o Pereira durante o jogo do Flamengo"},"content":{"rendered":"\n<p>Uma &#8216;bronca&#8217; de Diego Alves em L\u00e9o Pereira no fim da partida entre Flamengo e V\u00e9lez, acabou repercutindo nas redes sociais. Ap\u00f3s o zagueiro recuar uma bola, foi poss\u00edvel ouvir os gritos do goleiro rubro-negro dizendo: &#8220;Eu estou morto. Voc\u00ea vive em outro mundo. Confia no passe que voc\u00ea tem&#8221;.<\/p>\n\n\n\n<p>Em entrevista coletiva ap\u00f3s o empate em 0 a 0, Diego Alves minimizou a situa\u00e7\u00e3o e esclareceu que esse tipo de di\u00e1logo \u00e9 &#8220;normal&#8221; nos campos de futebol.<\/p>\n\n\n\n<p><strong><em>\u2014 N\u00e3o teve discuss\u00e3o e nem foi acalorada. N\u00e3o sei se voc\u00eas escutaram, mas teve uma situa\u00e7\u00e3o com o Rodrigo Caio tamb\u00e9m. Isso \u00e9 normal. O que n\u00e3o \u00e9 normal \u00e9 que hoje todo mundo escuta o que se fala dentro de campo. O L\u00e9o \u00e9 uma pessoa querida pelo grupo. Nunca \u00e9 para prejudicar ningu\u00e9m, s\u00f3 para passar informa\u00e7\u00e3o. L\u00f3gico que eu cobro e, \u00e0s vezes, tenho que dar uma advert\u00eancia no sentido de posicionamento. Eles tamb\u00e9m podem cobrar de mim. O que acontece em campo, fica em campo<\/em><\/strong>, disse.<\/p>\n\n\n\n<p>Com o empate, o Flamengo garantiu a lideran\u00e7a do grupo e conhecer\u00e1 o advers\u00e1rio nas oitavas de final da Copa Libertadores na pr\u00f3xima ter\u00e7a-feira, data do sorteio na sede da Conmebol. Antes, no domingo, o time rubro-negro estreia no Brasileir\u00e3o diante do Palmeiras, no Maracan\u00e3.<\/p>\n\n\n\n<p>Retirado de: UOL<\/p>\n","protected":false},"excerpt":{"rendered":"<p>Uma &#8216;bronca&#8217; de Diego Alves em L\u00e9o Pereira no fim da partida entre Flamengo e V\u00e9lez, acabou repercutindo nas redes sociais. Ap\u00f3s o zagueiro recuar uma bola, foi poss\u00edvel ouvir os gritos do goleiro rubro-negro dizendo: &#8220;Eu estou morto. Voc\u00ea vive em outro mundo. Confia no passe que voc\u00ea tem&#8221;. Em entrevista coletiva ap\u00f3s o [&hellip;]<\/p>\n","protected":false},"author":1,"featured_media":37924,"comment_status":"open","ping_status":"closed","sticky":false,"template":"","format":"standard","meta":{"footnotes":""},"categories":[1],"tags":[],"class_list":["post-62009","post","type-post","status-publish","format-standard","has-post-thumbnail","hentry","category-flamengo"],"yoast_head":"<!-- This site is optimized with the Yoast SEO Premium plugin v24.2 (Yoast SEO v26.9) - https:\/\/yoast.com\/product\/yoast-seo-premium-wordpress\/ -->\n<title>Diego Alves comenta bronca em L\u00e9o Pereira durante o jogo do Flamengo<\/title>\n<meta name=\"robots\" content=\"index, follow, max-snippet:-1, max-image-preview:large, max-video-preview:-1\" \/>\n<link rel=\"canonical\" href=\"https:\/\/www.gaveanews.com\/index.php\/2021\/05\/28\/diego-alves-comenta-bronca-em-leo-pereira-durante-o-jogo-do-flamengo\/\" \/>\n<meta property=\"og:locale\" content=\"pt_BR\" \/>\n<meta property=\"og:type\" content=\"article\" \/>\n<meta property=\"og:title\" content=\"Diego Alves comenta bronca em L\u00e9o Pereira durante o jogo do Flamengo\" \/>\n<meta property=\"og:description\" content=\"Uma &#8216;bronca&#8217; de Diego Alves em L\u00e9o Pereira no fim da partida entre Flamengo e V\u00e9lez, acabou repercutindo nas redes sociais. Ap\u00f3s o zagueiro recuar uma bola, foi poss\u00edvel ouvir os gritos do goleiro rubro-negro dizendo: &#8220;Eu estou morto. Voc\u00ea vive em outro mundo. Confia no passe que voc\u00ea tem&#8221;. Em entrevista coletiva ap\u00f3s o [&hellip;]\" \/>\n<meta property=\"og:url\" content=\"https:\/\/www.gaveanews.com\/index.php\/2021\/05\/28\/diego-alves-comenta-bronca-em-leo-pereira-durante-o-jogo-do-flamengo\/\" \/>\n<meta property=\"og:site_name\" content=\"G\u00e1vea News\" \/>\n<meta property=\"article:publisher\" content=\"https:\/\/facebook.com\/gaveaNews\/\" \/>\n<meta property=\"article:published_time\" content=\"2021-05-28T11:00:39+00:00\" \/>\n<meta property=\"article:modified_time\" content=\"2021-05-28T11:00:40+00:00\" \/>\n<meta property=\"og:image\" content=\"https:\/\/www.gaveanews.com\/wp-content\/uploads\/Leo-Pereira-em-acao-pelo-Flamengo.webp\" \/>\n\t<meta property=\"og:image:width\" content=\"1\" \/>\n\t<meta property=\"og:image:height\" content=\"1\" \/>\n\t<meta property=\"og:image:type\" content=\"image\/jpeg\" \/>\n<meta name=\"author\" content=\"Equipe G\u00e1vea News\" \/>\n<meta name=\"twitter:card\" content=\"summary_large_image\" \/>\n<meta name=\"twitter:label1\" content=\"Escrito por\" \/>\n\t<meta name=\"twitter:data1\" content=\"Equipe G\u00e1vea News\" \/>\n\t<meta name=\"twitter:label2\" content=\"Est. tempo de leitura\" \/>\n\t<meta name=\"twitter:data2\" content=\"1 minuto\" \/>\n<script type=\"application\/ld+json\" class=\"yoast-schema-graph\">{\"@context\":\"https:\/\/schema.org\",\"@graph\":[{\"@type\":\"NewsArticle\",\"@id\":\"https:\/\/www.gaveanews.com\/index.php\/2021\/05\/28\/diego-alves-comenta-bronca-em-leo-pereira-durante-o-jogo-do-flamengo\/#article\",\"isPartOf\":{\"@id\":\"https:\/\/www.gaveanews.com\/index.php\/2021\/05\/28\/diego-alves-comenta-bronca-em-leo-pereira-durante-o-jogo-do-flamengo\/\"},\"author\":{\"name\":\"Equipe G\u00e1vea News\",\"@id\":\"https:\/\/www.gaveanews.com\/#\/schema\/person\/2ec14f73fb96be2caf28f91afb14749d\"},\"headline\":\"Diego Alves comenta bronca em L\u00e9o Pereira durante o jogo do Flamengo\",\"datePublished\":\"2021-05-28T11:00:39+00:00\",\"dateModified\":\"2021-05-28T11:00:40+00:00\",\"mainEntityOfPage\":{\"@id\":\"https:\/\/www.gaveanews.com\/index.php\/2021\/05\/28\/diego-alves-comenta-bronca-em-leo-pereira-durante-o-jogo-do-flamengo\/\"},\"wordCount\":246,\"commentCount\":23,\"image\":{\"@id\":\"https:\/\/www.gaveanews.com\/index.php\/2021\/05\/28\/diego-alves-comenta-bronca-em-leo-pereira-durante-o-jogo-do-flamengo\/#primaryimage\"},\"thumbnailUrl\":\"https:\/\/www.gaveanews.com\/wp-content\/uploads\/Leo-Pereira-em-acao-pelo-Flamengo.webp\",\"articleSection\":[\"Flamengo\"],\"inLanguage\":\"pt-BR\",\"potentialAction\":[{\"@type\":\"CommentAction\",\"name\":\"Comment\",\"target\":[\"https:\/\/www.gaveanews.com\/index.php\/2021\/05\/28\/diego-alves-comenta-bronca-em-leo-pereira-durante-o-jogo-do-flamengo\/#respond\"]}],\"copyrightYear\":\"2021\",\"copyrightHolder\":{\"@id\":\"https:\/\/www.gaveanews.com\/#organization\"}},{\"@type\":\"WebPage\",\"@id\":\"https:\/\/www.gaveanews.com\/index.php\/2021\/05\/28\/diego-alves-comenta-bronca-em-leo-pereira-durante-o-jogo-do-flamengo\/\",\"url\":\"https:\/\/www.gaveanews.com\/index.php\/2021\/05\/28\/diego-alves-comenta-bronca-em-leo-pereira-durante-o-jogo-do-flamengo\/\",\"name\":\"Diego Alves comenta bronca em L\u00e9o Pereira durante o jogo do Flamengo\",\"isPartOf\":{\"@id\":\"https:\/\/www.gaveanews.com\/#website\"},\"primaryImageOfPage\":{\"@id\":\"https:\/\/www.gaveanews.com\/index.php\/2021\/05\/28\/diego-alves-comenta-bronca-em-leo-pereira-durante-o-jogo-do-flamengo\/#primaryimage\"},\"image\":{\"@id\":\"https:\/\/www.gaveanews.com\/index.php\/2021\/05\/28\/diego-alves-comenta-bronca-em-leo-pereira-durante-o-jogo-do-flamengo\/#primaryimage\"},\"thumbnailUrl\":\"https:\/\/www.gaveanews.com\/wp-content\/uploads\/Leo-Pereira-em-acao-pelo-Flamengo.webp\",\"datePublished\":\"2021-05-28T11:00:39+00:00\",\"dateModified\":\"2021-05-28T11:00:40+00:00\",\"author\":{\"@id\":\"https:\/\/www.gaveanews.com\/#\/schema\/person\/2ec14f73fb96be2caf28f91afb14749d\"},\"breadcrumb\":{\"@id\":\"https:\/\/www.gaveanews.com\/index.php\/2021\/05\/28\/diego-alves-comenta-bronca-em-leo-pereira-durante-o-jogo-do-flamengo\/#breadcrumb\"},\"inLanguage\":\"pt-BR\",\"potentialAction\":[{\"@type\":\"ReadAction\",\"target\":[\"https:\/\/www.gaveanews.com\/index.php\/2021\/05\/28\/diego-alves-comenta-bronca-em-leo-pereira-durante-o-jogo-do-flamengo\/\"]}]},{\"@type\":\"ImageObject\",\"inLanguage\":\"pt-BR\",\"@id\":\"https:\/\/www.gaveanews.com\/index.php\/2021\/05\/28\/diego-alves-comenta-bronca-em-leo-pereira-durante-o-jogo-do-flamengo\/#primaryimage\",\"url\":\"https:\/\/www.gaveanews.com\/wp-content\/uploads\/Leo-Pereira-em-acao-pelo-Flamengo.webp\",\"contentUrl\":\"https:\/\/www.gaveanews.com\/wp-content\/uploads\/Leo-Pereira-em-acao-pelo-Flamengo.webp\",\"caption\":\"L\u00e9o Pereira em a\u00e7\u00e3o pelo Flamengo (Foto: Alexandre Vidal\/ Flamengo)\"},{\"@type\":\"BreadcrumbList\",\"@id\":\"https:\/\/www.gaveanews.com\/index.php\/2021\/05\/28\/diego-alves-comenta-bronca-em-leo-pereira-durante-o-jogo-do-flamengo\/#breadcrumb\",\"itemListElement\":[{\"@type\":\"ListItem\",\"position\":1,\"name\":\"Home\",\"item\":\"https:\/\/www.gaveanews.com\/\"},{\"@type\":\"ListItem\",\"position\":2,\"name\":\"Diego Alves comenta bronca em L\u00e9o Pereira durante o jogo do Flamengo\"}]},{\"@type\":\"WebSite\",\"@id\":\"https:\/\/www.gaveanews.com\/#website\",\"url\":\"https:\/\/www.gaveanews.com\/\",\"name\":\"G\u00e1vea News\",\"description\":\"Veja todas as not\u00edcias sobre o Flamengo: Contrata\u00e7\u00f5es, categorias de base, resultados das partidas, tabela de classifica\u00e7\u00e3o, pr\u00f3ximos jogos!\",\"potentialAction\":[{\"@type\":\"SearchAction\",\"target\":{\"@type\":\"EntryPoint\",\"urlTemplate\":\"https:\/\/www.gaveanews.com\/?s={search_term_string}\"},\"query-input\":{\"@type\":\"PropertyValueSpecification\",\"valueRequired\":true,\"valueName\":\"search_term_string\"}}],\"inLanguage\":\"pt-BR\"},{\"@type\":\"Person\",\"@id\":\"https:\/\/www.gaveanews.com\/#\/schema\/person\/2ec14f73fb96be2caf28f91afb14749d\",\"name\":\"Equipe G\u00e1vea News\",\"image\":{\"@type\":\"ImageObject\",\"inLanguage\":\"pt-BR\",\"@id\":\"https:\/\/www.gaveanews.com\/#\/schema\/person\/image\/\",\"url\":\"https:\/\/secure.gravatar.com\/avatar\/1e1956f1facbffd3f8fa53a326721950116b3b9dc9bd44939c01180fd4a745a9?s=96&d=mm&r=g\",\"contentUrl\":\"https:\/\/secure.gravatar.com\/avatar\/1e1956f1facbffd3f8fa53a326721950116b3b9dc9bd44939c01180fd4a745a9?s=96&d=mm&r=g\",\"caption\":\"Equipe G\u00e1vea News\"}}]}<\/script>\n<!-- \/ Yoast SEO Premium plugin. -->","yoast_head_json":{"title":"Diego Alves comenta bronca em L\u00e9o Pereira durante o jogo do Flamengo","robots":{"index":"index","follow":"follow","max-snippet":"max-snippet:-1","max-image-preview":"max-image-preview:large","max-video-preview":"max-video-preview:-1"},"canonical":"https:\/\/www.gaveanews.com\/index.php\/2021\/05\/28\/diego-alves-comenta-bronca-em-leo-pereira-durante-o-jogo-do-flamengo\/","og_locale":"pt_BR","og_type":"article","og_title":"Diego Alves comenta bronca em L\u00e9o Pereira durante o jogo do Flamengo","og_description":"Uma &#8216;bronca&#8217; de Diego Alves em L\u00e9o Pereira no fim da partida entre Flamengo e V\u00e9lez, acabou repercutindo nas redes sociais. Ap\u00f3s o zagueiro recuar uma bola, foi poss\u00edvel ouvir os gritos do goleiro rubro-negro dizendo: &#8220;Eu estou morto. Voc\u00ea vive em outro mundo. Confia no passe que voc\u00ea tem&#8221;. Em entrevista coletiva ap\u00f3s o [&hellip;]","og_url":"https:\/\/www.gaveanews.com\/index.php\/2021\/05\/28\/diego-alves-comenta-bronca-em-leo-pereira-durante-o-jogo-do-flamengo\/","og_site_name":"G\u00e1vea News","article_publisher":"https:\/\/facebook.com\/gaveaNews\/","article_published_time":"2021-05-28T11:00:39+00:00","article_modified_time":"2021-05-28T11:00:40+00:00","og_image":[{"url":"https:\/\/www.gaveanews.com\/wp-content\/uploads\/Leo-Pereira-em-acao-pelo-Flamengo.webp","width":1,"height":1,"type":"image\/jpeg"}],"author":"Equipe G\u00e1vea News","twitter_card":"summary_large_image","twitter_misc":{"Escrito por":"Equipe G\u00e1vea News","Est. tempo de leitura":"1 minuto"},"schema":{"@context":"https:\/\/schema.org","@graph":[{"@type":"NewsArticle","@id":"https:\/\/www.gaveanews.com\/index.php\/2021\/05\/28\/diego-alves-comenta-bronca-em-leo-pereira-durante-o-jogo-do-flamengo\/#article","isPartOf":{"@id":"https:\/\/www.gaveanews.com\/index.php\/2021\/05\/28\/diego-alves-comenta-bronca-em-leo-pereira-durante-o-jogo-do-flamengo\/"},"author":{"name":"Equipe G\u00e1vea News","@id":"https:\/\/www.gaveanews.com\/#\/schema\/person\/2ec14f73fb96be2caf28f91afb14749d"},"headline":"Diego Alves comenta bronca em L\u00e9o Pereira durante o jogo do Flamengo","datePublished":"2021-05-28T11:00:39+00:00","dateModified":"2021-05-28T11:00:40+00:00","mainEntityOfPage":{"@id":"https:\/\/www.gaveanews.com\/index.php\/2021\/05\/28\/diego-alves-comenta-bronca-em-leo-pereira-durante-o-jogo-do-flamengo\/"},"wordCount":246,"commentCount":23,"image":{"@id":"https:\/\/www.gaveanews.com\/index.php\/2021\/05\/28\/diego-alves-comenta-bronca-em-leo-pereira-durante-o-jogo-do-flamengo\/#primaryimage"},"thumbnailUrl":"https:\/\/www.gaveanews.com\/wp-content\/uploads\/Leo-Pereira-em-acao-pelo-Flamengo.webp","articleSection":["Flamengo"],"inLanguage":"pt-BR","potentialAction":[{"@type":"CommentAction","name":"Comment","target":["https:\/\/www.gaveanews.com\/index.php\/2021\/05\/28\/diego-alves-comenta-bronca-em-leo-pereira-durante-o-jogo-do-flamengo\/#respond"]}],"copyrightYear":"2021","copyrightHolder":{"@id":"https:\/\/www.gaveanews.com\/#organization"}},{"@type":"WebPage","@id":"https:\/\/www.gaveanews.com\/index.php\/2021\/05\/28\/diego-alves-comenta-bronca-em-leo-pereira-durante-o-jogo-do-flamengo\/","url":"https:\/\/www.gaveanews.com\/index.php\/2021\/05\/28\/diego-alves-comenta-bronca-em-leo-pereira-durante-o-jogo-do-flamengo\/","name":"Diego Alves comenta bronca em L\u00e9o Pereira durante o jogo do Flamengo","isPartOf":{"@id":"https:\/\/www.gaveanews.com\/#website"},"primaryImageOfPage":{"@id":"https:\/\/www.gaveanews.com\/index.php\/2021\/05\/28\/diego-alves-comenta-bronca-em-leo-pereira-durante-o-jogo-do-flamengo\/#primaryimage"},"image":{"@id":"https:\/\/www.gaveanews.com\/index.php\/2021\/05\/28\/diego-alves-comenta-bronca-em-leo-pereira-durante-o-jogo-do-flamengo\/#primaryimage"},"thumbnailUrl":"https:\/\/www.gaveanews.com\/wp-content\/uploads\/Leo-Pereira-em-acao-pelo-Flamengo.webp","datePublished":"2021-05-28T11:00:39+00:00","dateModified":"2021-05-28T11:00:40+00:00","author":{"@id":"https:\/\/www.gaveanews.com\/#\/schema\/person\/2ec14f73fb96be2caf28f91afb14749d"},"breadcrumb":{"@id":"https:\/\/www.gaveanews.com\/index.php\/2021\/05\/28\/diego-alves-comenta-bronca-em-leo-pereira-durante-o-jogo-do-flamengo\/#breadcrumb"},"inLanguage":"pt-BR","potentialAction":[{"@type":"ReadAction","target":["https:\/\/www.gaveanews.com\/index.php\/2021\/05\/28\/diego-alves-comenta-bronca-em-leo-pereira-durante-o-jogo-do-flamengo\/"]}]},{"@type":"ImageObject","inLanguage":"pt-BR","@id":"https:\/\/www.gaveanews.com\/index.php\/2021\/05\/28\/diego-alves-comenta-bronca-em-leo-pereira-durante-o-jogo-do-flamengo\/#primaryimage","url":"https:\/\/www.gaveanews.com\/wp-content\/uploads\/Leo-Pereira-em-acao-pelo-Flamengo.webp","contentUrl":"https:\/\/www.gaveanews.com\/wp-content\/uploads\/Leo-Pereira-em-acao-pelo-Flamengo.webp","caption":"L\u00e9o Pereira em a\u00e7\u00e3o pelo Flamengo (Foto: Alexandre Vidal\/ Flamengo)"},{"@type":"BreadcrumbList","@id":"https:\/\/www.gaveanews.com\/index.php\/2021\/05\/28\/diego-alves-comenta-bronca-em-leo-pereira-durante-o-jogo-do-flamengo\/#breadcrumb","itemListElement":[{"@type":"ListItem","position":1,"name":"Home","item":"https:\/\/www.gaveanews.com\/"},{"@type":"ListItem","position":2,"name":"Diego Alves comenta bronca em L\u00e9o Pereira durante o jogo do Flamengo"}]},{"@type":"WebSite","@id":"https:\/\/www.gaveanews.com\/#website","url":"https:\/\/www.gaveanews.com\/","name":"G\u00e1vea News","description":"Veja todas as not\u00edcias sobre o Flamengo: Contrata\u00e7\u00f5es, categorias de base, resultados das partidas, tabela de classifica\u00e7\u00e3o, pr\u00f3ximos jogos!","potentialAction":[{"@type":"SearchAction","target":{"@type":"EntryPoint","urlTemplate":"https:\/\/www.gaveanews.com\/?s={search_term_string}"},"query-input":{"@type":"PropertyValueSpecification","valueRequired":true,"valueName":"search_term_string"}}],"inLanguage":"pt-BR"},{"@type":"Person","@id":"https:\/\/www.gaveanews.com\/#\/schema\/person\/2ec14f73fb96be2caf28f91afb14749d","name":"Equipe G\u00e1vea News","image":{"@type":"ImageObject","inLanguage":"pt-BR","@id":"https:\/\/www.gaveanews.com\/#\/schema\/person\/image\/","url":"https:\/\/secure.gravatar.com\/avatar\/1e1956f1facbffd3f8fa53a326721950116b3b9dc9bd44939c01180fd4a745a9?s=96&d=mm&r=g","contentUrl":"https:\/\/secure.gravatar.com\/avatar\/1e1956f1facbffd3f8fa53a326721950116b3b9dc9bd44939c01180fd4a745a9?s=96&d=mm&r=g","caption":"Equipe G\u00e1vea News"}}]}},"_links":{"self":[{"href":"https:\/\/www.gaveanews.com\/index.php\/wp-json\/wp\/v2\/posts\/62009","targetHints":{"allow":["GET"]}}],"collection":[{"href":"https:\/\/www.gaveanews.com\/index.php\/wp-json\/wp\/v2\/posts"}],"about":[{"href":"https:\/\/www.gaveanews.com\/index.php\/wp-json\/wp\/v2\/types\/post"}],"author":[{"embeddable":true,"href":"https:\/\/www.gaveanews.com\/index.php\/wp-json\/wp\/v2\/users\/1"}],"replies":[{"embeddable":true,"href":"https:\/\/www.gaveanews.com\/index.php\/wp-json\/wp\/v2\/comments?post=62009"}],"version-history":[{"count":0,"href":"https:\/\/www.gaveanews.com\/index.php\/wp-json\/wp\/v2\/posts\/62009\/revisions"}],"wp:featuredmedia":[{"embeddable":true,"href":"https:\/\/www.gaveanews.com\/index.php\/wp-json\/wp\/v2\/media\/37924"}],"wp:attachment":[{"href":"https:\/\/www.gaveanews.com\/index.php\/wp-json\/wp\/v2\/media?parent=62009"}],"wp:term":[{"taxonomy":"category","embeddable":true,"href":"https:\/\/www.gaveanews.com\/index.php\/wp-json\/wp\/v2\/categories?post=62009"},{"taxonomy":"post_tag","embeddable":true,"href":"https:\/\/www.gaveanews.com\/index.php\/wp-json\/wp\/v2\/tags?post=62009"}],"curies":[{"name":"wp","href":"https:\/\/api.w.org\/{rel}","templated":true}]}}