{"id":62011,"date":"2021-05-28T08:21:34","date_gmt":"2021-05-28T11:21:34","guid":{"rendered":"https:\/\/www.gaveanews.com\/?p=62011"},"modified":"2021-05-28T08:25:39","modified_gmt":"2021-05-28T11:25:39","slug":"flamengo-pode-vender-gerson-mas-tera-que-ir-as-compras","status":"publish","type":"post","link":"https:\/\/www.gaveanews.com\/index.php\/2021\/05\/28\/flamengo-pode-vender-gerson-mas-tera-que-ir-as-compras\/","title":{"rendered":"Flamengo pode vender Gerson, mas ter\u00e1 que ir \u00e0s compras"},"content":{"rendered":"\n<p>A marca do empate sem gols entre Flamengo e V\u00e9lez Sarsfield no Maracan\u00e3 foi a lentid\u00e3o. No primeiro tempo, particularmente, as transi\u00e7\u00f5es de defesa e ataque dos times muitas vezes lembravam amistosos ou futebol de masters. Muitos espa\u00e7os, jogadores conduzindo a bola vagarosamente, nenhuma acelera\u00e7\u00e3o.<\/p>\n\n\n\n<p>Pareciam times sem muita vontade de terminar na lideran\u00e7a do Grupo G, talvez temendo um cruzamento precoce com Boca Juniors ou River Plate j\u00e1 nas oitavas. Ainda assim, o time rubro-negro teve as chances mais claras, como o chute de Arrascaeta na trave no in\u00edcio do jogo e a finaliza\u00e7\u00e3o por cima de Vitinho no final, livre dentro da \u00e1rea.<\/p>\n\n\n\n<p>Terminou com 58% de posse, depois de um primeiro tempo com apenas 47%, e 15 finaliza\u00e7\u00f5es contra 12, seis a dois no alvo. Mas a impress\u00e3o no &#8220;returno&#8221; do grupo n\u00e3o foi boa, com tr\u00eas empates depois das tr\u00eas vit\u00f3rias iniciais. De positivo, apenas a meta de Diego Alves n\u00e3o vazada desta vez.<\/p>\n\n\n\n<p>Na coletiva depois da partida, o treinador Rog\u00e9rio Ceni justificou a baixa intensidade com o desgaste f\u00edsico e mental da decis\u00e3o do estadual, lembrando a derrota por 3 a 1 para o Vasco logo depois do t\u00edtulo da Supercopa do Brasil. Faz sentido, principalmente se olharmos para a sequ\u00eancia de partidas na temporada.<\/p>\n\n\n\n<p>Estreia com titulares contra Bangu e Madureira como prepara\u00e7\u00e3o contra o Palmeiras. Derrota para o Vasco, depois rodando elenco no Carioca priorizando a Libertadores. Para em seguida dar aten\u00e7\u00e3o maior ao Fluminense na decis\u00e3o e empurrar com a barriga o torneio continental com tr\u00eas empates.<\/p>\n\n\n\n<p>Nos resultados, o saldo final foi positivo: dois t\u00edtulos e a lideran\u00e7a de um grupo relativamente forte. Mas os sinais para a sequ\u00eancia da temporada, com o n\u00edvel de competi\u00e7\u00e3o subindo no Brasileiro e nos mata-matas nacional e sul-americano, n\u00e3o s\u00e3o nada promissores.<\/p>\n\n\n\n<p>O elenco do Flamengo \u00e9 formado basicamente pelos nove titulares do lend\u00e1rio time de Jorge Jesus, mais Diego Ribas que foi uma esp\u00e9cie de 12\u00ba jogador. O irregular Isla, reposi\u00e7\u00e3o de Rafinha, e os zagueiros Gustavo Henrique, L\u00e9o Pereira e Bruno Viana, tentativas frustradas de um substituto \u00e0 altura para Pablo Mar\u00ed que obrigaram Ceni a improvisar Willian Ar\u00e3o na zaga.<\/p>\n\n\n\n<p>Na lateral esquerda \u00e9 injusto pedir equil\u00edbrio entre Filipe Lu\u00eds e os reservas Ren\u00ea e Ramon. Por\u00e9m, do meio para frente, s\u00f3 o atacante Pedro \u00e9 &#8220;ponta firme&#8221;. Vitinho e Michael s\u00e3o muito irregulares e os demais s\u00e3o jovens. Jo\u00e3o Gomes \u00e9 promessa de bom meio-campista, mas n\u00e3o parece pronto para suceder Gerson naturalmente.<\/p>\n\n\n\n<p>O camisa oito deve confirmar a sa\u00edda para o Olympique de Marselha. Algo em torno de 25 milh\u00f5es de euros, mais aditivos por metas. Uma proposta que nitidamente vem mexendo com a cabe\u00e7a de Gerson, que jogou muito mal contra Fluminense e V\u00e9lez. Disperso, irritadi\u00e7o, prendendo demais a bola.<\/p>\n\n\n\n<p>O Flamengo afirma que a grana servir\u00e1 para renovar contrato com aumento substancial a De Arrascaeta. Tamb\u00e9m quitar parcelamentos, como as compras de Pedro e Gabigol. Justo e respons\u00e1vel, mas para ser forte no segundo semestre \u00e9 preciso ir \u00e0s compras.<\/p>\n\n\n\n<p>Talvez nem tanto para a vaga de Gerson. Se Thiago Maia voltar bem, o poss\u00edvel investimento em contrata\u00e7\u00f5es pode ser direcionado para outras posi\u00e7\u00f5es.<\/p>\n\n\n\n<p>Como a zaga, que precisa de um parceiro realmente confi\u00e1vel para Rodrigo Caio. Ou um atacante de velocidade para a reserva de Bruno Henrique, sem precisar recorrer exclusivamente a Michael. Ou juntar Pedro e Gabigol na frente, uma solu\u00e7\u00e3o que se mostra complexa para a maioria dos jogos.<\/p>\n\n\n\n<p>Essencial mesmo \u00e9 um meia para competir com Everton Ribeiro, ainda absoluto por pura falta de op\u00e7\u00e3o. Se este for negociado com o &#8220;mundo \u00e1rabe&#8221;, o elenco precisaria de dois. Com caracter\u00edsticas semelhantes \u00e0s do camisa sete: organizador e que ajuda os volantes na marca\u00e7\u00e3o. \u00c9 a maior car\u00eancia no elenco. Vitinho \u00e9 atacante e funciona melhor por tr\u00e1s do centroavante, para driblar e finalizar.<\/p>\n\n\n\n<p>Sem possibilidade de investir alto, que se busque oportunidades de mercado. A diretoria rubro-negra gosta de grifes, mas um estudo criterioso sobre o pr\u00f3prio mercado sul-americano pode apontar alternativas para encorpar um elenco desigual e que vai sofrer com convoca\u00e7\u00f5es que devem comprometer 19 rodadas, ou metade, do Brasileiro. Seja com desfalques ou empilhando jogos por conta de adiamentos.<\/p>\n\n\n\n<p>Porque a partir de agora, se o time &#8220;escolher&#8221; jogos para se dedicar, algo grande vai ficar pelo caminho. O sarrafo ficou alto para o bicampe\u00e3o brasileiro. \u00c9 o time a ser batido, a concorr\u00eancia parece mais forte e todos jogam a vida contra o mais badalado. Os onze de dois anos atr\u00e1s j\u00e1 s\u00e3o nove e podem ser reduzidos a oito ou sete. Est\u00e1 na hora de renovar para seguir fazendo hist\u00f3ria.<\/p>\n\n\n\n<p>Retirado de: UOL<\/p>\n","protected":false},"excerpt":{"rendered":"<p>A marca do empate sem gols entre Flamengo e V\u00e9lez Sarsfield no Maracan\u00e3 foi a lentid\u00e3o. No primeiro tempo, particularmente, as transi\u00e7\u00f5es de defesa e ataque dos times muitas vezes lembravam amistosos ou futebol de masters. Muitos espa\u00e7os, jogadores conduzindo a bola vagarosamente, nenhuma acelera\u00e7\u00e3o. Pareciam times sem muita vontade de terminar na lideran\u00e7a do [&hellip;]<\/p>\n","protected":false},"author":1,"featured_media":49109,"comment_status":"open","ping_status":"closed","sticky":false,"template":"","format":"standard","meta":{"footnotes":""},"categories":[48],"tags":[],"class_list":["post-62011","post","type-post","status-publish","format-standard","has-post-thumbnail","hentry","category-negociacoes"],"yoast_head":"<!-- This site is optimized with the Yoast SEO Premium plugin v24.2 (Yoast SEO v26.9) - https:\/\/yoast.com\/product\/yoast-seo-premium-wordpress\/ -->\n<title>Flamengo pode vender Gerson, mas ter\u00e1 que ir \u00e0s compras<\/title>\n<meta name=\"robots\" content=\"index, follow, max-snippet:-1, max-image-preview:large, max-video-preview:-1\" \/>\n<link rel=\"canonical\" href=\"https:\/\/www.gaveanews.com\/index.php\/2021\/05\/28\/flamengo-pode-vender-gerson-mas-tera-que-ir-as-compras\/\" \/>\n<meta property=\"og:locale\" content=\"pt_BR\" \/>\n<meta property=\"og:type\" content=\"article\" \/>\n<meta property=\"og:title\" content=\"Flamengo pode vender Gerson, mas ter\u00e1 que ir \u00e0s compras\" \/>\n<meta property=\"og:description\" content=\"A marca do empate sem gols entre Flamengo e V\u00e9lez Sarsfield no Maracan\u00e3 foi a lentid\u00e3o. No primeiro tempo, particularmente, as transi\u00e7\u00f5es de defesa e ataque dos times muitas vezes lembravam amistosos ou futebol de masters. Muitos espa\u00e7os, jogadores conduzindo a bola vagarosamente, nenhuma acelera\u00e7\u00e3o. Pareciam times sem muita vontade de terminar na lideran\u00e7a do [&hellip;]\" \/>\n<meta property=\"og:url\" content=\"https:\/\/www.gaveanews.com\/index.php\/2021\/05\/28\/flamengo-pode-vender-gerson-mas-tera-que-ir-as-compras\/\" \/>\n<meta property=\"og:site_name\" content=\"G\u00e1vea News\" \/>\n<meta property=\"article:publisher\" content=\"https:\/\/facebook.com\/gaveaNews\/\" \/>\n<meta property=\"article:published_time\" content=\"2021-05-28T11:21:34+00:00\" \/>\n<meta property=\"article:modified_time\" content=\"2021-05-28T11:25:39+00:00\" \/>\n<meta property=\"og:image\" content=\"https:\/\/www.gaveanews.com\/wp-content\/uploads\/Gerson-em-atividade-no-Ninho..webp\" \/>\n\t<meta property=\"og:image:width\" content=\"799\" \/>\n\t<meta property=\"og:image:height\" content=\"532\" \/>\n\t<meta property=\"og:image:type\" content=\"image\/jpeg\" \/>\n<meta name=\"author\" content=\"Equipe G\u00e1vea News\" \/>\n<meta name=\"twitter:card\" content=\"summary_large_image\" \/>\n<meta name=\"twitter:label1\" content=\"Escrito por\" \/>\n\t<meta name=\"twitter:data1\" content=\"Equipe G\u00e1vea News\" \/>\n\t<meta name=\"twitter:label2\" content=\"Est. tempo de leitura\" \/>\n\t<meta name=\"twitter:data2\" content=\"4 minutos\" \/>\n<script type=\"application\/ld+json\" class=\"yoast-schema-graph\">{\"@context\":\"https:\/\/schema.org\",\"@graph\":[{\"@type\":\"NewsArticle\",\"@id\":\"https:\/\/www.gaveanews.com\/index.php\/2021\/05\/28\/flamengo-pode-vender-gerson-mas-tera-que-ir-as-compras\/#article\",\"isPartOf\":{\"@id\":\"https:\/\/www.gaveanews.com\/index.php\/2021\/05\/28\/flamengo-pode-vender-gerson-mas-tera-que-ir-as-compras\/\"},\"author\":{\"name\":\"Equipe G\u00e1vea News\",\"@id\":\"https:\/\/www.gaveanews.com\/#\/schema\/person\/2ec14f73fb96be2caf28f91afb14749d\"},\"headline\":\"Flamengo pode vender Gerson, mas ter\u00e1 que ir \u00e0s compras\",\"datePublished\":\"2021-05-28T11:21:34+00:00\",\"dateModified\":\"2021-05-28T11:25:39+00:00\",\"mainEntityOfPage\":{\"@id\":\"https:\/\/www.gaveanews.com\/index.php\/2021\/05\/28\/flamengo-pode-vender-gerson-mas-tera-que-ir-as-compras\/\"},\"wordCount\":834,\"commentCount\":8,\"image\":{\"@id\":\"https:\/\/www.gaveanews.com\/index.php\/2021\/05\/28\/flamengo-pode-vender-gerson-mas-tera-que-ir-as-compras\/#primaryimage\"},\"thumbnailUrl\":\"https:\/\/www.gaveanews.com\/wp-content\/uploads\/Gerson-em-atividade-no-Ninho..webp\",\"articleSection\":[\"Negocia\u00e7\u00f5es\"],\"inLanguage\":\"pt-BR\",\"potentialAction\":[{\"@type\":\"CommentAction\",\"name\":\"Comment\",\"target\":[\"https:\/\/www.gaveanews.com\/index.php\/2021\/05\/28\/flamengo-pode-vender-gerson-mas-tera-que-ir-as-compras\/#respond\"]}],\"copyrightYear\":\"2021\",\"copyrightHolder\":{\"@id\":\"https:\/\/www.gaveanews.com\/#organization\"}},{\"@type\":\"WebPage\",\"@id\":\"https:\/\/www.gaveanews.com\/index.php\/2021\/05\/28\/flamengo-pode-vender-gerson-mas-tera-que-ir-as-compras\/\",\"url\":\"https:\/\/www.gaveanews.com\/index.php\/2021\/05\/28\/flamengo-pode-vender-gerson-mas-tera-que-ir-as-compras\/\",\"name\":\"Flamengo pode vender Gerson, mas ter\u00e1 que ir \u00e0s compras\",\"isPartOf\":{\"@id\":\"https:\/\/www.gaveanews.com\/#website\"},\"primaryImageOfPage\":{\"@id\":\"https:\/\/www.gaveanews.com\/index.php\/2021\/05\/28\/flamengo-pode-vender-gerson-mas-tera-que-ir-as-compras\/#primaryimage\"},\"image\":{\"@id\":\"https:\/\/www.gaveanews.com\/index.php\/2021\/05\/28\/flamengo-pode-vender-gerson-mas-tera-que-ir-as-compras\/#primaryimage\"},\"thumbnailUrl\":\"https:\/\/www.gaveanews.com\/wp-content\/uploads\/Gerson-em-atividade-no-Ninho..webp\",\"datePublished\":\"2021-05-28T11:21:34+00:00\",\"dateModified\":\"2021-05-28T11:25:39+00:00\",\"author\":{\"@id\":\"https:\/\/www.gaveanews.com\/#\/schema\/person\/2ec14f73fb96be2caf28f91afb14749d\"},\"breadcrumb\":{\"@id\":\"https:\/\/www.gaveanews.com\/index.php\/2021\/05\/28\/flamengo-pode-vender-gerson-mas-tera-que-ir-as-compras\/#breadcrumb\"},\"inLanguage\":\"pt-BR\",\"potentialAction\":[{\"@type\":\"ReadAction\",\"target\":[\"https:\/\/www.gaveanews.com\/index.php\/2021\/05\/28\/flamengo-pode-vender-gerson-mas-tera-que-ir-as-compras\/\"]}]},{\"@type\":\"ImageObject\",\"inLanguage\":\"pt-BR\",\"@id\":\"https:\/\/www.gaveanews.com\/index.php\/2021\/05\/28\/flamengo-pode-vender-gerson-mas-tera-que-ir-as-compras\/#primaryimage\",\"url\":\"https:\/\/www.gaveanews.com\/wp-content\/uploads\/Gerson-em-atividade-no-Ninho..webp\",\"contentUrl\":\"https:\/\/www.gaveanews.com\/wp-content\/uploads\/Gerson-em-atividade-no-Ninho..webp\",\"width\":799,\"height\":532,\"caption\":\"Gerson em atividade no Ninho (Foto: Alexandre Vidal\/Flamengo)\"},{\"@type\":\"BreadcrumbList\",\"@id\":\"https:\/\/www.gaveanews.com\/index.php\/2021\/05\/28\/flamengo-pode-vender-gerson-mas-tera-que-ir-as-compras\/#breadcrumb\",\"itemListElement\":[{\"@type\":\"ListItem\",\"position\":1,\"name\":\"Home\",\"item\":\"https:\/\/www.gaveanews.com\/\"},{\"@type\":\"ListItem\",\"position\":2,\"name\":\"Flamengo pode vender Gerson, mas ter\u00e1 que ir \u00e0s compras\"}]},{\"@type\":\"WebSite\",\"@id\":\"https:\/\/www.gaveanews.com\/#website\",\"url\":\"https:\/\/www.gaveanews.com\/\",\"name\":\"G\u00e1vea News\",\"description\":\"Veja todas as not\u00edcias sobre o Flamengo: Contrata\u00e7\u00f5es, categorias de base, resultados das partidas, tabela de classifica\u00e7\u00e3o, pr\u00f3ximos jogos!\",\"potentialAction\":[{\"@type\":\"SearchAction\",\"target\":{\"@type\":\"EntryPoint\",\"urlTemplate\":\"https:\/\/www.gaveanews.com\/?s={search_term_string}\"},\"query-input\":{\"@type\":\"PropertyValueSpecification\",\"valueRequired\":true,\"valueName\":\"search_term_string\"}}],\"inLanguage\":\"pt-BR\"},{\"@type\":\"Person\",\"@id\":\"https:\/\/www.gaveanews.com\/#\/schema\/person\/2ec14f73fb96be2caf28f91afb14749d\",\"name\":\"Equipe G\u00e1vea News\",\"image\":{\"@type\":\"ImageObject\",\"inLanguage\":\"pt-BR\",\"@id\":\"https:\/\/www.gaveanews.com\/#\/schema\/person\/image\/\",\"url\":\"https:\/\/secure.gravatar.com\/avatar\/1e1956f1facbffd3f8fa53a326721950116b3b9dc9bd44939c01180fd4a745a9?s=96&d=mm&r=g\",\"contentUrl\":\"https:\/\/secure.gravatar.com\/avatar\/1e1956f1facbffd3f8fa53a326721950116b3b9dc9bd44939c01180fd4a745a9?s=96&d=mm&r=g\",\"caption\":\"Equipe G\u00e1vea News\"}}]}<\/script>\n<!-- \/ Yoast SEO Premium plugin. -->","yoast_head_json":{"title":"Flamengo pode vender Gerson, mas ter\u00e1 que ir \u00e0s compras","robots":{"index":"index","follow":"follow","max-snippet":"max-snippet:-1","max-image-preview":"max-image-preview:large","max-video-preview":"max-video-preview:-1"},"canonical":"https:\/\/www.gaveanews.com\/index.php\/2021\/05\/28\/flamengo-pode-vender-gerson-mas-tera-que-ir-as-compras\/","og_locale":"pt_BR","og_type":"article","og_title":"Flamengo pode vender Gerson, mas ter\u00e1 que ir \u00e0s compras","og_description":"A marca do empate sem gols entre Flamengo e V\u00e9lez Sarsfield no Maracan\u00e3 foi a lentid\u00e3o. No primeiro tempo, particularmente, as transi\u00e7\u00f5es de defesa e ataque dos times muitas vezes lembravam amistosos ou futebol de masters. Muitos espa\u00e7os, jogadores conduzindo a bola vagarosamente, nenhuma acelera\u00e7\u00e3o. Pareciam times sem muita vontade de terminar na lideran\u00e7a do [&hellip;]","og_url":"https:\/\/www.gaveanews.com\/index.php\/2021\/05\/28\/flamengo-pode-vender-gerson-mas-tera-que-ir-as-compras\/","og_site_name":"G\u00e1vea News","article_publisher":"https:\/\/facebook.com\/gaveaNews\/","article_published_time":"2021-05-28T11:21:34+00:00","article_modified_time":"2021-05-28T11:25:39+00:00","og_image":[{"width":799,"height":532,"url":"https:\/\/www.gaveanews.com\/wp-content\/uploads\/Gerson-em-atividade-no-Ninho..webp","type":"image\/jpeg"}],"author":"Equipe G\u00e1vea News","twitter_card":"summary_large_image","twitter_misc":{"Escrito por":"Equipe G\u00e1vea News","Est. tempo de leitura":"4 minutos"},"schema":{"@context":"https:\/\/schema.org","@graph":[{"@type":"NewsArticle","@id":"https:\/\/www.gaveanews.com\/index.php\/2021\/05\/28\/flamengo-pode-vender-gerson-mas-tera-que-ir-as-compras\/#article","isPartOf":{"@id":"https:\/\/www.gaveanews.com\/index.php\/2021\/05\/28\/flamengo-pode-vender-gerson-mas-tera-que-ir-as-compras\/"},"author":{"name":"Equipe G\u00e1vea News","@id":"https:\/\/www.gaveanews.com\/#\/schema\/person\/2ec14f73fb96be2caf28f91afb14749d"},"headline":"Flamengo pode vender Gerson, mas ter\u00e1 que ir \u00e0s compras","datePublished":"2021-05-28T11:21:34+00:00","dateModified":"2021-05-28T11:25:39+00:00","mainEntityOfPage":{"@id":"https:\/\/www.gaveanews.com\/index.php\/2021\/05\/28\/flamengo-pode-vender-gerson-mas-tera-que-ir-as-compras\/"},"wordCount":834,"commentCount":8,"image":{"@id":"https:\/\/www.gaveanews.com\/index.php\/2021\/05\/28\/flamengo-pode-vender-gerson-mas-tera-que-ir-as-compras\/#primaryimage"},"thumbnailUrl":"https:\/\/www.gaveanews.com\/wp-content\/uploads\/Gerson-em-atividade-no-Ninho..webp","articleSection":["Negocia\u00e7\u00f5es"],"inLanguage":"pt-BR","potentialAction":[{"@type":"CommentAction","name":"Comment","target":["https:\/\/www.gaveanews.com\/index.php\/2021\/05\/28\/flamengo-pode-vender-gerson-mas-tera-que-ir-as-compras\/#respond"]}],"copyrightYear":"2021","copyrightHolder":{"@id":"https:\/\/www.gaveanews.com\/#organization"}},{"@type":"WebPage","@id":"https:\/\/www.gaveanews.com\/index.php\/2021\/05\/28\/flamengo-pode-vender-gerson-mas-tera-que-ir-as-compras\/","url":"https:\/\/www.gaveanews.com\/index.php\/2021\/05\/28\/flamengo-pode-vender-gerson-mas-tera-que-ir-as-compras\/","name":"Flamengo pode vender Gerson, mas ter\u00e1 que ir \u00e0s compras","isPartOf":{"@id":"https:\/\/www.gaveanews.com\/#website"},"primaryImageOfPage":{"@id":"https:\/\/www.gaveanews.com\/index.php\/2021\/05\/28\/flamengo-pode-vender-gerson-mas-tera-que-ir-as-compras\/#primaryimage"},"image":{"@id":"https:\/\/www.gaveanews.com\/index.php\/2021\/05\/28\/flamengo-pode-vender-gerson-mas-tera-que-ir-as-compras\/#primaryimage"},"thumbnailUrl":"https:\/\/www.gaveanews.com\/wp-content\/uploads\/Gerson-em-atividade-no-Ninho..webp","datePublished":"2021-05-28T11:21:34+00:00","dateModified":"2021-05-28T11:25:39+00:00","author":{"@id":"https:\/\/www.gaveanews.com\/#\/schema\/person\/2ec14f73fb96be2caf28f91afb14749d"},"breadcrumb":{"@id":"https:\/\/www.gaveanews.com\/index.php\/2021\/05\/28\/flamengo-pode-vender-gerson-mas-tera-que-ir-as-compras\/#breadcrumb"},"inLanguage":"pt-BR","potentialAction":[{"@type":"ReadAction","target":["https:\/\/www.gaveanews.com\/index.php\/2021\/05\/28\/flamengo-pode-vender-gerson-mas-tera-que-ir-as-compras\/"]}]},{"@type":"ImageObject","inLanguage":"pt-BR","@id":"https:\/\/www.gaveanews.com\/index.php\/2021\/05\/28\/flamengo-pode-vender-gerson-mas-tera-que-ir-as-compras\/#primaryimage","url":"https:\/\/www.gaveanews.com\/wp-content\/uploads\/Gerson-em-atividade-no-Ninho..webp","contentUrl":"https:\/\/www.gaveanews.com\/wp-content\/uploads\/Gerson-em-atividade-no-Ninho..webp","width":799,"height":532,"caption":"Gerson em atividade no Ninho (Foto: Alexandre Vidal\/Flamengo)"},{"@type":"BreadcrumbList","@id":"https:\/\/www.gaveanews.com\/index.php\/2021\/05\/28\/flamengo-pode-vender-gerson-mas-tera-que-ir-as-compras\/#breadcrumb","itemListElement":[{"@type":"ListItem","position":1,"name":"Home","item":"https:\/\/www.gaveanews.com\/"},{"@type":"ListItem","position":2,"name":"Flamengo pode vender Gerson, mas ter\u00e1 que ir \u00e0s compras"}]},{"@type":"WebSite","@id":"https:\/\/www.gaveanews.com\/#website","url":"https:\/\/www.gaveanews.com\/","name":"G\u00e1vea News","description":"Veja todas as not\u00edcias sobre o Flamengo: Contrata\u00e7\u00f5es, categorias de base, resultados das partidas, tabela de classifica\u00e7\u00e3o, pr\u00f3ximos jogos!","potentialAction":[{"@type":"SearchAction","target":{"@type":"EntryPoint","urlTemplate":"https:\/\/www.gaveanews.com\/?s={search_term_string}"},"query-input":{"@type":"PropertyValueSpecification","valueRequired":true,"valueName":"search_term_string"}}],"inLanguage":"pt-BR"},{"@type":"Person","@id":"https:\/\/www.gaveanews.com\/#\/schema\/person\/2ec14f73fb96be2caf28f91afb14749d","name":"Equipe G\u00e1vea News","image":{"@type":"ImageObject","inLanguage":"pt-BR","@id":"https:\/\/www.gaveanews.com\/#\/schema\/person\/image\/","url":"https:\/\/secure.gravatar.com\/avatar\/1e1956f1facbffd3f8fa53a326721950116b3b9dc9bd44939c01180fd4a745a9?s=96&d=mm&r=g","contentUrl":"https:\/\/secure.gravatar.com\/avatar\/1e1956f1facbffd3f8fa53a326721950116b3b9dc9bd44939c01180fd4a745a9?s=96&d=mm&r=g","caption":"Equipe G\u00e1vea News"}}]}},"_links":{"self":[{"href":"https:\/\/www.gaveanews.com\/index.php\/wp-json\/wp\/v2\/posts\/62011","targetHints":{"allow":["GET"]}}],"collection":[{"href":"https:\/\/www.gaveanews.com\/index.php\/wp-json\/wp\/v2\/posts"}],"about":[{"href":"https:\/\/www.gaveanews.com\/index.php\/wp-json\/wp\/v2\/types\/post"}],"author":[{"embeddable":true,"href":"https:\/\/www.gaveanews.com\/index.php\/wp-json\/wp\/v2\/users\/1"}],"replies":[{"embeddable":true,"href":"https:\/\/www.gaveanews.com\/index.php\/wp-json\/wp\/v2\/comments?post=62011"}],"version-history":[{"count":0,"href":"https:\/\/www.gaveanews.com\/index.php\/wp-json\/wp\/v2\/posts\/62011\/revisions"}],"wp:featuredmedia":[{"embeddable":true,"href":"https:\/\/www.gaveanews.com\/index.php\/wp-json\/wp\/v2\/media\/49109"}],"wp:attachment":[{"href":"https:\/\/www.gaveanews.com\/index.php\/wp-json\/wp\/v2\/media?parent=62011"}],"wp:term":[{"taxonomy":"category","embeddable":true,"href":"https:\/\/www.gaveanews.com\/index.php\/wp-json\/wp\/v2\/categories?post=62011"},{"taxonomy":"post_tag","embeddable":true,"href":"https:\/\/www.gaveanews.com\/index.php\/wp-json\/wp\/v2\/tags?post=62011"}],"curies":[{"name":"wp","href":"https:\/\/api.w.org\/{rel}","templated":true}]}}