{"id":62020,"date":"2021-05-28T10:13:39","date_gmt":"2021-05-28T13:13:39","guid":{"rendered":"https:\/\/www.gaveanews.com\/?p=62020"},"modified":"2021-08-12T00:48:33","modified_gmt":"2021-08-12T03:48:33","slug":"torcedores-do-sao-paulo-pedem-flamengo-nas-oitavas-da-libertadores","status":"publish","type":"post","link":"https:\/\/www.gaveanews.com\/index.php\/2021\/05\/28\/torcedores-do-sao-paulo-pedem-flamengo-nas-oitavas-da-libertadores\/","title":{"rendered":"Torcedores do S\u00e3o Paulo pedem Flamengo nas oitavas da Libertadores"},"content":{"rendered":"\n<p>Na \u00faltima quinta-feira (27), o Flamengo empatou em 0 a 0 com o V\u00e9lez em casa e garantiu a primeira coloca\u00e7\u00e3o no grupo G da Libertadores. <\/p>\n\n\n\n<p>Desta forma, o rubro-negro fica no primeiro pote do sorteio que definir\u00e1 os confrontos das oitavas de final da competi\u00e7\u00e3o. Vale ressaltar que o segundo pote do sorteio \u00e9 constitu\u00eddo pelos segundos lugares de todos os grupos. <\/p>\n\n\n\n<p>Assim, entre os <a href=\"https:\/\/www.gaveanews.com\/index.php\/2021\/05\/27\/potes-definidos-veja-quem-o-flamengo-podera-enfrentar-nas-oitavas-da-libertadores\/\">clubes que o Mais Querido poder\u00e1 enfrentar<\/a> est\u00e1 o S\u00e3o Paulo, que n\u00e3o conseguiu a lideran\u00e7a ap\u00f3s o Racing vencer o Rentistas na \u00faltima ter\u00e7a-feira (25). Por conta da rivalidade criada e dos deslizes cometidos pelo Flamengo nos \u00faltimos jogos contra o tricolor paulista, a torcida S\u00e3o-Paulina pediu nas redes sociais o rubro-negro como advers\u00e1rio.<\/p>\n\n\n\n<h2 class=\"wp-block-heading\" id=\"h-confira-as-publica-es\">Confira as publica\u00e7\u00f5es:<\/h2>\n\n\n\n<figure class=\"wp-block-embed is-type-rich is-provider-twitter wp-block-embed-twitter\"><div class=\"wp-block-embed__wrapper\">\nhttps:\/\/twitter.com\/VamosSPFFC\/status\/1397385797645606914?s=20\n<\/div><\/figure>\n\n\n\n<figure class=\"wp-block-embed is-type-rich is-provider-twitter wp-block-embed-twitter\"><div class=\"wp-block-embed__wrapper\">\n<blockquote class=\"twitter-tweet\" data-width=\"550\" data-dnt=\"true\"><p lang=\"pt\" dir=\"ltr\">Flamengo se prepara kkkkkkkkkk<\/p>&mdash; Anderson Tricolor \ud83c\uddfe\ud83c\uddea\ud83c\uddfe\ud83c\uddea (@anderso81300070) <a href=\"https:\/\/twitter.com\/anderso81300070\/status\/1397385289849614336?ref_src=twsrc%5Etfw\">May 26, 2021<\/a><\/blockquote><script async src=\"https:\/\/platform.twitter.com\/widgets.js\" charset=\"utf-8\"><\/script>\n<\/div><\/figure>\n\n\n\n<figure class=\"wp-block-embed is-type-rich is-provider-twitter wp-block-embed-twitter\"><div class=\"wp-block-embed__wrapper\">\nhttps:\/\/twitter.com\/arsenalfankkk\/status\/1397386842157244419?s=20\n<\/div><\/figure>\n\n\n\n<figure class=\"wp-block-embed is-type-rich is-provider-twitter wp-block-embed-twitter\"><div class=\"wp-block-embed__wrapper\">\nhttps:\/\/twitter.com\/Karol14A\/status\/1397385538529812481?s=20\n<\/div><\/figure>\n\n\n\n<p>O sorteio dos duelos pelas oitavas de final da Libertadores ocorrer\u00e1 na pr\u00f3xima ter\u00e7a-feira (31), \u00e0s 13h (hor\u00e1rio de Bras\u00edlia). As partidas, por sua vez, ser\u00e3o disputadas em julho, logo ap\u00f3s a Copa Am\u00e9rica. Os jogos de ida acontecer\u00e3o entre os dias 13 e 15, e os de volta, entre os dias 20 e 22.<\/p>\n","protected":false},"excerpt":{"rendered":"<p>Na \u00faltima quinta-feira (27), o Flamengo empatou em 0 a 0 com o V\u00e9lez em casa e garantiu a primeira coloca\u00e7\u00e3o no grupo G da Libertadores. Desta forma, o rubro-negro fica no primeiro pote do sorteio que definir\u00e1 os confrontos das oitavas de final da competi\u00e7\u00e3o. Vale ressaltar que o segundo pote do sorteio \u00e9 [&hellip;]<\/p>\n","protected":false},"author":4,"featured_media":58305,"comment_status":"open","ping_status":"closed","sticky":false,"template":"","format":"standard","meta":{"footnotes":""},"categories":[1],"tags":[],"class_list":["post-62020","post","type-post","status-publish","format-standard","has-post-thumbnail","hentry","category-flamengo"],"yoast_head":"<!-- This site is optimized with the Yoast SEO Premium plugin v24.2 (Yoast SEO v26.9) - https:\/\/yoast.com\/product\/yoast-seo-premium-wordpress\/ -->\n<title>Torcedores do S\u00e3o Paulo pedem Flamengo nas oitavas da Libertadores<\/title>\n<meta name=\"robots\" content=\"index, follow, max-snippet:-1, max-image-preview:large, max-video-preview:-1\" \/>\n<link rel=\"canonical\" href=\"https:\/\/www.gaveanews.com\/index.php\/2021\/05\/28\/torcedores-do-sao-paulo-pedem-flamengo-nas-oitavas-da-libertadores\/\" \/>\n<meta property=\"og:locale\" content=\"pt_BR\" \/>\n<meta property=\"og:type\" content=\"article\" \/>\n<meta property=\"og:title\" content=\"Torcedores do S\u00e3o Paulo pedem Flamengo nas oitavas da Libertadores\" \/>\n<meta property=\"og:description\" content=\"Na \u00faltima quinta-feira (27), o Flamengo empatou em 0 a 0 com o V\u00e9lez em casa e garantiu a primeira coloca\u00e7\u00e3o no grupo G da Libertadores. Desta forma, o rubro-negro fica no primeiro pote do sorteio que definir\u00e1 os confrontos das oitavas de final da competi\u00e7\u00e3o. Vale ressaltar que o segundo pote do sorteio \u00e9 [&hellip;]\" \/>\n<meta property=\"og:url\" content=\"https:\/\/www.gaveanews.com\/index.php\/2021\/05\/28\/torcedores-do-sao-paulo-pedem-flamengo-nas-oitavas-da-libertadores\/\" \/>\n<meta property=\"og:site_name\" content=\"G\u00e1vea News\" \/>\n<meta property=\"article:publisher\" content=\"https:\/\/facebook.com\/gaveaNews\/\" \/>\n<meta property=\"article:published_time\" content=\"2021-05-28T13:13:39+00:00\" \/>\n<meta property=\"article:modified_time\" content=\"2021-08-12T03:48:33+00:00\" \/>\n<meta property=\"og:image\" content=\"https:\/\/www.gaveanews.com\/wp-content\/uploads\/Taca-da-Copa-Libertadores-da-America-no-gramado-do-estadio-do-Maracana.webp\" \/>\n\t<meta property=\"og:image:width\" content=\"1080\" \/>\n\t<meta property=\"og:image:height\" content=\"1079\" \/>\n\t<meta property=\"og:image:type\" content=\"image\/jpeg\" \/>\n<meta name=\"author\" content=\"Let\u00edcia Gerheim\" \/>\n<meta name=\"twitter:card\" content=\"summary_large_image\" \/>\n<meta name=\"twitter:label1\" content=\"Escrito por\" \/>\n\t<meta name=\"twitter:data1\" content=\"Let\u00edcia Gerheim\" \/>\n\t<meta name=\"twitter:label2\" content=\"Est. tempo de leitura\" \/>\n\t<meta name=\"twitter:data2\" content=\"1 minuto\" \/>\n<script type=\"application\/ld+json\" class=\"yoast-schema-graph\">{\"@context\":\"https:\/\/schema.org\",\"@graph\":[{\"@type\":\"NewsArticle\",\"@id\":\"https:\/\/www.gaveanews.com\/index.php\/2021\/05\/28\/torcedores-do-sao-paulo-pedem-flamengo-nas-oitavas-da-libertadores\/#article\",\"isPartOf\":{\"@id\":\"https:\/\/www.gaveanews.com\/index.php\/2021\/05\/28\/torcedores-do-sao-paulo-pedem-flamengo-nas-oitavas-da-libertadores\/\"},\"author\":{\"name\":\"Let\u00edcia Gerheim\",\"@id\":\"https:\/\/www.gaveanews.com\/#\/schema\/person\/714c67050b836198af2450ba1c142a67\"},\"headline\":\"Torcedores do S\u00e3o Paulo pedem Flamengo nas oitavas da Libertadores\",\"datePublished\":\"2021-05-28T13:13:39+00:00\",\"dateModified\":\"2021-08-12T03:48:33+00:00\",\"mainEntityOfPage\":{\"@id\":\"https:\/\/www.gaveanews.com\/index.php\/2021\/05\/28\/torcedores-do-sao-paulo-pedem-flamengo-nas-oitavas-da-libertadores\/\"},\"wordCount\":225,\"commentCount\":39,\"image\":{\"@id\":\"https:\/\/www.gaveanews.com\/index.php\/2021\/05\/28\/torcedores-do-sao-paulo-pedem-flamengo-nas-oitavas-da-libertadores\/#primaryimage\"},\"thumbnailUrl\":\"https:\/\/www.gaveanews.com\/wp-content\/uploads\/Taca-da-Copa-Libertadores-da-America-no-gramado-do-estadio-do-Maracana.webp\",\"articleSection\":[\"Flamengo\"],\"inLanguage\":\"pt-BR\",\"potentialAction\":[{\"@type\":\"CommentAction\",\"name\":\"Comment\",\"target\":[\"https:\/\/www.gaveanews.com\/index.php\/2021\/05\/28\/torcedores-do-sao-paulo-pedem-flamengo-nas-oitavas-da-libertadores\/#respond\"]}],\"copyrightYear\":\"2021\",\"copyrightHolder\":{\"@id\":\"https:\/\/www.gaveanews.com\/#organization\"}},{\"@type\":\"WebPage\",\"@id\":\"https:\/\/www.gaveanews.com\/index.php\/2021\/05\/28\/torcedores-do-sao-paulo-pedem-flamengo-nas-oitavas-da-libertadores\/\",\"url\":\"https:\/\/www.gaveanews.com\/index.php\/2021\/05\/28\/torcedores-do-sao-paulo-pedem-flamengo-nas-oitavas-da-libertadores\/\",\"name\":\"Torcedores do S\u00e3o Paulo pedem Flamengo nas oitavas da Libertadores\",\"isPartOf\":{\"@id\":\"https:\/\/www.gaveanews.com\/#website\"},\"primaryImageOfPage\":{\"@id\":\"https:\/\/www.gaveanews.com\/index.php\/2021\/05\/28\/torcedores-do-sao-paulo-pedem-flamengo-nas-oitavas-da-libertadores\/#primaryimage\"},\"image\":{\"@id\":\"https:\/\/www.gaveanews.com\/index.php\/2021\/05\/28\/torcedores-do-sao-paulo-pedem-flamengo-nas-oitavas-da-libertadores\/#primaryimage\"},\"thumbnailUrl\":\"https:\/\/www.gaveanews.com\/wp-content\/uploads\/Taca-da-Copa-Libertadores-da-America-no-gramado-do-estadio-do-Maracana.webp\",\"datePublished\":\"2021-05-28T13:13:39+00:00\",\"dateModified\":\"2021-08-12T03:48:33+00:00\",\"author\":{\"@id\":\"https:\/\/www.gaveanews.com\/#\/schema\/person\/714c67050b836198af2450ba1c142a67\"},\"breadcrumb\":{\"@id\":\"https:\/\/www.gaveanews.com\/index.php\/2021\/05\/28\/torcedores-do-sao-paulo-pedem-flamengo-nas-oitavas-da-libertadores\/#breadcrumb\"},\"inLanguage\":\"pt-BR\",\"potentialAction\":[{\"@type\":\"ReadAction\",\"target\":[\"https:\/\/www.gaveanews.com\/index.php\/2021\/05\/28\/torcedores-do-sao-paulo-pedem-flamengo-nas-oitavas-da-libertadores\/\"]}]},{\"@type\":\"ImageObject\",\"inLanguage\":\"pt-BR\",\"@id\":\"https:\/\/www.gaveanews.com\/index.php\/2021\/05\/28\/torcedores-do-sao-paulo-pedem-flamengo-nas-oitavas-da-libertadores\/#primaryimage\",\"url\":\"https:\/\/www.gaveanews.com\/wp-content\/uploads\/Taca-da-Copa-Libertadores-da-America-no-gramado-do-estadio-do-Maracana.webp\",\"contentUrl\":\"https:\/\/www.gaveanews.com\/wp-content\/uploads\/Taca-da-Copa-Libertadores-da-America-no-gramado-do-estadio-do-Maracana.webp\",\"width\":1080,\"height\":1079,\"caption\":\"Ta\u00e7a da Copa Libertadores da Am\u00e9rica no gramado do est\u00e1dio do Maracan\u00e3 (Foto: Conmebol)\"},{\"@type\":\"BreadcrumbList\",\"@id\":\"https:\/\/www.gaveanews.com\/index.php\/2021\/05\/28\/torcedores-do-sao-paulo-pedem-flamengo-nas-oitavas-da-libertadores\/#breadcrumb\",\"itemListElement\":[{\"@type\":\"ListItem\",\"position\":1,\"name\":\"Home\",\"item\":\"https:\/\/www.gaveanews.com\/\"},{\"@type\":\"ListItem\",\"position\":2,\"name\":\"Torcedores do S\u00e3o Paulo pedem Flamengo nas oitavas da Libertadores\"}]},{\"@type\":\"WebSite\",\"@id\":\"https:\/\/www.gaveanews.com\/#website\",\"url\":\"https:\/\/www.gaveanews.com\/\",\"name\":\"G\u00e1vea News\",\"description\":\"Veja todas as not\u00edcias sobre o Flamengo: Contrata\u00e7\u00f5es, categorias de base, resultados das partidas, tabela de classifica\u00e7\u00e3o, pr\u00f3ximos jogos!\",\"potentialAction\":[{\"@type\":\"SearchAction\",\"target\":{\"@type\":\"EntryPoint\",\"urlTemplate\":\"https:\/\/www.gaveanews.com\/?s={search_term_string}\"},\"query-input\":{\"@type\":\"PropertyValueSpecification\",\"valueRequired\":true,\"valueName\":\"search_term_string\"}}],\"inLanguage\":\"pt-BR\"},{\"@type\":\"Person\",\"@id\":\"https:\/\/www.gaveanews.com\/#\/schema\/person\/714c67050b836198af2450ba1c142a67\",\"name\":\"Let\u00edcia Gerheim\",\"image\":{\"@type\":\"ImageObject\",\"inLanguage\":\"pt-BR\",\"@id\":\"https:\/\/www.gaveanews.com\/#\/schema\/person\/image\/\",\"url\":\"https:\/\/secure.gravatar.com\/avatar\/60734739c50fcebfbac509e2a826ccd0ff405c019bc73aab9354f19ecad1dcb4?s=96&d=mm&r=g\",\"contentUrl\":\"https:\/\/secure.gravatar.com\/avatar\/60734739c50fcebfbac509e2a826ccd0ff405c019bc73aab9354f19ecad1dcb4?s=96&d=mm&r=g\",\"caption\":\"Let\u00edcia Gerheim\"}}]}<\/script>\n<!-- \/ Yoast SEO Premium plugin. -->","yoast_head_json":{"title":"Torcedores do S\u00e3o Paulo pedem Flamengo nas oitavas da Libertadores","robots":{"index":"index","follow":"follow","max-snippet":"max-snippet:-1","max-image-preview":"max-image-preview:large","max-video-preview":"max-video-preview:-1"},"canonical":"https:\/\/www.gaveanews.com\/index.php\/2021\/05\/28\/torcedores-do-sao-paulo-pedem-flamengo-nas-oitavas-da-libertadores\/","og_locale":"pt_BR","og_type":"article","og_title":"Torcedores do S\u00e3o Paulo pedem Flamengo nas oitavas da Libertadores","og_description":"Na \u00faltima quinta-feira (27), o Flamengo empatou em 0 a 0 com o V\u00e9lez em casa e garantiu a primeira coloca\u00e7\u00e3o no grupo G da Libertadores. Desta forma, o rubro-negro fica no primeiro pote do sorteio que definir\u00e1 os confrontos das oitavas de final da competi\u00e7\u00e3o. Vale ressaltar que o segundo pote do sorteio \u00e9 [&hellip;]","og_url":"https:\/\/www.gaveanews.com\/index.php\/2021\/05\/28\/torcedores-do-sao-paulo-pedem-flamengo-nas-oitavas-da-libertadores\/","og_site_name":"G\u00e1vea News","article_publisher":"https:\/\/facebook.com\/gaveaNews\/","article_published_time":"2021-05-28T13:13:39+00:00","article_modified_time":"2021-08-12T03:48:33+00:00","og_image":[{"width":1080,"height":1079,"url":"https:\/\/www.gaveanews.com\/wp-content\/uploads\/Taca-da-Copa-Libertadores-da-America-no-gramado-do-estadio-do-Maracana.webp","type":"image\/jpeg"}],"author":"Let\u00edcia Gerheim","twitter_card":"summary_large_image","twitter_misc":{"Escrito por":"Let\u00edcia Gerheim","Est. tempo de leitura":"1 minuto"},"schema":{"@context":"https:\/\/schema.org","@graph":[{"@type":"NewsArticle","@id":"https:\/\/www.gaveanews.com\/index.php\/2021\/05\/28\/torcedores-do-sao-paulo-pedem-flamengo-nas-oitavas-da-libertadores\/#article","isPartOf":{"@id":"https:\/\/www.gaveanews.com\/index.php\/2021\/05\/28\/torcedores-do-sao-paulo-pedem-flamengo-nas-oitavas-da-libertadores\/"},"author":{"name":"Let\u00edcia Gerheim","@id":"https:\/\/www.gaveanews.com\/#\/schema\/person\/714c67050b836198af2450ba1c142a67"},"headline":"Torcedores do S\u00e3o Paulo pedem Flamengo nas oitavas da Libertadores","datePublished":"2021-05-28T13:13:39+00:00","dateModified":"2021-08-12T03:48:33+00:00","mainEntityOfPage":{"@id":"https:\/\/www.gaveanews.com\/index.php\/2021\/05\/28\/torcedores-do-sao-paulo-pedem-flamengo-nas-oitavas-da-libertadores\/"},"wordCount":225,"commentCount":39,"image":{"@id":"https:\/\/www.gaveanews.com\/index.php\/2021\/05\/28\/torcedores-do-sao-paulo-pedem-flamengo-nas-oitavas-da-libertadores\/#primaryimage"},"thumbnailUrl":"https:\/\/www.gaveanews.com\/wp-content\/uploads\/Taca-da-Copa-Libertadores-da-America-no-gramado-do-estadio-do-Maracana.webp","articleSection":["Flamengo"],"inLanguage":"pt-BR","potentialAction":[{"@type":"CommentAction","name":"Comment","target":["https:\/\/www.gaveanews.com\/index.php\/2021\/05\/28\/torcedores-do-sao-paulo-pedem-flamengo-nas-oitavas-da-libertadores\/#respond"]}],"copyrightYear":"2021","copyrightHolder":{"@id":"https:\/\/www.gaveanews.com\/#organization"}},{"@type":"WebPage","@id":"https:\/\/www.gaveanews.com\/index.php\/2021\/05\/28\/torcedores-do-sao-paulo-pedem-flamengo-nas-oitavas-da-libertadores\/","url":"https:\/\/www.gaveanews.com\/index.php\/2021\/05\/28\/torcedores-do-sao-paulo-pedem-flamengo-nas-oitavas-da-libertadores\/","name":"Torcedores do S\u00e3o Paulo pedem Flamengo nas oitavas da Libertadores","isPartOf":{"@id":"https:\/\/www.gaveanews.com\/#website"},"primaryImageOfPage":{"@id":"https:\/\/www.gaveanews.com\/index.php\/2021\/05\/28\/torcedores-do-sao-paulo-pedem-flamengo-nas-oitavas-da-libertadores\/#primaryimage"},"image":{"@id":"https:\/\/www.gaveanews.com\/index.php\/2021\/05\/28\/torcedores-do-sao-paulo-pedem-flamengo-nas-oitavas-da-libertadores\/#primaryimage"},"thumbnailUrl":"https:\/\/www.gaveanews.com\/wp-content\/uploads\/Taca-da-Copa-Libertadores-da-America-no-gramado-do-estadio-do-Maracana.webp","datePublished":"2021-05-28T13:13:39+00:00","dateModified":"2021-08-12T03:48:33+00:00","author":{"@id":"https:\/\/www.gaveanews.com\/#\/schema\/person\/714c67050b836198af2450ba1c142a67"},"breadcrumb":{"@id":"https:\/\/www.gaveanews.com\/index.php\/2021\/05\/28\/torcedores-do-sao-paulo-pedem-flamengo-nas-oitavas-da-libertadores\/#breadcrumb"},"inLanguage":"pt-BR","potentialAction":[{"@type":"ReadAction","target":["https:\/\/www.gaveanews.com\/index.php\/2021\/05\/28\/torcedores-do-sao-paulo-pedem-flamengo-nas-oitavas-da-libertadores\/"]}]},{"@type":"ImageObject","inLanguage":"pt-BR","@id":"https:\/\/www.gaveanews.com\/index.php\/2021\/05\/28\/torcedores-do-sao-paulo-pedem-flamengo-nas-oitavas-da-libertadores\/#primaryimage","url":"https:\/\/www.gaveanews.com\/wp-content\/uploads\/Taca-da-Copa-Libertadores-da-America-no-gramado-do-estadio-do-Maracana.webp","contentUrl":"https:\/\/www.gaveanews.com\/wp-content\/uploads\/Taca-da-Copa-Libertadores-da-America-no-gramado-do-estadio-do-Maracana.webp","width":1080,"height":1079,"caption":"Ta\u00e7a da Copa Libertadores da Am\u00e9rica no gramado do est\u00e1dio do Maracan\u00e3 (Foto: Conmebol)"},{"@type":"BreadcrumbList","@id":"https:\/\/www.gaveanews.com\/index.php\/2021\/05\/28\/torcedores-do-sao-paulo-pedem-flamengo-nas-oitavas-da-libertadores\/#breadcrumb","itemListElement":[{"@type":"ListItem","position":1,"name":"Home","item":"https:\/\/www.gaveanews.com\/"},{"@type":"ListItem","position":2,"name":"Torcedores do S\u00e3o Paulo pedem Flamengo nas oitavas da Libertadores"}]},{"@type":"WebSite","@id":"https:\/\/www.gaveanews.com\/#website","url":"https:\/\/www.gaveanews.com\/","name":"G\u00e1vea News","description":"Veja todas as not\u00edcias sobre o Flamengo: Contrata\u00e7\u00f5es, categorias de base, resultados das partidas, tabela de classifica\u00e7\u00e3o, pr\u00f3ximos jogos!","potentialAction":[{"@type":"SearchAction","target":{"@type":"EntryPoint","urlTemplate":"https:\/\/www.gaveanews.com\/?s={search_term_string}"},"query-input":{"@type":"PropertyValueSpecification","valueRequired":true,"valueName":"search_term_string"}}],"inLanguage":"pt-BR"},{"@type":"Person","@id":"https:\/\/www.gaveanews.com\/#\/schema\/person\/714c67050b836198af2450ba1c142a67","name":"Let\u00edcia Gerheim","image":{"@type":"ImageObject","inLanguage":"pt-BR","@id":"https:\/\/www.gaveanews.com\/#\/schema\/person\/image\/","url":"https:\/\/secure.gravatar.com\/avatar\/60734739c50fcebfbac509e2a826ccd0ff405c019bc73aab9354f19ecad1dcb4?s=96&d=mm&r=g","contentUrl":"https:\/\/secure.gravatar.com\/avatar\/60734739c50fcebfbac509e2a826ccd0ff405c019bc73aab9354f19ecad1dcb4?s=96&d=mm&r=g","caption":"Let\u00edcia Gerheim"}}]}},"_links":{"self":[{"href":"https:\/\/www.gaveanews.com\/index.php\/wp-json\/wp\/v2\/posts\/62020","targetHints":{"allow":["GET"]}}],"collection":[{"href":"https:\/\/www.gaveanews.com\/index.php\/wp-json\/wp\/v2\/posts"}],"about":[{"href":"https:\/\/www.gaveanews.com\/index.php\/wp-json\/wp\/v2\/types\/post"}],"author":[{"embeddable":true,"href":"https:\/\/www.gaveanews.com\/index.php\/wp-json\/wp\/v2\/users\/4"}],"replies":[{"embeddable":true,"href":"https:\/\/www.gaveanews.com\/index.php\/wp-json\/wp\/v2\/comments?post=62020"}],"version-history":[{"count":0,"href":"https:\/\/www.gaveanews.com\/index.php\/wp-json\/wp\/v2\/posts\/62020\/revisions"}],"wp:featuredmedia":[{"embeddable":true,"href":"https:\/\/www.gaveanews.com\/index.php\/wp-json\/wp\/v2\/media\/58305"}],"wp:attachment":[{"href":"https:\/\/www.gaveanews.com\/index.php\/wp-json\/wp\/v2\/media?parent=62020"}],"wp:term":[{"taxonomy":"category","embeddable":true,"href":"https:\/\/www.gaveanews.com\/index.php\/wp-json\/wp\/v2\/categories?post=62020"},{"taxonomy":"post_tag","embeddable":true,"href":"https:\/\/www.gaveanews.com\/index.php\/wp-json\/wp\/v2\/tags?post=62020"}],"curies":[{"name":"wp","href":"https:\/\/api.w.org\/{rel}","templated":true}]}}