{"id":62051,"date":"2021-05-28T14:16:15","date_gmt":"2021-05-28T17:16:15","guid":{"rendered":"https:\/\/www.gaveanews.com\/?p=62051"},"modified":"2021-05-28T14:16:17","modified_gmt":"2021-05-28T17:16:17","slug":"dirigente-do-flamengo-marcos-braz-se-diz-favoravel-a-volta-da-torcida","status":"publish","type":"post","link":"https:\/\/www.gaveanews.com\/index.php\/2021\/05\/28\/dirigente-do-flamengo-marcos-braz-se-diz-favoravel-a-volta-da-torcida\/","title":{"rendered":"Dirigente do Flamengo, Marcos Braz se diz favor\u00e1vel \u00e0 volta da torcida"},"content":{"rendered":"\n<p>Vice-presidente de Futebol do Flamengo, Marcos Braz se mostrou favor\u00e1vel ao retorno de p\u00fablico aos est\u00e1dios. O dirigente rubro-negro, que tamb\u00e9m \u00e9 vereador no Rio de Janeiro pelo Partido Liberal (PL), questionou sobre a possibilidade de uma retomada com as pessoas vacinadas e uma \u00e1rea do est\u00e1dio destinada \u00e0s que ainda n\u00e3o receberam o imunizante.<\/p>\n\n\n\n<p>Braz lembrou ainda a final da Copa Libertadores, entre Palmeiras e Santos, que aconteceu em janeiro, no Maracan\u00e3, e contou com cinco mil convidados.<\/p>\n\n\n\n<p>&#8220;Sou a favor do retorno de todas as pessoas que j\u00e1 foram vacinadas. Depois que completar o ciclo da vacina, sou a favor de todas poderem voltar ao est\u00e1dio. At\u00e9 porque acho que temos de ter coer\u00eancia. A gente teve aqui [Rio de Janeiro], em janeiro, a final da Libertadores. Tinha mais de cinco mil pessoas dentro do est\u00e1dio. E, naquela \u00e9poca, em janeiro, [a pandemia] tinha vi\u00e9s de alta. Agora, est\u00e1 mais normalizado. Acho que se j\u00e1 teve cinco mil pessoas, se teve protocolo, por que n\u00e3o come\u00e7ar agora com quem j\u00e1 est\u00e1 vacinado em uma parte do est\u00e1dio? E em outra parte, tendo todos os cuidados poss\u00edveis, mais cinco mil? Acho que d\u00e1 para colocar 10 mil facilmente. Sou vereador aqui no Rio, falo isso com a responsabilidade n\u00e3o s\u00f3 como vice-presidente de Futebol do Flamengo. Sou a favor desta retomada&#8221;, disse, em entrevista \u00e0 ESPN Brasil.<\/p>\n\n\n\n<p>Recentemente, o Flamengo esteve envolvido em uma pol\u00eamica que envolveu a presen\u00e7a de p\u00fablico em est\u00e1dio. A Federa\u00e7\u00e3o de Futebol do Rio de Janeiro (Ferj) apontou esta possibilidade em documento publicado antes das finais do Campeonato Carioca. O clube da G\u00e1vea se mostrou favor\u00e1vel, enquanto o Fluminense foi contr\u00e1rio. Botafogo e Vasco, participantes da decis\u00e3o da Ta\u00e7a Rio, estiveram na conversa e fizeram coro negativo.<\/p>\n\n\n\n<p>No primeiro jogo da final do Estadual, por\u00e9m, a Ferj liberou 300 convites, sendo que 148 foram utilizados. O lado do Fla ficou visivelmente cheio, enquanto o Flu teve apenas oito integrantes, sendo seis da diretoria \u2014 o clube das Laranjeiras alega que tais pessoas foram chamadas diretamente pela Ferj, sem o convite da c\u00fapula. No decorrer da partida, houve desrespeito \u00e0s regras em meio \u00e0 pandemia, como distanciamento social e o uso de m\u00e1scaras.<\/p>\n\n\n\n<p>A Secretaria Municipal de Sa\u00fade, ent\u00e3o, multou a administra\u00e7\u00e3o do Maracan\u00e3, sob a alega\u00e7\u00e3o que houve infra\u00e7\u00e3o sanit\u00e1ria &#8220;grav\u00edssima&#8221;.<\/p>\n\n\n\n<p>A Ferj pediu \u00e0 prefeitura autoriza\u00e7\u00e3o para que o segundo jogo tivesse 160 convidados, mas a resposta foi negativa. Neste cen\u00e1rio, Fla e Ferj cogitaram levar a decis\u00e3o do Carioca para Bras\u00edlia, mas encontraram obst\u00e1culos \u2014 como a recusa do Fluminense \u2014 e o duelo aconteceu no Maracan\u00e3.<\/p>\n\n\n\n<p>Retirado de: UOL<\/p>\n","protected":false},"excerpt":{"rendered":"<p>Vice-presidente de Futebol do Flamengo, Marcos Braz se mostrou favor\u00e1vel ao retorno de p\u00fablico aos est\u00e1dios. O dirigente rubro-negro, que tamb\u00e9m \u00e9 vereador no Rio de Janeiro pelo Partido Liberal (PL), questionou sobre a possibilidade de uma retomada com as pessoas vacinadas e uma \u00e1rea do est\u00e1dio destinada \u00e0s que ainda n\u00e3o receberam o imunizante. [&hellip;]<\/p>\n","protected":false},"author":1,"featured_media":46957,"comment_status":"open","ping_status":"closed","sticky":false,"template":"","format":"standard","meta":{"footnotes":""},"categories":[47],"tags":[],"class_list":["post-62051","post","type-post","status-publish","format-standard","has-post-thumbnail","hentry","category-destaques"],"yoast_head":"<!-- This site is optimized with the Yoast SEO Premium plugin v24.2 (Yoast SEO v26.9) - https:\/\/yoast.com\/product\/yoast-seo-premium-wordpress\/ -->\n<title>Dirigente do Flamengo, Marcos Braz se diz favor\u00e1vel \u00e0 volta da torcida<\/title>\n<meta name=\"robots\" content=\"index, follow, max-snippet:-1, max-image-preview:large, max-video-preview:-1\" \/>\n<link rel=\"canonical\" href=\"https:\/\/www.gaveanews.com\/index.php\/2021\/05\/28\/dirigente-do-flamengo-marcos-braz-se-diz-favoravel-a-volta-da-torcida\/\" \/>\n<meta property=\"og:locale\" content=\"pt_BR\" \/>\n<meta property=\"og:type\" content=\"article\" \/>\n<meta property=\"og:title\" content=\"Dirigente do Flamengo, Marcos Braz se diz favor\u00e1vel \u00e0 volta da torcida\" \/>\n<meta property=\"og:description\" content=\"Vice-presidente de Futebol do Flamengo, Marcos Braz se mostrou favor\u00e1vel ao retorno de p\u00fablico aos est\u00e1dios. O dirigente rubro-negro, que tamb\u00e9m \u00e9 vereador no Rio de Janeiro pelo Partido Liberal (PL), questionou sobre a possibilidade de uma retomada com as pessoas vacinadas e uma \u00e1rea do est\u00e1dio destinada \u00e0s que ainda n\u00e3o receberam o imunizante. [&hellip;]\" \/>\n<meta property=\"og:url\" content=\"https:\/\/www.gaveanews.com\/index.php\/2021\/05\/28\/dirigente-do-flamengo-marcos-braz-se-diz-favoravel-a-volta-da-torcida\/\" \/>\n<meta property=\"og:site_name\" content=\"G\u00e1vea News\" \/>\n<meta property=\"article:publisher\" content=\"https:\/\/facebook.com\/gaveaNews\/\" \/>\n<meta property=\"article:published_time\" content=\"2021-05-28T17:16:15+00:00\" \/>\n<meta property=\"article:modified_time\" content=\"2021-05-28T17:16:17+00:00\" \/>\n<meta property=\"og:image\" content=\"https:\/\/www.gaveanews.com\/wp-content\/uploads\/Marcos-Braz-no-gramado-do-Maracana.webp\" \/>\n\t<meta property=\"og:image:width\" content=\"799\" \/>\n\t<meta property=\"og:image:height\" content=\"532\" \/>\n\t<meta property=\"og:image:type\" content=\"image\/jpeg\" \/>\n<meta name=\"author\" content=\"Equipe G\u00e1vea News\" \/>\n<meta name=\"twitter:card\" content=\"summary_large_image\" \/>\n<meta name=\"twitter:label1\" content=\"Escrito por\" \/>\n\t<meta name=\"twitter:data1\" content=\"Equipe G\u00e1vea News\" \/>\n\t<meta name=\"twitter:label2\" content=\"Est. tempo de leitura\" \/>\n\t<meta name=\"twitter:data2\" content=\"2 minutos\" \/>\n<script type=\"application\/ld+json\" class=\"yoast-schema-graph\">{\"@context\":\"https:\/\/schema.org\",\"@graph\":[{\"@type\":\"NewsArticle\",\"@id\":\"https:\/\/www.gaveanews.com\/index.php\/2021\/05\/28\/dirigente-do-flamengo-marcos-braz-se-diz-favoravel-a-volta-da-torcida\/#article\",\"isPartOf\":{\"@id\":\"https:\/\/www.gaveanews.com\/index.php\/2021\/05\/28\/dirigente-do-flamengo-marcos-braz-se-diz-favoravel-a-volta-da-torcida\/\"},\"author\":{\"name\":\"Equipe G\u00e1vea News\",\"@id\":\"https:\/\/www.gaveanews.com\/#\/schema\/person\/2ec14f73fb96be2caf28f91afb14749d\"},\"headline\":\"Dirigente do Flamengo, Marcos Braz se diz favor\u00e1vel \u00e0 volta da torcida\",\"datePublished\":\"2021-05-28T17:16:15+00:00\",\"dateModified\":\"2021-05-28T17:16:17+00:00\",\"mainEntityOfPage\":{\"@id\":\"https:\/\/www.gaveanews.com\/index.php\/2021\/05\/28\/dirigente-do-flamengo-marcos-braz-se-diz-favoravel-a-volta-da-torcida\/\"},\"wordCount\":479,\"commentCount\":2,\"image\":{\"@id\":\"https:\/\/www.gaveanews.com\/index.php\/2021\/05\/28\/dirigente-do-flamengo-marcos-braz-se-diz-favoravel-a-volta-da-torcida\/#primaryimage\"},\"thumbnailUrl\":\"https:\/\/www.gaveanews.com\/wp-content\/uploads\/Marcos-Braz-no-gramado-do-Maracana.webp\",\"articleSection\":[\"Destaques\"],\"inLanguage\":\"pt-BR\",\"potentialAction\":[{\"@type\":\"CommentAction\",\"name\":\"Comment\",\"target\":[\"https:\/\/www.gaveanews.com\/index.php\/2021\/05\/28\/dirigente-do-flamengo-marcos-braz-se-diz-favoravel-a-volta-da-torcida\/#respond\"]}],\"copyrightYear\":\"2021\",\"copyrightHolder\":{\"@id\":\"https:\/\/www.gaveanews.com\/#organization\"}},{\"@type\":\"WebPage\",\"@id\":\"https:\/\/www.gaveanews.com\/index.php\/2021\/05\/28\/dirigente-do-flamengo-marcos-braz-se-diz-favoravel-a-volta-da-torcida\/\",\"url\":\"https:\/\/www.gaveanews.com\/index.php\/2021\/05\/28\/dirigente-do-flamengo-marcos-braz-se-diz-favoravel-a-volta-da-torcida\/\",\"name\":\"Dirigente do Flamengo, Marcos Braz se diz favor\u00e1vel \u00e0 volta da torcida\",\"isPartOf\":{\"@id\":\"https:\/\/www.gaveanews.com\/#website\"},\"primaryImageOfPage\":{\"@id\":\"https:\/\/www.gaveanews.com\/index.php\/2021\/05\/28\/dirigente-do-flamengo-marcos-braz-se-diz-favoravel-a-volta-da-torcida\/#primaryimage\"},\"image\":{\"@id\":\"https:\/\/www.gaveanews.com\/index.php\/2021\/05\/28\/dirigente-do-flamengo-marcos-braz-se-diz-favoravel-a-volta-da-torcida\/#primaryimage\"},\"thumbnailUrl\":\"https:\/\/www.gaveanews.com\/wp-content\/uploads\/Marcos-Braz-no-gramado-do-Maracana.webp\",\"datePublished\":\"2021-05-28T17:16:15+00:00\",\"dateModified\":\"2021-05-28T17:16:17+00:00\",\"author\":{\"@id\":\"https:\/\/www.gaveanews.com\/#\/schema\/person\/2ec14f73fb96be2caf28f91afb14749d\"},\"breadcrumb\":{\"@id\":\"https:\/\/www.gaveanews.com\/index.php\/2021\/05\/28\/dirigente-do-flamengo-marcos-braz-se-diz-favoravel-a-volta-da-torcida\/#breadcrumb\"},\"inLanguage\":\"pt-BR\",\"potentialAction\":[{\"@type\":\"ReadAction\",\"target\":[\"https:\/\/www.gaveanews.com\/index.php\/2021\/05\/28\/dirigente-do-flamengo-marcos-braz-se-diz-favoravel-a-volta-da-torcida\/\"]}]},{\"@type\":\"ImageObject\",\"inLanguage\":\"pt-BR\",\"@id\":\"https:\/\/www.gaveanews.com\/index.php\/2021\/05\/28\/dirigente-do-flamengo-marcos-braz-se-diz-favoravel-a-volta-da-torcida\/#primaryimage\",\"url\":\"https:\/\/www.gaveanews.com\/wp-content\/uploads\/Marcos-Braz-no-gramado-do-Maracana.webp\",\"contentUrl\":\"https:\/\/www.gaveanews.com\/wp-content\/uploads\/Marcos-Braz-no-gramado-do-Maracana.webp\",\"width\":799,\"height\":532,\"caption\":\"Marcos Braz no gramado do Maracan\u00e3 (Foto: Alexandre Vidal\/Flamengo)\"},{\"@type\":\"BreadcrumbList\",\"@id\":\"https:\/\/www.gaveanews.com\/index.php\/2021\/05\/28\/dirigente-do-flamengo-marcos-braz-se-diz-favoravel-a-volta-da-torcida\/#breadcrumb\",\"itemListElement\":[{\"@type\":\"ListItem\",\"position\":1,\"name\":\"Home\",\"item\":\"https:\/\/www.gaveanews.com\/\"},{\"@type\":\"ListItem\",\"position\":2,\"name\":\"Dirigente do Flamengo, Marcos Braz se diz favor\u00e1vel \u00e0 volta da torcida\"}]},{\"@type\":\"WebSite\",\"@id\":\"https:\/\/www.gaveanews.com\/#website\",\"url\":\"https:\/\/www.gaveanews.com\/\",\"name\":\"G\u00e1vea News\",\"description\":\"Veja todas as not\u00edcias sobre o Flamengo: Contrata\u00e7\u00f5es, categorias de base, resultados das partidas, tabela de classifica\u00e7\u00e3o, pr\u00f3ximos jogos!\",\"potentialAction\":[{\"@type\":\"SearchAction\",\"target\":{\"@type\":\"EntryPoint\",\"urlTemplate\":\"https:\/\/www.gaveanews.com\/?s={search_term_string}\"},\"query-input\":{\"@type\":\"PropertyValueSpecification\",\"valueRequired\":true,\"valueName\":\"search_term_string\"}}],\"inLanguage\":\"pt-BR\"},{\"@type\":\"Person\",\"@id\":\"https:\/\/www.gaveanews.com\/#\/schema\/person\/2ec14f73fb96be2caf28f91afb14749d\",\"name\":\"Equipe G\u00e1vea News\",\"image\":{\"@type\":\"ImageObject\",\"inLanguage\":\"pt-BR\",\"@id\":\"https:\/\/www.gaveanews.com\/#\/schema\/person\/image\/\",\"url\":\"https:\/\/secure.gravatar.com\/avatar\/1e1956f1facbffd3f8fa53a326721950116b3b9dc9bd44939c01180fd4a745a9?s=96&d=mm&r=g\",\"contentUrl\":\"https:\/\/secure.gravatar.com\/avatar\/1e1956f1facbffd3f8fa53a326721950116b3b9dc9bd44939c01180fd4a745a9?s=96&d=mm&r=g\",\"caption\":\"Equipe G\u00e1vea News\"}}]}<\/script>\n<!-- \/ Yoast SEO Premium plugin. -->","yoast_head_json":{"title":"Dirigente do Flamengo, Marcos Braz se diz favor\u00e1vel \u00e0 volta da torcida","robots":{"index":"index","follow":"follow","max-snippet":"max-snippet:-1","max-image-preview":"max-image-preview:large","max-video-preview":"max-video-preview:-1"},"canonical":"https:\/\/www.gaveanews.com\/index.php\/2021\/05\/28\/dirigente-do-flamengo-marcos-braz-se-diz-favoravel-a-volta-da-torcida\/","og_locale":"pt_BR","og_type":"article","og_title":"Dirigente do Flamengo, Marcos Braz se diz favor\u00e1vel \u00e0 volta da torcida","og_description":"Vice-presidente de Futebol do Flamengo, Marcos Braz se mostrou favor\u00e1vel ao retorno de p\u00fablico aos est\u00e1dios. O dirigente rubro-negro, que tamb\u00e9m \u00e9 vereador no Rio de Janeiro pelo Partido Liberal (PL), questionou sobre a possibilidade de uma retomada com as pessoas vacinadas e uma \u00e1rea do est\u00e1dio destinada \u00e0s que ainda n\u00e3o receberam o imunizante. [&hellip;]","og_url":"https:\/\/www.gaveanews.com\/index.php\/2021\/05\/28\/dirigente-do-flamengo-marcos-braz-se-diz-favoravel-a-volta-da-torcida\/","og_site_name":"G\u00e1vea News","article_publisher":"https:\/\/facebook.com\/gaveaNews\/","article_published_time":"2021-05-28T17:16:15+00:00","article_modified_time":"2021-05-28T17:16:17+00:00","og_image":[{"width":799,"height":532,"url":"https:\/\/www.gaveanews.com\/wp-content\/uploads\/Marcos-Braz-no-gramado-do-Maracana.webp","type":"image\/jpeg"}],"author":"Equipe G\u00e1vea News","twitter_card":"summary_large_image","twitter_misc":{"Escrito por":"Equipe G\u00e1vea News","Est. tempo de leitura":"2 minutos"},"schema":{"@context":"https:\/\/schema.org","@graph":[{"@type":"NewsArticle","@id":"https:\/\/www.gaveanews.com\/index.php\/2021\/05\/28\/dirigente-do-flamengo-marcos-braz-se-diz-favoravel-a-volta-da-torcida\/#article","isPartOf":{"@id":"https:\/\/www.gaveanews.com\/index.php\/2021\/05\/28\/dirigente-do-flamengo-marcos-braz-se-diz-favoravel-a-volta-da-torcida\/"},"author":{"name":"Equipe G\u00e1vea News","@id":"https:\/\/www.gaveanews.com\/#\/schema\/person\/2ec14f73fb96be2caf28f91afb14749d"},"headline":"Dirigente do Flamengo, Marcos Braz se diz favor\u00e1vel \u00e0 volta da torcida","datePublished":"2021-05-28T17:16:15+00:00","dateModified":"2021-05-28T17:16:17+00:00","mainEntityOfPage":{"@id":"https:\/\/www.gaveanews.com\/index.php\/2021\/05\/28\/dirigente-do-flamengo-marcos-braz-se-diz-favoravel-a-volta-da-torcida\/"},"wordCount":479,"commentCount":2,"image":{"@id":"https:\/\/www.gaveanews.com\/index.php\/2021\/05\/28\/dirigente-do-flamengo-marcos-braz-se-diz-favoravel-a-volta-da-torcida\/#primaryimage"},"thumbnailUrl":"https:\/\/www.gaveanews.com\/wp-content\/uploads\/Marcos-Braz-no-gramado-do-Maracana.webp","articleSection":["Destaques"],"inLanguage":"pt-BR","potentialAction":[{"@type":"CommentAction","name":"Comment","target":["https:\/\/www.gaveanews.com\/index.php\/2021\/05\/28\/dirigente-do-flamengo-marcos-braz-se-diz-favoravel-a-volta-da-torcida\/#respond"]}],"copyrightYear":"2021","copyrightHolder":{"@id":"https:\/\/www.gaveanews.com\/#organization"}},{"@type":"WebPage","@id":"https:\/\/www.gaveanews.com\/index.php\/2021\/05\/28\/dirigente-do-flamengo-marcos-braz-se-diz-favoravel-a-volta-da-torcida\/","url":"https:\/\/www.gaveanews.com\/index.php\/2021\/05\/28\/dirigente-do-flamengo-marcos-braz-se-diz-favoravel-a-volta-da-torcida\/","name":"Dirigente do Flamengo, Marcos Braz se diz favor\u00e1vel \u00e0 volta da torcida","isPartOf":{"@id":"https:\/\/www.gaveanews.com\/#website"},"primaryImageOfPage":{"@id":"https:\/\/www.gaveanews.com\/index.php\/2021\/05\/28\/dirigente-do-flamengo-marcos-braz-se-diz-favoravel-a-volta-da-torcida\/#primaryimage"},"image":{"@id":"https:\/\/www.gaveanews.com\/index.php\/2021\/05\/28\/dirigente-do-flamengo-marcos-braz-se-diz-favoravel-a-volta-da-torcida\/#primaryimage"},"thumbnailUrl":"https:\/\/www.gaveanews.com\/wp-content\/uploads\/Marcos-Braz-no-gramado-do-Maracana.webp","datePublished":"2021-05-28T17:16:15+00:00","dateModified":"2021-05-28T17:16:17+00:00","author":{"@id":"https:\/\/www.gaveanews.com\/#\/schema\/person\/2ec14f73fb96be2caf28f91afb14749d"},"breadcrumb":{"@id":"https:\/\/www.gaveanews.com\/index.php\/2021\/05\/28\/dirigente-do-flamengo-marcos-braz-se-diz-favoravel-a-volta-da-torcida\/#breadcrumb"},"inLanguage":"pt-BR","potentialAction":[{"@type":"ReadAction","target":["https:\/\/www.gaveanews.com\/index.php\/2021\/05\/28\/dirigente-do-flamengo-marcos-braz-se-diz-favoravel-a-volta-da-torcida\/"]}]},{"@type":"ImageObject","inLanguage":"pt-BR","@id":"https:\/\/www.gaveanews.com\/index.php\/2021\/05\/28\/dirigente-do-flamengo-marcos-braz-se-diz-favoravel-a-volta-da-torcida\/#primaryimage","url":"https:\/\/www.gaveanews.com\/wp-content\/uploads\/Marcos-Braz-no-gramado-do-Maracana.webp","contentUrl":"https:\/\/www.gaveanews.com\/wp-content\/uploads\/Marcos-Braz-no-gramado-do-Maracana.webp","width":799,"height":532,"caption":"Marcos Braz no gramado do Maracan\u00e3 (Foto: Alexandre Vidal\/Flamengo)"},{"@type":"BreadcrumbList","@id":"https:\/\/www.gaveanews.com\/index.php\/2021\/05\/28\/dirigente-do-flamengo-marcos-braz-se-diz-favoravel-a-volta-da-torcida\/#breadcrumb","itemListElement":[{"@type":"ListItem","position":1,"name":"Home","item":"https:\/\/www.gaveanews.com\/"},{"@type":"ListItem","position":2,"name":"Dirigente do Flamengo, Marcos Braz se diz favor\u00e1vel \u00e0 volta da torcida"}]},{"@type":"WebSite","@id":"https:\/\/www.gaveanews.com\/#website","url":"https:\/\/www.gaveanews.com\/","name":"G\u00e1vea News","description":"Veja todas as not\u00edcias sobre o Flamengo: Contrata\u00e7\u00f5es, categorias de base, resultados das partidas, tabela de classifica\u00e7\u00e3o, pr\u00f3ximos jogos!","potentialAction":[{"@type":"SearchAction","target":{"@type":"EntryPoint","urlTemplate":"https:\/\/www.gaveanews.com\/?s={search_term_string}"},"query-input":{"@type":"PropertyValueSpecification","valueRequired":true,"valueName":"search_term_string"}}],"inLanguage":"pt-BR"},{"@type":"Person","@id":"https:\/\/www.gaveanews.com\/#\/schema\/person\/2ec14f73fb96be2caf28f91afb14749d","name":"Equipe G\u00e1vea News","image":{"@type":"ImageObject","inLanguage":"pt-BR","@id":"https:\/\/www.gaveanews.com\/#\/schema\/person\/image\/","url":"https:\/\/secure.gravatar.com\/avatar\/1e1956f1facbffd3f8fa53a326721950116b3b9dc9bd44939c01180fd4a745a9?s=96&d=mm&r=g","contentUrl":"https:\/\/secure.gravatar.com\/avatar\/1e1956f1facbffd3f8fa53a326721950116b3b9dc9bd44939c01180fd4a745a9?s=96&d=mm&r=g","caption":"Equipe G\u00e1vea News"}}]}},"_links":{"self":[{"href":"https:\/\/www.gaveanews.com\/index.php\/wp-json\/wp\/v2\/posts\/62051","targetHints":{"allow":["GET"]}}],"collection":[{"href":"https:\/\/www.gaveanews.com\/index.php\/wp-json\/wp\/v2\/posts"}],"about":[{"href":"https:\/\/www.gaveanews.com\/index.php\/wp-json\/wp\/v2\/types\/post"}],"author":[{"embeddable":true,"href":"https:\/\/www.gaveanews.com\/index.php\/wp-json\/wp\/v2\/users\/1"}],"replies":[{"embeddable":true,"href":"https:\/\/www.gaveanews.com\/index.php\/wp-json\/wp\/v2\/comments?post=62051"}],"version-history":[{"count":0,"href":"https:\/\/www.gaveanews.com\/index.php\/wp-json\/wp\/v2\/posts\/62051\/revisions"}],"wp:featuredmedia":[{"embeddable":true,"href":"https:\/\/www.gaveanews.com\/index.php\/wp-json\/wp\/v2\/media\/46957"}],"wp:attachment":[{"href":"https:\/\/www.gaveanews.com\/index.php\/wp-json\/wp\/v2\/media?parent=62051"}],"wp:term":[{"taxonomy":"category","embeddable":true,"href":"https:\/\/www.gaveanews.com\/index.php\/wp-json\/wp\/v2\/categories?post=62051"},{"taxonomy":"post_tag","embeddable":true,"href":"https:\/\/www.gaveanews.com\/index.php\/wp-json\/wp\/v2\/tags?post=62051"}],"curies":[{"name":"wp","href":"https:\/\/api.w.org\/{rel}","templated":true}]}}