{"id":62077,"date":"2021-05-29T17:13:56","date_gmt":"2021-05-29T20:13:56","guid":{"rendered":"https:\/\/www.gaveanews.com\/?p=62077"},"modified":"2021-05-29T17:13:59","modified_gmt":"2021-05-29T20:13:59","slug":"corinthians-ira-a-justica-contra-o-flamengo-por-revelacao-da-base","status":"publish","type":"post","link":"https:\/\/www.gaveanews.com\/index.php\/2021\/05\/29\/corinthians-ira-a-justica-contra-o-flamengo-por-revelacao-da-base\/","title":{"rendered":"Corinthians ir\u00e1 \u00e0 justi\u00e7a contra o Flamengo por revela\u00e7\u00e3o da base"},"content":{"rendered":"\n<p>O Corinthians n\u00e3o aceitou a transfer\u00eancia do atacante David Viana, de 14 anos, para o Flamengo e deve levar o caso \u00e0 Justi\u00e7a. O clube paulista alega que o pai do jogador, Delano Oliveira Gomes, assinou um contrato de imagem como representante do jovem com o Tim\u00e3o e recebia R$ 5.500 por m\u00eas. Fora isso, eram pagos R$ 4.500 mensais como ajuda de custo. A informa\u00e7\u00e3o \u00e9 do jornalista Jorge Nicola.<\/p>\n\n\n\n<p>David Viana \u00e9 formado na base do Flamengo e alcan\u00e7ou a brilhante marca de mais de cem gols na temporada de 2019. Com o sucesso, foi contratado ainda como amador pelo Corinthians em fevereiro de 2020. A legisla\u00e7\u00e3o do futebol brasileiro s\u00f3 permite a assinatura de um primeiro contrato de forma\u00e7\u00e3o a partir dos 14 anos. O atacante completou tal idade no \u00faltimo dia 18, mas seu pai e o empres\u00e1rio Wagner Ribeiro decidiram lev\u00e1-lo de volta ao Rio de Janeiro para assinar o contrato de forma\u00e7\u00e3o com o Rubro-Negro.<\/p>\n\n\n\n<p>Al\u00e9m do processo na Justi\u00e7a, o Tim\u00e3o tamb\u00e9m alega que David Vianna n\u00e3o pode jogar em outra equipe nesta temporada sem a libera\u00e7\u00e3o do clube, j\u00e1 que seu registro s\u00f3 se encerra no fim de 2021. O Flamengo tamb\u00e9m j\u00e1 havia aberto um processo contra o Corinthians pela ida do atacante ao Parque S\u00e3o Jorge, em 2020.<\/p>\n\n\n\n<p>Retirado de: O Dia<\/p>\n","protected":false},"excerpt":{"rendered":"<p>O Corinthians n\u00e3o aceitou a transfer\u00eancia do atacante David Viana, de 14 anos, para o Flamengo e deve levar o caso \u00e0 Justi\u00e7a. O clube paulista alega que o pai do jogador, Delano Oliveira Gomes, assinou um contrato de imagem como representante do jovem com o Tim\u00e3o e recebia R$ 5.500 por m\u00eas. Fora isso, [&hellip;]<\/p>\n","protected":false},"author":1,"featured_media":61764,"comment_status":"open","ping_status":"closed","sticky":false,"template":"","format":"standard","meta":{"footnotes":""},"categories":[48],"tags":[],"class_list":["post-62077","post","type-post","status-publish","format-standard","has-post-thumbnail","hentry","category-negociacoes"],"yoast_head":"<!-- This site is optimized with the Yoast SEO Premium plugin v24.2 (Yoast SEO v26.9) - https:\/\/yoast.com\/product\/yoast-seo-premium-wordpress\/ -->\n<title>Corinthians ir\u00e1 \u00e0 justi\u00e7a contra o Flamengo por revela\u00e7\u00e3o da base<\/title>\n<meta name=\"robots\" content=\"index, follow, max-snippet:-1, max-image-preview:large, max-video-preview:-1\" \/>\n<link rel=\"canonical\" href=\"https:\/\/www.gaveanews.com\/index.php\/2021\/05\/29\/corinthians-ira-a-justica-contra-o-flamengo-por-revelacao-da-base\/\" \/>\n<meta property=\"og:locale\" content=\"pt_BR\" \/>\n<meta property=\"og:type\" content=\"article\" \/>\n<meta property=\"og:title\" content=\"Corinthians ir\u00e1 \u00e0 justi\u00e7a contra o Flamengo por revela\u00e7\u00e3o da base\" \/>\n<meta property=\"og:description\" content=\"O Corinthians n\u00e3o aceitou a transfer\u00eancia do atacante David Viana, de 14 anos, para o Flamengo e deve levar o caso \u00e0 Justi\u00e7a. O clube paulista alega que o pai do jogador, Delano Oliveira Gomes, assinou um contrato de imagem como representante do jovem com o Tim\u00e3o e recebia R$ 5.500 por m\u00eas. Fora isso, [&hellip;]\" \/>\n<meta property=\"og:url\" content=\"https:\/\/www.gaveanews.com\/index.php\/2021\/05\/29\/corinthians-ira-a-justica-contra-o-flamengo-por-revelacao-da-base\/\" \/>\n<meta property=\"og:site_name\" content=\"G\u00e1vea News\" \/>\n<meta property=\"article:publisher\" content=\"https:\/\/facebook.com\/gaveaNews\/\" \/>\n<meta property=\"article:published_time\" content=\"2021-05-29T20:13:56+00:00\" \/>\n<meta property=\"article:modified_time\" content=\"2021-05-29T20:13:59+00:00\" \/>\n<meta property=\"og:image\" content=\"https:\/\/www.gaveanews.com\/wp-content\/uploads\/David-Viana-em-acao-pelo-Flamengo.webp\" \/>\n\t<meta property=\"og:image:width\" content=\"984\" \/>\n\t<meta property=\"og:image:height\" content=\"673\" \/>\n\t<meta property=\"og:image:type\" content=\"image\/jpeg\" \/>\n<meta name=\"author\" content=\"Equipe G\u00e1vea News\" \/>\n<meta name=\"twitter:card\" content=\"summary_large_image\" \/>\n<meta name=\"twitter:label1\" content=\"Escrito por\" \/>\n\t<meta name=\"twitter:data1\" content=\"Equipe G\u00e1vea News\" \/>\n\t<meta name=\"twitter:label2\" content=\"Est. tempo de leitura\" \/>\n\t<meta name=\"twitter:data2\" content=\"1 minuto\" \/>\n<script type=\"application\/ld+json\" class=\"yoast-schema-graph\">{\"@context\":\"https:\/\/schema.org\",\"@graph\":[{\"@type\":\"NewsArticle\",\"@id\":\"https:\/\/www.gaveanews.com\/index.php\/2021\/05\/29\/corinthians-ira-a-justica-contra-o-flamengo-por-revelacao-da-base\/#article\",\"isPartOf\":{\"@id\":\"https:\/\/www.gaveanews.com\/index.php\/2021\/05\/29\/corinthians-ira-a-justica-contra-o-flamengo-por-revelacao-da-base\/\"},\"author\":{\"name\":\"Equipe G\u00e1vea News\",\"@id\":\"https:\/\/www.gaveanews.com\/#\/schema\/person\/2ec14f73fb96be2caf28f91afb14749d\"},\"headline\":\"Corinthians ir\u00e1 \u00e0 justi\u00e7a contra o Flamengo por revela\u00e7\u00e3o da base\",\"datePublished\":\"2021-05-29T20:13:56+00:00\",\"dateModified\":\"2021-05-29T20:13:59+00:00\",\"mainEntityOfPage\":{\"@id\":\"https:\/\/www.gaveanews.com\/index.php\/2021\/05\/29\/corinthians-ira-a-justica-contra-o-flamengo-por-revelacao-da-base\/\"},\"wordCount\":242,\"commentCount\":12,\"image\":{\"@id\":\"https:\/\/www.gaveanews.com\/index.php\/2021\/05\/29\/corinthians-ira-a-justica-contra-o-flamengo-por-revelacao-da-base\/#primaryimage\"},\"thumbnailUrl\":\"https:\/\/www.gaveanews.com\/wp-content\/uploads\/David-Viana-em-acao-pelo-Flamengo.webp\",\"articleSection\":[\"Negocia\u00e7\u00f5es\"],\"inLanguage\":\"pt-BR\",\"potentialAction\":[{\"@type\":\"CommentAction\",\"name\":\"Comment\",\"target\":[\"https:\/\/www.gaveanews.com\/index.php\/2021\/05\/29\/corinthians-ira-a-justica-contra-o-flamengo-por-revelacao-da-base\/#respond\"]}],\"copyrightYear\":\"2021\",\"copyrightHolder\":{\"@id\":\"https:\/\/www.gaveanews.com\/#organization\"}},{\"@type\":\"WebPage\",\"@id\":\"https:\/\/www.gaveanews.com\/index.php\/2021\/05\/29\/corinthians-ira-a-justica-contra-o-flamengo-por-revelacao-da-base\/\",\"url\":\"https:\/\/www.gaveanews.com\/index.php\/2021\/05\/29\/corinthians-ira-a-justica-contra-o-flamengo-por-revelacao-da-base\/\",\"name\":\"Corinthians ir\u00e1 \u00e0 justi\u00e7a contra o Flamengo por revela\u00e7\u00e3o da base\",\"isPartOf\":{\"@id\":\"https:\/\/www.gaveanews.com\/#website\"},\"primaryImageOfPage\":{\"@id\":\"https:\/\/www.gaveanews.com\/index.php\/2021\/05\/29\/corinthians-ira-a-justica-contra-o-flamengo-por-revelacao-da-base\/#primaryimage\"},\"image\":{\"@id\":\"https:\/\/www.gaveanews.com\/index.php\/2021\/05\/29\/corinthians-ira-a-justica-contra-o-flamengo-por-revelacao-da-base\/#primaryimage\"},\"thumbnailUrl\":\"https:\/\/www.gaveanews.com\/wp-content\/uploads\/David-Viana-em-acao-pelo-Flamengo.webp\",\"datePublished\":\"2021-05-29T20:13:56+00:00\",\"dateModified\":\"2021-05-29T20:13:59+00:00\",\"author\":{\"@id\":\"https:\/\/www.gaveanews.com\/#\/schema\/person\/2ec14f73fb96be2caf28f91afb14749d\"},\"breadcrumb\":{\"@id\":\"https:\/\/www.gaveanews.com\/index.php\/2021\/05\/29\/corinthians-ira-a-justica-contra-o-flamengo-por-revelacao-da-base\/#breadcrumb\"},\"inLanguage\":\"pt-BR\",\"potentialAction\":[{\"@type\":\"ReadAction\",\"target\":[\"https:\/\/www.gaveanews.com\/index.php\/2021\/05\/29\/corinthians-ira-a-justica-contra-o-flamengo-por-revelacao-da-base\/\"]}]},{\"@type\":\"ImageObject\",\"inLanguage\":\"pt-BR\",\"@id\":\"https:\/\/www.gaveanews.com\/index.php\/2021\/05\/29\/corinthians-ira-a-justica-contra-o-flamengo-por-revelacao-da-base\/#primaryimage\",\"url\":\"https:\/\/www.gaveanews.com\/wp-content\/uploads\/David-Viana-em-acao-pelo-Flamengo.webp\",\"contentUrl\":\"https:\/\/www.gaveanews.com\/wp-content\/uploads\/David-Viana-em-acao-pelo-Flamengo.webp\",\"width\":984,\"height\":673,\"caption\":\"David Viana em a\u00e7\u00e3o pelo Flamengo (Foto: Ricardo R\u00edmoli \/ Divulga\u00e7\u00e3o\/Ibercup)\"},{\"@type\":\"BreadcrumbList\",\"@id\":\"https:\/\/www.gaveanews.com\/index.php\/2021\/05\/29\/corinthians-ira-a-justica-contra-o-flamengo-por-revelacao-da-base\/#breadcrumb\",\"itemListElement\":[{\"@type\":\"ListItem\",\"position\":1,\"name\":\"Home\",\"item\":\"https:\/\/www.gaveanews.com\/\"},{\"@type\":\"ListItem\",\"position\":2,\"name\":\"Corinthians ir\u00e1 \u00e0 justi\u00e7a contra o Flamengo por revela\u00e7\u00e3o da base\"}]},{\"@type\":\"WebSite\",\"@id\":\"https:\/\/www.gaveanews.com\/#website\",\"url\":\"https:\/\/www.gaveanews.com\/\",\"name\":\"G\u00e1vea News\",\"description\":\"Veja todas as not\u00edcias sobre o Flamengo: Contrata\u00e7\u00f5es, categorias de base, resultados das partidas, tabela de classifica\u00e7\u00e3o, pr\u00f3ximos jogos!\",\"potentialAction\":[{\"@type\":\"SearchAction\",\"target\":{\"@type\":\"EntryPoint\",\"urlTemplate\":\"https:\/\/www.gaveanews.com\/?s={search_term_string}\"},\"query-input\":{\"@type\":\"PropertyValueSpecification\",\"valueRequired\":true,\"valueName\":\"search_term_string\"}}],\"inLanguage\":\"pt-BR\"},{\"@type\":\"Person\",\"@id\":\"https:\/\/www.gaveanews.com\/#\/schema\/person\/2ec14f73fb96be2caf28f91afb14749d\",\"name\":\"Equipe G\u00e1vea News\",\"image\":{\"@type\":\"ImageObject\",\"inLanguage\":\"pt-BR\",\"@id\":\"https:\/\/www.gaveanews.com\/#\/schema\/person\/image\/\",\"url\":\"https:\/\/secure.gravatar.com\/avatar\/1e1956f1facbffd3f8fa53a326721950116b3b9dc9bd44939c01180fd4a745a9?s=96&d=mm&r=g\",\"contentUrl\":\"https:\/\/secure.gravatar.com\/avatar\/1e1956f1facbffd3f8fa53a326721950116b3b9dc9bd44939c01180fd4a745a9?s=96&d=mm&r=g\",\"caption\":\"Equipe G\u00e1vea News\"}}]}<\/script>\n<!-- \/ Yoast SEO Premium plugin. -->","yoast_head_json":{"title":"Corinthians ir\u00e1 \u00e0 justi\u00e7a contra o Flamengo por revela\u00e7\u00e3o da base","robots":{"index":"index","follow":"follow","max-snippet":"max-snippet:-1","max-image-preview":"max-image-preview:large","max-video-preview":"max-video-preview:-1"},"canonical":"https:\/\/www.gaveanews.com\/index.php\/2021\/05\/29\/corinthians-ira-a-justica-contra-o-flamengo-por-revelacao-da-base\/","og_locale":"pt_BR","og_type":"article","og_title":"Corinthians ir\u00e1 \u00e0 justi\u00e7a contra o Flamengo por revela\u00e7\u00e3o da base","og_description":"O Corinthians n\u00e3o aceitou a transfer\u00eancia do atacante David Viana, de 14 anos, para o Flamengo e deve levar o caso \u00e0 Justi\u00e7a. O clube paulista alega que o pai do jogador, Delano Oliveira Gomes, assinou um contrato de imagem como representante do jovem com o Tim\u00e3o e recebia R$ 5.500 por m\u00eas. Fora isso, [&hellip;]","og_url":"https:\/\/www.gaveanews.com\/index.php\/2021\/05\/29\/corinthians-ira-a-justica-contra-o-flamengo-por-revelacao-da-base\/","og_site_name":"G\u00e1vea News","article_publisher":"https:\/\/facebook.com\/gaveaNews\/","article_published_time":"2021-05-29T20:13:56+00:00","article_modified_time":"2021-05-29T20:13:59+00:00","og_image":[{"width":984,"height":673,"url":"https:\/\/www.gaveanews.com\/wp-content\/uploads\/David-Viana-em-acao-pelo-Flamengo.webp","type":"image\/jpeg"}],"author":"Equipe G\u00e1vea News","twitter_card":"summary_large_image","twitter_misc":{"Escrito por":"Equipe G\u00e1vea News","Est. tempo de leitura":"1 minuto"},"schema":{"@context":"https:\/\/schema.org","@graph":[{"@type":"NewsArticle","@id":"https:\/\/www.gaveanews.com\/index.php\/2021\/05\/29\/corinthians-ira-a-justica-contra-o-flamengo-por-revelacao-da-base\/#article","isPartOf":{"@id":"https:\/\/www.gaveanews.com\/index.php\/2021\/05\/29\/corinthians-ira-a-justica-contra-o-flamengo-por-revelacao-da-base\/"},"author":{"name":"Equipe G\u00e1vea News","@id":"https:\/\/www.gaveanews.com\/#\/schema\/person\/2ec14f73fb96be2caf28f91afb14749d"},"headline":"Corinthians ir\u00e1 \u00e0 justi\u00e7a contra o Flamengo por revela\u00e7\u00e3o da base","datePublished":"2021-05-29T20:13:56+00:00","dateModified":"2021-05-29T20:13:59+00:00","mainEntityOfPage":{"@id":"https:\/\/www.gaveanews.com\/index.php\/2021\/05\/29\/corinthians-ira-a-justica-contra-o-flamengo-por-revelacao-da-base\/"},"wordCount":242,"commentCount":12,"image":{"@id":"https:\/\/www.gaveanews.com\/index.php\/2021\/05\/29\/corinthians-ira-a-justica-contra-o-flamengo-por-revelacao-da-base\/#primaryimage"},"thumbnailUrl":"https:\/\/www.gaveanews.com\/wp-content\/uploads\/David-Viana-em-acao-pelo-Flamengo.webp","articleSection":["Negocia\u00e7\u00f5es"],"inLanguage":"pt-BR","potentialAction":[{"@type":"CommentAction","name":"Comment","target":["https:\/\/www.gaveanews.com\/index.php\/2021\/05\/29\/corinthians-ira-a-justica-contra-o-flamengo-por-revelacao-da-base\/#respond"]}],"copyrightYear":"2021","copyrightHolder":{"@id":"https:\/\/www.gaveanews.com\/#organization"}},{"@type":"WebPage","@id":"https:\/\/www.gaveanews.com\/index.php\/2021\/05\/29\/corinthians-ira-a-justica-contra-o-flamengo-por-revelacao-da-base\/","url":"https:\/\/www.gaveanews.com\/index.php\/2021\/05\/29\/corinthians-ira-a-justica-contra-o-flamengo-por-revelacao-da-base\/","name":"Corinthians ir\u00e1 \u00e0 justi\u00e7a contra o Flamengo por revela\u00e7\u00e3o da base","isPartOf":{"@id":"https:\/\/www.gaveanews.com\/#website"},"primaryImageOfPage":{"@id":"https:\/\/www.gaveanews.com\/index.php\/2021\/05\/29\/corinthians-ira-a-justica-contra-o-flamengo-por-revelacao-da-base\/#primaryimage"},"image":{"@id":"https:\/\/www.gaveanews.com\/index.php\/2021\/05\/29\/corinthians-ira-a-justica-contra-o-flamengo-por-revelacao-da-base\/#primaryimage"},"thumbnailUrl":"https:\/\/www.gaveanews.com\/wp-content\/uploads\/David-Viana-em-acao-pelo-Flamengo.webp","datePublished":"2021-05-29T20:13:56+00:00","dateModified":"2021-05-29T20:13:59+00:00","author":{"@id":"https:\/\/www.gaveanews.com\/#\/schema\/person\/2ec14f73fb96be2caf28f91afb14749d"},"breadcrumb":{"@id":"https:\/\/www.gaveanews.com\/index.php\/2021\/05\/29\/corinthians-ira-a-justica-contra-o-flamengo-por-revelacao-da-base\/#breadcrumb"},"inLanguage":"pt-BR","potentialAction":[{"@type":"ReadAction","target":["https:\/\/www.gaveanews.com\/index.php\/2021\/05\/29\/corinthians-ira-a-justica-contra-o-flamengo-por-revelacao-da-base\/"]}]},{"@type":"ImageObject","inLanguage":"pt-BR","@id":"https:\/\/www.gaveanews.com\/index.php\/2021\/05\/29\/corinthians-ira-a-justica-contra-o-flamengo-por-revelacao-da-base\/#primaryimage","url":"https:\/\/www.gaveanews.com\/wp-content\/uploads\/David-Viana-em-acao-pelo-Flamengo.webp","contentUrl":"https:\/\/www.gaveanews.com\/wp-content\/uploads\/David-Viana-em-acao-pelo-Flamengo.webp","width":984,"height":673,"caption":"David Viana em a\u00e7\u00e3o pelo Flamengo (Foto: Ricardo R\u00edmoli \/ Divulga\u00e7\u00e3o\/Ibercup)"},{"@type":"BreadcrumbList","@id":"https:\/\/www.gaveanews.com\/index.php\/2021\/05\/29\/corinthians-ira-a-justica-contra-o-flamengo-por-revelacao-da-base\/#breadcrumb","itemListElement":[{"@type":"ListItem","position":1,"name":"Home","item":"https:\/\/www.gaveanews.com\/"},{"@type":"ListItem","position":2,"name":"Corinthians ir\u00e1 \u00e0 justi\u00e7a contra o Flamengo por revela\u00e7\u00e3o da base"}]},{"@type":"WebSite","@id":"https:\/\/www.gaveanews.com\/#website","url":"https:\/\/www.gaveanews.com\/","name":"G\u00e1vea News","description":"Veja todas as not\u00edcias sobre o Flamengo: Contrata\u00e7\u00f5es, categorias de base, resultados das partidas, tabela de classifica\u00e7\u00e3o, pr\u00f3ximos jogos!","potentialAction":[{"@type":"SearchAction","target":{"@type":"EntryPoint","urlTemplate":"https:\/\/www.gaveanews.com\/?s={search_term_string}"},"query-input":{"@type":"PropertyValueSpecification","valueRequired":true,"valueName":"search_term_string"}}],"inLanguage":"pt-BR"},{"@type":"Person","@id":"https:\/\/www.gaveanews.com\/#\/schema\/person\/2ec14f73fb96be2caf28f91afb14749d","name":"Equipe G\u00e1vea News","image":{"@type":"ImageObject","inLanguage":"pt-BR","@id":"https:\/\/www.gaveanews.com\/#\/schema\/person\/image\/","url":"https:\/\/secure.gravatar.com\/avatar\/1e1956f1facbffd3f8fa53a326721950116b3b9dc9bd44939c01180fd4a745a9?s=96&d=mm&r=g","contentUrl":"https:\/\/secure.gravatar.com\/avatar\/1e1956f1facbffd3f8fa53a326721950116b3b9dc9bd44939c01180fd4a745a9?s=96&d=mm&r=g","caption":"Equipe G\u00e1vea News"}}]}},"_links":{"self":[{"href":"https:\/\/www.gaveanews.com\/index.php\/wp-json\/wp\/v2\/posts\/62077","targetHints":{"allow":["GET"]}}],"collection":[{"href":"https:\/\/www.gaveanews.com\/index.php\/wp-json\/wp\/v2\/posts"}],"about":[{"href":"https:\/\/www.gaveanews.com\/index.php\/wp-json\/wp\/v2\/types\/post"}],"author":[{"embeddable":true,"href":"https:\/\/www.gaveanews.com\/index.php\/wp-json\/wp\/v2\/users\/1"}],"replies":[{"embeddable":true,"href":"https:\/\/www.gaveanews.com\/index.php\/wp-json\/wp\/v2\/comments?post=62077"}],"version-history":[{"count":0,"href":"https:\/\/www.gaveanews.com\/index.php\/wp-json\/wp\/v2\/posts\/62077\/revisions"}],"wp:featuredmedia":[{"embeddable":true,"href":"https:\/\/www.gaveanews.com\/index.php\/wp-json\/wp\/v2\/media\/61764"}],"wp:attachment":[{"href":"https:\/\/www.gaveanews.com\/index.php\/wp-json\/wp\/v2\/media?parent=62077"}],"wp:term":[{"taxonomy":"category","embeddable":true,"href":"https:\/\/www.gaveanews.com\/index.php\/wp-json\/wp\/v2\/categories?post=62077"},{"taxonomy":"post_tag","embeddable":true,"href":"https:\/\/www.gaveanews.com\/index.php\/wp-json\/wp\/v2\/tags?post=62077"}],"curies":[{"name":"wp","href":"https:\/\/api.w.org\/{rel}","templated":true}]}}