{"id":62083,"date":"2021-05-29T19:31:37","date_gmt":"2021-05-29T22:31:37","guid":{"rendered":"https:\/\/www.gaveanews.com\/?p=62083"},"modified":"2021-05-29T19:31:38","modified_gmt":"2021-05-29T22:31:38","slug":"apesar-das-criticas-diretoria-do-flamengo-garante-ceni","status":"publish","type":"post","link":"https:\/\/www.gaveanews.com\/index.php\/2021\/05\/29\/apesar-das-criticas-diretoria-do-flamengo-garante-ceni\/","title":{"rendered":"Apesar das cr\u00edticas, diretoria do Flamengo garante Ceni"},"content":{"rendered":"\n<p>Pouco mais de seis meses de trabalho no Flamengo e quatro t\u00edtulos conquistados. Mas, mesmo assim, Rog\u00e9rio Ceni n\u00e3o goza de tanto prest\u00edgio com a torcida rubro-negra, que, nas redes sociais, puxa campanha pedindo a sa\u00edda do treinador antes do in\u00edcio do Brasileir\u00e3o, neste final de semana. Se o sentimento entre os flamenguistas \u00e9 de rejei\u00e7\u00e3o ao comandante, o mesmo n\u00e3o pode se dizer na diretoria do clube. Muito pelo contr\u00e1rio: apoio e respaldo.<\/p>\n\n\n\n<p>O trabalho de Rog\u00e9rio Ceni \u00e9 avaliado diariamente e o &#8216;feedback&#8217; \u00e9 passado ao treinador com muita frequ\u00eancia. Na \u00faltima conversa que o Departamento de Futebol teve com o comandante, o que foi dito ao t\u00e9cnico \u00e9 que ele segue tendo todo o respaldo da diretoria e que todos da c\u00fapula confiam em seu trabalho.<\/p>\n\n\n\n<p>O que d\u00e1 embasamento \u00e0 c\u00fapula de futebol s\u00e3o os t\u00edtulos conquistados desde a chegada de Rog\u00e9rio Ceni (Brasileir\u00e3o 2020, Ta\u00e7a Guanabara 2021, Supercopa do Brasil 2021 e Campeonato Carioca 2021), al\u00e9m de se classificar em primeiro no Grupo G \u00e0s oitavas de final da Libertadores 2021.<\/p>\n\n\n\n<p>As elimina\u00e7\u00f5es na Libertadores 2020 e na Copa do Brasil 2020 foram colocadas em pauta, mas o entendimento nos bastidores \u00e9 que Rog\u00e9rio Ceni havia acabado de chegar ao clube e estava em per\u00edodo de transi\u00e7\u00e3o. Com isso, na hora que a diretoria decidiu por demitir Dom\u00e8nec Torrent e contratar o novo comandante, o risco de queda nas duas competi\u00e7\u00f5es foram assumidas pela diretoria.<\/p>\n\n\n\n<h2 class=\"wp-block-heading\" id=\"h-respaldo-em-n-meros\">Respaldo em n\u00fameros:<\/h2>\n\n\n\n<p>O Conselho de Futebol do Flamengo se re\u00fane semanalmente para debater e avaliar o trabalho do treinador. Para banca-lo no cargo neste in\u00edcio de Campeonato Brasileiro, mesmo com torcedores pedindo a sa\u00edda dele, o Departamento se baseia em n\u00fameros que v\u00e3o al\u00e9m do desempenho com t\u00edtulos.<\/p>\n\n\n\n<p>Antes de Rog\u00e9rio Ceni, os atletas corriam, juntos, por jogo, cerca de 110 km, em m\u00e9dia. Com o atual treinador s\u00e3o 90 km, m\u00e9dia semelhante \u00e0 \u00e9poca de Jorge Jesus. O elenco, portanto, t\u00eam corrido menos em dist\u00e2ncia total e mais em dist\u00e2ncia de alta intensidade. Isso mostra que o time est\u00e1 organizado taticamente, \u201ccorrendo certo\u201d. Corre menos e fica mais com a bola no p\u00e9, tendo m\u00e9dia de 60% de posse de bola.<\/p>\n\n\n\n<p>Al\u00e9m disso, s\u00e3o 50 gols marcados na temporada, em 22 jogos. Desses, 42 foram de dentro da \u00e1rea (84%). Esse desempenho mostra que o Flamengo chega bastante na frente, com intensidade e letalidade. Outra estat\u00edstica \u00e9 que o Rubro-Negro marcou dois ou mais gols em 16 dos 22 jogos na temporada (72,7%).<\/p>\n\n\n\n<p>Rog\u00e9rio Ceni tamb\u00e9m nunca perdeu como treinador na Libertadores (oito jogos), e, neste momento, totaliza 12 partidas de invencibilidade, o que d\u00e1 ainda mais respaldo ao t\u00e9cnico.<\/p>\n\n\n\n<h2 class=\"wp-block-heading\" id=\"h-miss-o-dada-miss-o-cumprida\">Miss\u00e3o dada \u00e9 miss\u00e3o cumprida: <\/h2>\n\n\n\n<p>A diretoria do Flamengo, para bancar Rog\u00e9rio Ceni e dar respaldo \u00e0 continuidade do treinador no clube, se apega ao trabalho do dia a dia, \u00e0s conversas, aos planejamentos da comiss\u00e3o t\u00e9cnica e, por fim, aos resultados alcan\u00e7ados at\u00e9 o momento.<\/p>\n\n\n\n<p>Um exemplo que ilustra bem o planejamento da comiss\u00e3o t\u00e9cnica, com o aval da diretoria, foi poupar os principais jogadores do in\u00edcio do Campeonato Carioca. Na ocasi\u00e3o, torcedores n\u00e3o gostaram da postura do treinador e reclamaram da decis\u00e3o, que servia para preparar melhor a equipe principal para os principais objetivos que estavam por vir, dentre eles a decis\u00e3o contra o Palmeiras e a fase de grupos da Libertadores.<\/p>\n\n\n\n<p>O mesmo aconteceu recentemente, com o aval do Departamento de Futebol e do presidente Rodolfo Landim, quando a maioria dos titulares foi poupado do jogo contra a LDU, pela Libertadores, visando ao duelo com o Fluminense no final de semana seguinte que valia o t\u00edtulo do Carioca e, consequentemente, o hexa-tri na hist\u00f3ria do Rubro-Negro.<\/p>\n\n\n\n<p>As decis\u00f5es tomadas deram certo e Rog\u00e9rio Ceni n\u00e3o comemorou apenas o t\u00edtulo do Estadual, mas tamb\u00e9m celebrou o sucesso no planejamento tra\u00e7ado para conseguir os \u00eaxitos no primeiro semestre de 2021. Agora, o Flamengo encara o Palmeiras, domingo, na estreia do Brasileir\u00e3o e ter\u00e1 dez dias, que servir\u00e3o como inter-temporada, para encarar o Coritiba pela Copa do Brasil.<\/p>\n\n\n\n<p>Retirado de: O Dia<\/p>\n","protected":false},"excerpt":{"rendered":"<p>Pouco mais de seis meses de trabalho no Flamengo e quatro t\u00edtulos conquistados. Mas, mesmo assim, Rog\u00e9rio Ceni n\u00e3o goza de tanto prest\u00edgio com a torcida rubro-negra, que, nas redes sociais, puxa campanha pedindo a sa\u00edda do treinador antes do in\u00edcio do Brasileir\u00e3o, neste final de semana. Se o sentimento entre os flamenguistas \u00e9 de [&hellip;]<\/p>\n","protected":false},"author":1,"featured_media":60118,"comment_status":"open","ping_status":"closed","sticky":false,"template":"","format":"standard","meta":{"footnotes":""},"categories":[1],"tags":[],"class_list":["post-62083","post","type-post","status-publish","format-standard","has-post-thumbnail","hentry","category-flamengo"],"yoast_head":"<!-- This site is optimized with the Yoast SEO Premium plugin v24.2 (Yoast SEO v26.9) - https:\/\/yoast.com\/product\/yoast-seo-premium-wordpress\/ -->\n<title>Apesar das cr\u00edticas, diretoria do Flamengo garante Ceni<\/title>\n<meta name=\"robots\" content=\"index, follow, max-snippet:-1, max-image-preview:large, max-video-preview:-1\" \/>\n<link rel=\"canonical\" href=\"https:\/\/www.gaveanews.com\/index.php\/2021\/05\/29\/apesar-das-criticas-diretoria-do-flamengo-garante-ceni\/\" \/>\n<meta property=\"og:locale\" content=\"pt_BR\" \/>\n<meta property=\"og:type\" content=\"article\" \/>\n<meta property=\"og:title\" content=\"Apesar das cr\u00edticas, diretoria do Flamengo garante Ceni\" \/>\n<meta property=\"og:description\" content=\"Pouco mais de seis meses de trabalho no Flamengo e quatro t\u00edtulos conquistados. Mas, mesmo assim, Rog\u00e9rio Ceni n\u00e3o goza de tanto prest\u00edgio com a torcida rubro-negra, que, nas redes sociais, puxa campanha pedindo a sa\u00edda do treinador antes do in\u00edcio do Brasileir\u00e3o, neste final de semana. Se o sentimento entre os flamenguistas \u00e9 de [&hellip;]\" \/>\n<meta property=\"og:url\" content=\"https:\/\/www.gaveanews.com\/index.php\/2021\/05\/29\/apesar-das-criticas-diretoria-do-flamengo-garante-ceni\/\" \/>\n<meta property=\"og:site_name\" content=\"G\u00e1vea News\" \/>\n<meta property=\"article:publisher\" content=\"https:\/\/facebook.com\/gaveaNews\/\" \/>\n<meta property=\"article:published_time\" content=\"2021-05-29T22:31:37+00:00\" \/>\n<meta property=\"article:modified_time\" content=\"2021-05-29T22:31:38+00:00\" \/>\n<meta property=\"og:image\" content=\"https:\/\/www.gaveanews.com\/wp-content\/uploads\/Ceni-orienta-o-time-do-Flamengo-durante-o-jogo-contra-o-La-Calera-pela-Copa-Libertadores-de-2021.webp\" \/>\n\t<meta property=\"og:image:width\" content=\"799\" \/>\n\t<meta property=\"og:image:height\" content=\"533\" \/>\n\t<meta property=\"og:image:type\" content=\"image\/jpeg\" \/>\n<meta name=\"author\" content=\"Equipe G\u00e1vea News\" \/>\n<meta name=\"twitter:card\" content=\"summary_large_image\" \/>\n<meta name=\"twitter:label1\" content=\"Escrito por\" \/>\n\t<meta name=\"twitter:data1\" content=\"Equipe G\u00e1vea News\" \/>\n\t<meta name=\"twitter:label2\" content=\"Est. tempo de leitura\" \/>\n\t<meta name=\"twitter:data2\" content=\"3 minutos\" \/>\n<script type=\"application\/ld+json\" class=\"yoast-schema-graph\">{\"@context\":\"https:\/\/schema.org\",\"@graph\":[{\"@type\":\"NewsArticle\",\"@id\":\"https:\/\/www.gaveanews.com\/index.php\/2021\/05\/29\/apesar-das-criticas-diretoria-do-flamengo-garante-ceni\/#article\",\"isPartOf\":{\"@id\":\"https:\/\/www.gaveanews.com\/index.php\/2021\/05\/29\/apesar-das-criticas-diretoria-do-flamengo-garante-ceni\/\"},\"author\":{\"name\":\"Equipe G\u00e1vea News\",\"@id\":\"https:\/\/www.gaveanews.com\/#\/schema\/person\/2ec14f73fb96be2caf28f91afb14749d\"},\"headline\":\"Apesar das cr\u00edticas, diretoria do Flamengo garante Ceni\",\"datePublished\":\"2021-05-29T22:31:37+00:00\",\"dateModified\":\"2021-05-29T22:31:38+00:00\",\"mainEntityOfPage\":{\"@id\":\"https:\/\/www.gaveanews.com\/index.php\/2021\/05\/29\/apesar-das-criticas-diretoria-do-flamengo-garante-ceni\/\"},\"wordCount\":726,\"commentCount\":17,\"image\":{\"@id\":\"https:\/\/www.gaveanews.com\/index.php\/2021\/05\/29\/apesar-das-criticas-diretoria-do-flamengo-garante-ceni\/#primaryimage\"},\"thumbnailUrl\":\"https:\/\/www.gaveanews.com\/wp-content\/uploads\/Ceni-orienta-o-time-do-Flamengo-durante-o-jogo-contra-o-La-Calera-pela-Copa-Libertadores-de-2021.webp\",\"articleSection\":[\"Flamengo\"],\"inLanguage\":\"pt-BR\",\"potentialAction\":[{\"@type\":\"CommentAction\",\"name\":\"Comment\",\"target\":[\"https:\/\/www.gaveanews.com\/index.php\/2021\/05\/29\/apesar-das-criticas-diretoria-do-flamengo-garante-ceni\/#respond\"]}],\"copyrightYear\":\"2021\",\"copyrightHolder\":{\"@id\":\"https:\/\/www.gaveanews.com\/#organization\"}},{\"@type\":\"WebPage\",\"@id\":\"https:\/\/www.gaveanews.com\/index.php\/2021\/05\/29\/apesar-das-criticas-diretoria-do-flamengo-garante-ceni\/\",\"url\":\"https:\/\/www.gaveanews.com\/index.php\/2021\/05\/29\/apesar-das-criticas-diretoria-do-flamengo-garante-ceni\/\",\"name\":\"Apesar das cr\u00edticas, diretoria do Flamengo garante Ceni\",\"isPartOf\":{\"@id\":\"https:\/\/www.gaveanews.com\/#website\"},\"primaryImageOfPage\":{\"@id\":\"https:\/\/www.gaveanews.com\/index.php\/2021\/05\/29\/apesar-das-criticas-diretoria-do-flamengo-garante-ceni\/#primaryimage\"},\"image\":{\"@id\":\"https:\/\/www.gaveanews.com\/index.php\/2021\/05\/29\/apesar-das-criticas-diretoria-do-flamengo-garante-ceni\/#primaryimage\"},\"thumbnailUrl\":\"https:\/\/www.gaveanews.com\/wp-content\/uploads\/Ceni-orienta-o-time-do-Flamengo-durante-o-jogo-contra-o-La-Calera-pela-Copa-Libertadores-de-2021.webp\",\"datePublished\":\"2021-05-29T22:31:37+00:00\",\"dateModified\":\"2021-05-29T22:31:38+00:00\",\"author\":{\"@id\":\"https:\/\/www.gaveanews.com\/#\/schema\/person\/2ec14f73fb96be2caf28f91afb14749d\"},\"breadcrumb\":{\"@id\":\"https:\/\/www.gaveanews.com\/index.php\/2021\/05\/29\/apesar-das-criticas-diretoria-do-flamengo-garante-ceni\/#breadcrumb\"},\"inLanguage\":\"pt-BR\",\"potentialAction\":[{\"@type\":\"ReadAction\",\"target\":[\"https:\/\/www.gaveanews.com\/index.php\/2021\/05\/29\/apesar-das-criticas-diretoria-do-flamengo-garante-ceni\/\"]}]},{\"@type\":\"ImageObject\",\"inLanguage\":\"pt-BR\",\"@id\":\"https:\/\/www.gaveanews.com\/index.php\/2021\/05\/29\/apesar-das-criticas-diretoria-do-flamengo-garante-ceni\/#primaryimage\",\"url\":\"https:\/\/www.gaveanews.com\/wp-content\/uploads\/Ceni-orienta-o-time-do-Flamengo-durante-o-jogo-contra-o-La-Calera-pela-Copa-Libertadores-de-2021.webp\",\"contentUrl\":\"https:\/\/www.gaveanews.com\/wp-content\/uploads\/Ceni-orienta-o-time-do-Flamengo-durante-o-jogo-contra-o-La-Calera-pela-Copa-Libertadores-de-2021.webp\",\"width\":799,\"height\":533,\"caption\":\"Ceni orienta o time do Flamengo durante o jogo contra o La Calera pela Copa Libertadores de 2021 (Foto: Alexandre Vidal\/Flamengo)\"},{\"@type\":\"BreadcrumbList\",\"@id\":\"https:\/\/www.gaveanews.com\/index.php\/2021\/05\/29\/apesar-das-criticas-diretoria-do-flamengo-garante-ceni\/#breadcrumb\",\"itemListElement\":[{\"@type\":\"ListItem\",\"position\":1,\"name\":\"Home\",\"item\":\"https:\/\/www.gaveanews.com\/\"},{\"@type\":\"ListItem\",\"position\":2,\"name\":\"Apesar das cr\u00edticas, diretoria do Flamengo garante Ceni\"}]},{\"@type\":\"WebSite\",\"@id\":\"https:\/\/www.gaveanews.com\/#website\",\"url\":\"https:\/\/www.gaveanews.com\/\",\"name\":\"G\u00e1vea News\",\"description\":\"Veja todas as not\u00edcias sobre o Flamengo: Contrata\u00e7\u00f5es, categorias de base, resultados das partidas, tabela de classifica\u00e7\u00e3o, pr\u00f3ximos jogos!\",\"potentialAction\":[{\"@type\":\"SearchAction\",\"target\":{\"@type\":\"EntryPoint\",\"urlTemplate\":\"https:\/\/www.gaveanews.com\/?s={search_term_string}\"},\"query-input\":{\"@type\":\"PropertyValueSpecification\",\"valueRequired\":true,\"valueName\":\"search_term_string\"}}],\"inLanguage\":\"pt-BR\"},{\"@type\":\"Person\",\"@id\":\"https:\/\/www.gaveanews.com\/#\/schema\/person\/2ec14f73fb96be2caf28f91afb14749d\",\"name\":\"Equipe G\u00e1vea News\",\"image\":{\"@type\":\"ImageObject\",\"inLanguage\":\"pt-BR\",\"@id\":\"https:\/\/www.gaveanews.com\/#\/schema\/person\/image\/\",\"url\":\"https:\/\/secure.gravatar.com\/avatar\/1e1956f1facbffd3f8fa53a326721950116b3b9dc9bd44939c01180fd4a745a9?s=96&d=mm&r=g\",\"contentUrl\":\"https:\/\/secure.gravatar.com\/avatar\/1e1956f1facbffd3f8fa53a326721950116b3b9dc9bd44939c01180fd4a745a9?s=96&d=mm&r=g\",\"caption\":\"Equipe G\u00e1vea News\"}}]}<\/script>\n<!-- \/ Yoast SEO Premium plugin. -->","yoast_head_json":{"title":"Apesar das cr\u00edticas, diretoria do Flamengo garante Ceni","robots":{"index":"index","follow":"follow","max-snippet":"max-snippet:-1","max-image-preview":"max-image-preview:large","max-video-preview":"max-video-preview:-1"},"canonical":"https:\/\/www.gaveanews.com\/index.php\/2021\/05\/29\/apesar-das-criticas-diretoria-do-flamengo-garante-ceni\/","og_locale":"pt_BR","og_type":"article","og_title":"Apesar das cr\u00edticas, diretoria do Flamengo garante Ceni","og_description":"Pouco mais de seis meses de trabalho no Flamengo e quatro t\u00edtulos conquistados. Mas, mesmo assim, Rog\u00e9rio Ceni n\u00e3o goza de tanto prest\u00edgio com a torcida rubro-negra, que, nas redes sociais, puxa campanha pedindo a sa\u00edda do treinador antes do in\u00edcio do Brasileir\u00e3o, neste final de semana. Se o sentimento entre os flamenguistas \u00e9 de [&hellip;]","og_url":"https:\/\/www.gaveanews.com\/index.php\/2021\/05\/29\/apesar-das-criticas-diretoria-do-flamengo-garante-ceni\/","og_site_name":"G\u00e1vea News","article_publisher":"https:\/\/facebook.com\/gaveaNews\/","article_published_time":"2021-05-29T22:31:37+00:00","article_modified_time":"2021-05-29T22:31:38+00:00","og_image":[{"width":799,"height":533,"url":"https:\/\/www.gaveanews.com\/wp-content\/uploads\/Ceni-orienta-o-time-do-Flamengo-durante-o-jogo-contra-o-La-Calera-pela-Copa-Libertadores-de-2021.webp","type":"image\/jpeg"}],"author":"Equipe G\u00e1vea News","twitter_card":"summary_large_image","twitter_misc":{"Escrito por":"Equipe G\u00e1vea News","Est. tempo de leitura":"3 minutos"},"schema":{"@context":"https:\/\/schema.org","@graph":[{"@type":"NewsArticle","@id":"https:\/\/www.gaveanews.com\/index.php\/2021\/05\/29\/apesar-das-criticas-diretoria-do-flamengo-garante-ceni\/#article","isPartOf":{"@id":"https:\/\/www.gaveanews.com\/index.php\/2021\/05\/29\/apesar-das-criticas-diretoria-do-flamengo-garante-ceni\/"},"author":{"name":"Equipe G\u00e1vea News","@id":"https:\/\/www.gaveanews.com\/#\/schema\/person\/2ec14f73fb96be2caf28f91afb14749d"},"headline":"Apesar das cr\u00edticas, diretoria do Flamengo garante Ceni","datePublished":"2021-05-29T22:31:37+00:00","dateModified":"2021-05-29T22:31:38+00:00","mainEntityOfPage":{"@id":"https:\/\/www.gaveanews.com\/index.php\/2021\/05\/29\/apesar-das-criticas-diretoria-do-flamengo-garante-ceni\/"},"wordCount":726,"commentCount":17,"image":{"@id":"https:\/\/www.gaveanews.com\/index.php\/2021\/05\/29\/apesar-das-criticas-diretoria-do-flamengo-garante-ceni\/#primaryimage"},"thumbnailUrl":"https:\/\/www.gaveanews.com\/wp-content\/uploads\/Ceni-orienta-o-time-do-Flamengo-durante-o-jogo-contra-o-La-Calera-pela-Copa-Libertadores-de-2021.webp","articleSection":["Flamengo"],"inLanguage":"pt-BR","potentialAction":[{"@type":"CommentAction","name":"Comment","target":["https:\/\/www.gaveanews.com\/index.php\/2021\/05\/29\/apesar-das-criticas-diretoria-do-flamengo-garante-ceni\/#respond"]}],"copyrightYear":"2021","copyrightHolder":{"@id":"https:\/\/www.gaveanews.com\/#organization"}},{"@type":"WebPage","@id":"https:\/\/www.gaveanews.com\/index.php\/2021\/05\/29\/apesar-das-criticas-diretoria-do-flamengo-garante-ceni\/","url":"https:\/\/www.gaveanews.com\/index.php\/2021\/05\/29\/apesar-das-criticas-diretoria-do-flamengo-garante-ceni\/","name":"Apesar das cr\u00edticas, diretoria do Flamengo garante Ceni","isPartOf":{"@id":"https:\/\/www.gaveanews.com\/#website"},"primaryImageOfPage":{"@id":"https:\/\/www.gaveanews.com\/index.php\/2021\/05\/29\/apesar-das-criticas-diretoria-do-flamengo-garante-ceni\/#primaryimage"},"image":{"@id":"https:\/\/www.gaveanews.com\/index.php\/2021\/05\/29\/apesar-das-criticas-diretoria-do-flamengo-garante-ceni\/#primaryimage"},"thumbnailUrl":"https:\/\/www.gaveanews.com\/wp-content\/uploads\/Ceni-orienta-o-time-do-Flamengo-durante-o-jogo-contra-o-La-Calera-pela-Copa-Libertadores-de-2021.webp","datePublished":"2021-05-29T22:31:37+00:00","dateModified":"2021-05-29T22:31:38+00:00","author":{"@id":"https:\/\/www.gaveanews.com\/#\/schema\/person\/2ec14f73fb96be2caf28f91afb14749d"},"breadcrumb":{"@id":"https:\/\/www.gaveanews.com\/index.php\/2021\/05\/29\/apesar-das-criticas-diretoria-do-flamengo-garante-ceni\/#breadcrumb"},"inLanguage":"pt-BR","potentialAction":[{"@type":"ReadAction","target":["https:\/\/www.gaveanews.com\/index.php\/2021\/05\/29\/apesar-das-criticas-diretoria-do-flamengo-garante-ceni\/"]}]},{"@type":"ImageObject","inLanguage":"pt-BR","@id":"https:\/\/www.gaveanews.com\/index.php\/2021\/05\/29\/apesar-das-criticas-diretoria-do-flamengo-garante-ceni\/#primaryimage","url":"https:\/\/www.gaveanews.com\/wp-content\/uploads\/Ceni-orienta-o-time-do-Flamengo-durante-o-jogo-contra-o-La-Calera-pela-Copa-Libertadores-de-2021.webp","contentUrl":"https:\/\/www.gaveanews.com\/wp-content\/uploads\/Ceni-orienta-o-time-do-Flamengo-durante-o-jogo-contra-o-La-Calera-pela-Copa-Libertadores-de-2021.webp","width":799,"height":533,"caption":"Ceni orienta o time do Flamengo durante o jogo contra o La Calera pela Copa Libertadores de 2021 (Foto: Alexandre Vidal\/Flamengo)"},{"@type":"BreadcrumbList","@id":"https:\/\/www.gaveanews.com\/index.php\/2021\/05\/29\/apesar-das-criticas-diretoria-do-flamengo-garante-ceni\/#breadcrumb","itemListElement":[{"@type":"ListItem","position":1,"name":"Home","item":"https:\/\/www.gaveanews.com\/"},{"@type":"ListItem","position":2,"name":"Apesar das cr\u00edticas, diretoria do Flamengo garante Ceni"}]},{"@type":"WebSite","@id":"https:\/\/www.gaveanews.com\/#website","url":"https:\/\/www.gaveanews.com\/","name":"G\u00e1vea News","description":"Veja todas as not\u00edcias sobre o Flamengo: Contrata\u00e7\u00f5es, categorias de base, resultados das partidas, tabela de classifica\u00e7\u00e3o, pr\u00f3ximos jogos!","potentialAction":[{"@type":"SearchAction","target":{"@type":"EntryPoint","urlTemplate":"https:\/\/www.gaveanews.com\/?s={search_term_string}"},"query-input":{"@type":"PropertyValueSpecification","valueRequired":true,"valueName":"search_term_string"}}],"inLanguage":"pt-BR"},{"@type":"Person","@id":"https:\/\/www.gaveanews.com\/#\/schema\/person\/2ec14f73fb96be2caf28f91afb14749d","name":"Equipe G\u00e1vea News","image":{"@type":"ImageObject","inLanguage":"pt-BR","@id":"https:\/\/www.gaveanews.com\/#\/schema\/person\/image\/","url":"https:\/\/secure.gravatar.com\/avatar\/1e1956f1facbffd3f8fa53a326721950116b3b9dc9bd44939c01180fd4a745a9?s=96&d=mm&r=g","contentUrl":"https:\/\/secure.gravatar.com\/avatar\/1e1956f1facbffd3f8fa53a326721950116b3b9dc9bd44939c01180fd4a745a9?s=96&d=mm&r=g","caption":"Equipe G\u00e1vea News"}}]}},"_links":{"self":[{"href":"https:\/\/www.gaveanews.com\/index.php\/wp-json\/wp\/v2\/posts\/62083","targetHints":{"allow":["GET"]}}],"collection":[{"href":"https:\/\/www.gaveanews.com\/index.php\/wp-json\/wp\/v2\/posts"}],"about":[{"href":"https:\/\/www.gaveanews.com\/index.php\/wp-json\/wp\/v2\/types\/post"}],"author":[{"embeddable":true,"href":"https:\/\/www.gaveanews.com\/index.php\/wp-json\/wp\/v2\/users\/1"}],"replies":[{"embeddable":true,"href":"https:\/\/www.gaveanews.com\/index.php\/wp-json\/wp\/v2\/comments?post=62083"}],"version-history":[{"count":0,"href":"https:\/\/www.gaveanews.com\/index.php\/wp-json\/wp\/v2\/posts\/62083\/revisions"}],"wp:featuredmedia":[{"embeddable":true,"href":"https:\/\/www.gaveanews.com\/index.php\/wp-json\/wp\/v2\/media\/60118"}],"wp:attachment":[{"href":"https:\/\/www.gaveanews.com\/index.php\/wp-json\/wp\/v2\/media?parent=62083"}],"wp:term":[{"taxonomy":"category","embeddable":true,"href":"https:\/\/www.gaveanews.com\/index.php\/wp-json\/wp\/v2\/categories?post=62083"},{"taxonomy":"post_tag","embeddable":true,"href":"https:\/\/www.gaveanews.com\/index.php\/wp-json\/wp\/v2\/tags?post=62083"}],"curies":[{"name":"wp","href":"https:\/\/api.w.org\/{rel}","templated":true}]}}