{"id":62144,"date":"2021-05-31T01:29:10","date_gmt":"2021-05-31T04:29:10","guid":{"rendered":"https:\/\/www.gaveanews.com\/?p=62144"},"modified":"2021-05-31T01:29:12","modified_gmt":"2021-05-31T04:29:12","slug":"sem-a-globo-flamengo-dobra-arrecadacao-com-o-carioca-veja-valores","status":"publish","type":"post","link":"https:\/\/www.gaveanews.com\/index.php\/2021\/05\/31\/sem-a-globo-flamengo-dobra-arrecadacao-com-o-carioca-veja-valores\/","title":{"rendered":"Sem a Globo, Flamengo dobra arrecada\u00e7\u00e3o com o Carioca; veja valores"},"content":{"rendered":"\n<p>O Flamengo teve uma receita bruta entre R$ 13 milh\u00f5es e R$ 14 milh\u00f5es com venda de direitos de televis\u00e3o e patroc\u00ednio do Carioca. A maior parte deste dinheiro foi originado com o pay-per-view do campeonat. A diretoria do clube ficou satisfeita com o resultado por ter sido uma primeira experi\u00eancia com o modelo de venda do campeonato.<\/p>\n\n\n\n<p>Para este ano, a Ferj e os clubes decidiram recusar uma proposta de R$ 45 milh\u00f5es da Globo por todos os direitos da competi\u00e7\u00e3o. Isso implicaria tamb\u00e9m na retirada de a\u00e7\u00e3o da entidade contra a emissora: foi dada uma indeniza\u00e7\u00e3o de R$ 156 milh\u00f5es em decis\u00e3o de primeira inst\u00e2ncia.<\/p>\n\n\n\n<p>Sem a Globo, a Record ganhou a concorr\u00eancia para transmiss\u00e3o do campeonato pelo qual pagou R$ 11 milh\u00f5es pelos direitos de TV Aberta, boa parte destinado a produ\u00e7\u00e3o e taxas. A principal aposta foi de venda de pacotes de pay-per-view e uma estimativa inicial era de que foram vendidos 200 mil pacotes. A Sportsview, empresa que organizou as negocia\u00e7\u00f5es, informa que este n\u00famero foi superado. Uma parte da venda foi feita por operadoras de cabo e outra por meio de canais dos pr\u00f3prios clubes.<\/p>\n\n\n\n<p>Somados esses itens, al\u00e9m de publicidade, o Flamengo teve o faturamento entre R$ 13 milh\u00f5es e R$ 14 milh\u00f5es, segundo confirmou o blog. Esse \u00e9 o valor bruto e deve devem ser descontadas taxas de parceiros como o operador da FlaTV.<\/p>\n\n\n\n<p>A avalia\u00e7\u00e3o da diretoria rubro-negra \u00e9 de um resultado positivo. Pelo valor oferecido pela Globo, a estimativa era de que o clube ficasse com R$ 6,5 milh\u00f5es, metade do arrecadado. No or\u00e7amento rubro-negro, n\u00e3o havia previs\u00e3o de receita nenhuma com o Estadual, isto \u00e9, trata-se de dinheiro extra ao estimado.<\/p>\n\n\n\n<p>Al\u00e9m disso, dirigentes rubro-negro entendem que o valor ainda est\u00e1 abaixo do potencial do Carioca porque a comercializa\u00e7\u00e3o foi feita muito pr\u00f3ximo do campeonato, com apenas 20 dias de anteced\u00eancia.<\/p>\n\n\n\n<p>Outro fator \u00e9 usar a competi\u00e7\u00e3o como teste para o futuro da explora\u00e7\u00e3o dos direitos de televis\u00e3o. O Flamengo quer fortalecer a FlaTV + como alternativa para o futuro, embora n\u00e3o vislumbre no momento passar seus principais jogos na emissora. Em junho, haver\u00e1 um lan\u00e7amento de assinatura da FlaTV + com pagamento de mensalidade.<\/p>\n\n\n\n<p>Ao contr\u00e1rio do Flamengo, o Vasco j\u00e1 declarou n\u00e3o ter ficado satisfeito com o resultado financeiro do Carioca e quer rever o modelo. Fluminense e Botafogo ainda n\u00e3o se pronunciaram.<\/p>\n\n\n\n<p>Retirado de: Blog do Rodrigo Mattos<\/p>\n","protected":false},"excerpt":{"rendered":"<p>O Flamengo teve uma receita bruta entre R$ 13 milh\u00f5es e R$ 14 milh\u00f5es com venda de direitos de televis\u00e3o e patroc\u00ednio do Carioca. A maior parte deste dinheiro foi originado com o pay-per-view do campeonat. A diretoria do clube ficou satisfeita com o resultado por ter sido uma primeira experi\u00eancia com o modelo de [&hellip;]<\/p>\n","protected":false},"author":1,"featured_media":17043,"comment_status":"open","ping_status":"closed","sticky":false,"template":"","format":"standard","meta":{"footnotes":""},"categories":[1],"tags":[],"class_list":["post-62144","post","type-post","status-publish","format-standard","has-post-thumbnail","hentry","category-flamengo"],"yoast_head":"<!-- This site is optimized with the Yoast SEO Premium plugin v24.2 (Yoast SEO v26.9) - https:\/\/yoast.com\/product\/yoast-seo-premium-wordpress\/ -->\n<title>Sem a Globo, Flamengo dobra arrecada\u00e7\u00e3o com o Carioca; veja valores<\/title>\n<meta name=\"robots\" content=\"index, follow, max-snippet:-1, max-image-preview:large, max-video-preview:-1\" \/>\n<link rel=\"canonical\" href=\"https:\/\/www.gaveanews.com\/index.php\/2021\/05\/31\/sem-a-globo-flamengo-dobra-arrecadacao-com-o-carioca-veja-valores\/\" \/>\n<meta property=\"og:locale\" content=\"pt_BR\" \/>\n<meta property=\"og:type\" content=\"article\" \/>\n<meta property=\"og:title\" content=\"Sem a Globo, Flamengo dobra arrecada\u00e7\u00e3o com o Carioca; veja valores\" \/>\n<meta property=\"og:description\" content=\"O Flamengo teve uma receita bruta entre R$ 13 milh\u00f5es e R$ 14 milh\u00f5es com venda de direitos de televis\u00e3o e patroc\u00ednio do Carioca. A maior parte deste dinheiro foi originado com o pay-per-view do campeonat. A diretoria do clube ficou satisfeita com o resultado por ter sido uma primeira experi\u00eancia com o modelo de [&hellip;]\" \/>\n<meta property=\"og:url\" content=\"https:\/\/www.gaveanews.com\/index.php\/2021\/05\/31\/sem-a-globo-flamengo-dobra-arrecadacao-com-o-carioca-veja-valores\/\" \/>\n<meta property=\"og:site_name\" content=\"G\u00e1vea News\" \/>\n<meta property=\"article:publisher\" content=\"https:\/\/facebook.com\/gaveaNews\/\" \/>\n<meta property=\"article:published_time\" content=\"2021-05-31T04:29:10+00:00\" \/>\n<meta property=\"article:modified_time\" content=\"2021-05-31T04:29:12+00:00\" \/>\n<meta property=\"og:image\" content=\"https:\/\/www.gaveanews.com\/wp-content\/uploads\/2019\/04\/Logomarca-da-Rede-Globo.webp\" \/>\n\t<meta property=\"og:image:width\" content=\"1920\" \/>\n\t<meta property=\"og:image:height\" content=\"1076\" \/>\n\t<meta property=\"og:image:type\" content=\"image\/png\" \/>\n<meta name=\"author\" content=\"Equipe G\u00e1vea News\" \/>\n<meta name=\"twitter:card\" content=\"summary_large_image\" \/>\n<meta name=\"twitter:label1\" content=\"Escrito por\" \/>\n\t<meta name=\"twitter:data1\" content=\"Equipe G\u00e1vea News\" \/>\n\t<meta name=\"twitter:label2\" content=\"Est. tempo de leitura\" \/>\n\t<meta name=\"twitter:data2\" content=\"2 minutos\" \/>\n<script type=\"application\/ld+json\" class=\"yoast-schema-graph\">{\"@context\":\"https:\/\/schema.org\",\"@graph\":[{\"@type\":\"NewsArticle\",\"@id\":\"https:\/\/www.gaveanews.com\/index.php\/2021\/05\/31\/sem-a-globo-flamengo-dobra-arrecadacao-com-o-carioca-veja-valores\/#article\",\"isPartOf\":{\"@id\":\"https:\/\/www.gaveanews.com\/index.php\/2021\/05\/31\/sem-a-globo-flamengo-dobra-arrecadacao-com-o-carioca-veja-valores\/\"},\"author\":{\"name\":\"Equipe G\u00e1vea News\",\"@id\":\"https:\/\/www.gaveanews.com\/#\/schema\/person\/2ec14f73fb96be2caf28f91afb14749d\"},\"headline\":\"Sem a Globo, Flamengo dobra arrecada\u00e7\u00e3o com o Carioca; veja valores\",\"datePublished\":\"2021-05-31T04:29:10+00:00\",\"dateModified\":\"2021-05-31T04:29:12+00:00\",\"mainEntityOfPage\":{\"@id\":\"https:\/\/www.gaveanews.com\/index.php\/2021\/05\/31\/sem-a-globo-flamengo-dobra-arrecadacao-com-o-carioca-veja-valores\/\"},\"wordCount\":438,\"commentCount\":23,\"image\":{\"@id\":\"https:\/\/www.gaveanews.com\/index.php\/2021\/05\/31\/sem-a-globo-flamengo-dobra-arrecadacao-com-o-carioca-veja-valores\/#primaryimage\"},\"thumbnailUrl\":\"https:\/\/www.gaveanews.com\/wp-content\/uploads\/2019\/04\/Logomarca-da-Rede-Globo.webp\",\"articleSection\":[\"Flamengo\"],\"inLanguage\":\"pt-BR\",\"potentialAction\":[{\"@type\":\"CommentAction\",\"name\":\"Comment\",\"target\":[\"https:\/\/www.gaveanews.com\/index.php\/2021\/05\/31\/sem-a-globo-flamengo-dobra-arrecadacao-com-o-carioca-veja-valores\/#respond\"]}],\"copyrightYear\":\"2021\",\"copyrightHolder\":{\"@id\":\"https:\/\/www.gaveanews.com\/#organization\"}},{\"@type\":\"WebPage\",\"@id\":\"https:\/\/www.gaveanews.com\/index.php\/2021\/05\/31\/sem-a-globo-flamengo-dobra-arrecadacao-com-o-carioca-veja-valores\/\",\"url\":\"https:\/\/www.gaveanews.com\/index.php\/2021\/05\/31\/sem-a-globo-flamengo-dobra-arrecadacao-com-o-carioca-veja-valores\/\",\"name\":\"Sem a Globo, Flamengo dobra arrecada\u00e7\u00e3o com o Carioca; veja valores\",\"isPartOf\":{\"@id\":\"https:\/\/www.gaveanews.com\/#website\"},\"primaryImageOfPage\":{\"@id\":\"https:\/\/www.gaveanews.com\/index.php\/2021\/05\/31\/sem-a-globo-flamengo-dobra-arrecadacao-com-o-carioca-veja-valores\/#primaryimage\"},\"image\":{\"@id\":\"https:\/\/www.gaveanews.com\/index.php\/2021\/05\/31\/sem-a-globo-flamengo-dobra-arrecadacao-com-o-carioca-veja-valores\/#primaryimage\"},\"thumbnailUrl\":\"https:\/\/www.gaveanews.com\/wp-content\/uploads\/2019\/04\/Logomarca-da-Rede-Globo.webp\",\"datePublished\":\"2021-05-31T04:29:10+00:00\",\"dateModified\":\"2021-05-31T04:29:12+00:00\",\"author\":{\"@id\":\"https:\/\/www.gaveanews.com\/#\/schema\/person\/2ec14f73fb96be2caf28f91afb14749d\"},\"breadcrumb\":{\"@id\":\"https:\/\/www.gaveanews.com\/index.php\/2021\/05\/31\/sem-a-globo-flamengo-dobra-arrecadacao-com-o-carioca-veja-valores\/#breadcrumb\"},\"inLanguage\":\"pt-BR\",\"potentialAction\":[{\"@type\":\"ReadAction\",\"target\":[\"https:\/\/www.gaveanews.com\/index.php\/2021\/05\/31\/sem-a-globo-flamengo-dobra-arrecadacao-com-o-carioca-veja-valores\/\"]}]},{\"@type\":\"ImageObject\",\"inLanguage\":\"pt-BR\",\"@id\":\"https:\/\/www.gaveanews.com\/index.php\/2021\/05\/31\/sem-a-globo-flamengo-dobra-arrecadacao-com-o-carioca-veja-valores\/#primaryimage\",\"url\":\"https:\/\/www.gaveanews.com\/wp-content\/uploads\/2019\/04\/Logomarca-da-Rede-Globo.webp\",\"contentUrl\":\"https:\/\/www.gaveanews.com\/wp-content\/uploads\/2019\/04\/Logomarca-da-Rede-Globo.webp\",\"width\":1920,\"height\":1076,\"caption\":\"Logomarca da Rede Globo (Foto: Reprodu\u00e7\u00e3o)\"},{\"@type\":\"BreadcrumbList\",\"@id\":\"https:\/\/www.gaveanews.com\/index.php\/2021\/05\/31\/sem-a-globo-flamengo-dobra-arrecadacao-com-o-carioca-veja-valores\/#breadcrumb\",\"itemListElement\":[{\"@type\":\"ListItem\",\"position\":1,\"name\":\"Home\",\"item\":\"https:\/\/www.gaveanews.com\/\"},{\"@type\":\"ListItem\",\"position\":2,\"name\":\"Sem a Globo, Flamengo dobra arrecada\u00e7\u00e3o com o Carioca; veja valores\"}]},{\"@type\":\"WebSite\",\"@id\":\"https:\/\/www.gaveanews.com\/#website\",\"url\":\"https:\/\/www.gaveanews.com\/\",\"name\":\"G\u00e1vea News\",\"description\":\"Veja todas as not\u00edcias sobre o Flamengo: Contrata\u00e7\u00f5es, categorias de base, resultados das partidas, tabela de classifica\u00e7\u00e3o, pr\u00f3ximos jogos!\",\"potentialAction\":[{\"@type\":\"SearchAction\",\"target\":{\"@type\":\"EntryPoint\",\"urlTemplate\":\"https:\/\/www.gaveanews.com\/?s={search_term_string}\"},\"query-input\":{\"@type\":\"PropertyValueSpecification\",\"valueRequired\":true,\"valueName\":\"search_term_string\"}}],\"inLanguage\":\"pt-BR\"},{\"@type\":\"Person\",\"@id\":\"https:\/\/www.gaveanews.com\/#\/schema\/person\/2ec14f73fb96be2caf28f91afb14749d\",\"name\":\"Equipe G\u00e1vea News\",\"image\":{\"@type\":\"ImageObject\",\"inLanguage\":\"pt-BR\",\"@id\":\"https:\/\/www.gaveanews.com\/#\/schema\/person\/image\/\",\"url\":\"https:\/\/secure.gravatar.com\/avatar\/1e1956f1facbffd3f8fa53a326721950116b3b9dc9bd44939c01180fd4a745a9?s=96&d=mm&r=g\",\"contentUrl\":\"https:\/\/secure.gravatar.com\/avatar\/1e1956f1facbffd3f8fa53a326721950116b3b9dc9bd44939c01180fd4a745a9?s=96&d=mm&r=g\",\"caption\":\"Equipe G\u00e1vea News\"}}]}<\/script>\n<!-- \/ Yoast SEO Premium plugin. -->","yoast_head_json":{"title":"Sem a Globo, Flamengo dobra arrecada\u00e7\u00e3o com o Carioca; veja valores","robots":{"index":"index","follow":"follow","max-snippet":"max-snippet:-1","max-image-preview":"max-image-preview:large","max-video-preview":"max-video-preview:-1"},"canonical":"https:\/\/www.gaveanews.com\/index.php\/2021\/05\/31\/sem-a-globo-flamengo-dobra-arrecadacao-com-o-carioca-veja-valores\/","og_locale":"pt_BR","og_type":"article","og_title":"Sem a Globo, Flamengo dobra arrecada\u00e7\u00e3o com o Carioca; veja valores","og_description":"O Flamengo teve uma receita bruta entre R$ 13 milh\u00f5es e R$ 14 milh\u00f5es com venda de direitos de televis\u00e3o e patroc\u00ednio do Carioca. A maior parte deste dinheiro foi originado com o pay-per-view do campeonat. A diretoria do clube ficou satisfeita com o resultado por ter sido uma primeira experi\u00eancia com o modelo de [&hellip;]","og_url":"https:\/\/www.gaveanews.com\/index.php\/2021\/05\/31\/sem-a-globo-flamengo-dobra-arrecadacao-com-o-carioca-veja-valores\/","og_site_name":"G\u00e1vea News","article_publisher":"https:\/\/facebook.com\/gaveaNews\/","article_published_time":"2021-05-31T04:29:10+00:00","article_modified_time":"2021-05-31T04:29:12+00:00","og_image":[{"width":1920,"height":1076,"url":"https:\/\/www.gaveanews.com\/wp-content\/uploads\/2019\/04\/Logomarca-da-Rede-Globo.webp","type":"image\/png"}],"author":"Equipe G\u00e1vea News","twitter_card":"summary_large_image","twitter_misc":{"Escrito por":"Equipe G\u00e1vea News","Est. tempo de leitura":"2 minutos"},"schema":{"@context":"https:\/\/schema.org","@graph":[{"@type":"NewsArticle","@id":"https:\/\/www.gaveanews.com\/index.php\/2021\/05\/31\/sem-a-globo-flamengo-dobra-arrecadacao-com-o-carioca-veja-valores\/#article","isPartOf":{"@id":"https:\/\/www.gaveanews.com\/index.php\/2021\/05\/31\/sem-a-globo-flamengo-dobra-arrecadacao-com-o-carioca-veja-valores\/"},"author":{"name":"Equipe G\u00e1vea News","@id":"https:\/\/www.gaveanews.com\/#\/schema\/person\/2ec14f73fb96be2caf28f91afb14749d"},"headline":"Sem a Globo, Flamengo dobra arrecada\u00e7\u00e3o com o Carioca; veja valores","datePublished":"2021-05-31T04:29:10+00:00","dateModified":"2021-05-31T04:29:12+00:00","mainEntityOfPage":{"@id":"https:\/\/www.gaveanews.com\/index.php\/2021\/05\/31\/sem-a-globo-flamengo-dobra-arrecadacao-com-o-carioca-veja-valores\/"},"wordCount":438,"commentCount":23,"image":{"@id":"https:\/\/www.gaveanews.com\/index.php\/2021\/05\/31\/sem-a-globo-flamengo-dobra-arrecadacao-com-o-carioca-veja-valores\/#primaryimage"},"thumbnailUrl":"https:\/\/www.gaveanews.com\/wp-content\/uploads\/2019\/04\/Logomarca-da-Rede-Globo.webp","articleSection":["Flamengo"],"inLanguage":"pt-BR","potentialAction":[{"@type":"CommentAction","name":"Comment","target":["https:\/\/www.gaveanews.com\/index.php\/2021\/05\/31\/sem-a-globo-flamengo-dobra-arrecadacao-com-o-carioca-veja-valores\/#respond"]}],"copyrightYear":"2021","copyrightHolder":{"@id":"https:\/\/www.gaveanews.com\/#organization"}},{"@type":"WebPage","@id":"https:\/\/www.gaveanews.com\/index.php\/2021\/05\/31\/sem-a-globo-flamengo-dobra-arrecadacao-com-o-carioca-veja-valores\/","url":"https:\/\/www.gaveanews.com\/index.php\/2021\/05\/31\/sem-a-globo-flamengo-dobra-arrecadacao-com-o-carioca-veja-valores\/","name":"Sem a Globo, Flamengo dobra arrecada\u00e7\u00e3o com o Carioca; veja valores","isPartOf":{"@id":"https:\/\/www.gaveanews.com\/#website"},"primaryImageOfPage":{"@id":"https:\/\/www.gaveanews.com\/index.php\/2021\/05\/31\/sem-a-globo-flamengo-dobra-arrecadacao-com-o-carioca-veja-valores\/#primaryimage"},"image":{"@id":"https:\/\/www.gaveanews.com\/index.php\/2021\/05\/31\/sem-a-globo-flamengo-dobra-arrecadacao-com-o-carioca-veja-valores\/#primaryimage"},"thumbnailUrl":"https:\/\/www.gaveanews.com\/wp-content\/uploads\/2019\/04\/Logomarca-da-Rede-Globo.webp","datePublished":"2021-05-31T04:29:10+00:00","dateModified":"2021-05-31T04:29:12+00:00","author":{"@id":"https:\/\/www.gaveanews.com\/#\/schema\/person\/2ec14f73fb96be2caf28f91afb14749d"},"breadcrumb":{"@id":"https:\/\/www.gaveanews.com\/index.php\/2021\/05\/31\/sem-a-globo-flamengo-dobra-arrecadacao-com-o-carioca-veja-valores\/#breadcrumb"},"inLanguage":"pt-BR","potentialAction":[{"@type":"ReadAction","target":["https:\/\/www.gaveanews.com\/index.php\/2021\/05\/31\/sem-a-globo-flamengo-dobra-arrecadacao-com-o-carioca-veja-valores\/"]}]},{"@type":"ImageObject","inLanguage":"pt-BR","@id":"https:\/\/www.gaveanews.com\/index.php\/2021\/05\/31\/sem-a-globo-flamengo-dobra-arrecadacao-com-o-carioca-veja-valores\/#primaryimage","url":"https:\/\/www.gaveanews.com\/wp-content\/uploads\/2019\/04\/Logomarca-da-Rede-Globo.webp","contentUrl":"https:\/\/www.gaveanews.com\/wp-content\/uploads\/2019\/04\/Logomarca-da-Rede-Globo.webp","width":1920,"height":1076,"caption":"Logomarca da Rede Globo (Foto: Reprodu\u00e7\u00e3o)"},{"@type":"BreadcrumbList","@id":"https:\/\/www.gaveanews.com\/index.php\/2021\/05\/31\/sem-a-globo-flamengo-dobra-arrecadacao-com-o-carioca-veja-valores\/#breadcrumb","itemListElement":[{"@type":"ListItem","position":1,"name":"Home","item":"https:\/\/www.gaveanews.com\/"},{"@type":"ListItem","position":2,"name":"Sem a Globo, Flamengo dobra arrecada\u00e7\u00e3o com o Carioca; veja valores"}]},{"@type":"WebSite","@id":"https:\/\/www.gaveanews.com\/#website","url":"https:\/\/www.gaveanews.com\/","name":"G\u00e1vea News","description":"Veja todas as not\u00edcias sobre o Flamengo: Contrata\u00e7\u00f5es, categorias de base, resultados das partidas, tabela de classifica\u00e7\u00e3o, pr\u00f3ximos jogos!","potentialAction":[{"@type":"SearchAction","target":{"@type":"EntryPoint","urlTemplate":"https:\/\/www.gaveanews.com\/?s={search_term_string}"},"query-input":{"@type":"PropertyValueSpecification","valueRequired":true,"valueName":"search_term_string"}}],"inLanguage":"pt-BR"},{"@type":"Person","@id":"https:\/\/www.gaveanews.com\/#\/schema\/person\/2ec14f73fb96be2caf28f91afb14749d","name":"Equipe G\u00e1vea News","image":{"@type":"ImageObject","inLanguage":"pt-BR","@id":"https:\/\/www.gaveanews.com\/#\/schema\/person\/image\/","url":"https:\/\/secure.gravatar.com\/avatar\/1e1956f1facbffd3f8fa53a326721950116b3b9dc9bd44939c01180fd4a745a9?s=96&d=mm&r=g","contentUrl":"https:\/\/secure.gravatar.com\/avatar\/1e1956f1facbffd3f8fa53a326721950116b3b9dc9bd44939c01180fd4a745a9?s=96&d=mm&r=g","caption":"Equipe G\u00e1vea News"}}]}},"_links":{"self":[{"href":"https:\/\/www.gaveanews.com\/index.php\/wp-json\/wp\/v2\/posts\/62144","targetHints":{"allow":["GET"]}}],"collection":[{"href":"https:\/\/www.gaveanews.com\/index.php\/wp-json\/wp\/v2\/posts"}],"about":[{"href":"https:\/\/www.gaveanews.com\/index.php\/wp-json\/wp\/v2\/types\/post"}],"author":[{"embeddable":true,"href":"https:\/\/www.gaveanews.com\/index.php\/wp-json\/wp\/v2\/users\/1"}],"replies":[{"embeddable":true,"href":"https:\/\/www.gaveanews.com\/index.php\/wp-json\/wp\/v2\/comments?post=62144"}],"version-history":[{"count":0,"href":"https:\/\/www.gaveanews.com\/index.php\/wp-json\/wp\/v2\/posts\/62144\/revisions"}],"wp:featuredmedia":[{"embeddable":true,"href":"https:\/\/www.gaveanews.com\/index.php\/wp-json\/wp\/v2\/media\/17043"}],"wp:attachment":[{"href":"https:\/\/www.gaveanews.com\/index.php\/wp-json\/wp\/v2\/media?parent=62144"}],"wp:term":[{"taxonomy":"category","embeddable":true,"href":"https:\/\/www.gaveanews.com\/index.php\/wp-json\/wp\/v2\/categories?post=62144"},{"taxonomy":"post_tag","embeddable":true,"href":"https:\/\/www.gaveanews.com\/index.php\/wp-json\/wp\/v2\/tags?post=62144"}],"curies":[{"name":"wp","href":"https:\/\/api.w.org\/{rel}","templated":true}]}}