{"id":62254,"date":"2021-06-01T14:21:10","date_gmt":"2021-06-01T17:21:10","guid":{"rendered":"https:\/\/www.gaveanews.com\/?p=62254"},"modified":"2021-06-01T14:42:32","modified_gmt":"2021-06-01T17:42:32","slug":"times-se-manifestam-contra-paralizacao-do-futebol-brasileiro","status":"publish","type":"post","link":"https:\/\/www.gaveanews.com\/index.php\/2021\/06\/01\/times-se-manifestam-contra-paralizacao-do-futebol-brasileiro\/","title":{"rendered":"Times se manifestam contra paraliza\u00e7\u00e3o do futebol brasileiro"},"content":{"rendered":"\n<p>O Flamengo vai solicitar \u00e0 CBF que o Campeonato Brasileiro seja paralisado durante o per\u00edodo da Copa Am\u00e9rica de 2021, que agora ser\u00e1 realizada no Brasil. Com isso, a ideia do Rubro-Negro carioca \u00e9 que o calend\u00e1rio da atual temporada se estenda at\u00e9 o in\u00edcio de 2022.<\/p>\n\n\n\n<p>Os representantes cearenses na S\u00e9rie A s\u00e3o contra a ideia. Ao jornal &#8216;O Povo&#8217;, o presidente do Cear\u00e1, Robinson de Castro, e o presidente do Fortaleza, Marcelo Paz, se posicionaram a favor da sequ\u00eancia do Campeonato Brasileiro em paralelo ao torneio de sele\u00e7\u00f5es, mantendo o encerramento do calend\u00e1rio para dezembro, como programado.<\/p>\n\n\n\n<p>A Copa Am\u00e9rica n\u00e3o dever\u00e1 oferecer impacto nenhum aos clubes cearenses, j\u00e1 que, \u00e0 exce\u00e7\u00e3o do zagueiro Quintero, do Fortaleza, que est\u00e1 pr\u00e9-convocado pela Col\u00f4mbia, nenhum outro jogador que atue no Tricolor ou no Cear\u00e1 tem chance de disputar a competi\u00e7\u00e3o. Al\u00e9m disso, o Castel\u00e3o n\u00e3o est\u00e1 entre os cotados para receber partidas do torneio da Conmebol \u2014 n\u00e3o houve nenhum contato at\u00e9 o momento \u2014, o que evita choque de datas e comprometer o gramado.<\/p>\n\n\n\n<p>J\u00e1 o Flamengo teme perder at\u00e9 oito jogadores por conta da Copa Am\u00e9rica, por isso quer paralisar a S\u00e9rie A, alegando isonomia. Rodrigo Caio, Everton Ribeiro e Gabigol est\u00e3o convocados para a sele\u00e7\u00e3o principal e v\u00e3o disputar jogos das Eliminat\u00f3rias da Copa, enquanto Gerson e Pedro est\u00e3o convocados para a sele\u00e7\u00e3o ol\u00edmpica.<\/p>\n\n\n\n<p>Al\u00e9m dos brasileiros, Isla (Chile), Arrascaeta (Uruguai) e Piris da Motta (Paraguai) devem ser convocados pelas sele\u00e7\u00f5es de seus pa\u00edses. O Brasil e demais pa\u00edses precisam enviar para Conmebol a lista com at\u00e9 28 jogadores que v\u00e3o jogar a Copa Am\u00e9rica at\u00e9 ter\u00e7a-feira, 1\u00ba.<\/p>\n\n\n\n<p>Retirado de: O Povo<\/p>\n","protected":false},"excerpt":{"rendered":"<p>O Flamengo vai solicitar \u00e0 CBF que o Campeonato Brasileiro seja paralisado durante o per\u00edodo da Copa Am\u00e9rica de 2021, que agora ser\u00e1 realizada no Brasil. Com isso, a ideia do Rubro-Negro carioca \u00e9 que o calend\u00e1rio da atual temporada se estenda at\u00e9 o in\u00edcio de 2022. Os representantes cearenses na S\u00e9rie A s\u00e3o contra [&hellip;]<\/p>\n","protected":false},"author":1,"featured_media":56703,"comment_status":"open","ping_status":"closed","sticky":false,"template":"","format":"standard","meta":{"footnotes":""},"categories":[1],"tags":[],"class_list":["post-62254","post","type-post","status-publish","format-standard","has-post-thumbnail","hentry","category-flamengo"],"yoast_head":"<!-- This site is optimized with the Yoast SEO Premium plugin v24.2 (Yoast SEO v26.9) - https:\/\/yoast.com\/product\/yoast-seo-premium-wordpress\/ -->\n<title>Times se manifestam contra paraliza\u00e7\u00e3o do futebol brasileiro<\/title>\n<meta name=\"robots\" content=\"index, follow, max-snippet:-1, max-image-preview:large, max-video-preview:-1\" \/>\n<link rel=\"canonical\" href=\"https:\/\/www.gaveanews.com\/index.php\/2021\/06\/01\/times-se-manifestam-contra-paralizacao-do-futebol-brasileiro\/\" \/>\n<meta property=\"og:locale\" content=\"pt_BR\" \/>\n<meta property=\"og:type\" content=\"article\" \/>\n<meta property=\"og:title\" content=\"Times se manifestam contra paraliza\u00e7\u00e3o do futebol brasileiro\" \/>\n<meta property=\"og:description\" content=\"O Flamengo vai solicitar \u00e0 CBF que o Campeonato Brasileiro seja paralisado durante o per\u00edodo da Copa Am\u00e9rica de 2021, que agora ser\u00e1 realizada no Brasil. Com isso, a ideia do Rubro-Negro carioca \u00e9 que o calend\u00e1rio da atual temporada se estenda at\u00e9 o in\u00edcio de 2022. Os representantes cearenses na S\u00e9rie A s\u00e3o contra [&hellip;]\" \/>\n<meta property=\"og:url\" content=\"https:\/\/www.gaveanews.com\/index.php\/2021\/06\/01\/times-se-manifestam-contra-paralizacao-do-futebol-brasileiro\/\" \/>\n<meta property=\"og:site_name\" content=\"G\u00e1vea News\" \/>\n<meta property=\"article:publisher\" content=\"https:\/\/facebook.com\/gaveaNews\/\" \/>\n<meta property=\"article:published_time\" content=\"2021-06-01T17:21:10+00:00\" \/>\n<meta property=\"article:modified_time\" content=\"2021-06-01T17:42:32+00:00\" \/>\n<meta property=\"og:image\" content=\"https:\/\/www.gaveanews.com\/wp-content\/uploads\/Taca-do-Campeonato-Brasileiro-com-uma-carta-assinada-pelo-presidente-da-CBF.webp\" \/>\n\t<meta property=\"og:image:width\" content=\"800\" \/>\n\t<meta property=\"og:image:height\" content=\"533\" \/>\n\t<meta property=\"og:image:type\" content=\"image\/jpeg\" \/>\n<meta name=\"author\" content=\"Equipe G\u00e1vea News\" \/>\n<meta name=\"twitter:card\" content=\"summary_large_image\" \/>\n<meta name=\"twitter:label1\" content=\"Escrito por\" \/>\n\t<meta name=\"twitter:data1\" content=\"Equipe G\u00e1vea News\" \/>\n\t<meta name=\"twitter:label2\" content=\"Est. tempo de leitura\" \/>\n\t<meta name=\"twitter:data2\" content=\"2 minutos\" \/>\n<script type=\"application\/ld+json\" class=\"yoast-schema-graph\">{\"@context\":\"https:\/\/schema.org\",\"@graph\":[{\"@type\":\"NewsArticle\",\"@id\":\"https:\/\/www.gaveanews.com\/index.php\/2021\/06\/01\/times-se-manifestam-contra-paralizacao-do-futebol-brasileiro\/#article\",\"isPartOf\":{\"@id\":\"https:\/\/www.gaveanews.com\/index.php\/2021\/06\/01\/times-se-manifestam-contra-paralizacao-do-futebol-brasileiro\/\"},\"author\":{\"name\":\"Equipe G\u00e1vea News\",\"@id\":\"https:\/\/www.gaveanews.com\/#\/schema\/person\/2ec14f73fb96be2caf28f91afb14749d\"},\"headline\":\"Times se manifestam contra paraliza\u00e7\u00e3o do futebol brasileiro\",\"datePublished\":\"2021-06-01T17:21:10+00:00\",\"dateModified\":\"2021-06-01T17:42:32+00:00\",\"mainEntityOfPage\":{\"@id\":\"https:\/\/www.gaveanews.com\/index.php\/2021\/06\/01\/times-se-manifestam-contra-paralizacao-do-futebol-brasileiro\/\"},\"wordCount\":310,\"commentCount\":34,\"image\":{\"@id\":\"https:\/\/www.gaveanews.com\/index.php\/2021\/06\/01\/times-se-manifestam-contra-paralizacao-do-futebol-brasileiro\/#primaryimage\"},\"thumbnailUrl\":\"https:\/\/www.gaveanews.com\/wp-content\/uploads\/Taca-do-Campeonato-Brasileiro-com-uma-carta-assinada-pelo-presidente-da-CBF.webp\",\"articleSection\":[\"Flamengo\"],\"inLanguage\":\"pt-BR\",\"potentialAction\":[{\"@type\":\"CommentAction\",\"name\":\"Comment\",\"target\":[\"https:\/\/www.gaveanews.com\/index.php\/2021\/06\/01\/times-se-manifestam-contra-paralizacao-do-futebol-brasileiro\/#respond\"]}],\"copyrightYear\":\"2021\",\"copyrightHolder\":{\"@id\":\"https:\/\/www.gaveanews.com\/#organization\"}},{\"@type\":\"WebPage\",\"@id\":\"https:\/\/www.gaveanews.com\/index.php\/2021\/06\/01\/times-se-manifestam-contra-paralizacao-do-futebol-brasileiro\/\",\"url\":\"https:\/\/www.gaveanews.com\/index.php\/2021\/06\/01\/times-se-manifestam-contra-paralizacao-do-futebol-brasileiro\/\",\"name\":\"Times se manifestam contra paraliza\u00e7\u00e3o do futebol brasileiro\",\"isPartOf\":{\"@id\":\"https:\/\/www.gaveanews.com\/#website\"},\"primaryImageOfPage\":{\"@id\":\"https:\/\/www.gaveanews.com\/index.php\/2021\/06\/01\/times-se-manifestam-contra-paralizacao-do-futebol-brasileiro\/#primaryimage\"},\"image\":{\"@id\":\"https:\/\/www.gaveanews.com\/index.php\/2021\/06\/01\/times-se-manifestam-contra-paralizacao-do-futebol-brasileiro\/#primaryimage\"},\"thumbnailUrl\":\"https:\/\/www.gaveanews.com\/wp-content\/uploads\/Taca-do-Campeonato-Brasileiro-com-uma-carta-assinada-pelo-presidente-da-CBF.webp\",\"datePublished\":\"2021-06-01T17:21:10+00:00\",\"dateModified\":\"2021-06-01T17:42:32+00:00\",\"author\":{\"@id\":\"https:\/\/www.gaveanews.com\/#\/schema\/person\/2ec14f73fb96be2caf28f91afb14749d\"},\"breadcrumb\":{\"@id\":\"https:\/\/www.gaveanews.com\/index.php\/2021\/06\/01\/times-se-manifestam-contra-paralizacao-do-futebol-brasileiro\/#breadcrumb\"},\"inLanguage\":\"pt-BR\",\"potentialAction\":[{\"@type\":\"ReadAction\",\"target\":[\"https:\/\/www.gaveanews.com\/index.php\/2021\/06\/01\/times-se-manifestam-contra-paralizacao-do-futebol-brasileiro\/\"]}]},{\"@type\":\"ImageObject\",\"inLanguage\":\"pt-BR\",\"@id\":\"https:\/\/www.gaveanews.com\/index.php\/2021\/06\/01\/times-se-manifestam-contra-paralizacao-do-futebol-brasileiro\/#primaryimage\",\"url\":\"https:\/\/www.gaveanews.com\/wp-content\/uploads\/Taca-do-Campeonato-Brasileiro-com-uma-carta-assinada-pelo-presidente-da-CBF.webp\",\"contentUrl\":\"https:\/\/www.gaveanews.com\/wp-content\/uploads\/Taca-do-Campeonato-Brasileiro-com-uma-carta-assinada-pelo-presidente-da-CBF.webp\",\"width\":800,\"height\":533,\"caption\":\"Ta\u00e7a do Campeonato Brasileiro com uma carta assinada pelo presidente da CBF (Foto: Marcelo Cortes\/Flamengo)\"},{\"@type\":\"BreadcrumbList\",\"@id\":\"https:\/\/www.gaveanews.com\/index.php\/2021\/06\/01\/times-se-manifestam-contra-paralizacao-do-futebol-brasileiro\/#breadcrumb\",\"itemListElement\":[{\"@type\":\"ListItem\",\"position\":1,\"name\":\"Home\",\"item\":\"https:\/\/www.gaveanews.com\/\"},{\"@type\":\"ListItem\",\"position\":2,\"name\":\"Times se manifestam contra paraliza\u00e7\u00e3o do futebol brasileiro\"}]},{\"@type\":\"WebSite\",\"@id\":\"https:\/\/www.gaveanews.com\/#website\",\"url\":\"https:\/\/www.gaveanews.com\/\",\"name\":\"G\u00e1vea News\",\"description\":\"Veja todas as not\u00edcias sobre o Flamengo: Contrata\u00e7\u00f5es, categorias de base, resultados das partidas, tabela de classifica\u00e7\u00e3o, pr\u00f3ximos jogos!\",\"potentialAction\":[{\"@type\":\"SearchAction\",\"target\":{\"@type\":\"EntryPoint\",\"urlTemplate\":\"https:\/\/www.gaveanews.com\/?s={search_term_string}\"},\"query-input\":{\"@type\":\"PropertyValueSpecification\",\"valueRequired\":true,\"valueName\":\"search_term_string\"}}],\"inLanguage\":\"pt-BR\"},{\"@type\":\"Person\",\"@id\":\"https:\/\/www.gaveanews.com\/#\/schema\/person\/2ec14f73fb96be2caf28f91afb14749d\",\"name\":\"Equipe G\u00e1vea News\",\"image\":{\"@type\":\"ImageObject\",\"inLanguage\":\"pt-BR\",\"@id\":\"https:\/\/www.gaveanews.com\/#\/schema\/person\/image\/\",\"url\":\"https:\/\/secure.gravatar.com\/avatar\/1e1956f1facbffd3f8fa53a326721950116b3b9dc9bd44939c01180fd4a745a9?s=96&d=mm&r=g\",\"contentUrl\":\"https:\/\/secure.gravatar.com\/avatar\/1e1956f1facbffd3f8fa53a326721950116b3b9dc9bd44939c01180fd4a745a9?s=96&d=mm&r=g\",\"caption\":\"Equipe G\u00e1vea News\"}}]}<\/script>\n<!-- \/ Yoast SEO Premium plugin. -->","yoast_head_json":{"title":"Times se manifestam contra paraliza\u00e7\u00e3o do futebol brasileiro","robots":{"index":"index","follow":"follow","max-snippet":"max-snippet:-1","max-image-preview":"max-image-preview:large","max-video-preview":"max-video-preview:-1"},"canonical":"https:\/\/www.gaveanews.com\/index.php\/2021\/06\/01\/times-se-manifestam-contra-paralizacao-do-futebol-brasileiro\/","og_locale":"pt_BR","og_type":"article","og_title":"Times se manifestam contra paraliza\u00e7\u00e3o do futebol brasileiro","og_description":"O Flamengo vai solicitar \u00e0 CBF que o Campeonato Brasileiro seja paralisado durante o per\u00edodo da Copa Am\u00e9rica de 2021, que agora ser\u00e1 realizada no Brasil. Com isso, a ideia do Rubro-Negro carioca \u00e9 que o calend\u00e1rio da atual temporada se estenda at\u00e9 o in\u00edcio de 2022. Os representantes cearenses na S\u00e9rie A s\u00e3o contra [&hellip;]","og_url":"https:\/\/www.gaveanews.com\/index.php\/2021\/06\/01\/times-se-manifestam-contra-paralizacao-do-futebol-brasileiro\/","og_site_name":"G\u00e1vea News","article_publisher":"https:\/\/facebook.com\/gaveaNews\/","article_published_time":"2021-06-01T17:21:10+00:00","article_modified_time":"2021-06-01T17:42:32+00:00","og_image":[{"width":800,"height":533,"url":"https:\/\/www.gaveanews.com\/wp-content\/uploads\/Taca-do-Campeonato-Brasileiro-com-uma-carta-assinada-pelo-presidente-da-CBF.webp","type":"image\/jpeg"}],"author":"Equipe G\u00e1vea News","twitter_card":"summary_large_image","twitter_misc":{"Escrito por":"Equipe G\u00e1vea News","Est. tempo de leitura":"2 minutos"},"schema":{"@context":"https:\/\/schema.org","@graph":[{"@type":"NewsArticle","@id":"https:\/\/www.gaveanews.com\/index.php\/2021\/06\/01\/times-se-manifestam-contra-paralizacao-do-futebol-brasileiro\/#article","isPartOf":{"@id":"https:\/\/www.gaveanews.com\/index.php\/2021\/06\/01\/times-se-manifestam-contra-paralizacao-do-futebol-brasileiro\/"},"author":{"name":"Equipe G\u00e1vea News","@id":"https:\/\/www.gaveanews.com\/#\/schema\/person\/2ec14f73fb96be2caf28f91afb14749d"},"headline":"Times se manifestam contra paraliza\u00e7\u00e3o do futebol brasileiro","datePublished":"2021-06-01T17:21:10+00:00","dateModified":"2021-06-01T17:42:32+00:00","mainEntityOfPage":{"@id":"https:\/\/www.gaveanews.com\/index.php\/2021\/06\/01\/times-se-manifestam-contra-paralizacao-do-futebol-brasileiro\/"},"wordCount":310,"commentCount":34,"image":{"@id":"https:\/\/www.gaveanews.com\/index.php\/2021\/06\/01\/times-se-manifestam-contra-paralizacao-do-futebol-brasileiro\/#primaryimage"},"thumbnailUrl":"https:\/\/www.gaveanews.com\/wp-content\/uploads\/Taca-do-Campeonato-Brasileiro-com-uma-carta-assinada-pelo-presidente-da-CBF.webp","articleSection":["Flamengo"],"inLanguage":"pt-BR","potentialAction":[{"@type":"CommentAction","name":"Comment","target":["https:\/\/www.gaveanews.com\/index.php\/2021\/06\/01\/times-se-manifestam-contra-paralizacao-do-futebol-brasileiro\/#respond"]}],"copyrightYear":"2021","copyrightHolder":{"@id":"https:\/\/www.gaveanews.com\/#organization"}},{"@type":"WebPage","@id":"https:\/\/www.gaveanews.com\/index.php\/2021\/06\/01\/times-se-manifestam-contra-paralizacao-do-futebol-brasileiro\/","url":"https:\/\/www.gaveanews.com\/index.php\/2021\/06\/01\/times-se-manifestam-contra-paralizacao-do-futebol-brasileiro\/","name":"Times se manifestam contra paraliza\u00e7\u00e3o do futebol brasileiro","isPartOf":{"@id":"https:\/\/www.gaveanews.com\/#website"},"primaryImageOfPage":{"@id":"https:\/\/www.gaveanews.com\/index.php\/2021\/06\/01\/times-se-manifestam-contra-paralizacao-do-futebol-brasileiro\/#primaryimage"},"image":{"@id":"https:\/\/www.gaveanews.com\/index.php\/2021\/06\/01\/times-se-manifestam-contra-paralizacao-do-futebol-brasileiro\/#primaryimage"},"thumbnailUrl":"https:\/\/www.gaveanews.com\/wp-content\/uploads\/Taca-do-Campeonato-Brasileiro-com-uma-carta-assinada-pelo-presidente-da-CBF.webp","datePublished":"2021-06-01T17:21:10+00:00","dateModified":"2021-06-01T17:42:32+00:00","author":{"@id":"https:\/\/www.gaveanews.com\/#\/schema\/person\/2ec14f73fb96be2caf28f91afb14749d"},"breadcrumb":{"@id":"https:\/\/www.gaveanews.com\/index.php\/2021\/06\/01\/times-se-manifestam-contra-paralizacao-do-futebol-brasileiro\/#breadcrumb"},"inLanguage":"pt-BR","potentialAction":[{"@type":"ReadAction","target":["https:\/\/www.gaveanews.com\/index.php\/2021\/06\/01\/times-se-manifestam-contra-paralizacao-do-futebol-brasileiro\/"]}]},{"@type":"ImageObject","inLanguage":"pt-BR","@id":"https:\/\/www.gaveanews.com\/index.php\/2021\/06\/01\/times-se-manifestam-contra-paralizacao-do-futebol-brasileiro\/#primaryimage","url":"https:\/\/www.gaveanews.com\/wp-content\/uploads\/Taca-do-Campeonato-Brasileiro-com-uma-carta-assinada-pelo-presidente-da-CBF.webp","contentUrl":"https:\/\/www.gaveanews.com\/wp-content\/uploads\/Taca-do-Campeonato-Brasileiro-com-uma-carta-assinada-pelo-presidente-da-CBF.webp","width":800,"height":533,"caption":"Ta\u00e7a do Campeonato Brasileiro com uma carta assinada pelo presidente da CBF (Foto: Marcelo Cortes\/Flamengo)"},{"@type":"BreadcrumbList","@id":"https:\/\/www.gaveanews.com\/index.php\/2021\/06\/01\/times-se-manifestam-contra-paralizacao-do-futebol-brasileiro\/#breadcrumb","itemListElement":[{"@type":"ListItem","position":1,"name":"Home","item":"https:\/\/www.gaveanews.com\/"},{"@type":"ListItem","position":2,"name":"Times se manifestam contra paraliza\u00e7\u00e3o do futebol brasileiro"}]},{"@type":"WebSite","@id":"https:\/\/www.gaveanews.com\/#website","url":"https:\/\/www.gaveanews.com\/","name":"G\u00e1vea News","description":"Veja todas as not\u00edcias sobre o Flamengo: Contrata\u00e7\u00f5es, categorias de base, resultados das partidas, tabela de classifica\u00e7\u00e3o, pr\u00f3ximos jogos!","potentialAction":[{"@type":"SearchAction","target":{"@type":"EntryPoint","urlTemplate":"https:\/\/www.gaveanews.com\/?s={search_term_string}"},"query-input":{"@type":"PropertyValueSpecification","valueRequired":true,"valueName":"search_term_string"}}],"inLanguage":"pt-BR"},{"@type":"Person","@id":"https:\/\/www.gaveanews.com\/#\/schema\/person\/2ec14f73fb96be2caf28f91afb14749d","name":"Equipe G\u00e1vea News","image":{"@type":"ImageObject","inLanguage":"pt-BR","@id":"https:\/\/www.gaveanews.com\/#\/schema\/person\/image\/","url":"https:\/\/secure.gravatar.com\/avatar\/1e1956f1facbffd3f8fa53a326721950116b3b9dc9bd44939c01180fd4a745a9?s=96&d=mm&r=g","contentUrl":"https:\/\/secure.gravatar.com\/avatar\/1e1956f1facbffd3f8fa53a326721950116b3b9dc9bd44939c01180fd4a745a9?s=96&d=mm&r=g","caption":"Equipe G\u00e1vea News"}}]}},"_links":{"self":[{"href":"https:\/\/www.gaveanews.com\/index.php\/wp-json\/wp\/v2\/posts\/62254","targetHints":{"allow":["GET"]}}],"collection":[{"href":"https:\/\/www.gaveanews.com\/index.php\/wp-json\/wp\/v2\/posts"}],"about":[{"href":"https:\/\/www.gaveanews.com\/index.php\/wp-json\/wp\/v2\/types\/post"}],"author":[{"embeddable":true,"href":"https:\/\/www.gaveanews.com\/index.php\/wp-json\/wp\/v2\/users\/1"}],"replies":[{"embeddable":true,"href":"https:\/\/www.gaveanews.com\/index.php\/wp-json\/wp\/v2\/comments?post=62254"}],"version-history":[{"count":0,"href":"https:\/\/www.gaveanews.com\/index.php\/wp-json\/wp\/v2\/posts\/62254\/revisions"}],"wp:featuredmedia":[{"embeddable":true,"href":"https:\/\/www.gaveanews.com\/index.php\/wp-json\/wp\/v2\/media\/56703"}],"wp:attachment":[{"href":"https:\/\/www.gaveanews.com\/index.php\/wp-json\/wp\/v2\/media?parent=62254"}],"wp:term":[{"taxonomy":"category","embeddable":true,"href":"https:\/\/www.gaveanews.com\/index.php\/wp-json\/wp\/v2\/categories?post=62254"},{"taxonomy":"post_tag","embeddable":true,"href":"https:\/\/www.gaveanews.com\/index.php\/wp-json\/wp\/v2\/tags?post=62254"}],"curies":[{"name":"wp","href":"https:\/\/api.w.org\/{rel}","templated":true}]}}