{"id":62257,"date":"2021-06-01T14:47:35","date_gmt":"2021-06-01T17:47:35","guid":{"rendered":"https:\/\/www.gaveanews.com\/?p=62257"},"modified":"2021-06-01T14:47:37","modified_gmt":"2021-06-01T17:47:37","slug":"marcos-braz-diz-que-flamengo-ja-avalia-nomes-para-substituir-gerson","status":"publish","type":"post","link":"https:\/\/www.gaveanews.com\/index.php\/2021\/06\/01\/marcos-braz-diz-que-flamengo-ja-avalia-nomes-para-substituir-gerson\/","title":{"rendered":"Marcos Braz diz que Flamengo j\u00e1 avalia nomes para substituir Gerson"},"content":{"rendered":"\n<p>Vice-presidente de futebol do Flamengo, Marcos Braz concedeu entrevista exclusiva ao jornalista Jorge Nicola. Por pouco mais de uma hora, falou sobre o almo\u00e7o com Kenedy, o futuro de Rog\u00e9rio Ceni, as negocia\u00e7\u00f5es envolvendo Gerson, a renova\u00e7\u00e3o de Arrascaeta, chances de novos refor\u00e7os e especula\u00e7\u00f5es que envolvem Luiz Gustavo, Marinho, David Luiz e mais.<\/p>\n\n\n\n<p>Sobre Kenedy, Marcos Braz admitiu que apresentou o centro de treinamento do Flamengo ao atacante durante a tarde desta sexta-feira.<\/p>\n\n\n\n<p><strong><em>\u2014 Ele est\u00e1 lesionado, mora perto do Ninho e nos oferecemos para que ele possa fazer o tratamento l\u00e1\u201d, <\/em><\/strong>resumiu o dirigente, descartando que Kenedy, que pertence ao Chelsea, possa ser contratado em breve. \u201cFoi s\u00f3 isso\u201d.<\/p>\n\n\n\n<p>A respeito de Gerson, o vice de futebol assegurou que o Olympique de Marselha \u00e9 o \u00fanico clube com proposta. Real Madrid e Atl\u00e9tico de Madrid nunca fizeram contato. A impress\u00e3o que Braz deixou \u00e9 de que o neg\u00f3cio, mais cedo ou mais tarde, sair\u00e1, embora o Fla tente arrancar a melhor condi\u00e7\u00e3o da transfer\u00eancia. E o substituto? Luiz Gustavo poderia ser um nome?<\/p>\n\n\n\n<p><strong><em>\u2014 N\u00e3o posso falar de substitui\u00e7\u00e3o para o Gerson porque ele ainda n\u00e3o saiu. N\u00e3o vou dizer que a gente n\u00e3o pensou em substituto, mas n\u00e3o fez qualquer contato com ningu\u00e9m<\/em><\/strong>, assegura Marcos Braz.<\/p>\n\n\n\n<p>O fato de a janela estar fechada \u00e9 uma justificativa importante para a calma rubro-negra.<\/p>\n\n\n\n<p><strong><em>\u2014 S\u00f3 podemos inscrever jogadores vindos de fora a partir de 1\u00ba de agosto<\/em><\/strong>, adverte o dirigente, que tamb\u00e9m reconheceu ter uma \u00f3tima rela\u00e7\u00e3o com David Luiz, livre do contrato com o Gerson. \u201cMas n\u00e3o tem nada\u201d.<\/p>\n\n\n\n<p>Sobre Marinho, Braz lembrou de um per\u00edodo em que o pr\u00f3prio jogador falou, tempos atr\u00e1s, sobre a possibilidade de defender o Fla. Mas o dirigente classifica a possibilidade de contrat\u00e1-lo como extremamente dif\u00edcil, por causa do contrato com o Santos.<\/p>\n\n\n\n<p>E Ceni corre algum risco? Se depender do vice, chance zero de demiss\u00e3o. Braz quer acabar com a fama do Flamengo de ser um clube que troca de treinador com enorme frequ\u00eancia. Primeiro, por entender que \u00e9 p\u00e9ssimo. Depois, por uma quest\u00e3o de economia. E por \u00faltimo porque ainda acredita no treinador, que soma t\u00edtulos de Brasileiro, Supercopa e Carioca em pouco mais de seis meses.<\/p>\n\n\n\n<p>Retirado de: Jorge Nicola<\/p>\n","protected":false},"excerpt":{"rendered":"<p>Vice-presidente de futebol do Flamengo, Marcos Braz concedeu entrevista exclusiva ao jornalista Jorge Nicola. Por pouco mais de uma hora, falou sobre o almo\u00e7o com Kenedy, o futuro de Rog\u00e9rio Ceni, as negocia\u00e7\u00f5es envolvendo Gerson, a renova\u00e7\u00e3o de Arrascaeta, chances de novos refor\u00e7os e especula\u00e7\u00f5es que envolvem Luiz Gustavo, Marinho, David Luiz e mais. Sobre [&hellip;]<\/p>\n","protected":false},"author":1,"featured_media":49310,"comment_status":"open","ping_status":"closed","sticky":false,"template":"","format":"standard","meta":{"footnotes":""},"categories":[48],"tags":[],"class_list":["post-62257","post","type-post","status-publish","format-standard","has-post-thumbnail","hentry","category-negociacoes"],"yoast_head":"<!-- This site is optimized with the Yoast SEO Premium plugin v24.2 (Yoast SEO v26.9) - https:\/\/yoast.com\/product\/yoast-seo-premium-wordpress\/ -->\n<title>Marcos Braz diz que Flamengo j\u00e1 avalia nomes para substituir Gerson<\/title>\n<meta name=\"robots\" content=\"index, follow, max-snippet:-1, max-image-preview:large, max-video-preview:-1\" \/>\n<link rel=\"canonical\" href=\"https:\/\/www.gaveanews.com\/index.php\/2021\/06\/01\/marcos-braz-diz-que-flamengo-ja-avalia-nomes-para-substituir-gerson\/\" \/>\n<meta property=\"og:locale\" content=\"pt_BR\" \/>\n<meta property=\"og:type\" content=\"article\" \/>\n<meta property=\"og:title\" content=\"Marcos Braz diz que Flamengo j\u00e1 avalia nomes para substituir Gerson\" \/>\n<meta property=\"og:description\" content=\"Vice-presidente de futebol do Flamengo, Marcos Braz concedeu entrevista exclusiva ao jornalista Jorge Nicola. Por pouco mais de uma hora, falou sobre o almo\u00e7o com Kenedy, o futuro de Rog\u00e9rio Ceni, as negocia\u00e7\u00f5es envolvendo Gerson, a renova\u00e7\u00e3o de Arrascaeta, chances de novos refor\u00e7os e especula\u00e7\u00f5es que envolvem Luiz Gustavo, Marinho, David Luiz e mais. Sobre [&hellip;]\" \/>\n<meta property=\"og:url\" content=\"https:\/\/www.gaveanews.com\/index.php\/2021\/06\/01\/marcos-braz-diz-que-flamengo-ja-avalia-nomes-para-substituir-gerson\/\" \/>\n<meta property=\"og:site_name\" content=\"G\u00e1vea News\" \/>\n<meta property=\"article:publisher\" content=\"https:\/\/facebook.com\/gaveaNews\/\" \/>\n<meta property=\"article:published_time\" content=\"2021-06-01T17:47:35+00:00\" \/>\n<meta property=\"article:modified_time\" content=\"2021-06-01T17:47:37+00:00\" \/>\n<meta property=\"og:image\" content=\"https:\/\/www.gaveanews.com\/wp-content\/uploads\/Gerson-durante-um-treinamento-do-Flamengo-no-Ninho-do-Urubu.webp\" \/>\n\t<meta property=\"og:image:width\" content=\"799\" \/>\n\t<meta property=\"og:image:height\" content=\"532\" \/>\n\t<meta property=\"og:image:type\" content=\"image\/jpeg\" \/>\n<meta name=\"author\" content=\"Equipe G\u00e1vea News\" \/>\n<meta name=\"twitter:card\" content=\"summary_large_image\" \/>\n<meta name=\"twitter:label1\" content=\"Escrito por\" \/>\n\t<meta name=\"twitter:data1\" content=\"Equipe G\u00e1vea News\" \/>\n\t<meta name=\"twitter:label2\" content=\"Est. tempo de leitura\" \/>\n\t<meta name=\"twitter:data2\" content=\"2 minutos\" \/>\n<script type=\"application\/ld+json\" class=\"yoast-schema-graph\">{\"@context\":\"https:\/\/schema.org\",\"@graph\":[{\"@type\":\"NewsArticle\",\"@id\":\"https:\/\/www.gaveanews.com\/index.php\/2021\/06\/01\/marcos-braz-diz-que-flamengo-ja-avalia-nomes-para-substituir-gerson\/#article\",\"isPartOf\":{\"@id\":\"https:\/\/www.gaveanews.com\/index.php\/2021\/06\/01\/marcos-braz-diz-que-flamengo-ja-avalia-nomes-para-substituir-gerson\/\"},\"author\":{\"name\":\"Equipe G\u00e1vea News\",\"@id\":\"https:\/\/www.gaveanews.com\/#\/schema\/person\/2ec14f73fb96be2caf28f91afb14749d\"},\"headline\":\"Marcos Braz diz que Flamengo j\u00e1 avalia nomes para substituir Gerson\",\"datePublished\":\"2021-06-01T17:47:35+00:00\",\"dateModified\":\"2021-06-01T17:47:37+00:00\",\"mainEntityOfPage\":{\"@id\":\"https:\/\/www.gaveanews.com\/index.php\/2021\/06\/01\/marcos-braz-diz-que-flamengo-ja-avalia-nomes-para-substituir-gerson\/\"},\"wordCount\":405,\"commentCount\":19,\"image\":{\"@id\":\"https:\/\/www.gaveanews.com\/index.php\/2021\/06\/01\/marcos-braz-diz-que-flamengo-ja-avalia-nomes-para-substituir-gerson\/#primaryimage\"},\"thumbnailUrl\":\"https:\/\/www.gaveanews.com\/wp-content\/uploads\/Gerson-durante-um-treinamento-do-Flamengo-no-Ninho-do-Urubu.webp\",\"articleSection\":[\"Negocia\u00e7\u00f5es\"],\"inLanguage\":\"pt-BR\",\"potentialAction\":[{\"@type\":\"CommentAction\",\"name\":\"Comment\",\"target\":[\"https:\/\/www.gaveanews.com\/index.php\/2021\/06\/01\/marcos-braz-diz-que-flamengo-ja-avalia-nomes-para-substituir-gerson\/#respond\"]}],\"copyrightYear\":\"2021\",\"copyrightHolder\":{\"@id\":\"https:\/\/www.gaveanews.com\/#organization\"}},{\"@type\":\"WebPage\",\"@id\":\"https:\/\/www.gaveanews.com\/index.php\/2021\/06\/01\/marcos-braz-diz-que-flamengo-ja-avalia-nomes-para-substituir-gerson\/\",\"url\":\"https:\/\/www.gaveanews.com\/index.php\/2021\/06\/01\/marcos-braz-diz-que-flamengo-ja-avalia-nomes-para-substituir-gerson\/\",\"name\":\"Marcos Braz diz que Flamengo j\u00e1 avalia nomes para substituir Gerson\",\"isPartOf\":{\"@id\":\"https:\/\/www.gaveanews.com\/#website\"},\"primaryImageOfPage\":{\"@id\":\"https:\/\/www.gaveanews.com\/index.php\/2021\/06\/01\/marcos-braz-diz-que-flamengo-ja-avalia-nomes-para-substituir-gerson\/#primaryimage\"},\"image\":{\"@id\":\"https:\/\/www.gaveanews.com\/index.php\/2021\/06\/01\/marcos-braz-diz-que-flamengo-ja-avalia-nomes-para-substituir-gerson\/#primaryimage\"},\"thumbnailUrl\":\"https:\/\/www.gaveanews.com\/wp-content\/uploads\/Gerson-durante-um-treinamento-do-Flamengo-no-Ninho-do-Urubu.webp\",\"datePublished\":\"2021-06-01T17:47:35+00:00\",\"dateModified\":\"2021-06-01T17:47:37+00:00\",\"author\":{\"@id\":\"https:\/\/www.gaveanews.com\/#\/schema\/person\/2ec14f73fb96be2caf28f91afb14749d\"},\"breadcrumb\":{\"@id\":\"https:\/\/www.gaveanews.com\/index.php\/2021\/06\/01\/marcos-braz-diz-que-flamengo-ja-avalia-nomes-para-substituir-gerson\/#breadcrumb\"},\"inLanguage\":\"pt-BR\",\"potentialAction\":[{\"@type\":\"ReadAction\",\"target\":[\"https:\/\/www.gaveanews.com\/index.php\/2021\/06\/01\/marcos-braz-diz-que-flamengo-ja-avalia-nomes-para-substituir-gerson\/\"]}]},{\"@type\":\"ImageObject\",\"inLanguage\":\"pt-BR\",\"@id\":\"https:\/\/www.gaveanews.com\/index.php\/2021\/06\/01\/marcos-braz-diz-que-flamengo-ja-avalia-nomes-para-substituir-gerson\/#primaryimage\",\"url\":\"https:\/\/www.gaveanews.com\/wp-content\/uploads\/Gerson-durante-um-treinamento-do-Flamengo-no-Ninho-do-Urubu.webp\",\"contentUrl\":\"https:\/\/www.gaveanews.com\/wp-content\/uploads\/Gerson-durante-um-treinamento-do-Flamengo-no-Ninho-do-Urubu.webp\",\"width\":799,\"height\":532,\"caption\":\"Gerson durante um treinamento do Flamengo no Ninho do Urubu (Foto: Alexandre Vidal\/ Flamengo)\"},{\"@type\":\"BreadcrumbList\",\"@id\":\"https:\/\/www.gaveanews.com\/index.php\/2021\/06\/01\/marcos-braz-diz-que-flamengo-ja-avalia-nomes-para-substituir-gerson\/#breadcrumb\",\"itemListElement\":[{\"@type\":\"ListItem\",\"position\":1,\"name\":\"Home\",\"item\":\"https:\/\/www.gaveanews.com\/\"},{\"@type\":\"ListItem\",\"position\":2,\"name\":\"Marcos Braz diz que Flamengo j\u00e1 avalia nomes para substituir Gerson\"}]},{\"@type\":\"WebSite\",\"@id\":\"https:\/\/www.gaveanews.com\/#website\",\"url\":\"https:\/\/www.gaveanews.com\/\",\"name\":\"G\u00e1vea News\",\"description\":\"Veja todas as not\u00edcias sobre o Flamengo: Contrata\u00e7\u00f5es, categorias de base, resultados das partidas, tabela de classifica\u00e7\u00e3o, pr\u00f3ximos jogos!\",\"potentialAction\":[{\"@type\":\"SearchAction\",\"target\":{\"@type\":\"EntryPoint\",\"urlTemplate\":\"https:\/\/www.gaveanews.com\/?s={search_term_string}\"},\"query-input\":{\"@type\":\"PropertyValueSpecification\",\"valueRequired\":true,\"valueName\":\"search_term_string\"}}],\"inLanguage\":\"pt-BR\"},{\"@type\":\"Person\",\"@id\":\"https:\/\/www.gaveanews.com\/#\/schema\/person\/2ec14f73fb96be2caf28f91afb14749d\",\"name\":\"Equipe G\u00e1vea News\",\"image\":{\"@type\":\"ImageObject\",\"inLanguage\":\"pt-BR\",\"@id\":\"https:\/\/www.gaveanews.com\/#\/schema\/person\/image\/\",\"url\":\"https:\/\/secure.gravatar.com\/avatar\/1e1956f1facbffd3f8fa53a326721950116b3b9dc9bd44939c01180fd4a745a9?s=96&d=mm&r=g\",\"contentUrl\":\"https:\/\/secure.gravatar.com\/avatar\/1e1956f1facbffd3f8fa53a326721950116b3b9dc9bd44939c01180fd4a745a9?s=96&d=mm&r=g\",\"caption\":\"Equipe G\u00e1vea News\"}}]}<\/script>\n<!-- \/ Yoast SEO Premium plugin. -->","yoast_head_json":{"title":"Marcos Braz diz que Flamengo j\u00e1 avalia nomes para substituir Gerson","robots":{"index":"index","follow":"follow","max-snippet":"max-snippet:-1","max-image-preview":"max-image-preview:large","max-video-preview":"max-video-preview:-1"},"canonical":"https:\/\/www.gaveanews.com\/index.php\/2021\/06\/01\/marcos-braz-diz-que-flamengo-ja-avalia-nomes-para-substituir-gerson\/","og_locale":"pt_BR","og_type":"article","og_title":"Marcos Braz diz que Flamengo j\u00e1 avalia nomes para substituir Gerson","og_description":"Vice-presidente de futebol do Flamengo, Marcos Braz concedeu entrevista exclusiva ao jornalista Jorge Nicola. Por pouco mais de uma hora, falou sobre o almo\u00e7o com Kenedy, o futuro de Rog\u00e9rio Ceni, as negocia\u00e7\u00f5es envolvendo Gerson, a renova\u00e7\u00e3o de Arrascaeta, chances de novos refor\u00e7os e especula\u00e7\u00f5es que envolvem Luiz Gustavo, Marinho, David Luiz e mais. Sobre [&hellip;]","og_url":"https:\/\/www.gaveanews.com\/index.php\/2021\/06\/01\/marcos-braz-diz-que-flamengo-ja-avalia-nomes-para-substituir-gerson\/","og_site_name":"G\u00e1vea News","article_publisher":"https:\/\/facebook.com\/gaveaNews\/","article_published_time":"2021-06-01T17:47:35+00:00","article_modified_time":"2021-06-01T17:47:37+00:00","og_image":[{"width":799,"height":532,"url":"https:\/\/www.gaveanews.com\/wp-content\/uploads\/Gerson-durante-um-treinamento-do-Flamengo-no-Ninho-do-Urubu.webp","type":"image\/jpeg"}],"author":"Equipe G\u00e1vea News","twitter_card":"summary_large_image","twitter_misc":{"Escrito por":"Equipe G\u00e1vea News","Est. tempo de leitura":"2 minutos"},"schema":{"@context":"https:\/\/schema.org","@graph":[{"@type":"NewsArticle","@id":"https:\/\/www.gaveanews.com\/index.php\/2021\/06\/01\/marcos-braz-diz-que-flamengo-ja-avalia-nomes-para-substituir-gerson\/#article","isPartOf":{"@id":"https:\/\/www.gaveanews.com\/index.php\/2021\/06\/01\/marcos-braz-diz-que-flamengo-ja-avalia-nomes-para-substituir-gerson\/"},"author":{"name":"Equipe G\u00e1vea News","@id":"https:\/\/www.gaveanews.com\/#\/schema\/person\/2ec14f73fb96be2caf28f91afb14749d"},"headline":"Marcos Braz diz que Flamengo j\u00e1 avalia nomes para substituir Gerson","datePublished":"2021-06-01T17:47:35+00:00","dateModified":"2021-06-01T17:47:37+00:00","mainEntityOfPage":{"@id":"https:\/\/www.gaveanews.com\/index.php\/2021\/06\/01\/marcos-braz-diz-que-flamengo-ja-avalia-nomes-para-substituir-gerson\/"},"wordCount":405,"commentCount":19,"image":{"@id":"https:\/\/www.gaveanews.com\/index.php\/2021\/06\/01\/marcos-braz-diz-que-flamengo-ja-avalia-nomes-para-substituir-gerson\/#primaryimage"},"thumbnailUrl":"https:\/\/www.gaveanews.com\/wp-content\/uploads\/Gerson-durante-um-treinamento-do-Flamengo-no-Ninho-do-Urubu.webp","articleSection":["Negocia\u00e7\u00f5es"],"inLanguage":"pt-BR","potentialAction":[{"@type":"CommentAction","name":"Comment","target":["https:\/\/www.gaveanews.com\/index.php\/2021\/06\/01\/marcos-braz-diz-que-flamengo-ja-avalia-nomes-para-substituir-gerson\/#respond"]}],"copyrightYear":"2021","copyrightHolder":{"@id":"https:\/\/www.gaveanews.com\/#organization"}},{"@type":"WebPage","@id":"https:\/\/www.gaveanews.com\/index.php\/2021\/06\/01\/marcos-braz-diz-que-flamengo-ja-avalia-nomes-para-substituir-gerson\/","url":"https:\/\/www.gaveanews.com\/index.php\/2021\/06\/01\/marcos-braz-diz-que-flamengo-ja-avalia-nomes-para-substituir-gerson\/","name":"Marcos Braz diz que Flamengo j\u00e1 avalia nomes para substituir Gerson","isPartOf":{"@id":"https:\/\/www.gaveanews.com\/#website"},"primaryImageOfPage":{"@id":"https:\/\/www.gaveanews.com\/index.php\/2021\/06\/01\/marcos-braz-diz-que-flamengo-ja-avalia-nomes-para-substituir-gerson\/#primaryimage"},"image":{"@id":"https:\/\/www.gaveanews.com\/index.php\/2021\/06\/01\/marcos-braz-diz-que-flamengo-ja-avalia-nomes-para-substituir-gerson\/#primaryimage"},"thumbnailUrl":"https:\/\/www.gaveanews.com\/wp-content\/uploads\/Gerson-durante-um-treinamento-do-Flamengo-no-Ninho-do-Urubu.webp","datePublished":"2021-06-01T17:47:35+00:00","dateModified":"2021-06-01T17:47:37+00:00","author":{"@id":"https:\/\/www.gaveanews.com\/#\/schema\/person\/2ec14f73fb96be2caf28f91afb14749d"},"breadcrumb":{"@id":"https:\/\/www.gaveanews.com\/index.php\/2021\/06\/01\/marcos-braz-diz-que-flamengo-ja-avalia-nomes-para-substituir-gerson\/#breadcrumb"},"inLanguage":"pt-BR","potentialAction":[{"@type":"ReadAction","target":["https:\/\/www.gaveanews.com\/index.php\/2021\/06\/01\/marcos-braz-diz-que-flamengo-ja-avalia-nomes-para-substituir-gerson\/"]}]},{"@type":"ImageObject","inLanguage":"pt-BR","@id":"https:\/\/www.gaveanews.com\/index.php\/2021\/06\/01\/marcos-braz-diz-que-flamengo-ja-avalia-nomes-para-substituir-gerson\/#primaryimage","url":"https:\/\/www.gaveanews.com\/wp-content\/uploads\/Gerson-durante-um-treinamento-do-Flamengo-no-Ninho-do-Urubu.webp","contentUrl":"https:\/\/www.gaveanews.com\/wp-content\/uploads\/Gerson-durante-um-treinamento-do-Flamengo-no-Ninho-do-Urubu.webp","width":799,"height":532,"caption":"Gerson durante um treinamento do Flamengo no Ninho do Urubu (Foto: Alexandre Vidal\/ Flamengo)"},{"@type":"BreadcrumbList","@id":"https:\/\/www.gaveanews.com\/index.php\/2021\/06\/01\/marcos-braz-diz-que-flamengo-ja-avalia-nomes-para-substituir-gerson\/#breadcrumb","itemListElement":[{"@type":"ListItem","position":1,"name":"Home","item":"https:\/\/www.gaveanews.com\/"},{"@type":"ListItem","position":2,"name":"Marcos Braz diz que Flamengo j\u00e1 avalia nomes para substituir Gerson"}]},{"@type":"WebSite","@id":"https:\/\/www.gaveanews.com\/#website","url":"https:\/\/www.gaveanews.com\/","name":"G\u00e1vea News","description":"Veja todas as not\u00edcias sobre o Flamengo: Contrata\u00e7\u00f5es, categorias de base, resultados das partidas, tabela de classifica\u00e7\u00e3o, pr\u00f3ximos jogos!","potentialAction":[{"@type":"SearchAction","target":{"@type":"EntryPoint","urlTemplate":"https:\/\/www.gaveanews.com\/?s={search_term_string}"},"query-input":{"@type":"PropertyValueSpecification","valueRequired":true,"valueName":"search_term_string"}}],"inLanguage":"pt-BR"},{"@type":"Person","@id":"https:\/\/www.gaveanews.com\/#\/schema\/person\/2ec14f73fb96be2caf28f91afb14749d","name":"Equipe G\u00e1vea News","image":{"@type":"ImageObject","inLanguage":"pt-BR","@id":"https:\/\/www.gaveanews.com\/#\/schema\/person\/image\/","url":"https:\/\/secure.gravatar.com\/avatar\/1e1956f1facbffd3f8fa53a326721950116b3b9dc9bd44939c01180fd4a745a9?s=96&d=mm&r=g","contentUrl":"https:\/\/secure.gravatar.com\/avatar\/1e1956f1facbffd3f8fa53a326721950116b3b9dc9bd44939c01180fd4a745a9?s=96&d=mm&r=g","caption":"Equipe G\u00e1vea News"}}]}},"_links":{"self":[{"href":"https:\/\/www.gaveanews.com\/index.php\/wp-json\/wp\/v2\/posts\/62257","targetHints":{"allow":["GET"]}}],"collection":[{"href":"https:\/\/www.gaveanews.com\/index.php\/wp-json\/wp\/v2\/posts"}],"about":[{"href":"https:\/\/www.gaveanews.com\/index.php\/wp-json\/wp\/v2\/types\/post"}],"author":[{"embeddable":true,"href":"https:\/\/www.gaveanews.com\/index.php\/wp-json\/wp\/v2\/users\/1"}],"replies":[{"embeddable":true,"href":"https:\/\/www.gaveanews.com\/index.php\/wp-json\/wp\/v2\/comments?post=62257"}],"version-history":[{"count":0,"href":"https:\/\/www.gaveanews.com\/index.php\/wp-json\/wp\/v2\/posts\/62257\/revisions"}],"wp:featuredmedia":[{"embeddable":true,"href":"https:\/\/www.gaveanews.com\/index.php\/wp-json\/wp\/v2\/media\/49310"}],"wp:attachment":[{"href":"https:\/\/www.gaveanews.com\/index.php\/wp-json\/wp\/v2\/media?parent=62257"}],"wp:term":[{"taxonomy":"category","embeddable":true,"href":"https:\/\/www.gaveanews.com\/index.php\/wp-json\/wp\/v2\/categories?post=62257"},{"taxonomy":"post_tag","embeddable":true,"href":"https:\/\/www.gaveanews.com\/index.php\/wp-json\/wp\/v2\/tags?post=62257"}],"curies":[{"name":"wp","href":"https:\/\/api.w.org\/{rel}","templated":true}]}}