{"id":62259,"date":"2021-06-01T14:56:14","date_gmt":"2021-06-01T17:56:14","guid":{"rendered":"https:\/\/www.gaveanews.com\/?p=62259"},"modified":"2021-06-01T14:56:16","modified_gmt":"2021-06-01T17:56:16","slug":"flamengo-tenta-convencer-olympique-a-adiar-saida-de-gerson","status":"publish","type":"post","link":"https:\/\/www.gaveanews.com\/index.php\/2021\/06\/01\/flamengo-tenta-convencer-olympique-a-adiar-saida-de-gerson\/","title":{"rendered":"Flamengo tenta convencer Olympique a adiar sa\u00edda de Gerson"},"content":{"rendered":"\n<p>A iminente sa\u00edda de Gerson do Flamengo depende de poucos acertos entre o rubro-negro e o Olympique de Marselha. Entre os pontos que est\u00e3o sendo tratados, o principal, no momento, \u00e9 quanto \u00e0 data da sa\u00edda do atleta. A jornalista Gabriela Moreira apurou que o clube franc\u00eas deseja a libera\u00e7\u00e3o imediata. Ao passo que o Flamengo pede que ele fique no Rio at\u00e9 o dia 10 de julho, para que o meia seja utilizado por mais sete ou oito partidas do Brasileiro.<\/p>\n\n\n\n<p>O Olympique n\u00e3o tem se mostrado favor\u00e1vel ao pedido rubro-negro, teme que o jogador sofra alguma les\u00e3o neste per\u00edodo. Os representantes do atleta compartilham do receio. O Flamengo tenta argumentar e chegar a um consenso.<\/p>\n\n\n\n<p>Paralelamente a esta quest\u00e3o, um ponto importante que teve avan\u00e7os nesta segunda-feira foi a defini\u00e7\u00e3o de multas, exigidas pelo departamento financeiro, caso os franceses atrasem o pagamento de alguma parcela do pagamento.<\/p>\n\n\n\n<p>Apesar do sigilo sobre os valores do neg\u00f3cio, conforme publicou o &#8216;Globo Esporte&#8217;, o Olympique desembolsar\u00e1 cerca 25 milh\u00f5es de euros (R$ 160 mi) pela compra de Gerson, com gatilhos que podem elevar o montante a 30 mi de euros. Para isso, \u00e9 necess\u00e1rio que o volante alcance metas individuais e ajude o clube de Marselha em objetivos como classifica\u00e7\u00e3o para ligas europeias e t\u00edtulos.<\/p>\n\n\n\n<p>O Flamengo tamb\u00e9m manter\u00e1 de 20 a 25% de uma venda futura de Gerson, que tem acordo por cinco anos com o Olympique. O jogador embarcou nesta segunda-feira para a S\u00e9rvia, onde se apresentar\u00e1 \u00e0 sele\u00e7\u00e3o ol\u00edmpica, e a tend\u00eancia \u00e9 que a volta conte com uma escala na Fran\u00e7a. Em tese, ele voltaria a tempo de enfrentar o Am\u00e9rica, pela 3\u00aa rodada do Brasileiro, se o Olympique aceitar adiar a libera\u00e7\u00e3o.<\/p>\n\n\n\n<p>A negocia\u00e7\u00e3o entre Flamengo e Olympique de Marselha se intensificou h\u00e1 cerca de tr\u00eas semanas. Al\u00e9m dos ajustes com as exig\u00eancias, os cariocas prolongaram a negocia\u00e7\u00e3o para que Gerson pudesse jogar as finais do Carioca, a fase de grupo da Libertadores e a estreia no Brasileir\u00e3o.<\/p>\n\n\n\n<h2 class=\"wp-block-heading\" id=\"h-veja-a-tabela-do-flamengo-at-dia-10-de-julho\">Veja a tabela do Flamengo at\u00e9 dia 10 de julho:<\/h2>\n\n\n\n<ul class=\"wp-block-list\"><li>Gr\u00eamio x Flamengo (sem data) 2\u00aa rodada<\/li><li>Flamengo x Am\u00e9rica (13\/06) 3\u00aa rodada<\/li><li>Athletico-PR x Flamengo (sem data) 4\u00aa rodada<\/li><li>Flamengo x Bragantino (19\/06) 5\u00aa rodada<\/li><li>Flamengo x Fortaleza (23\/06) 6\u00aa rodada<\/li><li>Juventude x Flamengo (27\/06) 7\u00aa rodada<\/li><li>Cuiab\u00e1 x Flamengo (01\/07) 8\u00aa rodada<\/li><li>Flamengo x Fluminense (04\/07) 9\u00aa rodada<\/li><li>Atl\u00e9tico-MG &#8211; Flamengo (08\/07) 10\u00aa rodada<\/li><\/ul>\n\n\n\n<p>Retirado de: Blog da Gabriela Moreira<\/p>\n","protected":false},"excerpt":{"rendered":"<p>A iminente sa\u00edda de Gerson do Flamengo depende de poucos acertos entre o rubro-negro e o Olympique de Marselha. Entre os pontos que est\u00e3o sendo tratados, o principal, no momento, \u00e9 quanto \u00e0 data da sa\u00edda do atleta. A jornalista Gabriela Moreira apurou que o clube franc\u00eas deseja a libera\u00e7\u00e3o imediata. Ao passo que o [&hellip;]<\/p>\n","protected":false},"author":1,"featured_media":27872,"comment_status":"open","ping_status":"closed","sticky":false,"template":"","format":"standard","meta":{"footnotes":""},"categories":[48],"tags":[],"class_list":["post-62259","post","type-post","status-publish","format-standard","has-post-thumbnail","hentry","category-negociacoes"],"yoast_head":"<!-- This site is optimized with the Yoast SEO Premium plugin v24.2 (Yoast SEO v26.9) - https:\/\/yoast.com\/product\/yoast-seo-premium-wordpress\/ -->\n<title>Flamengo tenta convencer Olympique a adiar sa\u00edda de Gerson<\/title>\n<meta name=\"robots\" content=\"index, follow, max-snippet:-1, max-image-preview:large, max-video-preview:-1\" \/>\n<link rel=\"canonical\" href=\"https:\/\/www.gaveanews.com\/index.php\/2021\/06\/01\/flamengo-tenta-convencer-olympique-a-adiar-saida-de-gerson\/\" \/>\n<meta property=\"og:locale\" content=\"pt_BR\" \/>\n<meta property=\"og:type\" content=\"article\" \/>\n<meta property=\"og:title\" content=\"Flamengo tenta convencer Olympique a adiar sa\u00edda de Gerson\" \/>\n<meta property=\"og:description\" content=\"A iminente sa\u00edda de Gerson do Flamengo depende de poucos acertos entre o rubro-negro e o Olympique de Marselha. Entre os pontos que est\u00e3o sendo tratados, o principal, no momento, \u00e9 quanto \u00e0 data da sa\u00edda do atleta. A jornalista Gabriela Moreira apurou que o clube franc\u00eas deseja a libera\u00e7\u00e3o imediata. Ao passo que o [&hellip;]\" \/>\n<meta property=\"og:url\" content=\"https:\/\/www.gaveanews.com\/index.php\/2021\/06\/01\/flamengo-tenta-convencer-olympique-a-adiar-saida-de-gerson\/\" \/>\n<meta property=\"og:site_name\" content=\"G\u00e1vea News\" \/>\n<meta property=\"article:publisher\" content=\"https:\/\/facebook.com\/gaveaNews\/\" \/>\n<meta property=\"article:published_time\" content=\"2021-06-01T17:56:14+00:00\" \/>\n<meta property=\"article:modified_time\" content=\"2021-06-01T17:56:16+00:00\" \/>\n<meta property=\"og:image\" content=\"https:\/\/www.gaveanews.com\/wp-content\/uploads\/Gerson-em-acao-pelo-Flamengo.webp\" \/>\n\t<meta property=\"og:image:width\" content=\"1\" \/>\n\t<meta property=\"og:image:height\" content=\"1\" \/>\n\t<meta property=\"og:image:type\" content=\"image\/jpeg\" \/>\n<meta name=\"author\" content=\"Equipe G\u00e1vea News\" \/>\n<meta name=\"twitter:card\" content=\"summary_large_image\" \/>\n<meta name=\"twitter:label1\" content=\"Escrito por\" \/>\n\t<meta name=\"twitter:data1\" content=\"Equipe G\u00e1vea News\" \/>\n\t<meta name=\"twitter:label2\" content=\"Est. tempo de leitura\" \/>\n\t<meta name=\"twitter:data2\" content=\"2 minutos\" \/>\n<script type=\"application\/ld+json\" class=\"yoast-schema-graph\">{\"@context\":\"https:\/\/schema.org\",\"@graph\":[{\"@type\":\"NewsArticle\",\"@id\":\"https:\/\/www.gaveanews.com\/index.php\/2021\/06\/01\/flamengo-tenta-convencer-olympique-a-adiar-saida-de-gerson\/#article\",\"isPartOf\":{\"@id\":\"https:\/\/www.gaveanews.com\/index.php\/2021\/06\/01\/flamengo-tenta-convencer-olympique-a-adiar-saida-de-gerson\/\"},\"author\":{\"name\":\"Equipe G\u00e1vea News\",\"@id\":\"https:\/\/www.gaveanews.com\/#\/schema\/person\/2ec14f73fb96be2caf28f91afb14749d\"},\"headline\":\"Flamengo tenta convencer Olympique a adiar sa\u00edda de Gerson\",\"datePublished\":\"2021-06-01T17:56:14+00:00\",\"dateModified\":\"2021-06-01T17:56:16+00:00\",\"mainEntityOfPage\":{\"@id\":\"https:\/\/www.gaveanews.com\/index.php\/2021\/06\/01\/flamengo-tenta-convencer-olympique-a-adiar-saida-de-gerson\/\"},\"wordCount\":419,\"commentCount\":12,\"image\":{\"@id\":\"https:\/\/www.gaveanews.com\/index.php\/2021\/06\/01\/flamengo-tenta-convencer-olympique-a-adiar-saida-de-gerson\/#primaryimage\"},\"thumbnailUrl\":\"https:\/\/www.gaveanews.com\/wp-content\/uploads\/Gerson-em-acao-pelo-Flamengo.webp\",\"articleSection\":[\"Negocia\u00e7\u00f5es\"],\"inLanguage\":\"pt-BR\",\"potentialAction\":[{\"@type\":\"CommentAction\",\"name\":\"Comment\",\"target\":[\"https:\/\/www.gaveanews.com\/index.php\/2021\/06\/01\/flamengo-tenta-convencer-olympique-a-adiar-saida-de-gerson\/#respond\"]}],\"copyrightYear\":\"2021\",\"copyrightHolder\":{\"@id\":\"https:\/\/www.gaveanews.com\/#organization\"}},{\"@type\":\"WebPage\",\"@id\":\"https:\/\/www.gaveanews.com\/index.php\/2021\/06\/01\/flamengo-tenta-convencer-olympique-a-adiar-saida-de-gerson\/\",\"url\":\"https:\/\/www.gaveanews.com\/index.php\/2021\/06\/01\/flamengo-tenta-convencer-olympique-a-adiar-saida-de-gerson\/\",\"name\":\"Flamengo tenta convencer Olympique a adiar sa\u00edda de Gerson\",\"isPartOf\":{\"@id\":\"https:\/\/www.gaveanews.com\/#website\"},\"primaryImageOfPage\":{\"@id\":\"https:\/\/www.gaveanews.com\/index.php\/2021\/06\/01\/flamengo-tenta-convencer-olympique-a-adiar-saida-de-gerson\/#primaryimage\"},\"image\":{\"@id\":\"https:\/\/www.gaveanews.com\/index.php\/2021\/06\/01\/flamengo-tenta-convencer-olympique-a-adiar-saida-de-gerson\/#primaryimage\"},\"thumbnailUrl\":\"https:\/\/www.gaveanews.com\/wp-content\/uploads\/Gerson-em-acao-pelo-Flamengo.webp\",\"datePublished\":\"2021-06-01T17:56:14+00:00\",\"dateModified\":\"2021-06-01T17:56:16+00:00\",\"author\":{\"@id\":\"https:\/\/www.gaveanews.com\/#\/schema\/person\/2ec14f73fb96be2caf28f91afb14749d\"},\"breadcrumb\":{\"@id\":\"https:\/\/www.gaveanews.com\/index.php\/2021\/06\/01\/flamengo-tenta-convencer-olympique-a-adiar-saida-de-gerson\/#breadcrumb\"},\"inLanguage\":\"pt-BR\",\"potentialAction\":[{\"@type\":\"ReadAction\",\"target\":[\"https:\/\/www.gaveanews.com\/index.php\/2021\/06\/01\/flamengo-tenta-convencer-olympique-a-adiar-saida-de-gerson\/\"]}]},{\"@type\":\"ImageObject\",\"inLanguage\":\"pt-BR\",\"@id\":\"https:\/\/www.gaveanews.com\/index.php\/2021\/06\/01\/flamengo-tenta-convencer-olympique-a-adiar-saida-de-gerson\/#primaryimage\",\"url\":\"https:\/\/www.gaveanews.com\/wp-content\/uploads\/Gerson-em-acao-pelo-Flamengo.webp\",\"contentUrl\":\"https:\/\/www.gaveanews.com\/wp-content\/uploads\/Gerson-em-acao-pelo-Flamengo.webp\",\"caption\":\"Gerson em a\u00e7\u00e3o pelo Flamengo (Foto: Alexandre Vidal\/Flamengo)\"},{\"@type\":\"BreadcrumbList\",\"@id\":\"https:\/\/www.gaveanews.com\/index.php\/2021\/06\/01\/flamengo-tenta-convencer-olympique-a-adiar-saida-de-gerson\/#breadcrumb\",\"itemListElement\":[{\"@type\":\"ListItem\",\"position\":1,\"name\":\"Home\",\"item\":\"https:\/\/www.gaveanews.com\/\"},{\"@type\":\"ListItem\",\"position\":2,\"name\":\"Flamengo tenta convencer Olympique a adiar sa\u00edda de Gerson\"}]},{\"@type\":\"WebSite\",\"@id\":\"https:\/\/www.gaveanews.com\/#website\",\"url\":\"https:\/\/www.gaveanews.com\/\",\"name\":\"G\u00e1vea News\",\"description\":\"Veja todas as not\u00edcias sobre o Flamengo: Contrata\u00e7\u00f5es, categorias de base, resultados das partidas, tabela de classifica\u00e7\u00e3o, pr\u00f3ximos jogos!\",\"potentialAction\":[{\"@type\":\"SearchAction\",\"target\":{\"@type\":\"EntryPoint\",\"urlTemplate\":\"https:\/\/www.gaveanews.com\/?s={search_term_string}\"},\"query-input\":{\"@type\":\"PropertyValueSpecification\",\"valueRequired\":true,\"valueName\":\"search_term_string\"}}],\"inLanguage\":\"pt-BR\"},{\"@type\":\"Person\",\"@id\":\"https:\/\/www.gaveanews.com\/#\/schema\/person\/2ec14f73fb96be2caf28f91afb14749d\",\"name\":\"Equipe G\u00e1vea News\",\"image\":{\"@type\":\"ImageObject\",\"inLanguage\":\"pt-BR\",\"@id\":\"https:\/\/www.gaveanews.com\/#\/schema\/person\/image\/\",\"url\":\"https:\/\/secure.gravatar.com\/avatar\/1e1956f1facbffd3f8fa53a326721950116b3b9dc9bd44939c01180fd4a745a9?s=96&d=mm&r=g\",\"contentUrl\":\"https:\/\/secure.gravatar.com\/avatar\/1e1956f1facbffd3f8fa53a326721950116b3b9dc9bd44939c01180fd4a745a9?s=96&d=mm&r=g\",\"caption\":\"Equipe G\u00e1vea News\"}}]}<\/script>\n<!-- \/ Yoast SEO Premium plugin. -->","yoast_head_json":{"title":"Flamengo tenta convencer Olympique a adiar sa\u00edda de Gerson","robots":{"index":"index","follow":"follow","max-snippet":"max-snippet:-1","max-image-preview":"max-image-preview:large","max-video-preview":"max-video-preview:-1"},"canonical":"https:\/\/www.gaveanews.com\/index.php\/2021\/06\/01\/flamengo-tenta-convencer-olympique-a-adiar-saida-de-gerson\/","og_locale":"pt_BR","og_type":"article","og_title":"Flamengo tenta convencer Olympique a adiar sa\u00edda de Gerson","og_description":"A iminente sa\u00edda de Gerson do Flamengo depende de poucos acertos entre o rubro-negro e o Olympique de Marselha. Entre os pontos que est\u00e3o sendo tratados, o principal, no momento, \u00e9 quanto \u00e0 data da sa\u00edda do atleta. A jornalista Gabriela Moreira apurou que o clube franc\u00eas deseja a libera\u00e7\u00e3o imediata. Ao passo que o [&hellip;]","og_url":"https:\/\/www.gaveanews.com\/index.php\/2021\/06\/01\/flamengo-tenta-convencer-olympique-a-adiar-saida-de-gerson\/","og_site_name":"G\u00e1vea News","article_publisher":"https:\/\/facebook.com\/gaveaNews\/","article_published_time":"2021-06-01T17:56:14+00:00","article_modified_time":"2021-06-01T17:56:16+00:00","og_image":[{"url":"https:\/\/www.gaveanews.com\/wp-content\/uploads\/Gerson-em-acao-pelo-Flamengo.webp","width":1,"height":1,"type":"image\/jpeg"}],"author":"Equipe G\u00e1vea News","twitter_card":"summary_large_image","twitter_misc":{"Escrito por":"Equipe G\u00e1vea News","Est. tempo de leitura":"2 minutos"},"schema":{"@context":"https:\/\/schema.org","@graph":[{"@type":"NewsArticle","@id":"https:\/\/www.gaveanews.com\/index.php\/2021\/06\/01\/flamengo-tenta-convencer-olympique-a-adiar-saida-de-gerson\/#article","isPartOf":{"@id":"https:\/\/www.gaveanews.com\/index.php\/2021\/06\/01\/flamengo-tenta-convencer-olympique-a-adiar-saida-de-gerson\/"},"author":{"name":"Equipe G\u00e1vea News","@id":"https:\/\/www.gaveanews.com\/#\/schema\/person\/2ec14f73fb96be2caf28f91afb14749d"},"headline":"Flamengo tenta convencer Olympique a adiar sa\u00edda de Gerson","datePublished":"2021-06-01T17:56:14+00:00","dateModified":"2021-06-01T17:56:16+00:00","mainEntityOfPage":{"@id":"https:\/\/www.gaveanews.com\/index.php\/2021\/06\/01\/flamengo-tenta-convencer-olympique-a-adiar-saida-de-gerson\/"},"wordCount":419,"commentCount":12,"image":{"@id":"https:\/\/www.gaveanews.com\/index.php\/2021\/06\/01\/flamengo-tenta-convencer-olympique-a-adiar-saida-de-gerson\/#primaryimage"},"thumbnailUrl":"https:\/\/www.gaveanews.com\/wp-content\/uploads\/Gerson-em-acao-pelo-Flamengo.webp","articleSection":["Negocia\u00e7\u00f5es"],"inLanguage":"pt-BR","potentialAction":[{"@type":"CommentAction","name":"Comment","target":["https:\/\/www.gaveanews.com\/index.php\/2021\/06\/01\/flamengo-tenta-convencer-olympique-a-adiar-saida-de-gerson\/#respond"]}],"copyrightYear":"2021","copyrightHolder":{"@id":"https:\/\/www.gaveanews.com\/#organization"}},{"@type":"WebPage","@id":"https:\/\/www.gaveanews.com\/index.php\/2021\/06\/01\/flamengo-tenta-convencer-olympique-a-adiar-saida-de-gerson\/","url":"https:\/\/www.gaveanews.com\/index.php\/2021\/06\/01\/flamengo-tenta-convencer-olympique-a-adiar-saida-de-gerson\/","name":"Flamengo tenta convencer Olympique a adiar sa\u00edda de Gerson","isPartOf":{"@id":"https:\/\/www.gaveanews.com\/#website"},"primaryImageOfPage":{"@id":"https:\/\/www.gaveanews.com\/index.php\/2021\/06\/01\/flamengo-tenta-convencer-olympique-a-adiar-saida-de-gerson\/#primaryimage"},"image":{"@id":"https:\/\/www.gaveanews.com\/index.php\/2021\/06\/01\/flamengo-tenta-convencer-olympique-a-adiar-saida-de-gerson\/#primaryimage"},"thumbnailUrl":"https:\/\/www.gaveanews.com\/wp-content\/uploads\/Gerson-em-acao-pelo-Flamengo.webp","datePublished":"2021-06-01T17:56:14+00:00","dateModified":"2021-06-01T17:56:16+00:00","author":{"@id":"https:\/\/www.gaveanews.com\/#\/schema\/person\/2ec14f73fb96be2caf28f91afb14749d"},"breadcrumb":{"@id":"https:\/\/www.gaveanews.com\/index.php\/2021\/06\/01\/flamengo-tenta-convencer-olympique-a-adiar-saida-de-gerson\/#breadcrumb"},"inLanguage":"pt-BR","potentialAction":[{"@type":"ReadAction","target":["https:\/\/www.gaveanews.com\/index.php\/2021\/06\/01\/flamengo-tenta-convencer-olympique-a-adiar-saida-de-gerson\/"]}]},{"@type":"ImageObject","inLanguage":"pt-BR","@id":"https:\/\/www.gaveanews.com\/index.php\/2021\/06\/01\/flamengo-tenta-convencer-olympique-a-adiar-saida-de-gerson\/#primaryimage","url":"https:\/\/www.gaveanews.com\/wp-content\/uploads\/Gerson-em-acao-pelo-Flamengo.webp","contentUrl":"https:\/\/www.gaveanews.com\/wp-content\/uploads\/Gerson-em-acao-pelo-Flamengo.webp","caption":"Gerson em a\u00e7\u00e3o pelo Flamengo (Foto: Alexandre Vidal\/Flamengo)"},{"@type":"BreadcrumbList","@id":"https:\/\/www.gaveanews.com\/index.php\/2021\/06\/01\/flamengo-tenta-convencer-olympique-a-adiar-saida-de-gerson\/#breadcrumb","itemListElement":[{"@type":"ListItem","position":1,"name":"Home","item":"https:\/\/www.gaveanews.com\/"},{"@type":"ListItem","position":2,"name":"Flamengo tenta convencer Olympique a adiar sa\u00edda de Gerson"}]},{"@type":"WebSite","@id":"https:\/\/www.gaveanews.com\/#website","url":"https:\/\/www.gaveanews.com\/","name":"G\u00e1vea News","description":"Veja todas as not\u00edcias sobre o Flamengo: Contrata\u00e7\u00f5es, categorias de base, resultados das partidas, tabela de classifica\u00e7\u00e3o, pr\u00f3ximos jogos!","potentialAction":[{"@type":"SearchAction","target":{"@type":"EntryPoint","urlTemplate":"https:\/\/www.gaveanews.com\/?s={search_term_string}"},"query-input":{"@type":"PropertyValueSpecification","valueRequired":true,"valueName":"search_term_string"}}],"inLanguage":"pt-BR"},{"@type":"Person","@id":"https:\/\/www.gaveanews.com\/#\/schema\/person\/2ec14f73fb96be2caf28f91afb14749d","name":"Equipe G\u00e1vea News","image":{"@type":"ImageObject","inLanguage":"pt-BR","@id":"https:\/\/www.gaveanews.com\/#\/schema\/person\/image\/","url":"https:\/\/secure.gravatar.com\/avatar\/1e1956f1facbffd3f8fa53a326721950116b3b9dc9bd44939c01180fd4a745a9?s=96&d=mm&r=g","contentUrl":"https:\/\/secure.gravatar.com\/avatar\/1e1956f1facbffd3f8fa53a326721950116b3b9dc9bd44939c01180fd4a745a9?s=96&d=mm&r=g","caption":"Equipe G\u00e1vea News"}}]}},"_links":{"self":[{"href":"https:\/\/www.gaveanews.com\/index.php\/wp-json\/wp\/v2\/posts\/62259","targetHints":{"allow":["GET"]}}],"collection":[{"href":"https:\/\/www.gaveanews.com\/index.php\/wp-json\/wp\/v2\/posts"}],"about":[{"href":"https:\/\/www.gaveanews.com\/index.php\/wp-json\/wp\/v2\/types\/post"}],"author":[{"embeddable":true,"href":"https:\/\/www.gaveanews.com\/index.php\/wp-json\/wp\/v2\/users\/1"}],"replies":[{"embeddable":true,"href":"https:\/\/www.gaveanews.com\/index.php\/wp-json\/wp\/v2\/comments?post=62259"}],"version-history":[{"count":0,"href":"https:\/\/www.gaveanews.com\/index.php\/wp-json\/wp\/v2\/posts\/62259\/revisions"}],"wp:featuredmedia":[{"embeddable":true,"href":"https:\/\/www.gaveanews.com\/index.php\/wp-json\/wp\/v2\/media\/27872"}],"wp:attachment":[{"href":"https:\/\/www.gaveanews.com\/index.php\/wp-json\/wp\/v2\/media?parent=62259"}],"wp:term":[{"taxonomy":"category","embeddable":true,"href":"https:\/\/www.gaveanews.com\/index.php\/wp-json\/wp\/v2\/categories?post=62259"},{"taxonomy":"post_tag","embeddable":true,"href":"https:\/\/www.gaveanews.com\/index.php\/wp-json\/wp\/v2\/tags?post=62259"}],"curies":[{"name":"wp","href":"https:\/\/api.w.org\/{rel}","templated":true}]}}