{"id":62508,"date":"2021-06-07T07:15:05","date_gmt":"2021-06-07T10:15:05","guid":{"rendered":"https:\/\/www.gaveanews.com\/?p=62508"},"modified":"2021-06-07T07:16:05","modified_gmt":"2021-06-07T10:16:05","slug":"ataque-do-flamengo-sem-convocados-e-desafio-de-ceni","status":"publish","type":"post","link":"https:\/\/www.gaveanews.com\/index.php\/2021\/06\/07\/ataque-do-flamengo-sem-convocados-e-desafio-de-ceni\/","title":{"rendered":"Ataque do Flamengo sem convocados \u00e9 desafio de Ceni"},"content":{"rendered":"\n<p>A m\u00e1xima de que &#8220;em time que est\u00e1 ganhando n\u00e3o se mexe&#8221; n\u00e3o vai valer para Rog\u00e9rio Ceni. O Flamengo tem um dos ataques mais produtivos da temporada, mas o treinador se v\u00ea obrigado a achar solu\u00e7\u00f5es em meio aos desfalques causados pela data Fifa. Neste cen\u00e1rio, o t\u00e9cnico pode recorrer a uma forma\u00e7\u00e3o que deu certo no Campeonato Carioca, e um jovem corre por fora.<\/p>\n\n\n\n<p>O comandante rubro-negro perdeu, em uma s\u00f3 tacada, Arrascaeta, Everton Ribeiro e Gabigol, titulares, al\u00e9m de Pedro, que vem sendo uma esp\u00e9cie de 12\u00ba jogador. O primeiro foi convocado para a sele\u00e7\u00e3o uruguaia e est\u00e1 afastado ap\u00f3s testar positivo para covid-19. Everton Ribeiro e Gabigol est\u00e3o com a sele\u00e7\u00e3o brasileira principal, enquanto Pedro est\u00e1 com a ol\u00edmpica.<\/p>\n\n\n\n<p>Ao menos, Ceni vem tendo tempo para estudar as melhores op\u00e7\u00f5es. O t\u00e9cnico ganhou dez dias para trabalhar entre a vit\u00f3ria sobre o Palmeiras, na estreia pelo Campeonato Brasileiro, e o jogo de ida contra o Coritiba, pela Copa do Brasil. A partida contra o Gr\u00eamio, que seria nesse fim de semana, foi adiada pela CBF.<\/p>\n\n\n\n<p>&#8220;\u00daltimo dos moicanos&#8221; do quarteto titular, Bruno Henrique pode ser utilizado como o que ficou conhecido como &#8220;falso 9&#8221;. A fun\u00e7\u00e3o n\u00e3o chega a ser novidade para ele, e o treinador j\u00e1 admitiu a possibilidade. Contra o Palmeiras, ele foi respons\u00e1vel pela assist\u00eancia para o gol da vit\u00f3ria do Flamengo.<\/p>\n\n\n\n<p>O jovem Rodrigo Muniz surge como possibilidade. Ele estava emprestado para o Coritiba e voltou \u00e0 G\u00e1vea a pedido do treinador. Aposta de Ceni, teve um bom come\u00e7o de Carioca e chegou a ser artilheiro da competi\u00e7\u00e3o. O desempenho chamou aten\u00e7\u00e3o, e houve proposta do futebol belga, mas ainda sem avan\u00e7os.<\/p>\n\n\n\n<p><strong><em>\u2014 Se n\u00e3o contarmos com Pedro e com o Gabigol por conta da sele\u00e7\u00e3o brasileira, vamos trabalhar com esta op\u00e7\u00e3o. \u00c9 poss\u00edvel. Serve como um atenuante durante a Copa Am\u00e9rica. Tem tamb\u00e9m o caso do Muniz, que n\u00e3o sabemos o futuro dele. S\u00e3o jogadores importantes. N\u00e3o estamos falando apenas do Gabigol e do Pedro. Tem o Arrascaeta, n\u00e3o sabemos a situa\u00e7\u00e3o do G\u00e9rson\u2026 Isso impacta na forma\u00e7\u00e3o do time<\/em><\/strong>, disse o treinador, antes do acerto da venda de Gerson para o Olympique de Marselha (FRA).<\/p>\n\n\n\n<p>Michael e Vitinho, que &#8220;ressurgiram&#8221; no Estadual e ganharam espa\u00e7o no elenco, surgem como possibilidades para a vaga nas pontas. Os dois tamb\u00e9m sa\u00edram do banco na estreia no Brasileir\u00e3o e t\u00eam a confian\u00e7a do t\u00e9cnico.<\/p>\n\n\n\n<p>Retirado de: UOL<\/p>\n","protected":false},"excerpt":{"rendered":"<p>A m\u00e1xima de que &#8220;em time que est\u00e1 ganhando n\u00e3o se mexe&#8221; n\u00e3o vai valer para Rog\u00e9rio Ceni. O Flamengo tem um dos ataques mais produtivos da temporada, mas o treinador se v\u00ea obrigado a achar solu\u00e7\u00f5es em meio aos desfalques causados pela data Fifa. Neste cen\u00e1rio, o t\u00e9cnico pode recorrer a uma forma\u00e7\u00e3o que [&hellip;]<\/p>\n","protected":false},"author":1,"featured_media":62470,"comment_status":"open","ping_status":"closed","sticky":false,"template":"","format":"standard","meta":{"footnotes":""},"categories":[1],"tags":[],"class_list":["post-62508","post","type-post","status-publish","format-standard","has-post-thumbnail","hentry","category-flamengo"],"yoast_head":"<!-- This site is optimized with the Yoast SEO Premium plugin v24.2 (Yoast SEO v26.9) - https:\/\/yoast.com\/product\/yoast-seo-premium-wordpress\/ -->\n<title>Ataque do Flamengo sem convocados \u00e9 desafio de Ceni<\/title>\n<meta name=\"robots\" content=\"index, follow, max-snippet:-1, max-image-preview:large, max-video-preview:-1\" \/>\n<link rel=\"canonical\" href=\"https:\/\/www.gaveanews.com\/index.php\/2021\/06\/07\/ataque-do-flamengo-sem-convocados-e-desafio-de-ceni\/\" \/>\n<meta property=\"og:locale\" content=\"pt_BR\" \/>\n<meta property=\"og:type\" content=\"article\" \/>\n<meta property=\"og:title\" content=\"Ataque do Flamengo sem convocados \u00e9 desafio de Ceni\" \/>\n<meta property=\"og:description\" content=\"A m\u00e1xima de que &#8220;em time que est\u00e1 ganhando n\u00e3o se mexe&#8221; n\u00e3o vai valer para Rog\u00e9rio Ceni. O Flamengo tem um dos ataques mais produtivos da temporada, mas o treinador se v\u00ea obrigado a achar solu\u00e7\u00f5es em meio aos desfalques causados pela data Fifa. Neste cen\u00e1rio, o t\u00e9cnico pode recorrer a uma forma\u00e7\u00e3o que [&hellip;]\" \/>\n<meta property=\"og:url\" content=\"https:\/\/www.gaveanews.com\/index.php\/2021\/06\/07\/ataque-do-flamengo-sem-convocados-e-desafio-de-ceni\/\" \/>\n<meta property=\"og:site_name\" content=\"G\u00e1vea News\" \/>\n<meta property=\"article:publisher\" content=\"https:\/\/facebook.com\/gaveaNews\/\" \/>\n<meta property=\"article:published_time\" content=\"2021-06-07T10:15:05+00:00\" \/>\n<meta property=\"article:modified_time\" content=\"2021-06-07T10:16:05+00:00\" \/>\n<meta property=\"og:image\" content=\"https:\/\/www.gaveanews.com\/wp-content\/uploads\/Pedro-durante-o-treinamento-do-Brasil.webp\" \/>\n\t<meta property=\"og:image:width\" content=\"984\" \/>\n\t<meta property=\"og:image:height\" content=\"656\" \/>\n\t<meta property=\"og:image:type\" content=\"image\/jpeg\" \/>\n<meta name=\"author\" content=\"Equipe G\u00e1vea News\" \/>\n<meta name=\"twitter:card\" content=\"summary_large_image\" \/>\n<meta name=\"twitter:label1\" content=\"Escrito por\" \/>\n\t<meta name=\"twitter:data1\" content=\"Equipe G\u00e1vea News\" \/>\n\t<meta name=\"twitter:label2\" content=\"Est. tempo de leitura\" \/>\n\t<meta name=\"twitter:data2\" content=\"2 minutos\" \/>\n<script type=\"application\/ld+json\" class=\"yoast-schema-graph\">{\"@context\":\"https:\/\/schema.org\",\"@graph\":[{\"@type\":\"NewsArticle\",\"@id\":\"https:\/\/www.gaveanews.com\/index.php\/2021\/06\/07\/ataque-do-flamengo-sem-convocados-e-desafio-de-ceni\/#article\",\"isPartOf\":{\"@id\":\"https:\/\/www.gaveanews.com\/index.php\/2021\/06\/07\/ataque-do-flamengo-sem-convocados-e-desafio-de-ceni\/\"},\"author\":{\"name\":\"Equipe G\u00e1vea News\",\"@id\":\"https:\/\/www.gaveanews.com\/#\/schema\/person\/2ec14f73fb96be2caf28f91afb14749d\"},\"headline\":\"Ataque do Flamengo sem convocados \u00e9 desafio de Ceni\",\"datePublished\":\"2021-06-07T10:15:05+00:00\",\"dateModified\":\"2021-06-07T10:16:05+00:00\",\"mainEntityOfPage\":{\"@id\":\"https:\/\/www.gaveanews.com\/index.php\/2021\/06\/07\/ataque-do-flamengo-sem-convocados-e-desafio-de-ceni\/\"},\"wordCount\":456,\"commentCount\":20,\"image\":{\"@id\":\"https:\/\/www.gaveanews.com\/index.php\/2021\/06\/07\/ataque-do-flamengo-sem-convocados-e-desafio-de-ceni\/#primaryimage\"},\"thumbnailUrl\":\"https:\/\/www.gaveanews.com\/wp-content\/uploads\/Pedro-durante-o-treinamento-do-Brasil.webp\",\"articleSection\":[\"Flamengo\"],\"inLanguage\":\"pt-BR\",\"potentialAction\":[{\"@type\":\"CommentAction\",\"name\":\"Comment\",\"target\":[\"https:\/\/www.gaveanews.com\/index.php\/2021\/06\/07\/ataque-do-flamengo-sem-convocados-e-desafio-de-ceni\/#respond\"]}],\"copyrightYear\":\"2021\",\"copyrightHolder\":{\"@id\":\"https:\/\/www.gaveanews.com\/#organization\"}},{\"@type\":\"WebPage\",\"@id\":\"https:\/\/www.gaveanews.com\/index.php\/2021\/06\/07\/ataque-do-flamengo-sem-convocados-e-desafio-de-ceni\/\",\"url\":\"https:\/\/www.gaveanews.com\/index.php\/2021\/06\/07\/ataque-do-flamengo-sem-convocados-e-desafio-de-ceni\/\",\"name\":\"Ataque do Flamengo sem convocados \u00e9 desafio de Ceni\",\"isPartOf\":{\"@id\":\"https:\/\/www.gaveanews.com\/#website\"},\"primaryImageOfPage\":{\"@id\":\"https:\/\/www.gaveanews.com\/index.php\/2021\/06\/07\/ataque-do-flamengo-sem-convocados-e-desafio-de-ceni\/#primaryimage\"},\"image\":{\"@id\":\"https:\/\/www.gaveanews.com\/index.php\/2021\/06\/07\/ataque-do-flamengo-sem-convocados-e-desafio-de-ceni\/#primaryimage\"},\"thumbnailUrl\":\"https:\/\/www.gaveanews.com\/wp-content\/uploads\/Pedro-durante-o-treinamento-do-Brasil.webp\",\"datePublished\":\"2021-06-07T10:15:05+00:00\",\"dateModified\":\"2021-06-07T10:16:05+00:00\",\"author\":{\"@id\":\"https:\/\/www.gaveanews.com\/#\/schema\/person\/2ec14f73fb96be2caf28f91afb14749d\"},\"breadcrumb\":{\"@id\":\"https:\/\/www.gaveanews.com\/index.php\/2021\/06\/07\/ataque-do-flamengo-sem-convocados-e-desafio-de-ceni\/#breadcrumb\"},\"inLanguage\":\"pt-BR\",\"potentialAction\":[{\"@type\":\"ReadAction\",\"target\":[\"https:\/\/www.gaveanews.com\/index.php\/2021\/06\/07\/ataque-do-flamengo-sem-convocados-e-desafio-de-ceni\/\"]}]},{\"@type\":\"ImageObject\",\"inLanguage\":\"pt-BR\",\"@id\":\"https:\/\/www.gaveanews.com\/index.php\/2021\/06\/07\/ataque-do-flamengo-sem-convocados-e-desafio-de-ceni\/#primaryimage\",\"url\":\"https:\/\/www.gaveanews.com\/wp-content\/uploads\/Pedro-durante-o-treinamento-do-Brasil.webp\",\"contentUrl\":\"https:\/\/www.gaveanews.com\/wp-content\/uploads\/Pedro-durante-o-treinamento-do-Brasil.webp\",\"width\":984,\"height\":656,\"caption\":\"Pedro durante o treinamento do Brasil (Foto: Aleksandar Djorovic\/CBF)\"},{\"@type\":\"BreadcrumbList\",\"@id\":\"https:\/\/www.gaveanews.com\/index.php\/2021\/06\/07\/ataque-do-flamengo-sem-convocados-e-desafio-de-ceni\/#breadcrumb\",\"itemListElement\":[{\"@type\":\"ListItem\",\"position\":1,\"name\":\"Home\",\"item\":\"https:\/\/www.gaveanews.com\/\"},{\"@type\":\"ListItem\",\"position\":2,\"name\":\"Ataque do Flamengo sem convocados \u00e9 desafio de Ceni\"}]},{\"@type\":\"WebSite\",\"@id\":\"https:\/\/www.gaveanews.com\/#website\",\"url\":\"https:\/\/www.gaveanews.com\/\",\"name\":\"G\u00e1vea News\",\"description\":\"Veja todas as not\u00edcias sobre o Flamengo: Contrata\u00e7\u00f5es, categorias de base, resultados das partidas, tabela de classifica\u00e7\u00e3o, pr\u00f3ximos jogos!\",\"potentialAction\":[{\"@type\":\"SearchAction\",\"target\":{\"@type\":\"EntryPoint\",\"urlTemplate\":\"https:\/\/www.gaveanews.com\/?s={search_term_string}\"},\"query-input\":{\"@type\":\"PropertyValueSpecification\",\"valueRequired\":true,\"valueName\":\"search_term_string\"}}],\"inLanguage\":\"pt-BR\"},{\"@type\":\"Person\",\"@id\":\"https:\/\/www.gaveanews.com\/#\/schema\/person\/2ec14f73fb96be2caf28f91afb14749d\",\"name\":\"Equipe G\u00e1vea News\",\"image\":{\"@type\":\"ImageObject\",\"inLanguage\":\"pt-BR\",\"@id\":\"https:\/\/www.gaveanews.com\/#\/schema\/person\/image\/\",\"url\":\"https:\/\/secure.gravatar.com\/avatar\/1e1956f1facbffd3f8fa53a326721950116b3b9dc9bd44939c01180fd4a745a9?s=96&d=mm&r=g\",\"contentUrl\":\"https:\/\/secure.gravatar.com\/avatar\/1e1956f1facbffd3f8fa53a326721950116b3b9dc9bd44939c01180fd4a745a9?s=96&d=mm&r=g\",\"caption\":\"Equipe G\u00e1vea News\"}}]}<\/script>\n<!-- \/ Yoast SEO Premium plugin. -->","yoast_head_json":{"title":"Ataque do Flamengo sem convocados \u00e9 desafio de Ceni","robots":{"index":"index","follow":"follow","max-snippet":"max-snippet:-1","max-image-preview":"max-image-preview:large","max-video-preview":"max-video-preview:-1"},"canonical":"https:\/\/www.gaveanews.com\/index.php\/2021\/06\/07\/ataque-do-flamengo-sem-convocados-e-desafio-de-ceni\/","og_locale":"pt_BR","og_type":"article","og_title":"Ataque do Flamengo sem convocados \u00e9 desafio de Ceni","og_description":"A m\u00e1xima de que &#8220;em time que est\u00e1 ganhando n\u00e3o se mexe&#8221; n\u00e3o vai valer para Rog\u00e9rio Ceni. O Flamengo tem um dos ataques mais produtivos da temporada, mas o treinador se v\u00ea obrigado a achar solu\u00e7\u00f5es em meio aos desfalques causados pela data Fifa. Neste cen\u00e1rio, o t\u00e9cnico pode recorrer a uma forma\u00e7\u00e3o que [&hellip;]","og_url":"https:\/\/www.gaveanews.com\/index.php\/2021\/06\/07\/ataque-do-flamengo-sem-convocados-e-desafio-de-ceni\/","og_site_name":"G\u00e1vea News","article_publisher":"https:\/\/facebook.com\/gaveaNews\/","article_published_time":"2021-06-07T10:15:05+00:00","article_modified_time":"2021-06-07T10:16:05+00:00","og_image":[{"width":984,"height":656,"url":"https:\/\/www.gaveanews.com\/wp-content\/uploads\/Pedro-durante-o-treinamento-do-Brasil.webp","type":"image\/jpeg"}],"author":"Equipe G\u00e1vea News","twitter_card":"summary_large_image","twitter_misc":{"Escrito por":"Equipe G\u00e1vea News","Est. tempo de leitura":"2 minutos"},"schema":{"@context":"https:\/\/schema.org","@graph":[{"@type":"NewsArticle","@id":"https:\/\/www.gaveanews.com\/index.php\/2021\/06\/07\/ataque-do-flamengo-sem-convocados-e-desafio-de-ceni\/#article","isPartOf":{"@id":"https:\/\/www.gaveanews.com\/index.php\/2021\/06\/07\/ataque-do-flamengo-sem-convocados-e-desafio-de-ceni\/"},"author":{"name":"Equipe G\u00e1vea News","@id":"https:\/\/www.gaveanews.com\/#\/schema\/person\/2ec14f73fb96be2caf28f91afb14749d"},"headline":"Ataque do Flamengo sem convocados \u00e9 desafio de Ceni","datePublished":"2021-06-07T10:15:05+00:00","dateModified":"2021-06-07T10:16:05+00:00","mainEntityOfPage":{"@id":"https:\/\/www.gaveanews.com\/index.php\/2021\/06\/07\/ataque-do-flamengo-sem-convocados-e-desafio-de-ceni\/"},"wordCount":456,"commentCount":20,"image":{"@id":"https:\/\/www.gaveanews.com\/index.php\/2021\/06\/07\/ataque-do-flamengo-sem-convocados-e-desafio-de-ceni\/#primaryimage"},"thumbnailUrl":"https:\/\/www.gaveanews.com\/wp-content\/uploads\/Pedro-durante-o-treinamento-do-Brasil.webp","articleSection":["Flamengo"],"inLanguage":"pt-BR","potentialAction":[{"@type":"CommentAction","name":"Comment","target":["https:\/\/www.gaveanews.com\/index.php\/2021\/06\/07\/ataque-do-flamengo-sem-convocados-e-desafio-de-ceni\/#respond"]}],"copyrightYear":"2021","copyrightHolder":{"@id":"https:\/\/www.gaveanews.com\/#organization"}},{"@type":"WebPage","@id":"https:\/\/www.gaveanews.com\/index.php\/2021\/06\/07\/ataque-do-flamengo-sem-convocados-e-desafio-de-ceni\/","url":"https:\/\/www.gaveanews.com\/index.php\/2021\/06\/07\/ataque-do-flamengo-sem-convocados-e-desafio-de-ceni\/","name":"Ataque do Flamengo sem convocados \u00e9 desafio de Ceni","isPartOf":{"@id":"https:\/\/www.gaveanews.com\/#website"},"primaryImageOfPage":{"@id":"https:\/\/www.gaveanews.com\/index.php\/2021\/06\/07\/ataque-do-flamengo-sem-convocados-e-desafio-de-ceni\/#primaryimage"},"image":{"@id":"https:\/\/www.gaveanews.com\/index.php\/2021\/06\/07\/ataque-do-flamengo-sem-convocados-e-desafio-de-ceni\/#primaryimage"},"thumbnailUrl":"https:\/\/www.gaveanews.com\/wp-content\/uploads\/Pedro-durante-o-treinamento-do-Brasil.webp","datePublished":"2021-06-07T10:15:05+00:00","dateModified":"2021-06-07T10:16:05+00:00","author":{"@id":"https:\/\/www.gaveanews.com\/#\/schema\/person\/2ec14f73fb96be2caf28f91afb14749d"},"breadcrumb":{"@id":"https:\/\/www.gaveanews.com\/index.php\/2021\/06\/07\/ataque-do-flamengo-sem-convocados-e-desafio-de-ceni\/#breadcrumb"},"inLanguage":"pt-BR","potentialAction":[{"@type":"ReadAction","target":["https:\/\/www.gaveanews.com\/index.php\/2021\/06\/07\/ataque-do-flamengo-sem-convocados-e-desafio-de-ceni\/"]}]},{"@type":"ImageObject","inLanguage":"pt-BR","@id":"https:\/\/www.gaveanews.com\/index.php\/2021\/06\/07\/ataque-do-flamengo-sem-convocados-e-desafio-de-ceni\/#primaryimage","url":"https:\/\/www.gaveanews.com\/wp-content\/uploads\/Pedro-durante-o-treinamento-do-Brasil.webp","contentUrl":"https:\/\/www.gaveanews.com\/wp-content\/uploads\/Pedro-durante-o-treinamento-do-Brasil.webp","width":984,"height":656,"caption":"Pedro durante o treinamento do Brasil (Foto: Aleksandar Djorovic\/CBF)"},{"@type":"BreadcrumbList","@id":"https:\/\/www.gaveanews.com\/index.php\/2021\/06\/07\/ataque-do-flamengo-sem-convocados-e-desafio-de-ceni\/#breadcrumb","itemListElement":[{"@type":"ListItem","position":1,"name":"Home","item":"https:\/\/www.gaveanews.com\/"},{"@type":"ListItem","position":2,"name":"Ataque do Flamengo sem convocados \u00e9 desafio de Ceni"}]},{"@type":"WebSite","@id":"https:\/\/www.gaveanews.com\/#website","url":"https:\/\/www.gaveanews.com\/","name":"G\u00e1vea News","description":"Veja todas as not\u00edcias sobre o Flamengo: Contrata\u00e7\u00f5es, categorias de base, resultados das partidas, tabela de classifica\u00e7\u00e3o, pr\u00f3ximos jogos!","potentialAction":[{"@type":"SearchAction","target":{"@type":"EntryPoint","urlTemplate":"https:\/\/www.gaveanews.com\/?s={search_term_string}"},"query-input":{"@type":"PropertyValueSpecification","valueRequired":true,"valueName":"search_term_string"}}],"inLanguage":"pt-BR"},{"@type":"Person","@id":"https:\/\/www.gaveanews.com\/#\/schema\/person\/2ec14f73fb96be2caf28f91afb14749d","name":"Equipe G\u00e1vea News","image":{"@type":"ImageObject","inLanguage":"pt-BR","@id":"https:\/\/www.gaveanews.com\/#\/schema\/person\/image\/","url":"https:\/\/secure.gravatar.com\/avatar\/1e1956f1facbffd3f8fa53a326721950116b3b9dc9bd44939c01180fd4a745a9?s=96&d=mm&r=g","contentUrl":"https:\/\/secure.gravatar.com\/avatar\/1e1956f1facbffd3f8fa53a326721950116b3b9dc9bd44939c01180fd4a745a9?s=96&d=mm&r=g","caption":"Equipe G\u00e1vea News"}}]}},"_links":{"self":[{"href":"https:\/\/www.gaveanews.com\/index.php\/wp-json\/wp\/v2\/posts\/62508","targetHints":{"allow":["GET"]}}],"collection":[{"href":"https:\/\/www.gaveanews.com\/index.php\/wp-json\/wp\/v2\/posts"}],"about":[{"href":"https:\/\/www.gaveanews.com\/index.php\/wp-json\/wp\/v2\/types\/post"}],"author":[{"embeddable":true,"href":"https:\/\/www.gaveanews.com\/index.php\/wp-json\/wp\/v2\/users\/1"}],"replies":[{"embeddable":true,"href":"https:\/\/www.gaveanews.com\/index.php\/wp-json\/wp\/v2\/comments?post=62508"}],"version-history":[{"count":0,"href":"https:\/\/www.gaveanews.com\/index.php\/wp-json\/wp\/v2\/posts\/62508\/revisions"}],"wp:featuredmedia":[{"embeddable":true,"href":"https:\/\/www.gaveanews.com\/index.php\/wp-json\/wp\/v2\/media\/62470"}],"wp:attachment":[{"href":"https:\/\/www.gaveanews.com\/index.php\/wp-json\/wp\/v2\/media?parent=62508"}],"wp:term":[{"taxonomy":"category","embeddable":true,"href":"https:\/\/www.gaveanews.com\/index.php\/wp-json\/wp\/v2\/categories?post=62508"},{"taxonomy":"post_tag","embeddable":true,"href":"https:\/\/www.gaveanews.com\/index.php\/wp-json\/wp\/v2\/tags?post=62508"}],"curies":[{"name":"wp","href":"https:\/\/api.w.org\/{rel}","templated":true}]}}