{"id":62521,"date":"2021-06-07T13:51:31","date_gmt":"2021-06-07T16:51:31","guid":{"rendered":"https:\/\/www.gaveanews.com\/?p=62521"},"modified":"2021-06-07T13:51:41","modified_gmt":"2021-06-07T16:51:41","slug":"flamengo-monta-logistica-para-ter-gabigol-everton-rodrigo-caio-pedro-e-gerson-contra-o-coritiba","status":"publish","type":"post","link":"https:\/\/www.gaveanews.com\/index.php\/2021\/06\/07\/flamengo-monta-logistica-para-ter-gabigol-everton-rodrigo-caio-pedro-e-gerson-contra-o-coritiba\/","title":{"rendered":"Flamengo monta opera\u00e7\u00e3o para ter Gabigol, Everton, Rodrigo Caio, Pedro e Gerson contra o Coritiba"},"content":{"rendered":"\n<p>O Flamengo volta a campo na pr\u00f3xima quinta-feira para fazer sua estreia na Copa do Brasil, contra o Coritiba, e o clube montou uma log\u00edstica para poder contar com os cinco jogadores convocados para a sele\u00e7\u00e3o brasileira. Gabigol, Everton Ribeiro, Rodrigo Caio, Gerson e Pedro chegam na capital paranaense apenas no dia da partida.<\/p>\n\n\n\n<p>O aproveitamento na partida ser\u00e1 feito de acordo com a avalia\u00e7\u00e3o da comiss\u00e3o t\u00e9cnica, j\u00e1 que ser\u00e1 muito pouco tempo de recupera\u00e7\u00e3o. A quantidade de minutos que cada um atuar na ter\u00e7a ser\u00e1 um dado importante para a decis\u00e3o.<\/p>\n\n\n\n<p>Os atletas que forem convocados para a Copa Am\u00e9rica s\u00f3 v\u00e3o se apresentar na sele\u00e7\u00e3o brasileira na sexta-feira, dia 11.<\/p>\n\n\n\n<p>O time tem dois desfalques confirmados. Arrascaeta, que est\u00e1 com Covid, e Isla. O Chile enfrenta a Bol\u00edvia na noite de ter\u00e7a, e n\u00e3o ser\u00e1 poss\u00edvel que o lateral se apresente em tempo para encarar o Coritiba.<\/p>\n\n\n\n<p>A sele\u00e7\u00e3o brasileira principal, que tem Gabigol, Everton e Rodrigo Caio, enfrenta o Paraguai, ter\u00e7a, \u00e0s 21h30, em Assun\u00e7\u00e3o, e a delega\u00e7\u00e3o retorna ao Brasil logo ap\u00f3s o jogo. Tamb\u00e9m na ter\u00e7a, \u00e0s 14h (de Bras\u00edlia), a sele\u00e7\u00e3o ol\u00edmpica disputa amistoso com a S\u00e9rvia, no est\u00e1dio Est\u00e1dio Karadorde. Pedro e Gerson chegam no Brasil na quinta de manh\u00e3 e seguem para Curitiba.<\/p>\n\n\n\n<p>O Flamengo, atrav\u00e9s do supervisor Gabriel Skinner e do chefe do departamento m\u00e9dico Marcio Tannure, entrou em contato com a comiss\u00e3o t\u00e9cnica das sele\u00e7\u00f5es do Brasil para aux\u00edlio na realiza\u00e7\u00e3o dos exames de Covid, que precisam ser feitos 72h da partida contra o Coritiba.<\/p>\n\n\n\n<p>Retirado de: Globo Esporte<\/p>\n","protected":false},"excerpt":{"rendered":"<p>O Flamengo volta a campo na pr\u00f3xima quinta-feira para fazer sua estreia na Copa do Brasil, contra o Coritiba, e o clube montou uma log\u00edstica para poder contar com os cinco jogadores convocados para a sele\u00e7\u00e3o brasileira. Gabigol, Everton Ribeiro, Rodrigo Caio, Gerson e Pedro chegam na capital paranaense apenas no dia da partida. O [&hellip;]<\/p>\n","protected":false},"author":1,"featured_media":48784,"comment_status":"open","ping_status":"closed","sticky":false,"template":"","format":"standard","meta":{"footnotes":""},"categories":[1],"tags":[],"class_list":["post-62521","post","type-post","status-publish","format-standard","has-post-thumbnail","hentry","category-flamengo"],"yoast_head":"<!-- This site is optimized with the Yoast SEO Premium plugin v24.2 (Yoast SEO v26.9) - https:\/\/yoast.com\/product\/yoast-seo-premium-wordpress\/ -->\n<title>Flamengo monta opera\u00e7\u00e3o para ter Gabigol, Everton, Rodrigo Caio, Pedro e Gerson contra o Coritiba<\/title>\n<meta name=\"robots\" content=\"index, follow, max-snippet:-1, max-image-preview:large, max-video-preview:-1\" \/>\n<link rel=\"canonical\" href=\"https:\/\/www.gaveanews.com\/index.php\/2021\/06\/07\/flamengo-monta-logistica-para-ter-gabigol-everton-rodrigo-caio-pedro-e-gerson-contra-o-coritiba\/\" \/>\n<meta property=\"og:locale\" content=\"pt_BR\" \/>\n<meta property=\"og:type\" content=\"article\" \/>\n<meta property=\"og:title\" content=\"Flamengo monta opera\u00e7\u00e3o para ter Gabigol, Everton, Rodrigo Caio, Pedro e Gerson contra o Coritiba\" \/>\n<meta property=\"og:description\" content=\"O Flamengo volta a campo na pr\u00f3xima quinta-feira para fazer sua estreia na Copa do Brasil, contra o Coritiba, e o clube montou uma log\u00edstica para poder contar com os cinco jogadores convocados para a sele\u00e7\u00e3o brasileira. Gabigol, Everton Ribeiro, Rodrigo Caio, Gerson e Pedro chegam na capital paranaense apenas no dia da partida. O [&hellip;]\" \/>\n<meta property=\"og:url\" content=\"https:\/\/www.gaveanews.com\/index.php\/2021\/06\/07\/flamengo-monta-logistica-para-ter-gabigol-everton-rodrigo-caio-pedro-e-gerson-contra-o-coritiba\/\" \/>\n<meta property=\"og:site_name\" content=\"G\u00e1vea News\" \/>\n<meta property=\"article:publisher\" content=\"https:\/\/facebook.com\/gaveaNews\/\" \/>\n<meta property=\"article:published_time\" content=\"2021-06-07T16:51:31+00:00\" \/>\n<meta property=\"article:modified_time\" content=\"2021-06-07T16:51:41+00:00\" \/>\n<meta property=\"og:image\" content=\"https:\/\/www.gaveanews.com\/wp-content\/uploads\/Everton-Ribeiro-durante-treinamento-do-Brasil.webp\" \/>\n\t<meta property=\"og:image:width\" content=\"1024\" \/>\n\t<meta property=\"og:image:height\" content=\"683\" \/>\n\t<meta property=\"og:image:type\" content=\"image\/jpeg\" \/>\n<meta name=\"author\" content=\"Equipe G\u00e1vea News\" \/>\n<meta name=\"twitter:card\" content=\"summary_large_image\" \/>\n<meta name=\"twitter:label1\" content=\"Escrito por\" \/>\n\t<meta name=\"twitter:data1\" content=\"Equipe G\u00e1vea News\" \/>\n\t<meta name=\"twitter:label2\" content=\"Est. tempo de leitura\" \/>\n\t<meta name=\"twitter:data2\" content=\"2 minutos\" \/>\n<script type=\"application\/ld+json\" class=\"yoast-schema-graph\">{\"@context\":\"https:\/\/schema.org\",\"@graph\":[{\"@type\":\"NewsArticle\",\"@id\":\"https:\/\/www.gaveanews.com\/index.php\/2021\/06\/07\/flamengo-monta-logistica-para-ter-gabigol-everton-rodrigo-caio-pedro-e-gerson-contra-o-coritiba\/#article\",\"isPartOf\":{\"@id\":\"https:\/\/www.gaveanews.com\/index.php\/2021\/06\/07\/flamengo-monta-logistica-para-ter-gabigol-everton-rodrigo-caio-pedro-e-gerson-contra-o-coritiba\/\"},\"author\":{\"name\":\"Equipe G\u00e1vea News\",\"@id\":\"https:\/\/www.gaveanews.com\/#\/schema\/person\/2ec14f73fb96be2caf28f91afb14749d\"},\"headline\":\"Flamengo monta opera\u00e7\u00e3o para ter Gabigol, Everton, Rodrigo Caio, Pedro e Gerson contra o Coritiba\",\"datePublished\":\"2021-06-07T16:51:31+00:00\",\"dateModified\":\"2021-06-07T16:51:41+00:00\",\"mainEntityOfPage\":{\"@id\":\"https:\/\/www.gaveanews.com\/index.php\/2021\/06\/07\/flamengo-monta-logistica-para-ter-gabigol-everton-rodrigo-caio-pedro-e-gerson-contra-o-coritiba\/\"},\"wordCount\":311,\"commentCount\":4,\"image\":{\"@id\":\"https:\/\/www.gaveanews.com\/index.php\/2021\/06\/07\/flamengo-monta-logistica-para-ter-gabigol-everton-rodrigo-caio-pedro-e-gerson-contra-o-coritiba\/#primaryimage\"},\"thumbnailUrl\":\"https:\/\/www.gaveanews.com\/wp-content\/uploads\/Everton-Ribeiro-durante-treinamento-do-Brasil.webp\",\"articleSection\":[\"Flamengo\"],\"inLanguage\":\"pt-BR\",\"potentialAction\":[{\"@type\":\"CommentAction\",\"name\":\"Comment\",\"target\":[\"https:\/\/www.gaveanews.com\/index.php\/2021\/06\/07\/flamengo-monta-logistica-para-ter-gabigol-everton-rodrigo-caio-pedro-e-gerson-contra-o-coritiba\/#respond\"]}],\"copyrightYear\":\"2021\",\"copyrightHolder\":{\"@id\":\"https:\/\/www.gaveanews.com\/#organization\"}},{\"@type\":\"WebPage\",\"@id\":\"https:\/\/www.gaveanews.com\/index.php\/2021\/06\/07\/flamengo-monta-logistica-para-ter-gabigol-everton-rodrigo-caio-pedro-e-gerson-contra-o-coritiba\/\",\"url\":\"https:\/\/www.gaveanews.com\/index.php\/2021\/06\/07\/flamengo-monta-logistica-para-ter-gabigol-everton-rodrigo-caio-pedro-e-gerson-contra-o-coritiba\/\",\"name\":\"Flamengo monta opera\u00e7\u00e3o para ter Gabigol, Everton, Rodrigo Caio, Pedro e Gerson contra o Coritiba\",\"isPartOf\":{\"@id\":\"https:\/\/www.gaveanews.com\/#website\"},\"primaryImageOfPage\":{\"@id\":\"https:\/\/www.gaveanews.com\/index.php\/2021\/06\/07\/flamengo-monta-logistica-para-ter-gabigol-everton-rodrigo-caio-pedro-e-gerson-contra-o-coritiba\/#primaryimage\"},\"image\":{\"@id\":\"https:\/\/www.gaveanews.com\/index.php\/2021\/06\/07\/flamengo-monta-logistica-para-ter-gabigol-everton-rodrigo-caio-pedro-e-gerson-contra-o-coritiba\/#primaryimage\"},\"thumbnailUrl\":\"https:\/\/www.gaveanews.com\/wp-content\/uploads\/Everton-Ribeiro-durante-treinamento-do-Brasil.webp\",\"datePublished\":\"2021-06-07T16:51:31+00:00\",\"dateModified\":\"2021-06-07T16:51:41+00:00\",\"author\":{\"@id\":\"https:\/\/www.gaveanews.com\/#\/schema\/person\/2ec14f73fb96be2caf28f91afb14749d\"},\"breadcrumb\":{\"@id\":\"https:\/\/www.gaveanews.com\/index.php\/2021\/06\/07\/flamengo-monta-logistica-para-ter-gabigol-everton-rodrigo-caio-pedro-e-gerson-contra-o-coritiba\/#breadcrumb\"},\"inLanguage\":\"pt-BR\",\"potentialAction\":[{\"@type\":\"ReadAction\",\"target\":[\"https:\/\/www.gaveanews.com\/index.php\/2021\/06\/07\/flamengo-monta-logistica-para-ter-gabigol-everton-rodrigo-caio-pedro-e-gerson-contra-o-coritiba\/\"]}]},{\"@type\":\"ImageObject\",\"inLanguage\":\"pt-BR\",\"@id\":\"https:\/\/www.gaveanews.com\/index.php\/2021\/06\/07\/flamengo-monta-logistica-para-ter-gabigol-everton-rodrigo-caio-pedro-e-gerson-contra-o-coritiba\/#primaryimage\",\"url\":\"https:\/\/www.gaveanews.com\/wp-content\/uploads\/Everton-Ribeiro-durante-treinamento-do-Brasil.webp\",\"contentUrl\":\"https:\/\/www.gaveanews.com\/wp-content\/uploads\/Everton-Ribeiro-durante-treinamento-do-Brasil.webp\",\"width\":1024,\"height\":683,\"caption\":\"Everton Ribeiro durante treinamento do Brasil (Foto: Lucas Figueiredo\/CBF)\"},{\"@type\":\"BreadcrumbList\",\"@id\":\"https:\/\/www.gaveanews.com\/index.php\/2021\/06\/07\/flamengo-monta-logistica-para-ter-gabigol-everton-rodrigo-caio-pedro-e-gerson-contra-o-coritiba\/#breadcrumb\",\"itemListElement\":[{\"@type\":\"ListItem\",\"position\":1,\"name\":\"Home\",\"item\":\"https:\/\/www.gaveanews.com\/\"},{\"@type\":\"ListItem\",\"position\":2,\"name\":\"Flamengo monta opera\u00e7\u00e3o para ter Gabigol, Everton, Rodrigo Caio, Pedro e Gerson contra o Coritiba\"}]},{\"@type\":\"WebSite\",\"@id\":\"https:\/\/www.gaveanews.com\/#website\",\"url\":\"https:\/\/www.gaveanews.com\/\",\"name\":\"G\u00e1vea News\",\"description\":\"Veja todas as not\u00edcias sobre o Flamengo: Contrata\u00e7\u00f5es, categorias de base, resultados das partidas, tabela de classifica\u00e7\u00e3o, pr\u00f3ximos jogos!\",\"potentialAction\":[{\"@type\":\"SearchAction\",\"target\":{\"@type\":\"EntryPoint\",\"urlTemplate\":\"https:\/\/www.gaveanews.com\/?s={search_term_string}\"},\"query-input\":{\"@type\":\"PropertyValueSpecification\",\"valueRequired\":true,\"valueName\":\"search_term_string\"}}],\"inLanguage\":\"pt-BR\"},{\"@type\":\"Person\",\"@id\":\"https:\/\/www.gaveanews.com\/#\/schema\/person\/2ec14f73fb96be2caf28f91afb14749d\",\"name\":\"Equipe G\u00e1vea News\",\"image\":{\"@type\":\"ImageObject\",\"inLanguage\":\"pt-BR\",\"@id\":\"https:\/\/www.gaveanews.com\/#\/schema\/person\/image\/\",\"url\":\"https:\/\/secure.gravatar.com\/avatar\/1e1956f1facbffd3f8fa53a326721950116b3b9dc9bd44939c01180fd4a745a9?s=96&d=mm&r=g\",\"contentUrl\":\"https:\/\/secure.gravatar.com\/avatar\/1e1956f1facbffd3f8fa53a326721950116b3b9dc9bd44939c01180fd4a745a9?s=96&d=mm&r=g\",\"caption\":\"Equipe G\u00e1vea News\"}}]}<\/script>\n<!-- \/ Yoast SEO Premium plugin. -->","yoast_head_json":{"title":"Flamengo monta opera\u00e7\u00e3o para ter Gabigol, Everton, Rodrigo Caio, Pedro e Gerson contra o Coritiba","robots":{"index":"index","follow":"follow","max-snippet":"max-snippet:-1","max-image-preview":"max-image-preview:large","max-video-preview":"max-video-preview:-1"},"canonical":"https:\/\/www.gaveanews.com\/index.php\/2021\/06\/07\/flamengo-monta-logistica-para-ter-gabigol-everton-rodrigo-caio-pedro-e-gerson-contra-o-coritiba\/","og_locale":"pt_BR","og_type":"article","og_title":"Flamengo monta opera\u00e7\u00e3o para ter Gabigol, Everton, Rodrigo Caio, Pedro e Gerson contra o Coritiba","og_description":"O Flamengo volta a campo na pr\u00f3xima quinta-feira para fazer sua estreia na Copa do Brasil, contra o Coritiba, e o clube montou uma log\u00edstica para poder contar com os cinco jogadores convocados para a sele\u00e7\u00e3o brasileira. Gabigol, Everton Ribeiro, Rodrigo Caio, Gerson e Pedro chegam na capital paranaense apenas no dia da partida. O [&hellip;]","og_url":"https:\/\/www.gaveanews.com\/index.php\/2021\/06\/07\/flamengo-monta-logistica-para-ter-gabigol-everton-rodrigo-caio-pedro-e-gerson-contra-o-coritiba\/","og_site_name":"G\u00e1vea News","article_publisher":"https:\/\/facebook.com\/gaveaNews\/","article_published_time":"2021-06-07T16:51:31+00:00","article_modified_time":"2021-06-07T16:51:41+00:00","og_image":[{"width":1024,"height":683,"url":"https:\/\/www.gaveanews.com\/wp-content\/uploads\/Everton-Ribeiro-durante-treinamento-do-Brasil.webp","type":"image\/jpeg"}],"author":"Equipe G\u00e1vea News","twitter_card":"summary_large_image","twitter_misc":{"Escrito por":"Equipe G\u00e1vea News","Est. tempo de leitura":"2 minutos"},"schema":{"@context":"https:\/\/schema.org","@graph":[{"@type":"NewsArticle","@id":"https:\/\/www.gaveanews.com\/index.php\/2021\/06\/07\/flamengo-monta-logistica-para-ter-gabigol-everton-rodrigo-caio-pedro-e-gerson-contra-o-coritiba\/#article","isPartOf":{"@id":"https:\/\/www.gaveanews.com\/index.php\/2021\/06\/07\/flamengo-monta-logistica-para-ter-gabigol-everton-rodrigo-caio-pedro-e-gerson-contra-o-coritiba\/"},"author":{"name":"Equipe G\u00e1vea News","@id":"https:\/\/www.gaveanews.com\/#\/schema\/person\/2ec14f73fb96be2caf28f91afb14749d"},"headline":"Flamengo monta opera\u00e7\u00e3o para ter Gabigol, Everton, Rodrigo Caio, Pedro e Gerson contra o Coritiba","datePublished":"2021-06-07T16:51:31+00:00","dateModified":"2021-06-07T16:51:41+00:00","mainEntityOfPage":{"@id":"https:\/\/www.gaveanews.com\/index.php\/2021\/06\/07\/flamengo-monta-logistica-para-ter-gabigol-everton-rodrigo-caio-pedro-e-gerson-contra-o-coritiba\/"},"wordCount":311,"commentCount":4,"image":{"@id":"https:\/\/www.gaveanews.com\/index.php\/2021\/06\/07\/flamengo-monta-logistica-para-ter-gabigol-everton-rodrigo-caio-pedro-e-gerson-contra-o-coritiba\/#primaryimage"},"thumbnailUrl":"https:\/\/www.gaveanews.com\/wp-content\/uploads\/Everton-Ribeiro-durante-treinamento-do-Brasil.webp","articleSection":["Flamengo"],"inLanguage":"pt-BR","potentialAction":[{"@type":"CommentAction","name":"Comment","target":["https:\/\/www.gaveanews.com\/index.php\/2021\/06\/07\/flamengo-monta-logistica-para-ter-gabigol-everton-rodrigo-caio-pedro-e-gerson-contra-o-coritiba\/#respond"]}],"copyrightYear":"2021","copyrightHolder":{"@id":"https:\/\/www.gaveanews.com\/#organization"}},{"@type":"WebPage","@id":"https:\/\/www.gaveanews.com\/index.php\/2021\/06\/07\/flamengo-monta-logistica-para-ter-gabigol-everton-rodrigo-caio-pedro-e-gerson-contra-o-coritiba\/","url":"https:\/\/www.gaveanews.com\/index.php\/2021\/06\/07\/flamengo-monta-logistica-para-ter-gabigol-everton-rodrigo-caio-pedro-e-gerson-contra-o-coritiba\/","name":"Flamengo monta opera\u00e7\u00e3o para ter Gabigol, Everton, Rodrigo Caio, Pedro e Gerson contra o Coritiba","isPartOf":{"@id":"https:\/\/www.gaveanews.com\/#website"},"primaryImageOfPage":{"@id":"https:\/\/www.gaveanews.com\/index.php\/2021\/06\/07\/flamengo-monta-logistica-para-ter-gabigol-everton-rodrigo-caio-pedro-e-gerson-contra-o-coritiba\/#primaryimage"},"image":{"@id":"https:\/\/www.gaveanews.com\/index.php\/2021\/06\/07\/flamengo-monta-logistica-para-ter-gabigol-everton-rodrigo-caio-pedro-e-gerson-contra-o-coritiba\/#primaryimage"},"thumbnailUrl":"https:\/\/www.gaveanews.com\/wp-content\/uploads\/Everton-Ribeiro-durante-treinamento-do-Brasil.webp","datePublished":"2021-06-07T16:51:31+00:00","dateModified":"2021-06-07T16:51:41+00:00","author":{"@id":"https:\/\/www.gaveanews.com\/#\/schema\/person\/2ec14f73fb96be2caf28f91afb14749d"},"breadcrumb":{"@id":"https:\/\/www.gaveanews.com\/index.php\/2021\/06\/07\/flamengo-monta-logistica-para-ter-gabigol-everton-rodrigo-caio-pedro-e-gerson-contra-o-coritiba\/#breadcrumb"},"inLanguage":"pt-BR","potentialAction":[{"@type":"ReadAction","target":["https:\/\/www.gaveanews.com\/index.php\/2021\/06\/07\/flamengo-monta-logistica-para-ter-gabigol-everton-rodrigo-caio-pedro-e-gerson-contra-o-coritiba\/"]}]},{"@type":"ImageObject","inLanguage":"pt-BR","@id":"https:\/\/www.gaveanews.com\/index.php\/2021\/06\/07\/flamengo-monta-logistica-para-ter-gabigol-everton-rodrigo-caio-pedro-e-gerson-contra-o-coritiba\/#primaryimage","url":"https:\/\/www.gaveanews.com\/wp-content\/uploads\/Everton-Ribeiro-durante-treinamento-do-Brasil.webp","contentUrl":"https:\/\/www.gaveanews.com\/wp-content\/uploads\/Everton-Ribeiro-durante-treinamento-do-Brasil.webp","width":1024,"height":683,"caption":"Everton Ribeiro durante treinamento do Brasil (Foto: Lucas Figueiredo\/CBF)"},{"@type":"BreadcrumbList","@id":"https:\/\/www.gaveanews.com\/index.php\/2021\/06\/07\/flamengo-monta-logistica-para-ter-gabigol-everton-rodrigo-caio-pedro-e-gerson-contra-o-coritiba\/#breadcrumb","itemListElement":[{"@type":"ListItem","position":1,"name":"Home","item":"https:\/\/www.gaveanews.com\/"},{"@type":"ListItem","position":2,"name":"Flamengo monta opera\u00e7\u00e3o para ter Gabigol, Everton, Rodrigo Caio, Pedro e Gerson contra o Coritiba"}]},{"@type":"WebSite","@id":"https:\/\/www.gaveanews.com\/#website","url":"https:\/\/www.gaveanews.com\/","name":"G\u00e1vea News","description":"Veja todas as not\u00edcias sobre o Flamengo: Contrata\u00e7\u00f5es, categorias de base, resultados das partidas, tabela de classifica\u00e7\u00e3o, pr\u00f3ximos jogos!","potentialAction":[{"@type":"SearchAction","target":{"@type":"EntryPoint","urlTemplate":"https:\/\/www.gaveanews.com\/?s={search_term_string}"},"query-input":{"@type":"PropertyValueSpecification","valueRequired":true,"valueName":"search_term_string"}}],"inLanguage":"pt-BR"},{"@type":"Person","@id":"https:\/\/www.gaveanews.com\/#\/schema\/person\/2ec14f73fb96be2caf28f91afb14749d","name":"Equipe G\u00e1vea News","image":{"@type":"ImageObject","inLanguage":"pt-BR","@id":"https:\/\/www.gaveanews.com\/#\/schema\/person\/image\/","url":"https:\/\/secure.gravatar.com\/avatar\/1e1956f1facbffd3f8fa53a326721950116b3b9dc9bd44939c01180fd4a745a9?s=96&d=mm&r=g","contentUrl":"https:\/\/secure.gravatar.com\/avatar\/1e1956f1facbffd3f8fa53a326721950116b3b9dc9bd44939c01180fd4a745a9?s=96&d=mm&r=g","caption":"Equipe G\u00e1vea News"}}]}},"_links":{"self":[{"href":"https:\/\/www.gaveanews.com\/index.php\/wp-json\/wp\/v2\/posts\/62521","targetHints":{"allow":["GET"]}}],"collection":[{"href":"https:\/\/www.gaveanews.com\/index.php\/wp-json\/wp\/v2\/posts"}],"about":[{"href":"https:\/\/www.gaveanews.com\/index.php\/wp-json\/wp\/v2\/types\/post"}],"author":[{"embeddable":true,"href":"https:\/\/www.gaveanews.com\/index.php\/wp-json\/wp\/v2\/users\/1"}],"replies":[{"embeddable":true,"href":"https:\/\/www.gaveanews.com\/index.php\/wp-json\/wp\/v2\/comments?post=62521"}],"version-history":[{"count":0,"href":"https:\/\/www.gaveanews.com\/index.php\/wp-json\/wp\/v2\/posts\/62521\/revisions"}],"wp:featuredmedia":[{"embeddable":true,"href":"https:\/\/www.gaveanews.com\/index.php\/wp-json\/wp\/v2\/media\/48784"}],"wp:attachment":[{"href":"https:\/\/www.gaveanews.com\/index.php\/wp-json\/wp\/v2\/media?parent=62521"}],"wp:term":[{"taxonomy":"category","embeddable":true,"href":"https:\/\/www.gaveanews.com\/index.php\/wp-json\/wp\/v2\/categories?post=62521"},{"taxonomy":"post_tag","embeddable":true,"href":"https:\/\/www.gaveanews.com\/index.php\/wp-json\/wp\/v2\/tags?post=62521"}],"curies":[{"name":"wp","href":"https:\/\/api.w.org\/{rel}","templated":true}]}}