{"id":62714,"date":"2021-06-10T17:59:03","date_gmt":"2021-06-10T20:59:03","guid":{"rendered":"https:\/\/www.gaveanews.com\/?p=62714"},"modified":"2021-08-12T00:47:19","modified_gmt":"2021-08-12T03:47:19","slug":"saiu-veja-a-escalacao-do-flamengo-para-o-jogo-contra-o-coritiba","status":"publish","type":"post","link":"https:\/\/www.gaveanews.com\/index.php\/2021\/06\/10\/saiu-veja-a-escalacao-do-flamengo-para-o-jogo-contra-o-coritiba\/","title":{"rendered":"Saiu! Veja a escala\u00e7\u00e3o do Flamengo para o jogo contra o Coritiba"},"content":{"rendered":"\n<p>Daqui a pouco, \u00e0s 19h (hor\u00e1rio de Bras\u00edlia), o Mais Querido enfrentar\u00e1 o Coritiba na partida de ida da terceira fase da Copa do Brasil. O evento contar\u00e1 com as transmiss\u00f5es da SporTV e do Premiere.<\/p>\n\n\n\n<p>Em busca de garantir vantagem para a decis\u00e3o de uma vaga nas oitavas de final da competi\u00e7\u00e3o, o Flamengo ir\u00e1 a campo com seu elenco bastante desfalcado. O time possui membros da equipe infectados com Covid-19, outros lesionados e ainda alguns convocados.<\/p>\n\n\n\n<p>Vale ressaltar que o clube definiu um <a href=\"https:\/\/www.gaveanews.com\/index.php\/2021\/06\/08\/pedro-e-gerson-nao-devem-jogar-o-jogo-entre-flamengo-e-coritiba\/\">crit\u00e9rio de avalia\u00e7\u00e3o<\/a> para n\u00e3o desgastar os jogadores que retornassem das convoca\u00e7\u00f5es e j\u00e1 tivessem atuado nesta semana, o que indica que Pedro n\u00e3o dever\u00e1 participar do jogo.<\/p>\n\n\n\n<p>Assim, o clube far\u00e1 o cab\u00edvel em suas possibilidades para assegurar sua vit\u00f3ria sobre o Coxa e n\u00e3o passar aperto no jogo de volta, que ocorrer\u00e1 na pr\u00f3xima quarta-feira (16), \u00e0s 21h30 (hor\u00e1rio de Bras\u00edlia), no Maracan\u00e3.<\/p>\n\n\n\n<h2 class=\"wp-block-heading\" id=\"h-quem-fica-de-fora\">Quem fica de fora:<\/h2>\n\n\n\n<ul class=\"wp-block-list\"><li>Gabigol (convocado)<\/li><li>Isla (convocado)<\/li><li>Rodrigo Caio (Dep. M\u00e9dico)<\/li><li>Thiago Maia (Dep. M\u00e9dico)<\/li><li>C\u00e9sar (Dep. M\u00e9dico)<\/li><li>Max (infectado com Covid-19)<\/li><li>Rog\u00e9rio Ceni (infectado com Covid-19)<\/li><li>Arrascaeta (infectado com Covid-19)<\/li><\/ul>\n\n\n\n<h2 class=\"wp-block-heading\" id=\"h-escala-o-oficial\">Escala\u00e7\u00e3o oficial:<\/h2>\n\n\n\n<p>Diego Alves, Matheuzinho, Willian Ar\u00e3o, Gustavo Henrique e Filipe Luis; Diego, Everton Ribeiro, Jo\u00e3o Gomes e Vitinho; Bruno Henrique e Muniz.<\/p>\n\n\n\n<h2 class=\"wp-block-heading\" id=\"h-banco-de-reservas\">Banco de reservas:<\/h2>\n\n\n\n<p>Gabriel Batista, Hugo, Rodinei, Bruno Viana, L\u00e9o Pereira, Ren\u00ea, Ramon, Hugo Moura, Yuri, Thiaguinho, Michael e Ryan Luka.<\/p>\n\n\n\n<h2 class=\"wp-block-heading\" id=\"h-arbitragem\">Arbitragem:<\/h2>\n\n\n\n<ul class=\"wp-block-list\"><li><strong>\u00c1rbitro:<\/strong> Savio Pereira Sampaio &#8211; DF<\/li><li><strong>\u00c1rbitro Assistente 1:<\/strong> Daniel Henrique da Silva Andrade &#8211; DF<\/li><li><strong>\u00c1rbitro Assistente 2:<\/strong> Jose Reinaldo Nascimento Junior &#8211; DF<\/li><li><strong>Quarto \u00c1rbitro:<\/strong> Lucas Paulo Torezin &#8211; PR<\/li><li><strong>Analista de Campo<\/strong>: Anderson Carlos Gon\u00e7alves &#8211; PR<\/li><\/ul>\n","protected":false},"excerpt":{"rendered":"<p>Daqui a pouco, \u00e0s 19h (hor\u00e1rio de Bras\u00edlia), o Mais Querido enfrentar\u00e1 o Coritiba na partida de ida da terceira fase da Copa do Brasil. O evento contar\u00e1 com as transmiss\u00f5es da SporTV e do Premiere. Em busca de garantir vantagem para a decis\u00e3o de uma vaga nas oitavas de final da competi\u00e7\u00e3o, o Flamengo [&hellip;]<\/p>\n","protected":false},"author":4,"featured_media":30000,"comment_status":"open","ping_status":"closed","sticky":false,"template":"","format":"standard","meta":{"footnotes":""},"categories":[1],"tags":[],"class_list":["post-62714","post","type-post","status-publish","format-standard","has-post-thumbnail","hentry","category-flamengo"],"yoast_head":"<!-- This site is optimized with the Yoast SEO Premium plugin v24.2 (Yoast SEO v26.9) - https:\/\/yoast.com\/product\/yoast-seo-premium-wordpress\/ -->\n<title>Saiu! Veja a escala\u00e7\u00e3o do Flamengo para o jogo contra o Coritiba<\/title>\n<meta name=\"robots\" content=\"index, follow, max-snippet:-1, max-image-preview:large, max-video-preview:-1\" \/>\n<link rel=\"canonical\" href=\"https:\/\/www.gaveanews.com\/index.php\/2021\/06\/10\/saiu-veja-a-escalacao-do-flamengo-para-o-jogo-contra-o-coritiba\/\" \/>\n<meta property=\"og:locale\" content=\"pt_BR\" \/>\n<meta property=\"og:type\" content=\"article\" \/>\n<meta property=\"og:title\" content=\"Saiu! Veja a escala\u00e7\u00e3o do Flamengo para o jogo contra o Coritiba\" \/>\n<meta property=\"og:description\" content=\"Daqui a pouco, \u00e0s 19h (hor\u00e1rio de Bras\u00edlia), o Mais Querido enfrentar\u00e1 o Coritiba na partida de ida da terceira fase da Copa do Brasil. O evento contar\u00e1 com as transmiss\u00f5es da SporTV e do Premiere. Em busca de garantir vantagem para a decis\u00e3o de uma vaga nas oitavas de final da competi\u00e7\u00e3o, o Flamengo [&hellip;]\" \/>\n<meta property=\"og:url\" content=\"https:\/\/www.gaveanews.com\/index.php\/2021\/06\/10\/saiu-veja-a-escalacao-do-flamengo-para-o-jogo-contra-o-coritiba\/\" \/>\n<meta property=\"og:site_name\" content=\"G\u00e1vea News\" \/>\n<meta property=\"article:publisher\" content=\"https:\/\/facebook.com\/gaveaNews\/\" \/>\n<meta property=\"article:published_time\" content=\"2021-06-10T20:59:03+00:00\" \/>\n<meta property=\"article:modified_time\" content=\"2021-08-12T03:47:19+00:00\" \/>\n<meta property=\"og:image\" content=\"https:\/\/www.gaveanews.com\/wp-content\/uploads\/Escalacao-oficial-do-Flamengo.webp\" \/>\n\t<meta property=\"og:image:width\" content=\"1\" \/>\n\t<meta property=\"og:image:height\" content=\"1\" \/>\n\t<meta property=\"og:image:type\" content=\"image\/jpeg\" \/>\n<meta name=\"author\" content=\"Let\u00edcia Gerheim\" \/>\n<meta name=\"twitter:card\" content=\"summary_large_image\" \/>\n<meta name=\"twitter:label1\" content=\"Escrito por\" \/>\n\t<meta name=\"twitter:data1\" content=\"Let\u00edcia Gerheim\" \/>\n\t<meta name=\"twitter:label2\" content=\"Est. tempo de leitura\" \/>\n\t<meta name=\"twitter:data2\" content=\"2 minutos\" \/>\n<script type=\"application\/ld+json\" class=\"yoast-schema-graph\">{\"@context\":\"https:\/\/schema.org\",\"@graph\":[{\"@type\":\"NewsArticle\",\"@id\":\"https:\/\/www.gaveanews.com\/index.php\/2021\/06\/10\/saiu-veja-a-escalacao-do-flamengo-para-o-jogo-contra-o-coritiba\/#article\",\"isPartOf\":{\"@id\":\"https:\/\/www.gaveanews.com\/index.php\/2021\/06\/10\/saiu-veja-a-escalacao-do-flamengo-para-o-jogo-contra-o-coritiba\/\"},\"author\":{\"name\":\"Let\u00edcia Gerheim\",\"@id\":\"https:\/\/www.gaveanews.com\/#\/schema\/person\/714c67050b836198af2450ba1c142a67\"},\"headline\":\"Saiu! Veja a escala\u00e7\u00e3o do Flamengo para o jogo contra o Coritiba\",\"datePublished\":\"2021-06-10T20:59:03+00:00\",\"dateModified\":\"2021-08-12T03:47:19+00:00\",\"mainEntityOfPage\":{\"@id\":\"https:\/\/www.gaveanews.com\/index.php\/2021\/06\/10\/saiu-veja-a-escalacao-do-flamengo-para-o-jogo-contra-o-coritiba\/\"},\"wordCount\":303,\"commentCount\":6,\"image\":{\"@id\":\"https:\/\/www.gaveanews.com\/index.php\/2021\/06\/10\/saiu-veja-a-escalacao-do-flamengo-para-o-jogo-contra-o-coritiba\/#primaryimage\"},\"thumbnailUrl\":\"https:\/\/www.gaveanews.com\/wp-content\/uploads\/Escalacao-oficial-do-Flamengo.webp\",\"articleSection\":[\"Flamengo\"],\"inLanguage\":\"pt-BR\",\"potentialAction\":[{\"@type\":\"CommentAction\",\"name\":\"Comment\",\"target\":[\"https:\/\/www.gaveanews.com\/index.php\/2021\/06\/10\/saiu-veja-a-escalacao-do-flamengo-para-o-jogo-contra-o-coritiba\/#respond\"]}],\"copyrightYear\":\"2021\",\"copyrightHolder\":{\"@id\":\"https:\/\/www.gaveanews.com\/#organization\"}},{\"@type\":\"WebPage\",\"@id\":\"https:\/\/www.gaveanews.com\/index.php\/2021\/06\/10\/saiu-veja-a-escalacao-do-flamengo-para-o-jogo-contra-o-coritiba\/\",\"url\":\"https:\/\/www.gaveanews.com\/index.php\/2021\/06\/10\/saiu-veja-a-escalacao-do-flamengo-para-o-jogo-contra-o-coritiba\/\",\"name\":\"Saiu! Veja a escala\u00e7\u00e3o do Flamengo para o jogo contra o Coritiba\",\"isPartOf\":{\"@id\":\"https:\/\/www.gaveanews.com\/#website\"},\"primaryImageOfPage\":{\"@id\":\"https:\/\/www.gaveanews.com\/index.php\/2021\/06\/10\/saiu-veja-a-escalacao-do-flamengo-para-o-jogo-contra-o-coritiba\/#primaryimage\"},\"image\":{\"@id\":\"https:\/\/www.gaveanews.com\/index.php\/2021\/06\/10\/saiu-veja-a-escalacao-do-flamengo-para-o-jogo-contra-o-coritiba\/#primaryimage\"},\"thumbnailUrl\":\"https:\/\/www.gaveanews.com\/wp-content\/uploads\/Escalacao-oficial-do-Flamengo.webp\",\"datePublished\":\"2021-06-10T20:59:03+00:00\",\"dateModified\":\"2021-08-12T03:47:19+00:00\",\"author\":{\"@id\":\"https:\/\/www.gaveanews.com\/#\/schema\/person\/714c67050b836198af2450ba1c142a67\"},\"breadcrumb\":{\"@id\":\"https:\/\/www.gaveanews.com\/index.php\/2021\/06\/10\/saiu-veja-a-escalacao-do-flamengo-para-o-jogo-contra-o-coritiba\/#breadcrumb\"},\"inLanguage\":\"pt-BR\",\"potentialAction\":[{\"@type\":\"ReadAction\",\"target\":[\"https:\/\/www.gaveanews.com\/index.php\/2021\/06\/10\/saiu-veja-a-escalacao-do-flamengo-para-o-jogo-contra-o-coritiba\/\"]}]},{\"@type\":\"ImageObject\",\"inLanguage\":\"pt-BR\",\"@id\":\"https:\/\/www.gaveanews.com\/index.php\/2021\/06\/10\/saiu-veja-a-escalacao-do-flamengo-para-o-jogo-contra-o-coritiba\/#primaryimage\",\"url\":\"https:\/\/www.gaveanews.com\/wp-content\/uploads\/Escalacao-oficial-do-Flamengo.webp\",\"contentUrl\":\"https:\/\/www.gaveanews.com\/wp-content\/uploads\/Escalacao-oficial-do-Flamengo.webp\",\"caption\":\"Confira a escala\u00e7\u00e3o oficial do Flamengo (Ilustra\u00e7\u00e3o: Editoria de Arte\/GaveaNews.com)\"},{\"@type\":\"BreadcrumbList\",\"@id\":\"https:\/\/www.gaveanews.com\/index.php\/2021\/06\/10\/saiu-veja-a-escalacao-do-flamengo-para-o-jogo-contra-o-coritiba\/#breadcrumb\",\"itemListElement\":[{\"@type\":\"ListItem\",\"position\":1,\"name\":\"Home\",\"item\":\"https:\/\/www.gaveanews.com\/\"},{\"@type\":\"ListItem\",\"position\":2,\"name\":\"Saiu! Veja a escala\u00e7\u00e3o do Flamengo para o jogo contra o Coritiba\"}]},{\"@type\":\"WebSite\",\"@id\":\"https:\/\/www.gaveanews.com\/#website\",\"url\":\"https:\/\/www.gaveanews.com\/\",\"name\":\"G\u00e1vea News\",\"description\":\"Veja todas as not\u00edcias sobre o Flamengo: Contrata\u00e7\u00f5es, categorias de base, resultados das partidas, tabela de classifica\u00e7\u00e3o, pr\u00f3ximos jogos!\",\"potentialAction\":[{\"@type\":\"SearchAction\",\"target\":{\"@type\":\"EntryPoint\",\"urlTemplate\":\"https:\/\/www.gaveanews.com\/?s={search_term_string}\"},\"query-input\":{\"@type\":\"PropertyValueSpecification\",\"valueRequired\":true,\"valueName\":\"search_term_string\"}}],\"inLanguage\":\"pt-BR\"},{\"@type\":\"Person\",\"@id\":\"https:\/\/www.gaveanews.com\/#\/schema\/person\/714c67050b836198af2450ba1c142a67\",\"name\":\"Let\u00edcia Gerheim\",\"image\":{\"@type\":\"ImageObject\",\"inLanguage\":\"pt-BR\",\"@id\":\"https:\/\/www.gaveanews.com\/#\/schema\/person\/image\/\",\"url\":\"https:\/\/secure.gravatar.com\/avatar\/60734739c50fcebfbac509e2a826ccd0ff405c019bc73aab9354f19ecad1dcb4?s=96&d=mm&r=g\",\"contentUrl\":\"https:\/\/secure.gravatar.com\/avatar\/60734739c50fcebfbac509e2a826ccd0ff405c019bc73aab9354f19ecad1dcb4?s=96&d=mm&r=g\",\"caption\":\"Let\u00edcia Gerheim\"}}]}<\/script>\n<!-- \/ Yoast SEO Premium plugin. -->","yoast_head_json":{"title":"Saiu! Veja a escala\u00e7\u00e3o do Flamengo para o jogo contra o Coritiba","robots":{"index":"index","follow":"follow","max-snippet":"max-snippet:-1","max-image-preview":"max-image-preview:large","max-video-preview":"max-video-preview:-1"},"canonical":"https:\/\/www.gaveanews.com\/index.php\/2021\/06\/10\/saiu-veja-a-escalacao-do-flamengo-para-o-jogo-contra-o-coritiba\/","og_locale":"pt_BR","og_type":"article","og_title":"Saiu! Veja a escala\u00e7\u00e3o do Flamengo para o jogo contra o Coritiba","og_description":"Daqui a pouco, \u00e0s 19h (hor\u00e1rio de Bras\u00edlia), o Mais Querido enfrentar\u00e1 o Coritiba na partida de ida da terceira fase da Copa do Brasil. O evento contar\u00e1 com as transmiss\u00f5es da SporTV e do Premiere. Em busca de garantir vantagem para a decis\u00e3o de uma vaga nas oitavas de final da competi\u00e7\u00e3o, o Flamengo [&hellip;]","og_url":"https:\/\/www.gaveanews.com\/index.php\/2021\/06\/10\/saiu-veja-a-escalacao-do-flamengo-para-o-jogo-contra-o-coritiba\/","og_site_name":"G\u00e1vea News","article_publisher":"https:\/\/facebook.com\/gaveaNews\/","article_published_time":"2021-06-10T20:59:03+00:00","article_modified_time":"2021-08-12T03:47:19+00:00","og_image":[{"url":"https:\/\/www.gaveanews.com\/wp-content\/uploads\/Escalacao-oficial-do-Flamengo.webp","width":1,"height":1,"type":"image\/jpeg"}],"author":"Let\u00edcia Gerheim","twitter_card":"summary_large_image","twitter_misc":{"Escrito por":"Let\u00edcia Gerheim","Est. tempo de leitura":"2 minutos"},"schema":{"@context":"https:\/\/schema.org","@graph":[{"@type":"NewsArticle","@id":"https:\/\/www.gaveanews.com\/index.php\/2021\/06\/10\/saiu-veja-a-escalacao-do-flamengo-para-o-jogo-contra-o-coritiba\/#article","isPartOf":{"@id":"https:\/\/www.gaveanews.com\/index.php\/2021\/06\/10\/saiu-veja-a-escalacao-do-flamengo-para-o-jogo-contra-o-coritiba\/"},"author":{"name":"Let\u00edcia Gerheim","@id":"https:\/\/www.gaveanews.com\/#\/schema\/person\/714c67050b836198af2450ba1c142a67"},"headline":"Saiu! Veja a escala\u00e7\u00e3o do Flamengo para o jogo contra o Coritiba","datePublished":"2021-06-10T20:59:03+00:00","dateModified":"2021-08-12T03:47:19+00:00","mainEntityOfPage":{"@id":"https:\/\/www.gaveanews.com\/index.php\/2021\/06\/10\/saiu-veja-a-escalacao-do-flamengo-para-o-jogo-contra-o-coritiba\/"},"wordCount":303,"commentCount":6,"image":{"@id":"https:\/\/www.gaveanews.com\/index.php\/2021\/06\/10\/saiu-veja-a-escalacao-do-flamengo-para-o-jogo-contra-o-coritiba\/#primaryimage"},"thumbnailUrl":"https:\/\/www.gaveanews.com\/wp-content\/uploads\/Escalacao-oficial-do-Flamengo.webp","articleSection":["Flamengo"],"inLanguage":"pt-BR","potentialAction":[{"@type":"CommentAction","name":"Comment","target":["https:\/\/www.gaveanews.com\/index.php\/2021\/06\/10\/saiu-veja-a-escalacao-do-flamengo-para-o-jogo-contra-o-coritiba\/#respond"]}],"copyrightYear":"2021","copyrightHolder":{"@id":"https:\/\/www.gaveanews.com\/#organization"}},{"@type":"WebPage","@id":"https:\/\/www.gaveanews.com\/index.php\/2021\/06\/10\/saiu-veja-a-escalacao-do-flamengo-para-o-jogo-contra-o-coritiba\/","url":"https:\/\/www.gaveanews.com\/index.php\/2021\/06\/10\/saiu-veja-a-escalacao-do-flamengo-para-o-jogo-contra-o-coritiba\/","name":"Saiu! Veja a escala\u00e7\u00e3o do Flamengo para o jogo contra o Coritiba","isPartOf":{"@id":"https:\/\/www.gaveanews.com\/#website"},"primaryImageOfPage":{"@id":"https:\/\/www.gaveanews.com\/index.php\/2021\/06\/10\/saiu-veja-a-escalacao-do-flamengo-para-o-jogo-contra-o-coritiba\/#primaryimage"},"image":{"@id":"https:\/\/www.gaveanews.com\/index.php\/2021\/06\/10\/saiu-veja-a-escalacao-do-flamengo-para-o-jogo-contra-o-coritiba\/#primaryimage"},"thumbnailUrl":"https:\/\/www.gaveanews.com\/wp-content\/uploads\/Escalacao-oficial-do-Flamengo.webp","datePublished":"2021-06-10T20:59:03+00:00","dateModified":"2021-08-12T03:47:19+00:00","author":{"@id":"https:\/\/www.gaveanews.com\/#\/schema\/person\/714c67050b836198af2450ba1c142a67"},"breadcrumb":{"@id":"https:\/\/www.gaveanews.com\/index.php\/2021\/06\/10\/saiu-veja-a-escalacao-do-flamengo-para-o-jogo-contra-o-coritiba\/#breadcrumb"},"inLanguage":"pt-BR","potentialAction":[{"@type":"ReadAction","target":["https:\/\/www.gaveanews.com\/index.php\/2021\/06\/10\/saiu-veja-a-escalacao-do-flamengo-para-o-jogo-contra-o-coritiba\/"]}]},{"@type":"ImageObject","inLanguage":"pt-BR","@id":"https:\/\/www.gaveanews.com\/index.php\/2021\/06\/10\/saiu-veja-a-escalacao-do-flamengo-para-o-jogo-contra-o-coritiba\/#primaryimage","url":"https:\/\/www.gaveanews.com\/wp-content\/uploads\/Escalacao-oficial-do-Flamengo.webp","contentUrl":"https:\/\/www.gaveanews.com\/wp-content\/uploads\/Escalacao-oficial-do-Flamengo.webp","caption":"Confira a escala\u00e7\u00e3o oficial do Flamengo (Ilustra\u00e7\u00e3o: Editoria de Arte\/GaveaNews.com)"},{"@type":"BreadcrumbList","@id":"https:\/\/www.gaveanews.com\/index.php\/2021\/06\/10\/saiu-veja-a-escalacao-do-flamengo-para-o-jogo-contra-o-coritiba\/#breadcrumb","itemListElement":[{"@type":"ListItem","position":1,"name":"Home","item":"https:\/\/www.gaveanews.com\/"},{"@type":"ListItem","position":2,"name":"Saiu! Veja a escala\u00e7\u00e3o do Flamengo para o jogo contra o Coritiba"}]},{"@type":"WebSite","@id":"https:\/\/www.gaveanews.com\/#website","url":"https:\/\/www.gaveanews.com\/","name":"G\u00e1vea News","description":"Veja todas as not\u00edcias sobre o Flamengo: Contrata\u00e7\u00f5es, categorias de base, resultados das partidas, tabela de classifica\u00e7\u00e3o, pr\u00f3ximos jogos!","potentialAction":[{"@type":"SearchAction","target":{"@type":"EntryPoint","urlTemplate":"https:\/\/www.gaveanews.com\/?s={search_term_string}"},"query-input":{"@type":"PropertyValueSpecification","valueRequired":true,"valueName":"search_term_string"}}],"inLanguage":"pt-BR"},{"@type":"Person","@id":"https:\/\/www.gaveanews.com\/#\/schema\/person\/714c67050b836198af2450ba1c142a67","name":"Let\u00edcia Gerheim","image":{"@type":"ImageObject","inLanguage":"pt-BR","@id":"https:\/\/www.gaveanews.com\/#\/schema\/person\/image\/","url":"https:\/\/secure.gravatar.com\/avatar\/60734739c50fcebfbac509e2a826ccd0ff405c019bc73aab9354f19ecad1dcb4?s=96&d=mm&r=g","contentUrl":"https:\/\/secure.gravatar.com\/avatar\/60734739c50fcebfbac509e2a826ccd0ff405c019bc73aab9354f19ecad1dcb4?s=96&d=mm&r=g","caption":"Let\u00edcia Gerheim"}}]}},"_links":{"self":[{"href":"https:\/\/www.gaveanews.com\/index.php\/wp-json\/wp\/v2\/posts\/62714","targetHints":{"allow":["GET"]}}],"collection":[{"href":"https:\/\/www.gaveanews.com\/index.php\/wp-json\/wp\/v2\/posts"}],"about":[{"href":"https:\/\/www.gaveanews.com\/index.php\/wp-json\/wp\/v2\/types\/post"}],"author":[{"embeddable":true,"href":"https:\/\/www.gaveanews.com\/index.php\/wp-json\/wp\/v2\/users\/4"}],"replies":[{"embeddable":true,"href":"https:\/\/www.gaveanews.com\/index.php\/wp-json\/wp\/v2\/comments?post=62714"}],"version-history":[{"count":0,"href":"https:\/\/www.gaveanews.com\/index.php\/wp-json\/wp\/v2\/posts\/62714\/revisions"}],"wp:featuredmedia":[{"embeddable":true,"href":"https:\/\/www.gaveanews.com\/index.php\/wp-json\/wp\/v2\/media\/30000"}],"wp:attachment":[{"href":"https:\/\/www.gaveanews.com\/index.php\/wp-json\/wp\/v2\/media?parent=62714"}],"wp:term":[{"taxonomy":"category","embeddable":true,"href":"https:\/\/www.gaveanews.com\/index.php\/wp-json\/wp\/v2\/categories?post=62714"},{"taxonomy":"post_tag","embeddable":true,"href":"https:\/\/www.gaveanews.com\/index.php\/wp-json\/wp\/v2\/tags?post=62714"}],"curies":[{"name":"wp","href":"https:\/\/api.w.org\/{rel}","templated":true}]}}