{"id":62780,"date":"2021-06-10T14:10:44","date_gmt":"2021-06-10T17:10:44","guid":{"rendered":"https:\/\/www.gaveanews.com\/?p=62780"},"modified":"2021-06-10T14:10:46","modified_gmt":"2021-06-10T17:10:46","slug":"diretoria-do-flamengo-ira-multar-gabigol","status":"publish","type":"post","link":"https:\/\/www.gaveanews.com\/index.php\/2021\/06\/10\/diretoria-do-flamengo-ira-multar-gabigol\/","title":{"rendered":"Diretoria do Flamengo ir\u00e1 multar Gabigol"},"content":{"rendered":"\n<p>Gabigol ser\u00e1 multado pelo Flamengo por ter descumprido a determina\u00e7\u00e3o para se apresentar em Curitiba, nesta quinta-feira, onde o elenco se prepara para enfrentar o Coxa pela Copa do Brasil. A decis\u00e3o ainda n\u00e3o foi informada ao atleta, mas o martelo j\u00e1 est\u00e1 batido.<\/p>\n\n\n\n<p>O choque entre o Flamengo e seu maior artilheiro se d\u00e1 por conta de uma suposta les\u00e3o detectada ainda a servi\u00e7o da sele\u00e7\u00e3o brasileira. H\u00e1 um desalinho entre a CBF, que constatou um edema muscular na coxa do camisa 9 ap\u00f3s a partida contra o Paraguai, e o clube rubro-negro, que considerou o diagn\u00f3stico inconclusivo e pretendia que o jogador fizesse exames complementares.<\/p>\n\n\n\n<p>&#8220;Gabriel Barbosa descumpriu a determina\u00e7\u00e3o de se apresentar na \u00faltima quarta-feira (09.06), em Curitiba, impossibilitando a avalia\u00e7\u00e3o do Departamento M\u00e9dico do Flamengo. O clube ainda aguarda a reapresenta\u00e7\u00e3o do atleta&#8221;, disse uma nota divulgada pelo rubro-negro na manh\u00e3 desta quinta.<\/p>\n\n\n\n<p>Mais cedo, a assessoria do jogador alegara em comunicado que os departamentos m\u00e9dicos de Flamengo e CBF haviam compartilhado exames e os diagn\u00f3sticos do edema e que o rubro-negro tinha vetado sua presen\u00e7a na partida contra o Coritiba. A equipe afirmara que Gabi havia se prontificado a fazer os exames em S\u00e3o Paulo visando a evitar o desgaste de uma viagem a Curitiba ap\u00f3s a partida. &#8220;Com a decis\u00e3o, ele segue em tratamento e se apresentar\u00e1 amanh\u00e3 (sexta-feira) \u00e0 sele\u00e7\u00e3o brasileira, data marcada a todos os convocados para a Copa Am\u00e9rica&#8221;, dizia a nota.<\/p>\n\n\n\n<p>O elenco rubro-negro est\u00e1 em um momento delicado: al\u00e9m de Gabigol, Everton Ribeiro, Isla e Arrascaeta ir\u00e3o disputar o torneio continental e desfalcar o time a longo prazo; Pedro e Gerson, que defenderam a sele\u00e7\u00e3o ol\u00edmpica em amistosos, est\u00e3o dispensados da partida desta noite. Rodrigo Caio, que sentiu dores no joelho com a sele\u00e7\u00e3o, tamb\u00e9m est\u00e1 fora.<\/p>\n\n\n\n<p>Retirado de: O Globo<\/p>\n","protected":false},"excerpt":{"rendered":"<p>Gabigol ser\u00e1 multado pelo Flamengo por ter descumprido a determina\u00e7\u00e3o para se apresentar em Curitiba, nesta quinta-feira, onde o elenco se prepara para enfrentar o Coxa pela Copa do Brasil. A decis\u00e3o ainda n\u00e3o foi informada ao atleta, mas o martelo j\u00e1 est\u00e1 batido. O choque entre o Flamengo e seu maior artilheiro se d\u00e1 [&hellip;]<\/p>\n","protected":false},"author":1,"featured_media":60780,"comment_status":"open","ping_status":"closed","sticky":false,"template":"","format":"standard","meta":{"footnotes":""},"categories":[47],"tags":[],"class_list":["post-62780","post","type-post","status-publish","format-standard","has-post-thumbnail","hentry","category-destaques"],"yoast_head":"<!-- This site is optimized with the Yoast SEO Premium plugin v24.2 (Yoast SEO v26.9) - https:\/\/yoast.com\/product\/yoast-seo-premium-wordpress\/ -->\n<title>Diretoria do Flamengo ir\u00e1 multar Gabigol<\/title>\n<meta name=\"robots\" content=\"index, follow, max-snippet:-1, max-image-preview:large, max-video-preview:-1\" \/>\n<link rel=\"canonical\" href=\"https:\/\/www.gaveanews.com\/index.php\/2021\/06\/10\/diretoria-do-flamengo-ira-multar-gabigol\/\" \/>\n<meta property=\"og:locale\" content=\"pt_BR\" \/>\n<meta property=\"og:type\" content=\"article\" \/>\n<meta property=\"og:title\" content=\"Diretoria do Flamengo ir\u00e1 multar Gabigol\" \/>\n<meta property=\"og:description\" content=\"Gabigol ser\u00e1 multado pelo Flamengo por ter descumprido a determina\u00e7\u00e3o para se apresentar em Curitiba, nesta quinta-feira, onde o elenco se prepara para enfrentar o Coxa pela Copa do Brasil. A decis\u00e3o ainda n\u00e3o foi informada ao atleta, mas o martelo j\u00e1 est\u00e1 batido. O choque entre o Flamengo e seu maior artilheiro se d\u00e1 [&hellip;]\" \/>\n<meta property=\"og:url\" content=\"https:\/\/www.gaveanews.com\/index.php\/2021\/06\/10\/diretoria-do-flamengo-ira-multar-gabigol\/\" \/>\n<meta property=\"og:site_name\" content=\"G\u00e1vea News\" \/>\n<meta property=\"article:publisher\" content=\"https:\/\/facebook.com\/gaveaNews\/\" \/>\n<meta property=\"article:published_time\" content=\"2021-06-10T17:10:44+00:00\" \/>\n<meta property=\"article:modified_time\" content=\"2021-06-10T17:10:46+00:00\" \/>\n<meta property=\"og:image\" content=\"https:\/\/www.gaveanews.com\/wp-content\/uploads\/Gabigol-em-acao-pelo-Flamengo-durante-o-duelo-contra-a-Volta-Redonda-no-Campeonato-Carioca-de-2021.webp\" \/>\n\t<meta property=\"og:image:width\" content=\"800\" \/>\n\t<meta property=\"og:image:height\" content=\"533\" \/>\n\t<meta property=\"og:image:type\" content=\"image\/jpeg\" \/>\n<meta name=\"author\" content=\"Equipe G\u00e1vea News\" \/>\n<meta name=\"twitter:card\" content=\"summary_large_image\" \/>\n<meta name=\"twitter:label1\" content=\"Escrito por\" \/>\n\t<meta name=\"twitter:data1\" content=\"Equipe G\u00e1vea News\" \/>\n\t<meta name=\"twitter:label2\" content=\"Est. tempo de leitura\" \/>\n\t<meta name=\"twitter:data2\" content=\"2 minutos\" \/>\n<script type=\"application\/ld+json\" class=\"yoast-schema-graph\">{\"@context\":\"https:\/\/schema.org\",\"@graph\":[{\"@type\":\"NewsArticle\",\"@id\":\"https:\/\/www.gaveanews.com\/index.php\/2021\/06\/10\/diretoria-do-flamengo-ira-multar-gabigol\/#article\",\"isPartOf\":{\"@id\":\"https:\/\/www.gaveanews.com\/index.php\/2021\/06\/10\/diretoria-do-flamengo-ira-multar-gabigol\/\"},\"author\":{\"name\":\"Equipe G\u00e1vea News\",\"@id\":\"https:\/\/www.gaveanews.com\/#\/schema\/person\/2ec14f73fb96be2caf28f91afb14749d\"},\"headline\":\"Diretoria do Flamengo ir\u00e1 multar Gabigol\",\"datePublished\":\"2021-06-10T17:10:44+00:00\",\"dateModified\":\"2021-06-10T17:10:46+00:00\",\"mainEntityOfPage\":{\"@id\":\"https:\/\/www.gaveanews.com\/index.php\/2021\/06\/10\/diretoria-do-flamengo-ira-multar-gabigol\/\"},\"wordCount\":332,\"commentCount\":21,\"image\":{\"@id\":\"https:\/\/www.gaveanews.com\/index.php\/2021\/06\/10\/diretoria-do-flamengo-ira-multar-gabigol\/#primaryimage\"},\"thumbnailUrl\":\"https:\/\/www.gaveanews.com\/wp-content\/uploads\/Gabigol-em-acao-pelo-Flamengo-durante-o-duelo-contra-a-Volta-Redonda-no-Campeonato-Carioca-de-2021.webp\",\"articleSection\":[\"Destaques\"],\"inLanguage\":\"pt-BR\",\"potentialAction\":[{\"@type\":\"CommentAction\",\"name\":\"Comment\",\"target\":[\"https:\/\/www.gaveanews.com\/index.php\/2021\/06\/10\/diretoria-do-flamengo-ira-multar-gabigol\/#respond\"]}],\"copyrightYear\":\"2021\",\"copyrightHolder\":{\"@id\":\"https:\/\/www.gaveanews.com\/#organization\"}},{\"@type\":\"WebPage\",\"@id\":\"https:\/\/www.gaveanews.com\/index.php\/2021\/06\/10\/diretoria-do-flamengo-ira-multar-gabigol\/\",\"url\":\"https:\/\/www.gaveanews.com\/index.php\/2021\/06\/10\/diretoria-do-flamengo-ira-multar-gabigol\/\",\"name\":\"Diretoria do Flamengo ir\u00e1 multar Gabigol\",\"isPartOf\":{\"@id\":\"https:\/\/www.gaveanews.com\/#website\"},\"primaryImageOfPage\":{\"@id\":\"https:\/\/www.gaveanews.com\/index.php\/2021\/06\/10\/diretoria-do-flamengo-ira-multar-gabigol\/#primaryimage\"},\"image\":{\"@id\":\"https:\/\/www.gaveanews.com\/index.php\/2021\/06\/10\/diretoria-do-flamengo-ira-multar-gabigol\/#primaryimage\"},\"thumbnailUrl\":\"https:\/\/www.gaveanews.com\/wp-content\/uploads\/Gabigol-em-acao-pelo-Flamengo-durante-o-duelo-contra-a-Volta-Redonda-no-Campeonato-Carioca-de-2021.webp\",\"datePublished\":\"2021-06-10T17:10:44+00:00\",\"dateModified\":\"2021-06-10T17:10:46+00:00\",\"author\":{\"@id\":\"https:\/\/www.gaveanews.com\/#\/schema\/person\/2ec14f73fb96be2caf28f91afb14749d\"},\"breadcrumb\":{\"@id\":\"https:\/\/www.gaveanews.com\/index.php\/2021\/06\/10\/diretoria-do-flamengo-ira-multar-gabigol\/#breadcrumb\"},\"inLanguage\":\"pt-BR\",\"potentialAction\":[{\"@type\":\"ReadAction\",\"target\":[\"https:\/\/www.gaveanews.com\/index.php\/2021\/06\/10\/diretoria-do-flamengo-ira-multar-gabigol\/\"]}]},{\"@type\":\"ImageObject\",\"inLanguage\":\"pt-BR\",\"@id\":\"https:\/\/www.gaveanews.com\/index.php\/2021\/06\/10\/diretoria-do-flamengo-ira-multar-gabigol\/#primaryimage\",\"url\":\"https:\/\/www.gaveanews.com\/wp-content\/uploads\/Gabigol-em-acao-pelo-Flamengo-durante-o-duelo-contra-a-Volta-Redonda-no-Campeonato-Carioca-de-2021.webp\",\"contentUrl\":\"https:\/\/www.gaveanews.com\/wp-content\/uploads\/Gabigol-em-acao-pelo-Flamengo-durante-o-duelo-contra-a-Volta-Redonda-no-Campeonato-Carioca-de-2021.webp\",\"width\":800,\"height\":533,\"caption\":\"Gabigol em a\u00e7\u00e3o pelo Flamengo durante o duelo contra a Volta Redonda no Campeonato Carioca de 2021 (Foto: Marcelo Cortes\/Flamengo)\"},{\"@type\":\"BreadcrumbList\",\"@id\":\"https:\/\/www.gaveanews.com\/index.php\/2021\/06\/10\/diretoria-do-flamengo-ira-multar-gabigol\/#breadcrumb\",\"itemListElement\":[{\"@type\":\"ListItem\",\"position\":1,\"name\":\"Home\",\"item\":\"https:\/\/www.gaveanews.com\/\"},{\"@type\":\"ListItem\",\"position\":2,\"name\":\"Diretoria do Flamengo ir\u00e1 multar Gabigol\"}]},{\"@type\":\"WebSite\",\"@id\":\"https:\/\/www.gaveanews.com\/#website\",\"url\":\"https:\/\/www.gaveanews.com\/\",\"name\":\"G\u00e1vea News\",\"description\":\"Veja todas as not\u00edcias sobre o Flamengo: Contrata\u00e7\u00f5es, categorias de base, resultados das partidas, tabela de classifica\u00e7\u00e3o, pr\u00f3ximos jogos!\",\"potentialAction\":[{\"@type\":\"SearchAction\",\"target\":{\"@type\":\"EntryPoint\",\"urlTemplate\":\"https:\/\/www.gaveanews.com\/?s={search_term_string}\"},\"query-input\":{\"@type\":\"PropertyValueSpecification\",\"valueRequired\":true,\"valueName\":\"search_term_string\"}}],\"inLanguage\":\"pt-BR\"},{\"@type\":\"Person\",\"@id\":\"https:\/\/www.gaveanews.com\/#\/schema\/person\/2ec14f73fb96be2caf28f91afb14749d\",\"name\":\"Equipe G\u00e1vea News\",\"image\":{\"@type\":\"ImageObject\",\"inLanguage\":\"pt-BR\",\"@id\":\"https:\/\/www.gaveanews.com\/#\/schema\/person\/image\/\",\"url\":\"https:\/\/secure.gravatar.com\/avatar\/1e1956f1facbffd3f8fa53a326721950116b3b9dc9bd44939c01180fd4a745a9?s=96&d=mm&r=g\",\"contentUrl\":\"https:\/\/secure.gravatar.com\/avatar\/1e1956f1facbffd3f8fa53a326721950116b3b9dc9bd44939c01180fd4a745a9?s=96&d=mm&r=g\",\"caption\":\"Equipe G\u00e1vea News\"}}]}<\/script>\n<!-- \/ Yoast SEO Premium plugin. -->","yoast_head_json":{"title":"Diretoria do Flamengo ir\u00e1 multar Gabigol","robots":{"index":"index","follow":"follow","max-snippet":"max-snippet:-1","max-image-preview":"max-image-preview:large","max-video-preview":"max-video-preview:-1"},"canonical":"https:\/\/www.gaveanews.com\/index.php\/2021\/06\/10\/diretoria-do-flamengo-ira-multar-gabigol\/","og_locale":"pt_BR","og_type":"article","og_title":"Diretoria do Flamengo ir\u00e1 multar Gabigol","og_description":"Gabigol ser\u00e1 multado pelo Flamengo por ter descumprido a determina\u00e7\u00e3o para se apresentar em Curitiba, nesta quinta-feira, onde o elenco se prepara para enfrentar o Coxa pela Copa do Brasil. A decis\u00e3o ainda n\u00e3o foi informada ao atleta, mas o martelo j\u00e1 est\u00e1 batido. O choque entre o Flamengo e seu maior artilheiro se d\u00e1 [&hellip;]","og_url":"https:\/\/www.gaveanews.com\/index.php\/2021\/06\/10\/diretoria-do-flamengo-ira-multar-gabigol\/","og_site_name":"G\u00e1vea News","article_publisher":"https:\/\/facebook.com\/gaveaNews\/","article_published_time":"2021-06-10T17:10:44+00:00","article_modified_time":"2021-06-10T17:10:46+00:00","og_image":[{"width":800,"height":533,"url":"https:\/\/www.gaveanews.com\/wp-content\/uploads\/Gabigol-em-acao-pelo-Flamengo-durante-o-duelo-contra-a-Volta-Redonda-no-Campeonato-Carioca-de-2021.webp","type":"image\/jpeg"}],"author":"Equipe G\u00e1vea News","twitter_card":"summary_large_image","twitter_misc":{"Escrito por":"Equipe G\u00e1vea News","Est. tempo de leitura":"2 minutos"},"schema":{"@context":"https:\/\/schema.org","@graph":[{"@type":"NewsArticle","@id":"https:\/\/www.gaveanews.com\/index.php\/2021\/06\/10\/diretoria-do-flamengo-ira-multar-gabigol\/#article","isPartOf":{"@id":"https:\/\/www.gaveanews.com\/index.php\/2021\/06\/10\/diretoria-do-flamengo-ira-multar-gabigol\/"},"author":{"name":"Equipe G\u00e1vea News","@id":"https:\/\/www.gaveanews.com\/#\/schema\/person\/2ec14f73fb96be2caf28f91afb14749d"},"headline":"Diretoria do Flamengo ir\u00e1 multar Gabigol","datePublished":"2021-06-10T17:10:44+00:00","dateModified":"2021-06-10T17:10:46+00:00","mainEntityOfPage":{"@id":"https:\/\/www.gaveanews.com\/index.php\/2021\/06\/10\/diretoria-do-flamengo-ira-multar-gabigol\/"},"wordCount":332,"commentCount":21,"image":{"@id":"https:\/\/www.gaveanews.com\/index.php\/2021\/06\/10\/diretoria-do-flamengo-ira-multar-gabigol\/#primaryimage"},"thumbnailUrl":"https:\/\/www.gaveanews.com\/wp-content\/uploads\/Gabigol-em-acao-pelo-Flamengo-durante-o-duelo-contra-a-Volta-Redonda-no-Campeonato-Carioca-de-2021.webp","articleSection":["Destaques"],"inLanguage":"pt-BR","potentialAction":[{"@type":"CommentAction","name":"Comment","target":["https:\/\/www.gaveanews.com\/index.php\/2021\/06\/10\/diretoria-do-flamengo-ira-multar-gabigol\/#respond"]}],"copyrightYear":"2021","copyrightHolder":{"@id":"https:\/\/www.gaveanews.com\/#organization"}},{"@type":"WebPage","@id":"https:\/\/www.gaveanews.com\/index.php\/2021\/06\/10\/diretoria-do-flamengo-ira-multar-gabigol\/","url":"https:\/\/www.gaveanews.com\/index.php\/2021\/06\/10\/diretoria-do-flamengo-ira-multar-gabigol\/","name":"Diretoria do Flamengo ir\u00e1 multar Gabigol","isPartOf":{"@id":"https:\/\/www.gaveanews.com\/#website"},"primaryImageOfPage":{"@id":"https:\/\/www.gaveanews.com\/index.php\/2021\/06\/10\/diretoria-do-flamengo-ira-multar-gabigol\/#primaryimage"},"image":{"@id":"https:\/\/www.gaveanews.com\/index.php\/2021\/06\/10\/diretoria-do-flamengo-ira-multar-gabigol\/#primaryimage"},"thumbnailUrl":"https:\/\/www.gaveanews.com\/wp-content\/uploads\/Gabigol-em-acao-pelo-Flamengo-durante-o-duelo-contra-a-Volta-Redonda-no-Campeonato-Carioca-de-2021.webp","datePublished":"2021-06-10T17:10:44+00:00","dateModified":"2021-06-10T17:10:46+00:00","author":{"@id":"https:\/\/www.gaveanews.com\/#\/schema\/person\/2ec14f73fb96be2caf28f91afb14749d"},"breadcrumb":{"@id":"https:\/\/www.gaveanews.com\/index.php\/2021\/06\/10\/diretoria-do-flamengo-ira-multar-gabigol\/#breadcrumb"},"inLanguage":"pt-BR","potentialAction":[{"@type":"ReadAction","target":["https:\/\/www.gaveanews.com\/index.php\/2021\/06\/10\/diretoria-do-flamengo-ira-multar-gabigol\/"]}]},{"@type":"ImageObject","inLanguage":"pt-BR","@id":"https:\/\/www.gaveanews.com\/index.php\/2021\/06\/10\/diretoria-do-flamengo-ira-multar-gabigol\/#primaryimage","url":"https:\/\/www.gaveanews.com\/wp-content\/uploads\/Gabigol-em-acao-pelo-Flamengo-durante-o-duelo-contra-a-Volta-Redonda-no-Campeonato-Carioca-de-2021.webp","contentUrl":"https:\/\/www.gaveanews.com\/wp-content\/uploads\/Gabigol-em-acao-pelo-Flamengo-durante-o-duelo-contra-a-Volta-Redonda-no-Campeonato-Carioca-de-2021.webp","width":800,"height":533,"caption":"Gabigol em a\u00e7\u00e3o pelo Flamengo durante o duelo contra a Volta Redonda no Campeonato Carioca de 2021 (Foto: Marcelo Cortes\/Flamengo)"},{"@type":"BreadcrumbList","@id":"https:\/\/www.gaveanews.com\/index.php\/2021\/06\/10\/diretoria-do-flamengo-ira-multar-gabigol\/#breadcrumb","itemListElement":[{"@type":"ListItem","position":1,"name":"Home","item":"https:\/\/www.gaveanews.com\/"},{"@type":"ListItem","position":2,"name":"Diretoria do Flamengo ir\u00e1 multar Gabigol"}]},{"@type":"WebSite","@id":"https:\/\/www.gaveanews.com\/#website","url":"https:\/\/www.gaveanews.com\/","name":"G\u00e1vea News","description":"Veja todas as not\u00edcias sobre o Flamengo: Contrata\u00e7\u00f5es, categorias de base, resultados das partidas, tabela de classifica\u00e7\u00e3o, pr\u00f3ximos jogos!","potentialAction":[{"@type":"SearchAction","target":{"@type":"EntryPoint","urlTemplate":"https:\/\/www.gaveanews.com\/?s={search_term_string}"},"query-input":{"@type":"PropertyValueSpecification","valueRequired":true,"valueName":"search_term_string"}}],"inLanguage":"pt-BR"},{"@type":"Person","@id":"https:\/\/www.gaveanews.com\/#\/schema\/person\/2ec14f73fb96be2caf28f91afb14749d","name":"Equipe G\u00e1vea News","image":{"@type":"ImageObject","inLanguage":"pt-BR","@id":"https:\/\/www.gaveanews.com\/#\/schema\/person\/image\/","url":"https:\/\/secure.gravatar.com\/avatar\/1e1956f1facbffd3f8fa53a326721950116b3b9dc9bd44939c01180fd4a745a9?s=96&d=mm&r=g","contentUrl":"https:\/\/secure.gravatar.com\/avatar\/1e1956f1facbffd3f8fa53a326721950116b3b9dc9bd44939c01180fd4a745a9?s=96&d=mm&r=g","caption":"Equipe G\u00e1vea News"}}]}},"_links":{"self":[{"href":"https:\/\/www.gaveanews.com\/index.php\/wp-json\/wp\/v2\/posts\/62780","targetHints":{"allow":["GET"]}}],"collection":[{"href":"https:\/\/www.gaveanews.com\/index.php\/wp-json\/wp\/v2\/posts"}],"about":[{"href":"https:\/\/www.gaveanews.com\/index.php\/wp-json\/wp\/v2\/types\/post"}],"author":[{"embeddable":true,"href":"https:\/\/www.gaveanews.com\/index.php\/wp-json\/wp\/v2\/users\/1"}],"replies":[{"embeddable":true,"href":"https:\/\/www.gaveanews.com\/index.php\/wp-json\/wp\/v2\/comments?post=62780"}],"version-history":[{"count":0,"href":"https:\/\/www.gaveanews.com\/index.php\/wp-json\/wp\/v2\/posts\/62780\/revisions"}],"wp:featuredmedia":[{"embeddable":true,"href":"https:\/\/www.gaveanews.com\/index.php\/wp-json\/wp\/v2\/media\/60780"}],"wp:attachment":[{"href":"https:\/\/www.gaveanews.com\/index.php\/wp-json\/wp\/v2\/media?parent=62780"}],"wp:term":[{"taxonomy":"category","embeddable":true,"href":"https:\/\/www.gaveanews.com\/index.php\/wp-json\/wp\/v2\/categories?post=62780"},{"taxonomy":"post_tag","embeddable":true,"href":"https:\/\/www.gaveanews.com\/index.php\/wp-json\/wp\/v2\/tags?post=62780"}],"curies":[{"name":"wp","href":"https:\/\/api.w.org\/{rel}","templated":true}]}}