{"id":62885,"date":"2021-06-12T20:00:00","date_gmt":"2021-06-12T23:00:00","guid":{"rendered":"https:\/\/www.gaveanews.com\/?p=62885"},"modified":"2021-06-12T19:13:16","modified_gmt":"2021-06-12T22:13:16","slug":"veja-os-clubes-mais-desfalcados-pela-copa-america","status":"publish","type":"post","link":"https:\/\/www.gaveanews.com\/index.php\/2021\/06\/12\/veja-os-clubes-mais-desfalcados-pela-copa-america\/","title":{"rendered":"Veja os clubes mais desfalcados pela Copa Am\u00e9rica"},"content":{"rendered":"\n<p>A Copa Am\u00e9rica ter\u00e1 in\u00edcio neste domingo (13) com duas partidas. Enquanto o Brasil encara a Venezuela, \u00e0s 18h, no Man\u00e9 Garrincha, a Col\u00f4mbia enfrenta o Equador, \u00e0s 21h, na Arena Pantanal. Ao todo, 10 equipes buscando o t\u00edtulo.<\/p>\n\n\n\n<p>Dos 270 atletas convocados para o torneio e 144 clubes representados, voc\u00ea sabe quais os que mais cederam jogadores? Por isso, o portal &#8216;ESPN&#8217; traz a lista dos que mais mandaram suas estrelas para as sele\u00e7\u00f5es.<\/p>\n\n\n\n<h2 class=\"wp-block-heading\" id=\"h-7-jogadores\">7 jogadores<\/h2>\n\n\n\n<p>No topo da lista, o poderoso River Plate junto ao Bol\u00edvar, a surpresa nem t\u00e3o surpresa assim. Os <em>Millonarios<\/em> cederam Armani, Montiel e Juli\u00e1n \u00c1lvarez \u00e0 Argentina, David Mart\u00ednez e Robert Rojas ao Paraguai, Nicol\u00e1s De La Cruz ao Uruguai e Rafael Santos Borr\u00e9 \u00e0 Col\u00f4mbia.<\/p>\n\n\n\n<p>J\u00e1 o Bol\u00edvar \u00e9 a base da sele\u00e7\u00e3o boliviana. S\u00e3o eles: os goleiros Ruben Cordano e Javier Rojas, os defensores Jairo Quinteros, Diego Bejarano e Roberto Fernandez, e os meias Leonel Justiniano e Erwin Saavadera.<\/p>\n\n\n\n<h2 class=\"wp-block-heading\">6 jogadores<\/h2>\n\n\n\n<p>O&nbsp;Atl\u00e9tico de Madrid&nbsp;cedeu seis jogadores \u00e0 competi\u00e7\u00e3o sul-americana. S\u00e3o eles: Felipe e Renan Lodi, ao Brasil, \u00c1ngel Correa, \u00e0 Argentina, Gim\u00e9nez, Torreira e Luisito Su\u00e1rez, ao Uruguai.<\/p>\n\n\n\n<p>A&nbsp;LaLiga&nbsp;\u00e9 o campeonato nacional com o maior n\u00famero de jogadores cedidos \u00e0s sele\u00e7\u00f5es da Copa Am\u00e9rica. S\u00e3o 20 ao todo.<\/p>\n\n\n\n<h2 class=\"wp-block-heading\">5 jogadores<\/h2>\n\n\n\n<p>Fechando o top 3 dos times que mais tiveram atletas convocados est\u00e1 o&nbsp;Flamengo. Brasil,&nbsp;Chile, Paraguai e Uruguai foram as equipes que receberam jogadores rubro-negros. S\u00e3o eles, respectivamente: Everton Ribeiro, Gabigol, Mauricio Isla, Piris da Motta e Giorgian De Arrascaeta.<\/p>\n\n\n\n<p>O clube carioca entrou at\u00e9 com um pedido no Superior Tribunal de Justi\u00e7a Desportiva (STJD) pedindo a paralisa\u00e7\u00e3o do Brasielir\u00e3o durante o torneio sul-americano. No entanto, o \u00f3rg\u00e3o indeferiu a solicita\u00e7\u00e3o nesta sexta (11).<\/p>\n\n\n\n<p>Retirado de: ESPN<\/p>\n","protected":false},"excerpt":{"rendered":"<p>A Copa Am\u00e9rica ter\u00e1 in\u00edcio neste domingo (13) com duas partidas. Enquanto o Brasil encara a Venezuela, \u00e0s 18h, no Man\u00e9 Garrincha, a Col\u00f4mbia enfrenta o Equador, \u00e0s 21h, na Arena Pantanal. Ao todo, 10 equipes buscando o t\u00edtulo. Dos 270 atletas convocados para o torneio e 144 clubes representados, voc\u00ea sabe quais os que [&hellip;]<\/p>\n","protected":false},"author":1,"featured_media":61548,"comment_status":"open","ping_status":"closed","sticky":false,"template":"","format":"standard","meta":{"footnotes":""},"categories":[1],"tags":[],"class_list":["post-62885","post","type-post","status-publish","format-standard","has-post-thumbnail","hentry","category-flamengo"],"yoast_head":"<!-- This site is optimized with the Yoast SEO Premium plugin v24.2 (Yoast SEO v26.9) - https:\/\/yoast.com\/product\/yoast-seo-premium-wordpress\/ -->\n<title>Veja os clubes mais desfalcados pela Copa Am\u00e9rica<\/title>\n<meta name=\"robots\" content=\"index, follow, max-snippet:-1, max-image-preview:large, max-video-preview:-1\" \/>\n<link rel=\"canonical\" href=\"https:\/\/www.gaveanews.com\/index.php\/2021\/06\/12\/veja-os-clubes-mais-desfalcados-pela-copa-america\/\" \/>\n<meta property=\"og:locale\" content=\"pt_BR\" \/>\n<meta property=\"og:type\" content=\"article\" \/>\n<meta property=\"og:title\" content=\"Veja os clubes mais desfalcados pela Copa Am\u00e9rica\" \/>\n<meta property=\"og:description\" content=\"A Copa Am\u00e9rica ter\u00e1 in\u00edcio neste domingo (13) com duas partidas. Enquanto o Brasil encara a Venezuela, \u00e0s 18h, no Man\u00e9 Garrincha, a Col\u00f4mbia enfrenta o Equador, \u00e0s 21h, na Arena Pantanal. Ao todo, 10 equipes buscando o t\u00edtulo. Dos 270 atletas convocados para o torneio e 144 clubes representados, voc\u00ea sabe quais os que [&hellip;]\" \/>\n<meta property=\"og:url\" content=\"https:\/\/www.gaveanews.com\/index.php\/2021\/06\/12\/veja-os-clubes-mais-desfalcados-pela-copa-america\/\" \/>\n<meta property=\"og:site_name\" content=\"G\u00e1vea News\" \/>\n<meta property=\"article:publisher\" content=\"https:\/\/facebook.com\/gaveaNews\/\" \/>\n<meta property=\"article:published_time\" content=\"2021-06-12T23:00:00+00:00\" \/>\n<meta property=\"og:image\" content=\"https:\/\/www.gaveanews.com\/wp-content\/uploads\/Neymar-e-Gabigol-em-convocacao-pela-Selecao-em-2019.webp\" \/>\n\t<meta property=\"og:image:width\" content=\"640\" \/>\n\t<meta property=\"og:image:height\" content=\"800\" \/>\n\t<meta property=\"og:image:type\" content=\"image\/jpeg\" \/>\n<meta name=\"author\" content=\"Equipe G\u00e1vea News\" \/>\n<meta name=\"twitter:card\" content=\"summary_large_image\" \/>\n<meta name=\"twitter:label1\" content=\"Escrito por\" \/>\n\t<meta name=\"twitter:data1\" content=\"Equipe G\u00e1vea News\" \/>\n\t<meta name=\"twitter:label2\" content=\"Est. tempo de leitura\" \/>\n\t<meta name=\"twitter:data2\" content=\"2 minutos\" \/>\n<script type=\"application\/ld+json\" class=\"yoast-schema-graph\">{\"@context\":\"https:\/\/schema.org\",\"@graph\":[{\"@type\":\"NewsArticle\",\"@id\":\"https:\/\/www.gaveanews.com\/index.php\/2021\/06\/12\/veja-os-clubes-mais-desfalcados-pela-copa-america\/#article\",\"isPartOf\":{\"@id\":\"https:\/\/www.gaveanews.com\/index.php\/2021\/06\/12\/veja-os-clubes-mais-desfalcados-pela-copa-america\/\"},\"author\":{\"name\":\"Equipe G\u00e1vea News\",\"@id\":\"https:\/\/www.gaveanews.com\/#\/schema\/person\/2ec14f73fb96be2caf28f91afb14749d\"},\"headline\":\"Veja os clubes mais desfalcados pela Copa Am\u00e9rica\",\"datePublished\":\"2021-06-12T23:00:00+00:00\",\"mainEntityOfPage\":{\"@id\":\"https:\/\/www.gaveanews.com\/index.php\/2021\/06\/12\/veja-os-clubes-mais-desfalcados-pela-copa-america\/\"},\"wordCount\":319,\"commentCount\":3,\"image\":{\"@id\":\"https:\/\/www.gaveanews.com\/index.php\/2021\/06\/12\/veja-os-clubes-mais-desfalcados-pela-copa-america\/#primaryimage\"},\"thumbnailUrl\":\"https:\/\/www.gaveanews.com\/wp-content\/uploads\/Neymar-e-Gabigol-em-convocacao-pela-Selecao-em-2019.webp\",\"articleSection\":[\"Flamengo\"],\"inLanguage\":\"pt-BR\",\"potentialAction\":[{\"@type\":\"CommentAction\",\"name\":\"Comment\",\"target\":[\"https:\/\/www.gaveanews.com\/index.php\/2021\/06\/12\/veja-os-clubes-mais-desfalcados-pela-copa-america\/#respond\"]}],\"copyrightYear\":\"2021\",\"copyrightHolder\":{\"@id\":\"https:\/\/www.gaveanews.com\/#organization\"}},{\"@type\":\"WebPage\",\"@id\":\"https:\/\/www.gaveanews.com\/index.php\/2021\/06\/12\/veja-os-clubes-mais-desfalcados-pela-copa-america\/\",\"url\":\"https:\/\/www.gaveanews.com\/index.php\/2021\/06\/12\/veja-os-clubes-mais-desfalcados-pela-copa-america\/\",\"name\":\"Veja os clubes mais desfalcados pela Copa Am\u00e9rica\",\"isPartOf\":{\"@id\":\"https:\/\/www.gaveanews.com\/#website\"},\"primaryImageOfPage\":{\"@id\":\"https:\/\/www.gaveanews.com\/index.php\/2021\/06\/12\/veja-os-clubes-mais-desfalcados-pela-copa-america\/#primaryimage\"},\"image\":{\"@id\":\"https:\/\/www.gaveanews.com\/index.php\/2021\/06\/12\/veja-os-clubes-mais-desfalcados-pela-copa-america\/#primaryimage\"},\"thumbnailUrl\":\"https:\/\/www.gaveanews.com\/wp-content\/uploads\/Neymar-e-Gabigol-em-convocacao-pela-Selecao-em-2019.webp\",\"datePublished\":\"2021-06-12T23:00:00+00:00\",\"author\":{\"@id\":\"https:\/\/www.gaveanews.com\/#\/schema\/person\/2ec14f73fb96be2caf28f91afb14749d\"},\"breadcrumb\":{\"@id\":\"https:\/\/www.gaveanews.com\/index.php\/2021\/06\/12\/veja-os-clubes-mais-desfalcados-pela-copa-america\/#breadcrumb\"},\"inLanguage\":\"pt-BR\",\"potentialAction\":[{\"@type\":\"ReadAction\",\"target\":[\"https:\/\/www.gaveanews.com\/index.php\/2021\/06\/12\/veja-os-clubes-mais-desfalcados-pela-copa-america\/\"]}]},{\"@type\":\"ImageObject\",\"inLanguage\":\"pt-BR\",\"@id\":\"https:\/\/www.gaveanews.com\/index.php\/2021\/06\/12\/veja-os-clubes-mais-desfalcados-pela-copa-america\/#primaryimage\",\"url\":\"https:\/\/www.gaveanews.com\/wp-content\/uploads\/Neymar-e-Gabigol-em-convocacao-pela-Selecao-em-2019.webp\",\"contentUrl\":\"https:\/\/www.gaveanews.com\/wp-content\/uploads\/Neymar-e-Gabigol-em-convocacao-pela-Selecao-em-2019.webp\",\"width\":640,\"height\":800,\"caption\":\"Neymar e Gabigol em convoca\u00e7\u00e3o pela Sele\u00e7\u00e3o em 2019 (Foto: Pedro Martins\/MowaPress)\"},{\"@type\":\"BreadcrumbList\",\"@id\":\"https:\/\/www.gaveanews.com\/index.php\/2021\/06\/12\/veja-os-clubes-mais-desfalcados-pela-copa-america\/#breadcrumb\",\"itemListElement\":[{\"@type\":\"ListItem\",\"position\":1,\"name\":\"Home\",\"item\":\"https:\/\/www.gaveanews.com\/\"},{\"@type\":\"ListItem\",\"position\":2,\"name\":\"Veja os clubes mais desfalcados pela Copa Am\u00e9rica\"}]},{\"@type\":\"WebSite\",\"@id\":\"https:\/\/www.gaveanews.com\/#website\",\"url\":\"https:\/\/www.gaveanews.com\/\",\"name\":\"G\u00e1vea News\",\"description\":\"Veja todas as not\u00edcias sobre o Flamengo: Contrata\u00e7\u00f5es, categorias de base, resultados das partidas, tabela de classifica\u00e7\u00e3o, pr\u00f3ximos jogos!\",\"potentialAction\":[{\"@type\":\"SearchAction\",\"target\":{\"@type\":\"EntryPoint\",\"urlTemplate\":\"https:\/\/www.gaveanews.com\/?s={search_term_string}\"},\"query-input\":{\"@type\":\"PropertyValueSpecification\",\"valueRequired\":true,\"valueName\":\"search_term_string\"}}],\"inLanguage\":\"pt-BR\"},{\"@type\":\"Person\",\"@id\":\"https:\/\/www.gaveanews.com\/#\/schema\/person\/2ec14f73fb96be2caf28f91afb14749d\",\"name\":\"Equipe G\u00e1vea News\",\"image\":{\"@type\":\"ImageObject\",\"inLanguage\":\"pt-BR\",\"@id\":\"https:\/\/www.gaveanews.com\/#\/schema\/person\/image\/\",\"url\":\"https:\/\/secure.gravatar.com\/avatar\/1e1956f1facbffd3f8fa53a326721950116b3b9dc9bd44939c01180fd4a745a9?s=96&d=mm&r=g\",\"contentUrl\":\"https:\/\/secure.gravatar.com\/avatar\/1e1956f1facbffd3f8fa53a326721950116b3b9dc9bd44939c01180fd4a745a9?s=96&d=mm&r=g\",\"caption\":\"Equipe G\u00e1vea News\"}}]}<\/script>\n<!-- \/ Yoast SEO Premium plugin. -->","yoast_head_json":{"title":"Veja os clubes mais desfalcados pela Copa Am\u00e9rica","robots":{"index":"index","follow":"follow","max-snippet":"max-snippet:-1","max-image-preview":"max-image-preview:large","max-video-preview":"max-video-preview:-1"},"canonical":"https:\/\/www.gaveanews.com\/index.php\/2021\/06\/12\/veja-os-clubes-mais-desfalcados-pela-copa-america\/","og_locale":"pt_BR","og_type":"article","og_title":"Veja os clubes mais desfalcados pela Copa Am\u00e9rica","og_description":"A Copa Am\u00e9rica ter\u00e1 in\u00edcio neste domingo (13) com duas partidas. Enquanto o Brasil encara a Venezuela, \u00e0s 18h, no Man\u00e9 Garrincha, a Col\u00f4mbia enfrenta o Equador, \u00e0s 21h, na Arena Pantanal. Ao todo, 10 equipes buscando o t\u00edtulo. Dos 270 atletas convocados para o torneio e 144 clubes representados, voc\u00ea sabe quais os que [&hellip;]","og_url":"https:\/\/www.gaveanews.com\/index.php\/2021\/06\/12\/veja-os-clubes-mais-desfalcados-pela-copa-america\/","og_site_name":"G\u00e1vea News","article_publisher":"https:\/\/facebook.com\/gaveaNews\/","article_published_time":"2021-06-12T23:00:00+00:00","og_image":[{"width":640,"height":800,"url":"https:\/\/www.gaveanews.com\/wp-content\/uploads\/Neymar-e-Gabigol-em-convocacao-pela-Selecao-em-2019.webp","type":"image\/jpeg"}],"author":"Equipe G\u00e1vea News","twitter_card":"summary_large_image","twitter_misc":{"Escrito por":"Equipe G\u00e1vea News","Est. tempo de leitura":"2 minutos"},"schema":{"@context":"https:\/\/schema.org","@graph":[{"@type":"NewsArticle","@id":"https:\/\/www.gaveanews.com\/index.php\/2021\/06\/12\/veja-os-clubes-mais-desfalcados-pela-copa-america\/#article","isPartOf":{"@id":"https:\/\/www.gaveanews.com\/index.php\/2021\/06\/12\/veja-os-clubes-mais-desfalcados-pela-copa-america\/"},"author":{"name":"Equipe G\u00e1vea News","@id":"https:\/\/www.gaveanews.com\/#\/schema\/person\/2ec14f73fb96be2caf28f91afb14749d"},"headline":"Veja os clubes mais desfalcados pela Copa Am\u00e9rica","datePublished":"2021-06-12T23:00:00+00:00","mainEntityOfPage":{"@id":"https:\/\/www.gaveanews.com\/index.php\/2021\/06\/12\/veja-os-clubes-mais-desfalcados-pela-copa-america\/"},"wordCount":319,"commentCount":3,"image":{"@id":"https:\/\/www.gaveanews.com\/index.php\/2021\/06\/12\/veja-os-clubes-mais-desfalcados-pela-copa-america\/#primaryimage"},"thumbnailUrl":"https:\/\/www.gaveanews.com\/wp-content\/uploads\/Neymar-e-Gabigol-em-convocacao-pela-Selecao-em-2019.webp","articleSection":["Flamengo"],"inLanguage":"pt-BR","potentialAction":[{"@type":"CommentAction","name":"Comment","target":["https:\/\/www.gaveanews.com\/index.php\/2021\/06\/12\/veja-os-clubes-mais-desfalcados-pela-copa-america\/#respond"]}],"copyrightYear":"2021","copyrightHolder":{"@id":"https:\/\/www.gaveanews.com\/#organization"}},{"@type":"WebPage","@id":"https:\/\/www.gaveanews.com\/index.php\/2021\/06\/12\/veja-os-clubes-mais-desfalcados-pela-copa-america\/","url":"https:\/\/www.gaveanews.com\/index.php\/2021\/06\/12\/veja-os-clubes-mais-desfalcados-pela-copa-america\/","name":"Veja os clubes mais desfalcados pela Copa Am\u00e9rica","isPartOf":{"@id":"https:\/\/www.gaveanews.com\/#website"},"primaryImageOfPage":{"@id":"https:\/\/www.gaveanews.com\/index.php\/2021\/06\/12\/veja-os-clubes-mais-desfalcados-pela-copa-america\/#primaryimage"},"image":{"@id":"https:\/\/www.gaveanews.com\/index.php\/2021\/06\/12\/veja-os-clubes-mais-desfalcados-pela-copa-america\/#primaryimage"},"thumbnailUrl":"https:\/\/www.gaveanews.com\/wp-content\/uploads\/Neymar-e-Gabigol-em-convocacao-pela-Selecao-em-2019.webp","datePublished":"2021-06-12T23:00:00+00:00","author":{"@id":"https:\/\/www.gaveanews.com\/#\/schema\/person\/2ec14f73fb96be2caf28f91afb14749d"},"breadcrumb":{"@id":"https:\/\/www.gaveanews.com\/index.php\/2021\/06\/12\/veja-os-clubes-mais-desfalcados-pela-copa-america\/#breadcrumb"},"inLanguage":"pt-BR","potentialAction":[{"@type":"ReadAction","target":["https:\/\/www.gaveanews.com\/index.php\/2021\/06\/12\/veja-os-clubes-mais-desfalcados-pela-copa-america\/"]}]},{"@type":"ImageObject","inLanguage":"pt-BR","@id":"https:\/\/www.gaveanews.com\/index.php\/2021\/06\/12\/veja-os-clubes-mais-desfalcados-pela-copa-america\/#primaryimage","url":"https:\/\/www.gaveanews.com\/wp-content\/uploads\/Neymar-e-Gabigol-em-convocacao-pela-Selecao-em-2019.webp","contentUrl":"https:\/\/www.gaveanews.com\/wp-content\/uploads\/Neymar-e-Gabigol-em-convocacao-pela-Selecao-em-2019.webp","width":640,"height":800,"caption":"Neymar e Gabigol em convoca\u00e7\u00e3o pela Sele\u00e7\u00e3o em 2019 (Foto: Pedro Martins\/MowaPress)"},{"@type":"BreadcrumbList","@id":"https:\/\/www.gaveanews.com\/index.php\/2021\/06\/12\/veja-os-clubes-mais-desfalcados-pela-copa-america\/#breadcrumb","itemListElement":[{"@type":"ListItem","position":1,"name":"Home","item":"https:\/\/www.gaveanews.com\/"},{"@type":"ListItem","position":2,"name":"Veja os clubes mais desfalcados pela Copa Am\u00e9rica"}]},{"@type":"WebSite","@id":"https:\/\/www.gaveanews.com\/#website","url":"https:\/\/www.gaveanews.com\/","name":"G\u00e1vea News","description":"Veja todas as not\u00edcias sobre o Flamengo: Contrata\u00e7\u00f5es, categorias de base, resultados das partidas, tabela de classifica\u00e7\u00e3o, pr\u00f3ximos jogos!","potentialAction":[{"@type":"SearchAction","target":{"@type":"EntryPoint","urlTemplate":"https:\/\/www.gaveanews.com\/?s={search_term_string}"},"query-input":{"@type":"PropertyValueSpecification","valueRequired":true,"valueName":"search_term_string"}}],"inLanguage":"pt-BR"},{"@type":"Person","@id":"https:\/\/www.gaveanews.com\/#\/schema\/person\/2ec14f73fb96be2caf28f91afb14749d","name":"Equipe G\u00e1vea News","image":{"@type":"ImageObject","inLanguage":"pt-BR","@id":"https:\/\/www.gaveanews.com\/#\/schema\/person\/image\/","url":"https:\/\/secure.gravatar.com\/avatar\/1e1956f1facbffd3f8fa53a326721950116b3b9dc9bd44939c01180fd4a745a9?s=96&d=mm&r=g","contentUrl":"https:\/\/secure.gravatar.com\/avatar\/1e1956f1facbffd3f8fa53a326721950116b3b9dc9bd44939c01180fd4a745a9?s=96&d=mm&r=g","caption":"Equipe G\u00e1vea News"}}]}},"_links":{"self":[{"href":"https:\/\/www.gaveanews.com\/index.php\/wp-json\/wp\/v2\/posts\/62885","targetHints":{"allow":["GET"]}}],"collection":[{"href":"https:\/\/www.gaveanews.com\/index.php\/wp-json\/wp\/v2\/posts"}],"about":[{"href":"https:\/\/www.gaveanews.com\/index.php\/wp-json\/wp\/v2\/types\/post"}],"author":[{"embeddable":true,"href":"https:\/\/www.gaveanews.com\/index.php\/wp-json\/wp\/v2\/users\/1"}],"replies":[{"embeddable":true,"href":"https:\/\/www.gaveanews.com\/index.php\/wp-json\/wp\/v2\/comments?post=62885"}],"version-history":[{"count":0,"href":"https:\/\/www.gaveanews.com\/index.php\/wp-json\/wp\/v2\/posts\/62885\/revisions"}],"wp:featuredmedia":[{"embeddable":true,"href":"https:\/\/www.gaveanews.com\/index.php\/wp-json\/wp\/v2\/media\/61548"}],"wp:attachment":[{"href":"https:\/\/www.gaveanews.com\/index.php\/wp-json\/wp\/v2\/media?parent=62885"}],"wp:term":[{"taxonomy":"category","embeddable":true,"href":"https:\/\/www.gaveanews.com\/index.php\/wp-json\/wp\/v2\/categories?post=62885"},{"taxonomy":"post_tag","embeddable":true,"href":"https:\/\/www.gaveanews.com\/index.php\/wp-json\/wp\/v2\/tags?post=62885"}],"curies":[{"name":"wp","href":"https:\/\/api.w.org\/{rel}","templated":true}]}}