{"id":62894,"date":"2021-06-12T22:30:00","date_gmt":"2021-06-13T01:30:00","guid":{"rendered":"https:\/\/www.gaveanews.com\/?p=62894"},"modified":"2021-06-12T21:53:53","modified_gmt":"2021-06-13T00:53:53","slug":"alvo-do-flamengo-kenedy-tem-futuro-definido-pelo-chelsea","status":"publish","type":"post","link":"https:\/\/www.gaveanews.com\/index.php\/2021\/06\/12\/alvo-do-flamengo-kenedy-tem-futuro-definido-pelo-chelsea\/","title":{"rendered":"Alvo do Flamengo, Kenedy tem futuro definido pelo Chelsea"},"content":{"rendered":"\n<p>Segundo informa\u00e7\u00f5es do jornalista Ven\u00ea Casagrande, o Chelsea definiu o futuro de Kenedy. Apesar da boa temporada no Granada, o atleta n\u00e3o ser\u00e1 aproveitado pelo clube ingl\u00eas. Por\u00e9m, mesmo com o interesse do Flamengo, a tend\u00eancia \u00e9 que o meia-atacante permane\u00e7a no futebol europeu, j\u00e1 que uma volta ao Brasil n\u00e3o est\u00e1 nos planos do jogador.<\/p>\n\n\n\n<p>Atualmente, <a href=\"https:\/\/www.gaveanews.com\/index.php\/2021\/06\/02\/amigo-de-kenedy-brinca-e-acerta-chegada-do-atacante-ao-flamengo-veja\/\">Kenedy est\u00e1 usando as depend\u00eancias do Ninho do Urubu<\/a> para trabalho de transi\u00e7\u00e3o f\u00edsica. Mesmo com a aproxima\u00e7\u00e3o, o meia-atacante j\u00e1 indicou, de maneira informal, que um acerto com o Flamengo \u00e9 um cen\u00e1rio que n\u00e3o tem chances de ocorrer. Sendo assim, ap\u00f3s o per\u00edodo de f\u00e9rias, ele voltar\u00e1 para Europa e vai definir seu futuro no continente.<\/p>\n\n\n\n<p>Com v\u00ednculo at\u00e9 junho de 2024, Kenedy deve ser emprestado novamente pelo Chelsea. Apesar do interesse do Granada em uma nova cess\u00e3o, o brasileiro deve atuar em uma equipe maior. Agora, resta saber em qual pa\u00eds ele ir\u00e1 optar por dar sequ\u00eancia em sua carreira.<\/p>\n\n\n\n<p>Nos \u00faltimos dias, Marcos Braz falou sobre a procura por refor\u00e7os. Adotando o modelo em que o Flamengo n\u00e3o realize grandes investimentos, a diretoria est\u00e1 atenta ao mercado e pode realizar contrata\u00e7\u00f5es pontuais.<\/p>\n\n\n\n<p><strong><em>\u2014 O Flamengo sempre est\u00e1 atento no mercado. \u00c0s vezes com mais aptid\u00e3o pra fazer contrata\u00e7\u00f5es e \u00e0s vezes um pouco menos. O mundo atravessa a maior crise sanit\u00e1ria do planeta e isso tem um impacto financeiro. A gente tenta dar musculatura ao elenco, mas talvez a gente tenha que fazer de forma diferente e n\u00e3o gastando tanto dinheiro<\/em><\/strong>, declarou o vice-presidente de futebol.<\/p>\n\n\n\n<p>Retirado de: Torcedores<\/p>\n","protected":false},"excerpt":{"rendered":"<p>Segundo informa\u00e7\u00f5es do jornalista Ven\u00ea Casagrande, o Chelsea definiu o futuro de Kenedy. Apesar da boa temporada no Granada, o atleta n\u00e3o ser\u00e1 aproveitado pelo clube ingl\u00eas. Por\u00e9m, mesmo com o interesse do Flamengo, a tend\u00eancia \u00e9 que o meia-atacante permane\u00e7a no futebol europeu, j\u00e1 que uma volta ao Brasil n\u00e3o est\u00e1 nos planos do [&hellip;]<\/p>\n","protected":false},"author":1,"featured_media":62334,"comment_status":"open","ping_status":"closed","sticky":false,"template":"","format":"standard","meta":{"footnotes":""},"categories":[48],"tags":[],"class_list":["post-62894","post","type-post","status-publish","format-standard","has-post-thumbnail","hentry","category-negociacoes"],"yoast_head":"<!-- This site is optimized with the Yoast SEO Premium plugin v24.2 (Yoast SEO v26.9) - https:\/\/yoast.com\/product\/yoast-seo-premium-wordpress\/ -->\n<title>Alvo do Flamengo, Kenedy tem futuro definido pelo Chelsea<\/title>\n<meta name=\"robots\" content=\"index, follow, max-snippet:-1, max-image-preview:large, max-video-preview:-1\" \/>\n<link rel=\"canonical\" href=\"https:\/\/www.gaveanews.com\/index.php\/2021\/06\/12\/alvo-do-flamengo-kenedy-tem-futuro-definido-pelo-chelsea\/\" \/>\n<meta property=\"og:locale\" content=\"pt_BR\" \/>\n<meta property=\"og:type\" content=\"article\" \/>\n<meta property=\"og:title\" content=\"Alvo do Flamengo, Kenedy tem futuro definido pelo Chelsea\" \/>\n<meta property=\"og:description\" content=\"Segundo informa\u00e7\u00f5es do jornalista Ven\u00ea Casagrande, o Chelsea definiu o futuro de Kenedy. Apesar da boa temporada no Granada, o atleta n\u00e3o ser\u00e1 aproveitado pelo clube ingl\u00eas. Por\u00e9m, mesmo com o interesse do Flamengo, a tend\u00eancia \u00e9 que o meia-atacante permane\u00e7a no futebol europeu, j\u00e1 que uma volta ao Brasil n\u00e3o est\u00e1 nos planos do [&hellip;]\" \/>\n<meta property=\"og:url\" content=\"https:\/\/www.gaveanews.com\/index.php\/2021\/06\/12\/alvo-do-flamengo-kenedy-tem-futuro-definido-pelo-chelsea\/\" \/>\n<meta property=\"og:site_name\" content=\"G\u00e1vea News\" \/>\n<meta property=\"article:publisher\" content=\"https:\/\/facebook.com\/gaveaNews\/\" \/>\n<meta property=\"article:published_time\" content=\"2021-06-13T01:30:00+00:00\" \/>\n<meta property=\"og:image\" content=\"https:\/\/www.gaveanews.com\/wp-content\/uploads\/Kenedy-em-treinamento.webp\" \/>\n\t<meta property=\"og:image:width\" content=\"640\" \/>\n\t<meta property=\"og:image:height\" content=\"640\" \/>\n\t<meta property=\"og:image:type\" content=\"image\/jpeg\" \/>\n<meta name=\"author\" content=\"Equipe G\u00e1vea News\" \/>\n<meta name=\"twitter:card\" content=\"summary_large_image\" \/>\n<meta name=\"twitter:label1\" content=\"Escrito por\" \/>\n\t<meta name=\"twitter:data1\" content=\"Equipe G\u00e1vea News\" \/>\n\t<meta name=\"twitter:label2\" content=\"Est. tempo de leitura\" \/>\n\t<meta name=\"twitter:data2\" content=\"2 minutos\" \/>\n<script type=\"application\/ld+json\" class=\"yoast-schema-graph\">{\"@context\":\"https:\/\/schema.org\",\"@graph\":[{\"@type\":\"NewsArticle\",\"@id\":\"https:\/\/www.gaveanews.com\/index.php\/2021\/06\/12\/alvo-do-flamengo-kenedy-tem-futuro-definido-pelo-chelsea\/#article\",\"isPartOf\":{\"@id\":\"https:\/\/www.gaveanews.com\/index.php\/2021\/06\/12\/alvo-do-flamengo-kenedy-tem-futuro-definido-pelo-chelsea\/\"},\"author\":{\"name\":\"Equipe G\u00e1vea News\",\"@id\":\"https:\/\/www.gaveanews.com\/#\/schema\/person\/2ec14f73fb96be2caf28f91afb14749d\"},\"headline\":\"Alvo do Flamengo, Kenedy tem futuro definido pelo Chelsea\",\"datePublished\":\"2021-06-13T01:30:00+00:00\",\"mainEntityOfPage\":{\"@id\":\"https:\/\/www.gaveanews.com\/index.php\/2021\/06\/12\/alvo-do-flamengo-kenedy-tem-futuro-definido-pelo-chelsea\/\"},\"wordCount\":292,\"commentCount\":21,\"image\":{\"@id\":\"https:\/\/www.gaveanews.com\/index.php\/2021\/06\/12\/alvo-do-flamengo-kenedy-tem-futuro-definido-pelo-chelsea\/#primaryimage\"},\"thumbnailUrl\":\"https:\/\/www.gaveanews.com\/wp-content\/uploads\/Kenedy-em-treinamento.webp\",\"articleSection\":[\"Negocia\u00e7\u00f5es\"],\"inLanguage\":\"pt-BR\",\"potentialAction\":[{\"@type\":\"CommentAction\",\"name\":\"Comment\",\"target\":[\"https:\/\/www.gaveanews.com\/index.php\/2021\/06\/12\/alvo-do-flamengo-kenedy-tem-futuro-definido-pelo-chelsea\/#respond\"]}],\"copyrightYear\":\"2021\",\"copyrightHolder\":{\"@id\":\"https:\/\/www.gaveanews.com\/#organization\"}},{\"@type\":\"WebPage\",\"@id\":\"https:\/\/www.gaveanews.com\/index.php\/2021\/06\/12\/alvo-do-flamengo-kenedy-tem-futuro-definido-pelo-chelsea\/\",\"url\":\"https:\/\/www.gaveanews.com\/index.php\/2021\/06\/12\/alvo-do-flamengo-kenedy-tem-futuro-definido-pelo-chelsea\/\",\"name\":\"Alvo do Flamengo, Kenedy tem futuro definido pelo Chelsea\",\"isPartOf\":{\"@id\":\"https:\/\/www.gaveanews.com\/#website\"},\"primaryImageOfPage\":{\"@id\":\"https:\/\/www.gaveanews.com\/index.php\/2021\/06\/12\/alvo-do-flamengo-kenedy-tem-futuro-definido-pelo-chelsea\/#primaryimage\"},\"image\":{\"@id\":\"https:\/\/www.gaveanews.com\/index.php\/2021\/06\/12\/alvo-do-flamengo-kenedy-tem-futuro-definido-pelo-chelsea\/#primaryimage\"},\"thumbnailUrl\":\"https:\/\/www.gaveanews.com\/wp-content\/uploads\/Kenedy-em-treinamento.webp\",\"datePublished\":\"2021-06-13T01:30:00+00:00\",\"author\":{\"@id\":\"https:\/\/www.gaveanews.com\/#\/schema\/person\/2ec14f73fb96be2caf28f91afb14749d\"},\"breadcrumb\":{\"@id\":\"https:\/\/www.gaveanews.com\/index.php\/2021\/06\/12\/alvo-do-flamengo-kenedy-tem-futuro-definido-pelo-chelsea\/#breadcrumb\"},\"inLanguage\":\"pt-BR\",\"potentialAction\":[{\"@type\":\"ReadAction\",\"target\":[\"https:\/\/www.gaveanews.com\/index.php\/2021\/06\/12\/alvo-do-flamengo-kenedy-tem-futuro-definido-pelo-chelsea\/\"]}]},{\"@type\":\"ImageObject\",\"inLanguage\":\"pt-BR\",\"@id\":\"https:\/\/www.gaveanews.com\/index.php\/2021\/06\/12\/alvo-do-flamengo-kenedy-tem-futuro-definido-pelo-chelsea\/#primaryimage\",\"url\":\"https:\/\/www.gaveanews.com\/wp-content\/uploads\/Kenedy-em-treinamento.webp\",\"contentUrl\":\"https:\/\/www.gaveanews.com\/wp-content\/uploads\/Kenedy-em-treinamento.webp\",\"width\":640,\"height\":640,\"caption\":\"Kenedy em treinamento (Foto: Divulga\u00e7\u00e3o\/Granada FC)\"},{\"@type\":\"BreadcrumbList\",\"@id\":\"https:\/\/www.gaveanews.com\/index.php\/2021\/06\/12\/alvo-do-flamengo-kenedy-tem-futuro-definido-pelo-chelsea\/#breadcrumb\",\"itemListElement\":[{\"@type\":\"ListItem\",\"position\":1,\"name\":\"Home\",\"item\":\"https:\/\/www.gaveanews.com\/\"},{\"@type\":\"ListItem\",\"position\":2,\"name\":\"Alvo do Flamengo, Kenedy tem futuro definido pelo Chelsea\"}]},{\"@type\":\"WebSite\",\"@id\":\"https:\/\/www.gaveanews.com\/#website\",\"url\":\"https:\/\/www.gaveanews.com\/\",\"name\":\"G\u00e1vea News\",\"description\":\"Veja todas as not\u00edcias sobre o Flamengo: Contrata\u00e7\u00f5es, categorias de base, resultados das partidas, tabela de classifica\u00e7\u00e3o, pr\u00f3ximos jogos!\",\"potentialAction\":[{\"@type\":\"SearchAction\",\"target\":{\"@type\":\"EntryPoint\",\"urlTemplate\":\"https:\/\/www.gaveanews.com\/?s={search_term_string}\"},\"query-input\":{\"@type\":\"PropertyValueSpecification\",\"valueRequired\":true,\"valueName\":\"search_term_string\"}}],\"inLanguage\":\"pt-BR\"},{\"@type\":\"Person\",\"@id\":\"https:\/\/www.gaveanews.com\/#\/schema\/person\/2ec14f73fb96be2caf28f91afb14749d\",\"name\":\"Equipe G\u00e1vea News\",\"image\":{\"@type\":\"ImageObject\",\"inLanguage\":\"pt-BR\",\"@id\":\"https:\/\/www.gaveanews.com\/#\/schema\/person\/image\/\",\"url\":\"https:\/\/secure.gravatar.com\/avatar\/1e1956f1facbffd3f8fa53a326721950116b3b9dc9bd44939c01180fd4a745a9?s=96&d=mm&r=g\",\"contentUrl\":\"https:\/\/secure.gravatar.com\/avatar\/1e1956f1facbffd3f8fa53a326721950116b3b9dc9bd44939c01180fd4a745a9?s=96&d=mm&r=g\",\"caption\":\"Equipe G\u00e1vea News\"}}]}<\/script>\n<!-- \/ Yoast SEO Premium plugin. -->","yoast_head_json":{"title":"Alvo do Flamengo, Kenedy tem futuro definido pelo Chelsea","robots":{"index":"index","follow":"follow","max-snippet":"max-snippet:-1","max-image-preview":"max-image-preview:large","max-video-preview":"max-video-preview:-1"},"canonical":"https:\/\/www.gaveanews.com\/index.php\/2021\/06\/12\/alvo-do-flamengo-kenedy-tem-futuro-definido-pelo-chelsea\/","og_locale":"pt_BR","og_type":"article","og_title":"Alvo do Flamengo, Kenedy tem futuro definido pelo Chelsea","og_description":"Segundo informa\u00e7\u00f5es do jornalista Ven\u00ea Casagrande, o Chelsea definiu o futuro de Kenedy. Apesar da boa temporada no Granada, o atleta n\u00e3o ser\u00e1 aproveitado pelo clube ingl\u00eas. Por\u00e9m, mesmo com o interesse do Flamengo, a tend\u00eancia \u00e9 que o meia-atacante permane\u00e7a no futebol europeu, j\u00e1 que uma volta ao Brasil n\u00e3o est\u00e1 nos planos do [&hellip;]","og_url":"https:\/\/www.gaveanews.com\/index.php\/2021\/06\/12\/alvo-do-flamengo-kenedy-tem-futuro-definido-pelo-chelsea\/","og_site_name":"G\u00e1vea News","article_publisher":"https:\/\/facebook.com\/gaveaNews\/","article_published_time":"2021-06-13T01:30:00+00:00","og_image":[{"width":640,"height":640,"url":"https:\/\/www.gaveanews.com\/wp-content\/uploads\/Kenedy-em-treinamento.webp","type":"image\/jpeg"}],"author":"Equipe G\u00e1vea News","twitter_card":"summary_large_image","twitter_misc":{"Escrito por":"Equipe G\u00e1vea News","Est. tempo de leitura":"2 minutos"},"schema":{"@context":"https:\/\/schema.org","@graph":[{"@type":"NewsArticle","@id":"https:\/\/www.gaveanews.com\/index.php\/2021\/06\/12\/alvo-do-flamengo-kenedy-tem-futuro-definido-pelo-chelsea\/#article","isPartOf":{"@id":"https:\/\/www.gaveanews.com\/index.php\/2021\/06\/12\/alvo-do-flamengo-kenedy-tem-futuro-definido-pelo-chelsea\/"},"author":{"name":"Equipe G\u00e1vea News","@id":"https:\/\/www.gaveanews.com\/#\/schema\/person\/2ec14f73fb96be2caf28f91afb14749d"},"headline":"Alvo do Flamengo, Kenedy tem futuro definido pelo Chelsea","datePublished":"2021-06-13T01:30:00+00:00","mainEntityOfPage":{"@id":"https:\/\/www.gaveanews.com\/index.php\/2021\/06\/12\/alvo-do-flamengo-kenedy-tem-futuro-definido-pelo-chelsea\/"},"wordCount":292,"commentCount":21,"image":{"@id":"https:\/\/www.gaveanews.com\/index.php\/2021\/06\/12\/alvo-do-flamengo-kenedy-tem-futuro-definido-pelo-chelsea\/#primaryimage"},"thumbnailUrl":"https:\/\/www.gaveanews.com\/wp-content\/uploads\/Kenedy-em-treinamento.webp","articleSection":["Negocia\u00e7\u00f5es"],"inLanguage":"pt-BR","potentialAction":[{"@type":"CommentAction","name":"Comment","target":["https:\/\/www.gaveanews.com\/index.php\/2021\/06\/12\/alvo-do-flamengo-kenedy-tem-futuro-definido-pelo-chelsea\/#respond"]}],"copyrightYear":"2021","copyrightHolder":{"@id":"https:\/\/www.gaveanews.com\/#organization"}},{"@type":"WebPage","@id":"https:\/\/www.gaveanews.com\/index.php\/2021\/06\/12\/alvo-do-flamengo-kenedy-tem-futuro-definido-pelo-chelsea\/","url":"https:\/\/www.gaveanews.com\/index.php\/2021\/06\/12\/alvo-do-flamengo-kenedy-tem-futuro-definido-pelo-chelsea\/","name":"Alvo do Flamengo, Kenedy tem futuro definido pelo Chelsea","isPartOf":{"@id":"https:\/\/www.gaveanews.com\/#website"},"primaryImageOfPage":{"@id":"https:\/\/www.gaveanews.com\/index.php\/2021\/06\/12\/alvo-do-flamengo-kenedy-tem-futuro-definido-pelo-chelsea\/#primaryimage"},"image":{"@id":"https:\/\/www.gaveanews.com\/index.php\/2021\/06\/12\/alvo-do-flamengo-kenedy-tem-futuro-definido-pelo-chelsea\/#primaryimage"},"thumbnailUrl":"https:\/\/www.gaveanews.com\/wp-content\/uploads\/Kenedy-em-treinamento.webp","datePublished":"2021-06-13T01:30:00+00:00","author":{"@id":"https:\/\/www.gaveanews.com\/#\/schema\/person\/2ec14f73fb96be2caf28f91afb14749d"},"breadcrumb":{"@id":"https:\/\/www.gaveanews.com\/index.php\/2021\/06\/12\/alvo-do-flamengo-kenedy-tem-futuro-definido-pelo-chelsea\/#breadcrumb"},"inLanguage":"pt-BR","potentialAction":[{"@type":"ReadAction","target":["https:\/\/www.gaveanews.com\/index.php\/2021\/06\/12\/alvo-do-flamengo-kenedy-tem-futuro-definido-pelo-chelsea\/"]}]},{"@type":"ImageObject","inLanguage":"pt-BR","@id":"https:\/\/www.gaveanews.com\/index.php\/2021\/06\/12\/alvo-do-flamengo-kenedy-tem-futuro-definido-pelo-chelsea\/#primaryimage","url":"https:\/\/www.gaveanews.com\/wp-content\/uploads\/Kenedy-em-treinamento.webp","contentUrl":"https:\/\/www.gaveanews.com\/wp-content\/uploads\/Kenedy-em-treinamento.webp","width":640,"height":640,"caption":"Kenedy em treinamento (Foto: Divulga\u00e7\u00e3o\/Granada FC)"},{"@type":"BreadcrumbList","@id":"https:\/\/www.gaveanews.com\/index.php\/2021\/06\/12\/alvo-do-flamengo-kenedy-tem-futuro-definido-pelo-chelsea\/#breadcrumb","itemListElement":[{"@type":"ListItem","position":1,"name":"Home","item":"https:\/\/www.gaveanews.com\/"},{"@type":"ListItem","position":2,"name":"Alvo do Flamengo, Kenedy tem futuro definido pelo Chelsea"}]},{"@type":"WebSite","@id":"https:\/\/www.gaveanews.com\/#website","url":"https:\/\/www.gaveanews.com\/","name":"G\u00e1vea News","description":"Veja todas as not\u00edcias sobre o Flamengo: Contrata\u00e7\u00f5es, categorias de base, resultados das partidas, tabela de classifica\u00e7\u00e3o, pr\u00f3ximos jogos!","potentialAction":[{"@type":"SearchAction","target":{"@type":"EntryPoint","urlTemplate":"https:\/\/www.gaveanews.com\/?s={search_term_string}"},"query-input":{"@type":"PropertyValueSpecification","valueRequired":true,"valueName":"search_term_string"}}],"inLanguage":"pt-BR"},{"@type":"Person","@id":"https:\/\/www.gaveanews.com\/#\/schema\/person\/2ec14f73fb96be2caf28f91afb14749d","name":"Equipe G\u00e1vea News","image":{"@type":"ImageObject","inLanguage":"pt-BR","@id":"https:\/\/www.gaveanews.com\/#\/schema\/person\/image\/","url":"https:\/\/secure.gravatar.com\/avatar\/1e1956f1facbffd3f8fa53a326721950116b3b9dc9bd44939c01180fd4a745a9?s=96&d=mm&r=g","contentUrl":"https:\/\/secure.gravatar.com\/avatar\/1e1956f1facbffd3f8fa53a326721950116b3b9dc9bd44939c01180fd4a745a9?s=96&d=mm&r=g","caption":"Equipe G\u00e1vea News"}}]}},"_links":{"self":[{"href":"https:\/\/www.gaveanews.com\/index.php\/wp-json\/wp\/v2\/posts\/62894","targetHints":{"allow":["GET"]}}],"collection":[{"href":"https:\/\/www.gaveanews.com\/index.php\/wp-json\/wp\/v2\/posts"}],"about":[{"href":"https:\/\/www.gaveanews.com\/index.php\/wp-json\/wp\/v2\/types\/post"}],"author":[{"embeddable":true,"href":"https:\/\/www.gaveanews.com\/index.php\/wp-json\/wp\/v2\/users\/1"}],"replies":[{"embeddable":true,"href":"https:\/\/www.gaveanews.com\/index.php\/wp-json\/wp\/v2\/comments?post=62894"}],"version-history":[{"count":0,"href":"https:\/\/www.gaveanews.com\/index.php\/wp-json\/wp\/v2\/posts\/62894\/revisions"}],"wp:featuredmedia":[{"embeddable":true,"href":"https:\/\/www.gaveanews.com\/index.php\/wp-json\/wp\/v2\/media\/62334"}],"wp:attachment":[{"href":"https:\/\/www.gaveanews.com\/index.php\/wp-json\/wp\/v2\/media?parent=62894"}],"wp:term":[{"taxonomy":"category","embeddable":true,"href":"https:\/\/www.gaveanews.com\/index.php\/wp-json\/wp\/v2\/categories?post=62894"},{"taxonomy":"post_tag","embeddable":true,"href":"https:\/\/www.gaveanews.com\/index.php\/wp-json\/wp\/v2\/tags?post=62894"}],"curies":[{"name":"wp","href":"https:\/\/api.w.org\/{rel}","templated":true}]}}