{"id":62909,"date":"2021-06-13T18:03:33","date_gmt":"2021-06-13T21:03:33","guid":{"rendered":"https:\/\/www.gaveanews.com\/?p=62909"},"modified":"2021-06-13T18:03:35","modified_gmt":"2021-06-13T21:03:35","slug":"pai-de-gabigol-rebate-torcida-do-flamengo-nas-redes-sociais","status":"publish","type":"post","link":"https:\/\/www.gaveanews.com\/index.php\/2021\/06\/13\/pai-de-gabigol-rebate-torcida-do-flamengo-nas-redes-sociais\/","title":{"rendered":"Pai de Gabigol rebate torcida do Flamengo nas redes sociais"},"content":{"rendered":"\n<p>A lua-de-mel entre Flamengo e Gabigol vive um momento nebuloso. Relacionado para o duelo contra o Coritiba, pela terceira fase da Copa do Brasil, na \u00faltima quinta-feira, o atacante n\u00e3o se apresentou ao Flamengo na capital paranaense por conta dos compromissos com a Sele\u00e7\u00e3o Brasileira. Nesse sentido, o pai do jogador decidiu responder rubro-negros que reagiram negativamente e ficaram na bronca com Gabriel Barbosa.<\/p>\n\n\n\n<p>Vlademir Silva defendeu o filho em uma rede social. O pai de Gabigol relembrou a fundamental import\u00e2ncia do jogador na final da Libertadores de 2019, vencida pelo Flamengo com dois gols do atacante.<\/p>\n\n\n\n<p><strong><em>\u2014 Nem era para voltar no segundo tempo da final da Libertadores\u2026 Tornozelo estourado, pediu para tomar uma inje\u00e7\u00e3o\u2026 Voltou e deu o t\u00edtulo para voc\u00eas ap\u00f3s 38 anos\u2026 portanto, respeitem e procurem saber da verdade antes de critic\u00e1-lo. Rid\u00edculo e inexplic\u00e1vel isso<\/em><\/strong> &#8211; rebateu.<\/p>\n\n\n\n<div class=\"wp-block-image\"><figure class=\"aligncenter size-large is-resized\"><img loading=\"lazy\" decoding=\"async\" src=\"https:\/\/www.lance.com.br\/files\/article_content\/uploads\/2021\/06\/13\/60c663700629a.webp\" alt=\"\" width=\"618\" height=\"386\"\/><\/figure><\/div>\n\n\n\n<p>Al\u00e9m de Gabigol, vale lembrar que o Fla tamb\u00e9m ter\u00e1 Everton Ribeiro como representante na Copa Am\u00e9rica. J\u00e1 Rodrigo Caio, convocado para as \u00faltimas duas rodadas das Eliminat\u00f3rias, foi cortado da rela\u00e7\u00e3o do torneio.<\/p>\n\n\n\n<p>Com 24 jogadores, o grupo de Tite deve ficar completo nas pr\u00f3ximas horas. Na capital paulista, o Brasil far\u00e1 dois treinos antes de embarcar para Bras\u00edlia, local da estreia na Copa Am\u00e9rica, contra a Venezuela, neste domingo, \u00e0s 18h.<\/p>\n\n\n\n<p>Retirado de: Lance<\/p>\n","protected":false},"excerpt":{"rendered":"<p>A lua-de-mel entre Flamengo e Gabigol vive um momento nebuloso. Relacionado para o duelo contra o Coritiba, pela terceira fase da Copa do Brasil, na \u00faltima quinta-feira, o atacante n\u00e3o se apresentou ao Flamengo na capital paranaense por conta dos compromissos com a Sele\u00e7\u00e3o Brasileira. Nesse sentido, o pai do jogador decidiu responder rubro-negros que [&hellip;]<\/p>\n","protected":false},"author":1,"featured_media":60780,"comment_status":"open","ping_status":"closed","sticky":false,"template":"","format":"standard","meta":{"footnotes":""},"categories":[1],"tags":[],"class_list":["post-62909","post","type-post","status-publish","format-standard","has-post-thumbnail","hentry","category-flamengo"],"yoast_head":"<!-- This site is optimized with the Yoast SEO Premium plugin v24.2 (Yoast SEO v26.9) - https:\/\/yoast.com\/product\/yoast-seo-premium-wordpress\/ -->\n<title>Pai de Gabigol rebate torcida do Flamengo nas redes sociais<\/title>\n<meta name=\"robots\" content=\"index, follow, max-snippet:-1, max-image-preview:large, max-video-preview:-1\" \/>\n<link rel=\"canonical\" href=\"https:\/\/www.gaveanews.com\/index.php\/2021\/06\/13\/pai-de-gabigol-rebate-torcida-do-flamengo-nas-redes-sociais\/\" \/>\n<meta property=\"og:locale\" content=\"pt_BR\" \/>\n<meta property=\"og:type\" content=\"article\" \/>\n<meta property=\"og:title\" content=\"Pai de Gabigol rebate torcida do Flamengo nas redes sociais\" \/>\n<meta property=\"og:description\" content=\"A lua-de-mel entre Flamengo e Gabigol vive um momento nebuloso. Relacionado para o duelo contra o Coritiba, pela terceira fase da Copa do Brasil, na \u00faltima quinta-feira, o atacante n\u00e3o se apresentou ao Flamengo na capital paranaense por conta dos compromissos com a Sele\u00e7\u00e3o Brasileira. Nesse sentido, o pai do jogador decidiu responder rubro-negros que [&hellip;]\" \/>\n<meta property=\"og:url\" content=\"https:\/\/www.gaveanews.com\/index.php\/2021\/06\/13\/pai-de-gabigol-rebate-torcida-do-flamengo-nas-redes-sociais\/\" \/>\n<meta property=\"og:site_name\" content=\"G\u00e1vea News\" \/>\n<meta property=\"article:publisher\" content=\"https:\/\/facebook.com\/gaveaNews\/\" \/>\n<meta property=\"article:published_time\" content=\"2021-06-13T21:03:33+00:00\" \/>\n<meta property=\"article:modified_time\" content=\"2021-06-13T21:03:35+00:00\" \/>\n<meta property=\"og:image\" content=\"https:\/\/www.gaveanews.com\/wp-content\/uploads\/Gabigol-em-acao-pelo-Flamengo-durante-o-duelo-contra-a-Volta-Redonda-no-Campeonato-Carioca-de-2021.webp\" \/>\n\t<meta property=\"og:image:width\" content=\"800\" \/>\n\t<meta property=\"og:image:height\" content=\"533\" \/>\n\t<meta property=\"og:image:type\" content=\"image\/jpeg\" \/>\n<meta name=\"author\" content=\"Equipe G\u00e1vea News\" \/>\n<meta name=\"twitter:card\" content=\"summary_large_image\" \/>\n<meta name=\"twitter:label1\" content=\"Escrito por\" \/>\n\t<meta name=\"twitter:data1\" content=\"Equipe G\u00e1vea News\" \/>\n\t<meta name=\"twitter:label2\" content=\"Est. tempo de leitura\" \/>\n\t<meta name=\"twitter:data2\" content=\"2 minutos\" \/>\n<script type=\"application\/ld+json\" class=\"yoast-schema-graph\">{\"@context\":\"https:\/\/schema.org\",\"@graph\":[{\"@type\":\"NewsArticle\",\"@id\":\"https:\/\/www.gaveanews.com\/index.php\/2021\/06\/13\/pai-de-gabigol-rebate-torcida-do-flamengo-nas-redes-sociais\/#article\",\"isPartOf\":{\"@id\":\"https:\/\/www.gaveanews.com\/index.php\/2021\/06\/13\/pai-de-gabigol-rebate-torcida-do-flamengo-nas-redes-sociais\/\"},\"author\":{\"name\":\"Equipe G\u00e1vea News\",\"@id\":\"https:\/\/www.gaveanews.com\/#\/schema\/person\/2ec14f73fb96be2caf28f91afb14749d\"},\"headline\":\"Pai de Gabigol rebate torcida do Flamengo nas redes sociais\",\"datePublished\":\"2021-06-13T21:03:33+00:00\",\"dateModified\":\"2021-06-13T21:03:35+00:00\",\"mainEntityOfPage\":{\"@id\":\"https:\/\/www.gaveanews.com\/index.php\/2021\/06\/13\/pai-de-gabigol-rebate-torcida-do-flamengo-nas-redes-sociais\/\"},\"wordCount\":242,\"commentCount\":86,\"image\":{\"@id\":\"https:\/\/www.gaveanews.com\/index.php\/2021\/06\/13\/pai-de-gabigol-rebate-torcida-do-flamengo-nas-redes-sociais\/#primaryimage\"},\"thumbnailUrl\":\"https:\/\/www.gaveanews.com\/wp-content\/uploads\/Gabigol-em-acao-pelo-Flamengo-durante-o-duelo-contra-a-Volta-Redonda-no-Campeonato-Carioca-de-2021.webp\",\"articleSection\":[\"Flamengo\"],\"inLanguage\":\"pt-BR\",\"potentialAction\":[{\"@type\":\"CommentAction\",\"name\":\"Comment\",\"target\":[\"https:\/\/www.gaveanews.com\/index.php\/2021\/06\/13\/pai-de-gabigol-rebate-torcida-do-flamengo-nas-redes-sociais\/#respond\"]}],\"copyrightYear\":\"2021\",\"copyrightHolder\":{\"@id\":\"https:\/\/www.gaveanews.com\/#organization\"}},{\"@type\":\"WebPage\",\"@id\":\"https:\/\/www.gaveanews.com\/index.php\/2021\/06\/13\/pai-de-gabigol-rebate-torcida-do-flamengo-nas-redes-sociais\/\",\"url\":\"https:\/\/www.gaveanews.com\/index.php\/2021\/06\/13\/pai-de-gabigol-rebate-torcida-do-flamengo-nas-redes-sociais\/\",\"name\":\"Pai de Gabigol rebate torcida do Flamengo nas redes sociais\",\"isPartOf\":{\"@id\":\"https:\/\/www.gaveanews.com\/#website\"},\"primaryImageOfPage\":{\"@id\":\"https:\/\/www.gaveanews.com\/index.php\/2021\/06\/13\/pai-de-gabigol-rebate-torcida-do-flamengo-nas-redes-sociais\/#primaryimage\"},\"image\":{\"@id\":\"https:\/\/www.gaveanews.com\/index.php\/2021\/06\/13\/pai-de-gabigol-rebate-torcida-do-flamengo-nas-redes-sociais\/#primaryimage\"},\"thumbnailUrl\":\"https:\/\/www.gaveanews.com\/wp-content\/uploads\/Gabigol-em-acao-pelo-Flamengo-durante-o-duelo-contra-a-Volta-Redonda-no-Campeonato-Carioca-de-2021.webp\",\"datePublished\":\"2021-06-13T21:03:33+00:00\",\"dateModified\":\"2021-06-13T21:03:35+00:00\",\"author\":{\"@id\":\"https:\/\/www.gaveanews.com\/#\/schema\/person\/2ec14f73fb96be2caf28f91afb14749d\"},\"breadcrumb\":{\"@id\":\"https:\/\/www.gaveanews.com\/index.php\/2021\/06\/13\/pai-de-gabigol-rebate-torcida-do-flamengo-nas-redes-sociais\/#breadcrumb\"},\"inLanguage\":\"pt-BR\",\"potentialAction\":[{\"@type\":\"ReadAction\",\"target\":[\"https:\/\/www.gaveanews.com\/index.php\/2021\/06\/13\/pai-de-gabigol-rebate-torcida-do-flamengo-nas-redes-sociais\/\"]}]},{\"@type\":\"ImageObject\",\"inLanguage\":\"pt-BR\",\"@id\":\"https:\/\/www.gaveanews.com\/index.php\/2021\/06\/13\/pai-de-gabigol-rebate-torcida-do-flamengo-nas-redes-sociais\/#primaryimage\",\"url\":\"https:\/\/www.gaveanews.com\/wp-content\/uploads\/Gabigol-em-acao-pelo-Flamengo-durante-o-duelo-contra-a-Volta-Redonda-no-Campeonato-Carioca-de-2021.webp\",\"contentUrl\":\"https:\/\/www.gaveanews.com\/wp-content\/uploads\/Gabigol-em-acao-pelo-Flamengo-durante-o-duelo-contra-a-Volta-Redonda-no-Campeonato-Carioca-de-2021.webp\",\"width\":800,\"height\":533,\"caption\":\"Gabigol em a\u00e7\u00e3o pelo Flamengo durante o duelo contra a Volta Redonda no Campeonato Carioca de 2021 (Foto: Marcelo Cortes\/Flamengo)\"},{\"@type\":\"BreadcrumbList\",\"@id\":\"https:\/\/www.gaveanews.com\/index.php\/2021\/06\/13\/pai-de-gabigol-rebate-torcida-do-flamengo-nas-redes-sociais\/#breadcrumb\",\"itemListElement\":[{\"@type\":\"ListItem\",\"position\":1,\"name\":\"Home\",\"item\":\"https:\/\/www.gaveanews.com\/\"},{\"@type\":\"ListItem\",\"position\":2,\"name\":\"Pai de Gabigol rebate torcida do Flamengo nas redes sociais\"}]},{\"@type\":\"WebSite\",\"@id\":\"https:\/\/www.gaveanews.com\/#website\",\"url\":\"https:\/\/www.gaveanews.com\/\",\"name\":\"G\u00e1vea News\",\"description\":\"Veja todas as not\u00edcias sobre o Flamengo: Contrata\u00e7\u00f5es, categorias de base, resultados das partidas, tabela de classifica\u00e7\u00e3o, pr\u00f3ximos jogos!\",\"potentialAction\":[{\"@type\":\"SearchAction\",\"target\":{\"@type\":\"EntryPoint\",\"urlTemplate\":\"https:\/\/www.gaveanews.com\/?s={search_term_string}\"},\"query-input\":{\"@type\":\"PropertyValueSpecification\",\"valueRequired\":true,\"valueName\":\"search_term_string\"}}],\"inLanguage\":\"pt-BR\"},{\"@type\":\"Person\",\"@id\":\"https:\/\/www.gaveanews.com\/#\/schema\/person\/2ec14f73fb96be2caf28f91afb14749d\",\"name\":\"Equipe G\u00e1vea News\",\"image\":{\"@type\":\"ImageObject\",\"inLanguage\":\"pt-BR\",\"@id\":\"https:\/\/www.gaveanews.com\/#\/schema\/person\/image\/\",\"url\":\"https:\/\/secure.gravatar.com\/avatar\/1e1956f1facbffd3f8fa53a326721950116b3b9dc9bd44939c01180fd4a745a9?s=96&d=mm&r=g\",\"contentUrl\":\"https:\/\/secure.gravatar.com\/avatar\/1e1956f1facbffd3f8fa53a326721950116b3b9dc9bd44939c01180fd4a745a9?s=96&d=mm&r=g\",\"caption\":\"Equipe G\u00e1vea News\"}}]}<\/script>\n<!-- \/ Yoast SEO Premium plugin. -->","yoast_head_json":{"title":"Pai de Gabigol rebate torcida do Flamengo nas redes sociais","robots":{"index":"index","follow":"follow","max-snippet":"max-snippet:-1","max-image-preview":"max-image-preview:large","max-video-preview":"max-video-preview:-1"},"canonical":"https:\/\/www.gaveanews.com\/index.php\/2021\/06\/13\/pai-de-gabigol-rebate-torcida-do-flamengo-nas-redes-sociais\/","og_locale":"pt_BR","og_type":"article","og_title":"Pai de Gabigol rebate torcida do Flamengo nas redes sociais","og_description":"A lua-de-mel entre Flamengo e Gabigol vive um momento nebuloso. Relacionado para o duelo contra o Coritiba, pela terceira fase da Copa do Brasil, na \u00faltima quinta-feira, o atacante n\u00e3o se apresentou ao Flamengo na capital paranaense por conta dos compromissos com a Sele\u00e7\u00e3o Brasileira. Nesse sentido, o pai do jogador decidiu responder rubro-negros que [&hellip;]","og_url":"https:\/\/www.gaveanews.com\/index.php\/2021\/06\/13\/pai-de-gabigol-rebate-torcida-do-flamengo-nas-redes-sociais\/","og_site_name":"G\u00e1vea News","article_publisher":"https:\/\/facebook.com\/gaveaNews\/","article_published_time":"2021-06-13T21:03:33+00:00","article_modified_time":"2021-06-13T21:03:35+00:00","og_image":[{"width":800,"height":533,"url":"https:\/\/www.gaveanews.com\/wp-content\/uploads\/Gabigol-em-acao-pelo-Flamengo-durante-o-duelo-contra-a-Volta-Redonda-no-Campeonato-Carioca-de-2021.webp","type":"image\/jpeg"}],"author":"Equipe G\u00e1vea News","twitter_card":"summary_large_image","twitter_misc":{"Escrito por":"Equipe G\u00e1vea News","Est. tempo de leitura":"2 minutos"},"schema":{"@context":"https:\/\/schema.org","@graph":[{"@type":"NewsArticle","@id":"https:\/\/www.gaveanews.com\/index.php\/2021\/06\/13\/pai-de-gabigol-rebate-torcida-do-flamengo-nas-redes-sociais\/#article","isPartOf":{"@id":"https:\/\/www.gaveanews.com\/index.php\/2021\/06\/13\/pai-de-gabigol-rebate-torcida-do-flamengo-nas-redes-sociais\/"},"author":{"name":"Equipe G\u00e1vea News","@id":"https:\/\/www.gaveanews.com\/#\/schema\/person\/2ec14f73fb96be2caf28f91afb14749d"},"headline":"Pai de Gabigol rebate torcida do Flamengo nas redes sociais","datePublished":"2021-06-13T21:03:33+00:00","dateModified":"2021-06-13T21:03:35+00:00","mainEntityOfPage":{"@id":"https:\/\/www.gaveanews.com\/index.php\/2021\/06\/13\/pai-de-gabigol-rebate-torcida-do-flamengo-nas-redes-sociais\/"},"wordCount":242,"commentCount":86,"image":{"@id":"https:\/\/www.gaveanews.com\/index.php\/2021\/06\/13\/pai-de-gabigol-rebate-torcida-do-flamengo-nas-redes-sociais\/#primaryimage"},"thumbnailUrl":"https:\/\/www.gaveanews.com\/wp-content\/uploads\/Gabigol-em-acao-pelo-Flamengo-durante-o-duelo-contra-a-Volta-Redonda-no-Campeonato-Carioca-de-2021.webp","articleSection":["Flamengo"],"inLanguage":"pt-BR","potentialAction":[{"@type":"CommentAction","name":"Comment","target":["https:\/\/www.gaveanews.com\/index.php\/2021\/06\/13\/pai-de-gabigol-rebate-torcida-do-flamengo-nas-redes-sociais\/#respond"]}],"copyrightYear":"2021","copyrightHolder":{"@id":"https:\/\/www.gaveanews.com\/#organization"}},{"@type":"WebPage","@id":"https:\/\/www.gaveanews.com\/index.php\/2021\/06\/13\/pai-de-gabigol-rebate-torcida-do-flamengo-nas-redes-sociais\/","url":"https:\/\/www.gaveanews.com\/index.php\/2021\/06\/13\/pai-de-gabigol-rebate-torcida-do-flamengo-nas-redes-sociais\/","name":"Pai de Gabigol rebate torcida do Flamengo nas redes sociais","isPartOf":{"@id":"https:\/\/www.gaveanews.com\/#website"},"primaryImageOfPage":{"@id":"https:\/\/www.gaveanews.com\/index.php\/2021\/06\/13\/pai-de-gabigol-rebate-torcida-do-flamengo-nas-redes-sociais\/#primaryimage"},"image":{"@id":"https:\/\/www.gaveanews.com\/index.php\/2021\/06\/13\/pai-de-gabigol-rebate-torcida-do-flamengo-nas-redes-sociais\/#primaryimage"},"thumbnailUrl":"https:\/\/www.gaveanews.com\/wp-content\/uploads\/Gabigol-em-acao-pelo-Flamengo-durante-o-duelo-contra-a-Volta-Redonda-no-Campeonato-Carioca-de-2021.webp","datePublished":"2021-06-13T21:03:33+00:00","dateModified":"2021-06-13T21:03:35+00:00","author":{"@id":"https:\/\/www.gaveanews.com\/#\/schema\/person\/2ec14f73fb96be2caf28f91afb14749d"},"breadcrumb":{"@id":"https:\/\/www.gaveanews.com\/index.php\/2021\/06\/13\/pai-de-gabigol-rebate-torcida-do-flamengo-nas-redes-sociais\/#breadcrumb"},"inLanguage":"pt-BR","potentialAction":[{"@type":"ReadAction","target":["https:\/\/www.gaveanews.com\/index.php\/2021\/06\/13\/pai-de-gabigol-rebate-torcida-do-flamengo-nas-redes-sociais\/"]}]},{"@type":"ImageObject","inLanguage":"pt-BR","@id":"https:\/\/www.gaveanews.com\/index.php\/2021\/06\/13\/pai-de-gabigol-rebate-torcida-do-flamengo-nas-redes-sociais\/#primaryimage","url":"https:\/\/www.gaveanews.com\/wp-content\/uploads\/Gabigol-em-acao-pelo-Flamengo-durante-o-duelo-contra-a-Volta-Redonda-no-Campeonato-Carioca-de-2021.webp","contentUrl":"https:\/\/www.gaveanews.com\/wp-content\/uploads\/Gabigol-em-acao-pelo-Flamengo-durante-o-duelo-contra-a-Volta-Redonda-no-Campeonato-Carioca-de-2021.webp","width":800,"height":533,"caption":"Gabigol em a\u00e7\u00e3o pelo Flamengo durante o duelo contra a Volta Redonda no Campeonato Carioca de 2021 (Foto: Marcelo Cortes\/Flamengo)"},{"@type":"BreadcrumbList","@id":"https:\/\/www.gaveanews.com\/index.php\/2021\/06\/13\/pai-de-gabigol-rebate-torcida-do-flamengo-nas-redes-sociais\/#breadcrumb","itemListElement":[{"@type":"ListItem","position":1,"name":"Home","item":"https:\/\/www.gaveanews.com\/"},{"@type":"ListItem","position":2,"name":"Pai de Gabigol rebate torcida do Flamengo nas redes sociais"}]},{"@type":"WebSite","@id":"https:\/\/www.gaveanews.com\/#website","url":"https:\/\/www.gaveanews.com\/","name":"G\u00e1vea News","description":"Veja todas as not\u00edcias sobre o Flamengo: Contrata\u00e7\u00f5es, categorias de base, resultados das partidas, tabela de classifica\u00e7\u00e3o, pr\u00f3ximos jogos!","potentialAction":[{"@type":"SearchAction","target":{"@type":"EntryPoint","urlTemplate":"https:\/\/www.gaveanews.com\/?s={search_term_string}"},"query-input":{"@type":"PropertyValueSpecification","valueRequired":true,"valueName":"search_term_string"}}],"inLanguage":"pt-BR"},{"@type":"Person","@id":"https:\/\/www.gaveanews.com\/#\/schema\/person\/2ec14f73fb96be2caf28f91afb14749d","name":"Equipe G\u00e1vea News","image":{"@type":"ImageObject","inLanguage":"pt-BR","@id":"https:\/\/www.gaveanews.com\/#\/schema\/person\/image\/","url":"https:\/\/secure.gravatar.com\/avatar\/1e1956f1facbffd3f8fa53a326721950116b3b9dc9bd44939c01180fd4a745a9?s=96&d=mm&r=g","contentUrl":"https:\/\/secure.gravatar.com\/avatar\/1e1956f1facbffd3f8fa53a326721950116b3b9dc9bd44939c01180fd4a745a9?s=96&d=mm&r=g","caption":"Equipe G\u00e1vea News"}}]}},"_links":{"self":[{"href":"https:\/\/www.gaveanews.com\/index.php\/wp-json\/wp\/v2\/posts\/62909","targetHints":{"allow":["GET"]}}],"collection":[{"href":"https:\/\/www.gaveanews.com\/index.php\/wp-json\/wp\/v2\/posts"}],"about":[{"href":"https:\/\/www.gaveanews.com\/index.php\/wp-json\/wp\/v2\/types\/post"}],"author":[{"embeddable":true,"href":"https:\/\/www.gaveanews.com\/index.php\/wp-json\/wp\/v2\/users\/1"}],"replies":[{"embeddable":true,"href":"https:\/\/www.gaveanews.com\/index.php\/wp-json\/wp\/v2\/comments?post=62909"}],"version-history":[{"count":0,"href":"https:\/\/www.gaveanews.com\/index.php\/wp-json\/wp\/v2\/posts\/62909\/revisions"}],"wp:featuredmedia":[{"embeddable":true,"href":"https:\/\/www.gaveanews.com\/index.php\/wp-json\/wp\/v2\/media\/60780"}],"wp:attachment":[{"href":"https:\/\/www.gaveanews.com\/index.php\/wp-json\/wp\/v2\/media?parent=62909"}],"wp:term":[{"taxonomy":"category","embeddable":true,"href":"https:\/\/www.gaveanews.com\/index.php\/wp-json\/wp\/v2\/categories?post=62909"},{"taxonomy":"post_tag","embeddable":true,"href":"https:\/\/www.gaveanews.com\/index.php\/wp-json\/wp\/v2\/tags?post=62909"}],"curies":[{"name":"wp","href":"https:\/\/api.w.org\/{rel}","templated":true}]}}