{"id":62917,"date":"2021-06-13T19:21:14","date_gmt":"2021-06-13T22:21:14","guid":{"rendered":"https:\/\/www.gaveanews.com\/?p=62917"},"modified":"2021-06-13T19:21:16","modified_gmt":"2021-06-13T22:21:16","slug":"mauricio-souza-valoriza-participacao-dos-jovens-em-vitoria-do-flamengo","status":"publish","type":"post","link":"https:\/\/www.gaveanews.com\/index.php\/2021\/06\/13\/mauricio-souza-valoriza-participacao-dos-jovens-em-vitoria-do-flamengo\/","title":{"rendered":"Mauricio Souza valoriza participa\u00e7\u00e3o dos jovens em vit\u00f3ria do Flamengo"},"content":{"rendered":"\n<p>Com Rog\u00e9rio Ceni ainda cumprindo quarentena, o Flamengo foi novamente comandado por Mauricio Souza na vit\u00f3ria sobre o Am\u00e9rica-MG. Ap\u00f3s a partida, o treinador concedeu entrevista coletiva e valorizou a marca de quatro jogos sem sofrer gols atingida pela equipe rubro-negra.<\/p>\n\n\n\n<p><strong><em>\u2014 Sou a extens\u00e3o das palavras do Rog\u00e9rio. Essa \u00e9 uma marca importante, ele tem trabalhado exaustivamente a defesa. Isso \u00e9 fruto de tudo que ele vem desempenhando.<\/em><\/strong><\/p>\n\n\n\n<p>T\u00e9cnico da equipe sub-20, Mauricio Souza tamb\u00e9m foi perguntado sobre o sentimento de ver jovens jogadores sendo importantes em vit\u00f3rias do time profissional do Flamengo. Neste domingo, Matheuzinho e Rodrigo Muniz foram titulares, e o atacante inclusive marcou o segundo gol da partida.<\/p>\n\n\n\n<p><strong><em>\u2014 \u00c9 extremamente gratificante. Eu costumo dizer que esse \u00e9 o nosso principal papel. Eu acredito que a forma\u00e7\u00e3o e a vit\u00f3ria podem andar juntas, n\u00e3o precisamos dissoci\u00e1-las, mas sem d\u00favida o nosso papel principal \u00e9 estar fornecendo jogador \u00e0 equipe profissional. Quando eles v\u00eam e d\u00e3o conta \u00e9 sinal que o nosso trabalho est\u00e1 sendo bem feito.<\/em><\/strong><\/p>\n\n\n\n<p>O Flamengo volta a campo na pr\u00f3xima quarta-feira para enfrentar o Coritiba, pela Copa do Brasil. A tend\u00eancia \u00e9 que a equipe seja comandada pelo auxiliar t\u00e9cnico de Rog\u00e9rio Ceni, Charles Hembert, que cumpre os \u00faltimos dias de quarentena.<\/p>\n\n\n\n<p>Retirado de: Lance<\/p>\n","protected":false},"excerpt":{"rendered":"<p>Com Rog\u00e9rio Ceni ainda cumprindo quarentena, o Flamengo foi novamente comandado por Mauricio Souza na vit\u00f3ria sobre o Am\u00e9rica-MG. Ap\u00f3s a partida, o treinador concedeu entrevista coletiva e valorizou a marca de quatro jogos sem sofrer gols atingida pela equipe rubro-negra. \u2014 Sou a extens\u00e3o das palavras do Rog\u00e9rio. Essa \u00e9 uma marca importante, ele [&hellip;]<\/p>\n","protected":false},"author":1,"featured_media":62918,"comment_status":"open","ping_status":"closed","sticky":false,"template":"","format":"standard","meta":{"footnotes":""},"categories":[1],"tags":[],"class_list":["post-62917","post","type-post","status-publish","format-standard","has-post-thumbnail","hentry","category-flamengo"],"yoast_head":"<!-- This site is optimized with the Yoast SEO Premium plugin v24.2 (Yoast SEO v26.9) - https:\/\/yoast.com\/product\/yoast-seo-premium-wordpress\/ -->\n<title>Mauricio Souza valoriza participa\u00e7\u00e3o dos jovens em vit\u00f3ria do Flamengo<\/title>\n<meta name=\"robots\" content=\"index, follow, max-snippet:-1, max-image-preview:large, max-video-preview:-1\" \/>\n<link rel=\"canonical\" href=\"https:\/\/www.gaveanews.com\/index.php\/2021\/06\/13\/mauricio-souza-valoriza-participacao-dos-jovens-em-vitoria-do-flamengo\/\" \/>\n<meta property=\"og:locale\" content=\"pt_BR\" \/>\n<meta property=\"og:type\" content=\"article\" \/>\n<meta property=\"og:title\" content=\"Mauricio Souza valoriza participa\u00e7\u00e3o dos jovens em vit\u00f3ria do Flamengo\" \/>\n<meta property=\"og:description\" content=\"Com Rog\u00e9rio Ceni ainda cumprindo quarentena, o Flamengo foi novamente comandado por Mauricio Souza na vit\u00f3ria sobre o Am\u00e9rica-MG. Ap\u00f3s a partida, o treinador concedeu entrevista coletiva e valorizou a marca de quatro jogos sem sofrer gols atingida pela equipe rubro-negra. \u2014 Sou a extens\u00e3o das palavras do Rog\u00e9rio. Essa \u00e9 uma marca importante, ele [&hellip;]\" \/>\n<meta property=\"og:url\" content=\"https:\/\/www.gaveanews.com\/index.php\/2021\/06\/13\/mauricio-souza-valoriza-participacao-dos-jovens-em-vitoria-do-flamengo\/\" \/>\n<meta property=\"og:site_name\" content=\"G\u00e1vea News\" \/>\n<meta property=\"article:publisher\" content=\"https:\/\/facebook.com\/gaveaNews\/\" \/>\n<meta property=\"article:published_time\" content=\"2021-06-13T22:21:14+00:00\" \/>\n<meta property=\"article:modified_time\" content=\"2021-06-13T22:21:16+00:00\" \/>\n<meta property=\"og:image\" content=\"https:\/\/www.gaveanews.com\/wp-content\/uploads\/Mauricio-Souza-durante-a-partida-do-Flamengo-no-Campeonato-Brasileiro-de-2021.webp\" \/>\n\t<meta property=\"og:image:width\" content=\"846\" \/>\n\t<meta property=\"og:image:height\" content=\"564\" \/>\n\t<meta property=\"og:image:type\" content=\"image\/jpeg\" \/>\n<meta name=\"author\" content=\"Equipe G\u00e1vea News\" \/>\n<meta name=\"twitter:card\" content=\"summary_large_image\" \/>\n<meta name=\"twitter:label1\" content=\"Escrito por\" \/>\n\t<meta name=\"twitter:data1\" content=\"Equipe G\u00e1vea News\" \/>\n\t<meta name=\"twitter:label2\" content=\"Est. tempo de leitura\" \/>\n\t<meta name=\"twitter:data2\" content=\"1 minuto\" \/>\n<script type=\"application\/ld+json\" class=\"yoast-schema-graph\">{\"@context\":\"https:\/\/schema.org\",\"@graph\":[{\"@type\":\"NewsArticle\",\"@id\":\"https:\/\/www.gaveanews.com\/index.php\/2021\/06\/13\/mauricio-souza-valoriza-participacao-dos-jovens-em-vitoria-do-flamengo\/#article\",\"isPartOf\":{\"@id\":\"https:\/\/www.gaveanews.com\/index.php\/2021\/06\/13\/mauricio-souza-valoriza-participacao-dos-jovens-em-vitoria-do-flamengo\/\"},\"author\":{\"name\":\"Equipe G\u00e1vea News\",\"@id\":\"https:\/\/www.gaveanews.com\/#\/schema\/person\/2ec14f73fb96be2caf28f91afb14749d\"},\"headline\":\"Mauricio Souza valoriza participa\u00e7\u00e3o dos jovens em vit\u00f3ria do Flamengo\",\"datePublished\":\"2021-06-13T22:21:14+00:00\",\"dateModified\":\"2021-06-13T22:21:16+00:00\",\"mainEntityOfPage\":{\"@id\":\"https:\/\/www.gaveanews.com\/index.php\/2021\/06\/13\/mauricio-souza-valoriza-participacao-dos-jovens-em-vitoria-do-flamengo\/\"},\"wordCount\":234,\"commentCount\":7,\"image\":{\"@id\":\"https:\/\/www.gaveanews.com\/index.php\/2021\/06\/13\/mauricio-souza-valoriza-participacao-dos-jovens-em-vitoria-do-flamengo\/#primaryimage\"},\"thumbnailUrl\":\"https:\/\/www.gaveanews.com\/wp-content\/uploads\/Mauricio-Souza-durante-a-partida-do-Flamengo-no-Campeonato-Brasileiro-de-2021.webp\",\"articleSection\":[\"Flamengo\"],\"inLanguage\":\"pt-BR\",\"potentialAction\":[{\"@type\":\"CommentAction\",\"name\":\"Comment\",\"target\":[\"https:\/\/www.gaveanews.com\/index.php\/2021\/06\/13\/mauricio-souza-valoriza-participacao-dos-jovens-em-vitoria-do-flamengo\/#respond\"]}],\"copyrightYear\":\"2021\",\"copyrightHolder\":{\"@id\":\"https:\/\/www.gaveanews.com\/#organization\"}},{\"@type\":\"WebPage\",\"@id\":\"https:\/\/www.gaveanews.com\/index.php\/2021\/06\/13\/mauricio-souza-valoriza-participacao-dos-jovens-em-vitoria-do-flamengo\/\",\"url\":\"https:\/\/www.gaveanews.com\/index.php\/2021\/06\/13\/mauricio-souza-valoriza-participacao-dos-jovens-em-vitoria-do-flamengo\/\",\"name\":\"Mauricio Souza valoriza participa\u00e7\u00e3o dos jovens em vit\u00f3ria do Flamengo\",\"isPartOf\":{\"@id\":\"https:\/\/www.gaveanews.com\/#website\"},\"primaryImageOfPage\":{\"@id\":\"https:\/\/www.gaveanews.com\/index.php\/2021\/06\/13\/mauricio-souza-valoriza-participacao-dos-jovens-em-vitoria-do-flamengo\/#primaryimage\"},\"image\":{\"@id\":\"https:\/\/www.gaveanews.com\/index.php\/2021\/06\/13\/mauricio-souza-valoriza-participacao-dos-jovens-em-vitoria-do-flamengo\/#primaryimage\"},\"thumbnailUrl\":\"https:\/\/www.gaveanews.com\/wp-content\/uploads\/Mauricio-Souza-durante-a-partida-do-Flamengo-no-Campeonato-Brasileiro-de-2021.webp\",\"datePublished\":\"2021-06-13T22:21:14+00:00\",\"dateModified\":\"2021-06-13T22:21:16+00:00\",\"author\":{\"@id\":\"https:\/\/www.gaveanews.com\/#\/schema\/person\/2ec14f73fb96be2caf28f91afb14749d\"},\"breadcrumb\":{\"@id\":\"https:\/\/www.gaveanews.com\/index.php\/2021\/06\/13\/mauricio-souza-valoriza-participacao-dos-jovens-em-vitoria-do-flamengo\/#breadcrumb\"},\"inLanguage\":\"pt-BR\",\"potentialAction\":[{\"@type\":\"ReadAction\",\"target\":[\"https:\/\/www.gaveanews.com\/index.php\/2021\/06\/13\/mauricio-souza-valoriza-participacao-dos-jovens-em-vitoria-do-flamengo\/\"]}]},{\"@type\":\"ImageObject\",\"inLanguage\":\"pt-BR\",\"@id\":\"https:\/\/www.gaveanews.com\/index.php\/2021\/06\/13\/mauricio-souza-valoriza-participacao-dos-jovens-em-vitoria-do-flamengo\/#primaryimage\",\"url\":\"https:\/\/www.gaveanews.com\/wp-content\/uploads\/Mauricio-Souza-durante-a-partida-do-Flamengo-no-Campeonato-Brasileiro-de-2021.webp\",\"contentUrl\":\"https:\/\/www.gaveanews.com\/wp-content\/uploads\/Mauricio-Souza-durante-a-partida-do-Flamengo-no-Campeonato-Brasileiro-de-2021.webp\",\"width\":846,\"height\":564,\"caption\":\"Mauricio Souza durante a partida do Flamengo no Campeonato Brasileiro de 2021 (Foto: Alexandre Vidal\/Flamengo)\"},{\"@type\":\"BreadcrumbList\",\"@id\":\"https:\/\/www.gaveanews.com\/index.php\/2021\/06\/13\/mauricio-souza-valoriza-participacao-dos-jovens-em-vitoria-do-flamengo\/#breadcrumb\",\"itemListElement\":[{\"@type\":\"ListItem\",\"position\":1,\"name\":\"Home\",\"item\":\"https:\/\/www.gaveanews.com\/\"},{\"@type\":\"ListItem\",\"position\":2,\"name\":\"Mauricio Souza valoriza participa\u00e7\u00e3o dos jovens em vit\u00f3ria do Flamengo\"}]},{\"@type\":\"WebSite\",\"@id\":\"https:\/\/www.gaveanews.com\/#website\",\"url\":\"https:\/\/www.gaveanews.com\/\",\"name\":\"G\u00e1vea News\",\"description\":\"Veja todas as not\u00edcias sobre o Flamengo: Contrata\u00e7\u00f5es, categorias de base, resultados das partidas, tabela de classifica\u00e7\u00e3o, pr\u00f3ximos jogos!\",\"potentialAction\":[{\"@type\":\"SearchAction\",\"target\":{\"@type\":\"EntryPoint\",\"urlTemplate\":\"https:\/\/www.gaveanews.com\/?s={search_term_string}\"},\"query-input\":{\"@type\":\"PropertyValueSpecification\",\"valueRequired\":true,\"valueName\":\"search_term_string\"}}],\"inLanguage\":\"pt-BR\"},{\"@type\":\"Person\",\"@id\":\"https:\/\/www.gaveanews.com\/#\/schema\/person\/2ec14f73fb96be2caf28f91afb14749d\",\"name\":\"Equipe G\u00e1vea News\",\"image\":{\"@type\":\"ImageObject\",\"inLanguage\":\"pt-BR\",\"@id\":\"https:\/\/www.gaveanews.com\/#\/schema\/person\/image\/\",\"url\":\"https:\/\/secure.gravatar.com\/avatar\/1e1956f1facbffd3f8fa53a326721950116b3b9dc9bd44939c01180fd4a745a9?s=96&d=mm&r=g\",\"contentUrl\":\"https:\/\/secure.gravatar.com\/avatar\/1e1956f1facbffd3f8fa53a326721950116b3b9dc9bd44939c01180fd4a745a9?s=96&d=mm&r=g\",\"caption\":\"Equipe G\u00e1vea News\"}}]}<\/script>\n<!-- \/ Yoast SEO Premium plugin. -->","yoast_head_json":{"title":"Mauricio Souza valoriza participa\u00e7\u00e3o dos jovens em vit\u00f3ria do Flamengo","robots":{"index":"index","follow":"follow","max-snippet":"max-snippet:-1","max-image-preview":"max-image-preview:large","max-video-preview":"max-video-preview:-1"},"canonical":"https:\/\/www.gaveanews.com\/index.php\/2021\/06\/13\/mauricio-souza-valoriza-participacao-dos-jovens-em-vitoria-do-flamengo\/","og_locale":"pt_BR","og_type":"article","og_title":"Mauricio Souza valoriza participa\u00e7\u00e3o dos jovens em vit\u00f3ria do Flamengo","og_description":"Com Rog\u00e9rio Ceni ainda cumprindo quarentena, o Flamengo foi novamente comandado por Mauricio Souza na vit\u00f3ria sobre o Am\u00e9rica-MG. Ap\u00f3s a partida, o treinador concedeu entrevista coletiva e valorizou a marca de quatro jogos sem sofrer gols atingida pela equipe rubro-negra. \u2014 Sou a extens\u00e3o das palavras do Rog\u00e9rio. Essa \u00e9 uma marca importante, ele [&hellip;]","og_url":"https:\/\/www.gaveanews.com\/index.php\/2021\/06\/13\/mauricio-souza-valoriza-participacao-dos-jovens-em-vitoria-do-flamengo\/","og_site_name":"G\u00e1vea News","article_publisher":"https:\/\/facebook.com\/gaveaNews\/","article_published_time":"2021-06-13T22:21:14+00:00","article_modified_time":"2021-06-13T22:21:16+00:00","og_image":[{"width":846,"height":564,"url":"https:\/\/www.gaveanews.com\/wp-content\/uploads\/Mauricio-Souza-durante-a-partida-do-Flamengo-no-Campeonato-Brasileiro-de-2021.webp","type":"image\/jpeg"}],"author":"Equipe G\u00e1vea News","twitter_card":"summary_large_image","twitter_misc":{"Escrito por":"Equipe G\u00e1vea News","Est. tempo de leitura":"1 minuto"},"schema":{"@context":"https:\/\/schema.org","@graph":[{"@type":"NewsArticle","@id":"https:\/\/www.gaveanews.com\/index.php\/2021\/06\/13\/mauricio-souza-valoriza-participacao-dos-jovens-em-vitoria-do-flamengo\/#article","isPartOf":{"@id":"https:\/\/www.gaveanews.com\/index.php\/2021\/06\/13\/mauricio-souza-valoriza-participacao-dos-jovens-em-vitoria-do-flamengo\/"},"author":{"name":"Equipe G\u00e1vea News","@id":"https:\/\/www.gaveanews.com\/#\/schema\/person\/2ec14f73fb96be2caf28f91afb14749d"},"headline":"Mauricio Souza valoriza participa\u00e7\u00e3o dos jovens em vit\u00f3ria do Flamengo","datePublished":"2021-06-13T22:21:14+00:00","dateModified":"2021-06-13T22:21:16+00:00","mainEntityOfPage":{"@id":"https:\/\/www.gaveanews.com\/index.php\/2021\/06\/13\/mauricio-souza-valoriza-participacao-dos-jovens-em-vitoria-do-flamengo\/"},"wordCount":234,"commentCount":7,"image":{"@id":"https:\/\/www.gaveanews.com\/index.php\/2021\/06\/13\/mauricio-souza-valoriza-participacao-dos-jovens-em-vitoria-do-flamengo\/#primaryimage"},"thumbnailUrl":"https:\/\/www.gaveanews.com\/wp-content\/uploads\/Mauricio-Souza-durante-a-partida-do-Flamengo-no-Campeonato-Brasileiro-de-2021.webp","articleSection":["Flamengo"],"inLanguage":"pt-BR","potentialAction":[{"@type":"CommentAction","name":"Comment","target":["https:\/\/www.gaveanews.com\/index.php\/2021\/06\/13\/mauricio-souza-valoriza-participacao-dos-jovens-em-vitoria-do-flamengo\/#respond"]}],"copyrightYear":"2021","copyrightHolder":{"@id":"https:\/\/www.gaveanews.com\/#organization"}},{"@type":"WebPage","@id":"https:\/\/www.gaveanews.com\/index.php\/2021\/06\/13\/mauricio-souza-valoriza-participacao-dos-jovens-em-vitoria-do-flamengo\/","url":"https:\/\/www.gaveanews.com\/index.php\/2021\/06\/13\/mauricio-souza-valoriza-participacao-dos-jovens-em-vitoria-do-flamengo\/","name":"Mauricio Souza valoriza participa\u00e7\u00e3o dos jovens em vit\u00f3ria do Flamengo","isPartOf":{"@id":"https:\/\/www.gaveanews.com\/#website"},"primaryImageOfPage":{"@id":"https:\/\/www.gaveanews.com\/index.php\/2021\/06\/13\/mauricio-souza-valoriza-participacao-dos-jovens-em-vitoria-do-flamengo\/#primaryimage"},"image":{"@id":"https:\/\/www.gaveanews.com\/index.php\/2021\/06\/13\/mauricio-souza-valoriza-participacao-dos-jovens-em-vitoria-do-flamengo\/#primaryimage"},"thumbnailUrl":"https:\/\/www.gaveanews.com\/wp-content\/uploads\/Mauricio-Souza-durante-a-partida-do-Flamengo-no-Campeonato-Brasileiro-de-2021.webp","datePublished":"2021-06-13T22:21:14+00:00","dateModified":"2021-06-13T22:21:16+00:00","author":{"@id":"https:\/\/www.gaveanews.com\/#\/schema\/person\/2ec14f73fb96be2caf28f91afb14749d"},"breadcrumb":{"@id":"https:\/\/www.gaveanews.com\/index.php\/2021\/06\/13\/mauricio-souza-valoriza-participacao-dos-jovens-em-vitoria-do-flamengo\/#breadcrumb"},"inLanguage":"pt-BR","potentialAction":[{"@type":"ReadAction","target":["https:\/\/www.gaveanews.com\/index.php\/2021\/06\/13\/mauricio-souza-valoriza-participacao-dos-jovens-em-vitoria-do-flamengo\/"]}]},{"@type":"ImageObject","inLanguage":"pt-BR","@id":"https:\/\/www.gaveanews.com\/index.php\/2021\/06\/13\/mauricio-souza-valoriza-participacao-dos-jovens-em-vitoria-do-flamengo\/#primaryimage","url":"https:\/\/www.gaveanews.com\/wp-content\/uploads\/Mauricio-Souza-durante-a-partida-do-Flamengo-no-Campeonato-Brasileiro-de-2021.webp","contentUrl":"https:\/\/www.gaveanews.com\/wp-content\/uploads\/Mauricio-Souza-durante-a-partida-do-Flamengo-no-Campeonato-Brasileiro-de-2021.webp","width":846,"height":564,"caption":"Mauricio Souza durante a partida do Flamengo no Campeonato Brasileiro de 2021 (Foto: Alexandre Vidal\/Flamengo)"},{"@type":"BreadcrumbList","@id":"https:\/\/www.gaveanews.com\/index.php\/2021\/06\/13\/mauricio-souza-valoriza-participacao-dos-jovens-em-vitoria-do-flamengo\/#breadcrumb","itemListElement":[{"@type":"ListItem","position":1,"name":"Home","item":"https:\/\/www.gaveanews.com\/"},{"@type":"ListItem","position":2,"name":"Mauricio Souza valoriza participa\u00e7\u00e3o dos jovens em vit\u00f3ria do Flamengo"}]},{"@type":"WebSite","@id":"https:\/\/www.gaveanews.com\/#website","url":"https:\/\/www.gaveanews.com\/","name":"G\u00e1vea News","description":"Veja todas as not\u00edcias sobre o Flamengo: Contrata\u00e7\u00f5es, categorias de base, resultados das partidas, tabela de classifica\u00e7\u00e3o, pr\u00f3ximos jogos!","potentialAction":[{"@type":"SearchAction","target":{"@type":"EntryPoint","urlTemplate":"https:\/\/www.gaveanews.com\/?s={search_term_string}"},"query-input":{"@type":"PropertyValueSpecification","valueRequired":true,"valueName":"search_term_string"}}],"inLanguage":"pt-BR"},{"@type":"Person","@id":"https:\/\/www.gaveanews.com\/#\/schema\/person\/2ec14f73fb96be2caf28f91afb14749d","name":"Equipe G\u00e1vea News","image":{"@type":"ImageObject","inLanguage":"pt-BR","@id":"https:\/\/www.gaveanews.com\/#\/schema\/person\/image\/","url":"https:\/\/secure.gravatar.com\/avatar\/1e1956f1facbffd3f8fa53a326721950116b3b9dc9bd44939c01180fd4a745a9?s=96&d=mm&r=g","contentUrl":"https:\/\/secure.gravatar.com\/avatar\/1e1956f1facbffd3f8fa53a326721950116b3b9dc9bd44939c01180fd4a745a9?s=96&d=mm&r=g","caption":"Equipe G\u00e1vea News"}}]}},"_links":{"self":[{"href":"https:\/\/www.gaveanews.com\/index.php\/wp-json\/wp\/v2\/posts\/62917","targetHints":{"allow":["GET"]}}],"collection":[{"href":"https:\/\/www.gaveanews.com\/index.php\/wp-json\/wp\/v2\/posts"}],"about":[{"href":"https:\/\/www.gaveanews.com\/index.php\/wp-json\/wp\/v2\/types\/post"}],"author":[{"embeddable":true,"href":"https:\/\/www.gaveanews.com\/index.php\/wp-json\/wp\/v2\/users\/1"}],"replies":[{"embeddable":true,"href":"https:\/\/www.gaveanews.com\/index.php\/wp-json\/wp\/v2\/comments?post=62917"}],"version-history":[{"count":0,"href":"https:\/\/www.gaveanews.com\/index.php\/wp-json\/wp\/v2\/posts\/62917\/revisions"}],"wp:featuredmedia":[{"embeddable":true,"href":"https:\/\/www.gaveanews.com\/index.php\/wp-json\/wp\/v2\/media\/62918"}],"wp:attachment":[{"href":"https:\/\/www.gaveanews.com\/index.php\/wp-json\/wp\/v2\/media?parent=62917"}],"wp:term":[{"taxonomy":"category","embeddable":true,"href":"https:\/\/www.gaveanews.com\/index.php\/wp-json\/wp\/v2\/categories?post=62917"},{"taxonomy":"post_tag","embeddable":true,"href":"https:\/\/www.gaveanews.com\/index.php\/wp-json\/wp\/v2\/tags?post=62917"}],"curies":[{"name":"wp","href":"https:\/\/api.w.org\/{rel}","templated":true}]}}