{"id":62920,"date":"2021-06-13T20:01:36","date_gmt":"2021-06-13T23:01:36","guid":{"rendered":"https:\/\/www.gaveanews.com\/?p=62920"},"modified":"2021-06-13T20:04:22","modified_gmt":"2021-06-13T23:04:22","slug":"jornal-italiano-cita-valor-de-mercado-e-ve-arrascaeta-mais-que-maduro-para-atuar-na-europa","status":"publish","type":"post","link":"https:\/\/www.gaveanews.com\/index.php\/2021\/06\/13\/jornal-italiano-cita-valor-de-mercado-e-ve-arrascaeta-mais-que-maduro-para-atuar-na-europa\/","title":{"rendered":"Jornal italiano cita valor de mercado e v\u00ea Arrascaeta \u201cmais que maduro\u201d para atuar na Europa"},"content":{"rendered":"\n<p>Um dos principais jogadores atuando no Brasil, Arrascaeta busca repetir o sucesso na sele\u00e7\u00e3o uruguaia. Convocado para a Copa Am\u00e9rica, o meia do Flamengo vai estar ainda mais em evid\u00eancia para os olhos do exterior, algo que pode aumentar os rumores de uma poss\u00edvel negocia\u00e7\u00e3o. Dessa forma, o meia foi inclu\u00eddo pelo jornal \u201cLa Gazetta dello Sport\u201d entre os atletas que est\u00e3o na competi\u00e7\u00e3o sul-americana e com chances de defenderem grandes clubes da Europa.<\/p>\n\n\n\n<p>Aos 27 anos, Arrascaeta possui v\u00ednculo com o Flamengo at\u00e9 o final de 2023. Apesar de tamb\u00e9m ter brilhado pelo Cruzeiro, seu nome, at\u00e9 o momento, n\u00e3o foi alvo de nenhuma investida do Velho Continente. Mesmo assim, o di\u00e1rio acredita que o camisa 14 rubro-negro ainda pode ter destaque em solo europeu, mesmo com dificuldades em ter bom desempenho na Celeste.<\/p>\n\n\n\n<p><strong><em>\u2014 No caso de Arrascaeta, o momento do seu salto est\u00e1 mais do que maduro. Tanto em idade (27 anos) quanto em experi\u00eancia adquirida (seis anos no Brasil, com 12 t\u00edtulos conquistados entre Cruzeiro e Flamengo). R\u00e1pido em seu pensamento e com as pernas, din\u00e2mico e especialista no \u00faltimo passe, Arrascaeta pode jogar com facilidade tanto no meio-campo central quanto nas pontas, mas com Tab\u00e1rez ele ainda n\u00e3o conseguiu encontrar uma posi\u00e7\u00e3o fixa e a continuidade que merece. Na Copa Am\u00e9rica, corre-se o risco de v\u00ea-lo adaptado em uma posi\u00e7\u00e3o que n\u00e3o \u00e9 a adequada,<\/em><\/strong><\/p>\n\n\n\n<h2 class=\"wp-block-heading\" id=\"h-valor-de-mercado\">Valor de mercado<\/h2>\n\n\n\n<p>Al\u00e9m disso, o jornal avaliou o atual valor de mercado de Arrascaeta. Como se trata de um jogador bastante valorizado, a diretoria do Flamengo exige um alto montante para liberar um dos principais titulares do time.<\/p>\n\n\n\n<p><strong><em>\u2014 Sua valoriza\u00e7\u00e3o no Flamengo, ao qual est\u00e1 vinculado at\u00e9 dezembro de 2023, est\u00e1 em torno de 25 milh\u00f5es de euros (R$ 155 milh\u00f5es).<\/em><\/strong><\/p>\n\n\n\n<p>Retirado de: Torcedores <\/p>\n","protected":false},"excerpt":{"rendered":"<p>Um dos principais jogadores atuando no Brasil, Arrascaeta busca repetir o sucesso na sele\u00e7\u00e3o uruguaia. Convocado para a Copa Am\u00e9rica, o meia do Flamengo vai estar ainda mais em evid\u00eancia para os olhos do exterior, algo que pode aumentar os rumores de uma poss\u00edvel negocia\u00e7\u00e3o. Dessa forma, o meia foi inclu\u00eddo pelo jornal \u201cLa Gazetta [&hellip;]<\/p>\n","protected":false},"author":1,"featured_media":56461,"comment_status":"open","ping_status":"closed","sticky":false,"template":"","format":"standard","meta":{"footnotes":""},"categories":[48],"tags":[],"class_list":["post-62920","post","type-post","status-publish","format-standard","has-post-thumbnail","hentry","category-negociacoes"],"yoast_head":"<!-- This site is optimized with the Yoast SEO Premium plugin v24.2 (Yoast SEO v26.9) - https:\/\/yoast.com\/product\/yoast-seo-premium-wordpress\/ -->\n<title>Jornal italiano cita valor de mercado e v\u00ea Arrascaeta \u201cmais que maduro\u201d<\/title>\n<meta name=\"robots\" content=\"index, follow, max-snippet:-1, max-image-preview:large, max-video-preview:-1\" \/>\n<link rel=\"canonical\" href=\"https:\/\/www.gaveanews.com\/index.php\/2021\/06\/13\/jornal-italiano-cita-valor-de-mercado-e-ve-arrascaeta-mais-que-maduro-para-atuar-na-europa\/\" \/>\n<meta property=\"og:locale\" content=\"pt_BR\" \/>\n<meta property=\"og:type\" content=\"article\" \/>\n<meta property=\"og:title\" content=\"Jornal italiano cita valor de mercado e v\u00ea Arrascaeta \u201cmais que maduro\u201d para atuar na Europa\" \/>\n<meta property=\"og:description\" content=\"Um dos principais jogadores atuando no Brasil, Arrascaeta busca repetir o sucesso na sele\u00e7\u00e3o uruguaia. Convocado para a Copa Am\u00e9rica, o meia do Flamengo vai estar ainda mais em evid\u00eancia para os olhos do exterior, algo que pode aumentar os rumores de uma poss\u00edvel negocia\u00e7\u00e3o. Dessa forma, o meia foi inclu\u00eddo pelo jornal \u201cLa Gazetta [&hellip;]\" \/>\n<meta property=\"og:url\" content=\"https:\/\/www.gaveanews.com\/index.php\/2021\/06\/13\/jornal-italiano-cita-valor-de-mercado-e-ve-arrascaeta-mais-que-maduro-para-atuar-na-europa\/\" \/>\n<meta property=\"og:site_name\" content=\"G\u00e1vea News\" \/>\n<meta property=\"article:publisher\" content=\"https:\/\/facebook.com\/gaveaNews\/\" \/>\n<meta property=\"article:published_time\" content=\"2021-06-13T23:01:36+00:00\" \/>\n<meta property=\"article:modified_time\" content=\"2021-06-13T23:04:22+00:00\" \/>\n<meta property=\"og:image\" content=\"https:\/\/www.gaveanews.com\/wp-content\/uploads\/Arrascaeta-vibra-apos-marcar-um-gol-na-partida-entre-Flamengo-x-Internacional-no-Campeonato-Brasileiro-de-2020.webp\" \/>\n\t<meta property=\"og:image:width\" content=\"800\" \/>\n\t<meta property=\"og:image:height\" content=\"551\" \/>\n\t<meta property=\"og:image:type\" content=\"image\/jpeg\" \/>\n<meta name=\"author\" content=\"Equipe G\u00e1vea News\" \/>\n<meta name=\"twitter:card\" content=\"summary_large_image\" \/>\n<meta name=\"twitter:label1\" content=\"Escrito por\" \/>\n\t<meta name=\"twitter:data1\" content=\"Equipe G\u00e1vea News\" \/>\n\t<meta name=\"twitter:label2\" content=\"Est. tempo de leitura\" \/>\n\t<meta name=\"twitter:data2\" content=\"2 minutos\" \/>\n<script type=\"application\/ld+json\" class=\"yoast-schema-graph\">{\"@context\":\"https:\/\/schema.org\",\"@graph\":[{\"@type\":\"NewsArticle\",\"@id\":\"https:\/\/www.gaveanews.com\/index.php\/2021\/06\/13\/jornal-italiano-cita-valor-de-mercado-e-ve-arrascaeta-mais-que-maduro-para-atuar-na-europa\/#article\",\"isPartOf\":{\"@id\":\"https:\/\/www.gaveanews.com\/index.php\/2021\/06\/13\/jornal-italiano-cita-valor-de-mercado-e-ve-arrascaeta-mais-que-maduro-para-atuar-na-europa\/\"},\"author\":{\"name\":\"Equipe G\u00e1vea News\",\"@id\":\"https:\/\/www.gaveanews.com\/#\/schema\/person\/2ec14f73fb96be2caf28f91afb14749d\"},\"headline\":\"Jornal italiano cita valor de mercado e v\u00ea Arrascaeta \u201cmais que maduro\u201d para atuar na Europa\",\"datePublished\":\"2021-06-13T23:01:36+00:00\",\"dateModified\":\"2021-06-13T23:04:22+00:00\",\"mainEntityOfPage\":{\"@id\":\"https:\/\/www.gaveanews.com\/index.php\/2021\/06\/13\/jornal-italiano-cita-valor-de-mercado-e-ve-arrascaeta-mais-que-maduro-para-atuar-na-europa\/\"},\"wordCount\":328,\"commentCount\":8,\"image\":{\"@id\":\"https:\/\/www.gaveanews.com\/index.php\/2021\/06\/13\/jornal-italiano-cita-valor-de-mercado-e-ve-arrascaeta-mais-que-maduro-para-atuar-na-europa\/#primaryimage\"},\"thumbnailUrl\":\"https:\/\/www.gaveanews.com\/wp-content\/uploads\/Arrascaeta-vibra-apos-marcar-um-gol-na-partida-entre-Flamengo-x-Internacional-no-Campeonato-Brasileiro-de-2020.webp\",\"articleSection\":[\"Negocia\u00e7\u00f5es\"],\"inLanguage\":\"pt-BR\",\"potentialAction\":[{\"@type\":\"CommentAction\",\"name\":\"Comment\",\"target\":[\"https:\/\/www.gaveanews.com\/index.php\/2021\/06\/13\/jornal-italiano-cita-valor-de-mercado-e-ve-arrascaeta-mais-que-maduro-para-atuar-na-europa\/#respond\"]}],\"copyrightYear\":\"2021\",\"copyrightHolder\":{\"@id\":\"https:\/\/www.gaveanews.com\/#organization\"}},{\"@type\":\"WebPage\",\"@id\":\"https:\/\/www.gaveanews.com\/index.php\/2021\/06\/13\/jornal-italiano-cita-valor-de-mercado-e-ve-arrascaeta-mais-que-maduro-para-atuar-na-europa\/\",\"url\":\"https:\/\/www.gaveanews.com\/index.php\/2021\/06\/13\/jornal-italiano-cita-valor-de-mercado-e-ve-arrascaeta-mais-que-maduro-para-atuar-na-europa\/\",\"name\":\"Jornal italiano cita valor de mercado e v\u00ea Arrascaeta \u201cmais que maduro\u201d\",\"isPartOf\":{\"@id\":\"https:\/\/www.gaveanews.com\/#website\"},\"primaryImageOfPage\":{\"@id\":\"https:\/\/www.gaveanews.com\/index.php\/2021\/06\/13\/jornal-italiano-cita-valor-de-mercado-e-ve-arrascaeta-mais-que-maduro-para-atuar-na-europa\/#primaryimage\"},\"image\":{\"@id\":\"https:\/\/www.gaveanews.com\/index.php\/2021\/06\/13\/jornal-italiano-cita-valor-de-mercado-e-ve-arrascaeta-mais-que-maduro-para-atuar-na-europa\/#primaryimage\"},\"thumbnailUrl\":\"https:\/\/www.gaveanews.com\/wp-content\/uploads\/Arrascaeta-vibra-apos-marcar-um-gol-na-partida-entre-Flamengo-x-Internacional-no-Campeonato-Brasileiro-de-2020.webp\",\"datePublished\":\"2021-06-13T23:01:36+00:00\",\"dateModified\":\"2021-06-13T23:04:22+00:00\",\"author\":{\"@id\":\"https:\/\/www.gaveanews.com\/#\/schema\/person\/2ec14f73fb96be2caf28f91afb14749d\"},\"breadcrumb\":{\"@id\":\"https:\/\/www.gaveanews.com\/index.php\/2021\/06\/13\/jornal-italiano-cita-valor-de-mercado-e-ve-arrascaeta-mais-que-maduro-para-atuar-na-europa\/#breadcrumb\"},\"inLanguage\":\"pt-BR\",\"potentialAction\":[{\"@type\":\"ReadAction\",\"target\":[\"https:\/\/www.gaveanews.com\/index.php\/2021\/06\/13\/jornal-italiano-cita-valor-de-mercado-e-ve-arrascaeta-mais-que-maduro-para-atuar-na-europa\/\"]}]},{\"@type\":\"ImageObject\",\"inLanguage\":\"pt-BR\",\"@id\":\"https:\/\/www.gaveanews.com\/index.php\/2021\/06\/13\/jornal-italiano-cita-valor-de-mercado-e-ve-arrascaeta-mais-que-maduro-para-atuar-na-europa\/#primaryimage\",\"url\":\"https:\/\/www.gaveanews.com\/wp-content\/uploads\/Arrascaeta-vibra-apos-marcar-um-gol-na-partida-entre-Flamengo-x-Internacional-no-Campeonato-Brasileiro-de-2020.webp\",\"contentUrl\":\"https:\/\/www.gaveanews.com\/wp-content\/uploads\/Arrascaeta-vibra-apos-marcar-um-gol-na-partida-entre-Flamengo-x-Internacional-no-Campeonato-Brasileiro-de-2020.webp\",\"width\":800,\"height\":551,\"caption\":\"Arrascaeta vibra ap\u00f3s marcar um gol na partida entre Flamengo x Internacional no Campeonato Brasileiro de 2020 (Foto: Alexandre Vidal\/Flamengo)\"},{\"@type\":\"BreadcrumbList\",\"@id\":\"https:\/\/www.gaveanews.com\/index.php\/2021\/06\/13\/jornal-italiano-cita-valor-de-mercado-e-ve-arrascaeta-mais-que-maduro-para-atuar-na-europa\/#breadcrumb\",\"itemListElement\":[{\"@type\":\"ListItem\",\"position\":1,\"name\":\"Home\",\"item\":\"https:\/\/www.gaveanews.com\/\"},{\"@type\":\"ListItem\",\"position\":2,\"name\":\"Jornal italiano cita valor de mercado e v\u00ea Arrascaeta \u201cmais que maduro\u201d para atuar na Europa\"}]},{\"@type\":\"WebSite\",\"@id\":\"https:\/\/www.gaveanews.com\/#website\",\"url\":\"https:\/\/www.gaveanews.com\/\",\"name\":\"G\u00e1vea News\",\"description\":\"Veja todas as not\u00edcias sobre o Flamengo: Contrata\u00e7\u00f5es, categorias de base, resultados das partidas, tabela de classifica\u00e7\u00e3o, pr\u00f3ximos jogos!\",\"potentialAction\":[{\"@type\":\"SearchAction\",\"target\":{\"@type\":\"EntryPoint\",\"urlTemplate\":\"https:\/\/www.gaveanews.com\/?s={search_term_string}\"},\"query-input\":{\"@type\":\"PropertyValueSpecification\",\"valueRequired\":true,\"valueName\":\"search_term_string\"}}],\"inLanguage\":\"pt-BR\"},{\"@type\":\"Person\",\"@id\":\"https:\/\/www.gaveanews.com\/#\/schema\/person\/2ec14f73fb96be2caf28f91afb14749d\",\"name\":\"Equipe G\u00e1vea News\",\"image\":{\"@type\":\"ImageObject\",\"inLanguage\":\"pt-BR\",\"@id\":\"https:\/\/www.gaveanews.com\/#\/schema\/person\/image\/\",\"url\":\"https:\/\/secure.gravatar.com\/avatar\/1e1956f1facbffd3f8fa53a326721950116b3b9dc9bd44939c01180fd4a745a9?s=96&d=mm&r=g\",\"contentUrl\":\"https:\/\/secure.gravatar.com\/avatar\/1e1956f1facbffd3f8fa53a326721950116b3b9dc9bd44939c01180fd4a745a9?s=96&d=mm&r=g\",\"caption\":\"Equipe G\u00e1vea News\"}}]}<\/script>\n<!-- \/ Yoast SEO Premium plugin. -->","yoast_head_json":{"title":"Jornal italiano cita valor de mercado e v\u00ea Arrascaeta \u201cmais que maduro\u201d","robots":{"index":"index","follow":"follow","max-snippet":"max-snippet:-1","max-image-preview":"max-image-preview:large","max-video-preview":"max-video-preview:-1"},"canonical":"https:\/\/www.gaveanews.com\/index.php\/2021\/06\/13\/jornal-italiano-cita-valor-de-mercado-e-ve-arrascaeta-mais-que-maduro-para-atuar-na-europa\/","og_locale":"pt_BR","og_type":"article","og_title":"Jornal italiano cita valor de mercado e v\u00ea Arrascaeta \u201cmais que maduro\u201d para atuar na Europa","og_description":"Um dos principais jogadores atuando no Brasil, Arrascaeta busca repetir o sucesso na sele\u00e7\u00e3o uruguaia. Convocado para a Copa Am\u00e9rica, o meia do Flamengo vai estar ainda mais em evid\u00eancia para os olhos do exterior, algo que pode aumentar os rumores de uma poss\u00edvel negocia\u00e7\u00e3o. Dessa forma, o meia foi inclu\u00eddo pelo jornal \u201cLa Gazetta [&hellip;]","og_url":"https:\/\/www.gaveanews.com\/index.php\/2021\/06\/13\/jornal-italiano-cita-valor-de-mercado-e-ve-arrascaeta-mais-que-maduro-para-atuar-na-europa\/","og_site_name":"G\u00e1vea News","article_publisher":"https:\/\/facebook.com\/gaveaNews\/","article_published_time":"2021-06-13T23:01:36+00:00","article_modified_time":"2021-06-13T23:04:22+00:00","og_image":[{"width":800,"height":551,"url":"https:\/\/www.gaveanews.com\/wp-content\/uploads\/Arrascaeta-vibra-apos-marcar-um-gol-na-partida-entre-Flamengo-x-Internacional-no-Campeonato-Brasileiro-de-2020.webp","type":"image\/jpeg"}],"author":"Equipe G\u00e1vea News","twitter_card":"summary_large_image","twitter_misc":{"Escrito por":"Equipe G\u00e1vea News","Est. tempo de leitura":"2 minutos"},"schema":{"@context":"https:\/\/schema.org","@graph":[{"@type":"NewsArticle","@id":"https:\/\/www.gaveanews.com\/index.php\/2021\/06\/13\/jornal-italiano-cita-valor-de-mercado-e-ve-arrascaeta-mais-que-maduro-para-atuar-na-europa\/#article","isPartOf":{"@id":"https:\/\/www.gaveanews.com\/index.php\/2021\/06\/13\/jornal-italiano-cita-valor-de-mercado-e-ve-arrascaeta-mais-que-maduro-para-atuar-na-europa\/"},"author":{"name":"Equipe G\u00e1vea News","@id":"https:\/\/www.gaveanews.com\/#\/schema\/person\/2ec14f73fb96be2caf28f91afb14749d"},"headline":"Jornal italiano cita valor de mercado e v\u00ea Arrascaeta \u201cmais que maduro\u201d para atuar na Europa","datePublished":"2021-06-13T23:01:36+00:00","dateModified":"2021-06-13T23:04:22+00:00","mainEntityOfPage":{"@id":"https:\/\/www.gaveanews.com\/index.php\/2021\/06\/13\/jornal-italiano-cita-valor-de-mercado-e-ve-arrascaeta-mais-que-maduro-para-atuar-na-europa\/"},"wordCount":328,"commentCount":8,"image":{"@id":"https:\/\/www.gaveanews.com\/index.php\/2021\/06\/13\/jornal-italiano-cita-valor-de-mercado-e-ve-arrascaeta-mais-que-maduro-para-atuar-na-europa\/#primaryimage"},"thumbnailUrl":"https:\/\/www.gaveanews.com\/wp-content\/uploads\/Arrascaeta-vibra-apos-marcar-um-gol-na-partida-entre-Flamengo-x-Internacional-no-Campeonato-Brasileiro-de-2020.webp","articleSection":["Negocia\u00e7\u00f5es"],"inLanguage":"pt-BR","potentialAction":[{"@type":"CommentAction","name":"Comment","target":["https:\/\/www.gaveanews.com\/index.php\/2021\/06\/13\/jornal-italiano-cita-valor-de-mercado-e-ve-arrascaeta-mais-que-maduro-para-atuar-na-europa\/#respond"]}],"copyrightYear":"2021","copyrightHolder":{"@id":"https:\/\/www.gaveanews.com\/#organization"}},{"@type":"WebPage","@id":"https:\/\/www.gaveanews.com\/index.php\/2021\/06\/13\/jornal-italiano-cita-valor-de-mercado-e-ve-arrascaeta-mais-que-maduro-para-atuar-na-europa\/","url":"https:\/\/www.gaveanews.com\/index.php\/2021\/06\/13\/jornal-italiano-cita-valor-de-mercado-e-ve-arrascaeta-mais-que-maduro-para-atuar-na-europa\/","name":"Jornal italiano cita valor de mercado e v\u00ea Arrascaeta \u201cmais que maduro\u201d","isPartOf":{"@id":"https:\/\/www.gaveanews.com\/#website"},"primaryImageOfPage":{"@id":"https:\/\/www.gaveanews.com\/index.php\/2021\/06\/13\/jornal-italiano-cita-valor-de-mercado-e-ve-arrascaeta-mais-que-maduro-para-atuar-na-europa\/#primaryimage"},"image":{"@id":"https:\/\/www.gaveanews.com\/index.php\/2021\/06\/13\/jornal-italiano-cita-valor-de-mercado-e-ve-arrascaeta-mais-que-maduro-para-atuar-na-europa\/#primaryimage"},"thumbnailUrl":"https:\/\/www.gaveanews.com\/wp-content\/uploads\/Arrascaeta-vibra-apos-marcar-um-gol-na-partida-entre-Flamengo-x-Internacional-no-Campeonato-Brasileiro-de-2020.webp","datePublished":"2021-06-13T23:01:36+00:00","dateModified":"2021-06-13T23:04:22+00:00","author":{"@id":"https:\/\/www.gaveanews.com\/#\/schema\/person\/2ec14f73fb96be2caf28f91afb14749d"},"breadcrumb":{"@id":"https:\/\/www.gaveanews.com\/index.php\/2021\/06\/13\/jornal-italiano-cita-valor-de-mercado-e-ve-arrascaeta-mais-que-maduro-para-atuar-na-europa\/#breadcrumb"},"inLanguage":"pt-BR","potentialAction":[{"@type":"ReadAction","target":["https:\/\/www.gaveanews.com\/index.php\/2021\/06\/13\/jornal-italiano-cita-valor-de-mercado-e-ve-arrascaeta-mais-que-maduro-para-atuar-na-europa\/"]}]},{"@type":"ImageObject","inLanguage":"pt-BR","@id":"https:\/\/www.gaveanews.com\/index.php\/2021\/06\/13\/jornal-italiano-cita-valor-de-mercado-e-ve-arrascaeta-mais-que-maduro-para-atuar-na-europa\/#primaryimage","url":"https:\/\/www.gaveanews.com\/wp-content\/uploads\/Arrascaeta-vibra-apos-marcar-um-gol-na-partida-entre-Flamengo-x-Internacional-no-Campeonato-Brasileiro-de-2020.webp","contentUrl":"https:\/\/www.gaveanews.com\/wp-content\/uploads\/Arrascaeta-vibra-apos-marcar-um-gol-na-partida-entre-Flamengo-x-Internacional-no-Campeonato-Brasileiro-de-2020.webp","width":800,"height":551,"caption":"Arrascaeta vibra ap\u00f3s marcar um gol na partida entre Flamengo x Internacional no Campeonato Brasileiro de 2020 (Foto: Alexandre Vidal\/Flamengo)"},{"@type":"BreadcrumbList","@id":"https:\/\/www.gaveanews.com\/index.php\/2021\/06\/13\/jornal-italiano-cita-valor-de-mercado-e-ve-arrascaeta-mais-que-maduro-para-atuar-na-europa\/#breadcrumb","itemListElement":[{"@type":"ListItem","position":1,"name":"Home","item":"https:\/\/www.gaveanews.com\/"},{"@type":"ListItem","position":2,"name":"Jornal italiano cita valor de mercado e v\u00ea Arrascaeta \u201cmais que maduro\u201d para atuar na Europa"}]},{"@type":"WebSite","@id":"https:\/\/www.gaveanews.com\/#website","url":"https:\/\/www.gaveanews.com\/","name":"G\u00e1vea News","description":"Veja todas as not\u00edcias sobre o Flamengo: Contrata\u00e7\u00f5es, categorias de base, resultados das partidas, tabela de classifica\u00e7\u00e3o, pr\u00f3ximos jogos!","potentialAction":[{"@type":"SearchAction","target":{"@type":"EntryPoint","urlTemplate":"https:\/\/www.gaveanews.com\/?s={search_term_string}"},"query-input":{"@type":"PropertyValueSpecification","valueRequired":true,"valueName":"search_term_string"}}],"inLanguage":"pt-BR"},{"@type":"Person","@id":"https:\/\/www.gaveanews.com\/#\/schema\/person\/2ec14f73fb96be2caf28f91afb14749d","name":"Equipe G\u00e1vea News","image":{"@type":"ImageObject","inLanguage":"pt-BR","@id":"https:\/\/www.gaveanews.com\/#\/schema\/person\/image\/","url":"https:\/\/secure.gravatar.com\/avatar\/1e1956f1facbffd3f8fa53a326721950116b3b9dc9bd44939c01180fd4a745a9?s=96&d=mm&r=g","contentUrl":"https:\/\/secure.gravatar.com\/avatar\/1e1956f1facbffd3f8fa53a326721950116b3b9dc9bd44939c01180fd4a745a9?s=96&d=mm&r=g","caption":"Equipe G\u00e1vea News"}}]}},"_links":{"self":[{"href":"https:\/\/www.gaveanews.com\/index.php\/wp-json\/wp\/v2\/posts\/62920","targetHints":{"allow":["GET"]}}],"collection":[{"href":"https:\/\/www.gaveanews.com\/index.php\/wp-json\/wp\/v2\/posts"}],"about":[{"href":"https:\/\/www.gaveanews.com\/index.php\/wp-json\/wp\/v2\/types\/post"}],"author":[{"embeddable":true,"href":"https:\/\/www.gaveanews.com\/index.php\/wp-json\/wp\/v2\/users\/1"}],"replies":[{"embeddable":true,"href":"https:\/\/www.gaveanews.com\/index.php\/wp-json\/wp\/v2\/comments?post=62920"}],"version-history":[{"count":0,"href":"https:\/\/www.gaveanews.com\/index.php\/wp-json\/wp\/v2\/posts\/62920\/revisions"}],"wp:featuredmedia":[{"embeddable":true,"href":"https:\/\/www.gaveanews.com\/index.php\/wp-json\/wp\/v2\/media\/56461"}],"wp:attachment":[{"href":"https:\/\/www.gaveanews.com\/index.php\/wp-json\/wp\/v2\/media?parent=62920"}],"wp:term":[{"taxonomy":"category","embeddable":true,"href":"https:\/\/www.gaveanews.com\/index.php\/wp-json\/wp\/v2\/categories?post=62920"},{"taxonomy":"post_tag","embeddable":true,"href":"https:\/\/www.gaveanews.com\/index.php\/wp-json\/wp\/v2\/tags?post=62920"}],"curies":[{"name":"wp","href":"https:\/\/api.w.org\/{rel}","templated":true}]}}