{"id":62955,"date":"2021-06-14T16:00:00","date_gmt":"2021-06-14T19:00:00","guid":{"rendered":"https:\/\/www.gaveanews.com\/?p=62955"},"modified":"2021-06-14T15:12:36","modified_gmt":"2021-06-14T18:12:36","slug":"alvo-do-flamengo-david-luiz-tem-brasil-como-ultima-opcao-para-atuar","status":"publish","type":"post","link":"https:\/\/www.gaveanews.com\/index.php\/2021\/06\/14\/alvo-do-flamengo-david-luiz-tem-brasil-como-ultima-opcao-para-atuar\/","title":{"rendered":"Alvo do Flamengo, David Luiz tem Brasil como \u00faltima op\u00e7\u00e3o para atuar"},"content":{"rendered":"\n<p>O zagueiro brasileiro David Luiz \u00e9 um dos principais alvos do Flamengo no Mercado da Bola, al\u00e9m de atrair a aten\u00e7\u00e3o de outros clubes brasileiros. Por\u00e9m, segundo publica\u00e7\u00e3o do jornalista Thiago Fernandes, do site Goal, o atleta v\u00ea um retorno ao Brasil como \u00faltima op\u00e7\u00e3o e pretende seguir na Europa nas pr\u00f3ximas temporadas.<\/p>\n\n\n\n<p>David Luiz deixou o Arsenal ao fim da \u00faltima temporada e atrai a aten\u00e7\u00e3o de v\u00e1rios clubes, como o Olympique de Marselha e o Benfica, clube em que j\u00e1 se destacou no Velho Continente.<\/p>\n\n\n\n<p>Mesmo com o Flamengo como um dos maiores interessados, o zagueiro entende que pode ser \u00fatil na Europa e n\u00e3o vislumbra um retorno ao Brasil, nem mesmo para atuar no atual bicampe\u00e3o brasileiro e campe\u00e3o da Libertadores em 2019. O desejo de David Luiz, segundo a publica\u00e7\u00e3o, \u00e9 atuar por uma equipe que dispute ao menos a Liga Europa. O atleta analisar\u00e1 as propostas antes de fechar seu novo contrato.<\/p>\n\n\n\n<h2 class=\"wp-block-heading\" id=\"h-david-luiz\"><strong>David Luiz<\/strong><\/h2>\n\n\n\n<p>O zagueiro de 34 anos foi revelado pelo Vit\u00f3ria e fez sua estreia entre os profissionais em 2006, tendo disputado mais de 50 jogos pelo clube. No fim do mesmo ano saiu para o Benfica, ainda por empr\u00e9stimo, e agradou, tendo sido contratado em definitivo. Se tornou \u00eddolo no clube e em 2010 assinou com o Chelsea, onde foi campe\u00e3o da Liga dos Campe\u00f5es em 2012. Seguiu no clube at\u00e9 2014, quando assinou com o PSG, clube que defendeu at\u00e9 2016, quando voltou ao Chelsea. Ficou nos Blues at\u00e9 2019, quando foi para o rival Arsenal<a href=\"http:\/\/instagram.com\/matheusvcam\" target=\"_blank\" rel=\"noreferrer noopener\">,<\/a>\u00a0clube que defendeu at\u00e9 a \u00faltima temporada.<\/p>\n\n\n\n<p>Retirado de: Torcedores<\/p>\n","protected":false},"excerpt":{"rendered":"<p>O zagueiro brasileiro David Luiz \u00e9 um dos principais alvos do Flamengo no Mercado da Bola, al\u00e9m de atrair a aten\u00e7\u00e3o de outros clubes brasileiros. Por\u00e9m, segundo publica\u00e7\u00e3o do jornalista Thiago Fernandes, do site Goal, o atleta v\u00ea um retorno ao Brasil como \u00faltima op\u00e7\u00e3o e pretende seguir na Europa nas pr\u00f3ximas temporadas. David Luiz [&hellip;]<\/p>\n","protected":false},"author":1,"featured_media":61403,"comment_status":"open","ping_status":"closed","sticky":false,"template":"","format":"standard","meta":{"footnotes":""},"categories":[48],"tags":[],"class_list":["post-62955","post","type-post","status-publish","format-standard","has-post-thumbnail","hentry","category-negociacoes"],"yoast_head":"<!-- This site is optimized with the Yoast SEO Premium plugin v24.2 (Yoast SEO v26.9) - https:\/\/yoast.com\/product\/yoast-seo-premium-wordpress\/ -->\n<title>Alvo do Flamengo, David Luiz tem Brasil como \u00faltima op\u00e7\u00e3o para atuar<\/title>\n<meta name=\"robots\" content=\"index, follow, max-snippet:-1, max-image-preview:large, max-video-preview:-1\" \/>\n<link rel=\"canonical\" href=\"https:\/\/www.gaveanews.com\/index.php\/2021\/06\/14\/alvo-do-flamengo-david-luiz-tem-brasil-como-ultima-opcao-para-atuar\/\" \/>\n<meta property=\"og:locale\" content=\"pt_BR\" \/>\n<meta property=\"og:type\" content=\"article\" \/>\n<meta property=\"og:title\" content=\"Alvo do Flamengo, David Luiz tem Brasil como \u00faltima op\u00e7\u00e3o para atuar\" \/>\n<meta property=\"og:description\" content=\"O zagueiro brasileiro David Luiz \u00e9 um dos principais alvos do Flamengo no Mercado da Bola, al\u00e9m de atrair a aten\u00e7\u00e3o de outros clubes brasileiros. Por\u00e9m, segundo publica\u00e7\u00e3o do jornalista Thiago Fernandes, do site Goal, o atleta v\u00ea um retorno ao Brasil como \u00faltima op\u00e7\u00e3o e pretende seguir na Europa nas pr\u00f3ximas temporadas. David Luiz [&hellip;]\" \/>\n<meta property=\"og:url\" content=\"https:\/\/www.gaveanews.com\/index.php\/2021\/06\/14\/alvo-do-flamengo-david-luiz-tem-brasil-como-ultima-opcao-para-atuar\/\" \/>\n<meta property=\"og:site_name\" content=\"G\u00e1vea News\" \/>\n<meta property=\"article:publisher\" content=\"https:\/\/facebook.com\/gaveaNews\/\" \/>\n<meta property=\"article:published_time\" content=\"2021-06-14T19:00:00+00:00\" \/>\n<meta property=\"og:image\" content=\"https:\/\/www.gaveanews.com\/wp-content\/uploads\/David-Luiz-em-acao-pelo-Arsenal.webp\" \/>\n\t<meta property=\"og:image:width\" content=\"700\" \/>\n\t<meta property=\"og:image:height\" content=\"394\" \/>\n\t<meta property=\"og:image:type\" content=\"image\/jpeg\" \/>\n<meta name=\"author\" content=\"Equipe G\u00e1vea News\" \/>\n<meta name=\"twitter:card\" content=\"summary_large_image\" \/>\n<meta name=\"twitter:label1\" content=\"Escrito por\" \/>\n\t<meta name=\"twitter:data1\" content=\"Equipe G\u00e1vea News\" \/>\n\t<meta name=\"twitter:label2\" content=\"Est. tempo de leitura\" \/>\n\t<meta name=\"twitter:data2\" content=\"2 minutos\" \/>\n<script type=\"application\/ld+json\" class=\"yoast-schema-graph\">{\"@context\":\"https:\/\/schema.org\",\"@graph\":[{\"@type\":\"NewsArticle\",\"@id\":\"https:\/\/www.gaveanews.com\/index.php\/2021\/06\/14\/alvo-do-flamengo-david-luiz-tem-brasil-como-ultima-opcao-para-atuar\/#article\",\"isPartOf\":{\"@id\":\"https:\/\/www.gaveanews.com\/index.php\/2021\/06\/14\/alvo-do-flamengo-david-luiz-tem-brasil-como-ultima-opcao-para-atuar\/\"},\"author\":{\"name\":\"Equipe G\u00e1vea News\",\"@id\":\"https:\/\/www.gaveanews.com\/#\/schema\/person\/2ec14f73fb96be2caf28f91afb14749d\"},\"headline\":\"Alvo do Flamengo, David Luiz tem Brasil como \u00faltima op\u00e7\u00e3o para atuar\",\"datePublished\":\"2021-06-14T19:00:00+00:00\",\"mainEntityOfPage\":{\"@id\":\"https:\/\/www.gaveanews.com\/index.php\/2021\/06\/14\/alvo-do-flamengo-david-luiz-tem-brasil-como-ultima-opcao-para-atuar\/\"},\"wordCount\":283,\"commentCount\":20,\"image\":{\"@id\":\"https:\/\/www.gaveanews.com\/index.php\/2021\/06\/14\/alvo-do-flamengo-david-luiz-tem-brasil-como-ultima-opcao-para-atuar\/#primaryimage\"},\"thumbnailUrl\":\"https:\/\/www.gaveanews.com\/wp-content\/uploads\/David-Luiz-em-acao-pelo-Arsenal.webp\",\"articleSection\":[\"Negocia\u00e7\u00f5es\"],\"inLanguage\":\"pt-BR\",\"potentialAction\":[{\"@type\":\"CommentAction\",\"name\":\"Comment\",\"target\":[\"https:\/\/www.gaveanews.com\/index.php\/2021\/06\/14\/alvo-do-flamengo-david-luiz-tem-brasil-como-ultima-opcao-para-atuar\/#respond\"]}],\"copyrightYear\":\"2021\",\"copyrightHolder\":{\"@id\":\"https:\/\/www.gaveanews.com\/#organization\"}},{\"@type\":\"WebPage\",\"@id\":\"https:\/\/www.gaveanews.com\/index.php\/2021\/06\/14\/alvo-do-flamengo-david-luiz-tem-brasil-como-ultima-opcao-para-atuar\/\",\"url\":\"https:\/\/www.gaveanews.com\/index.php\/2021\/06\/14\/alvo-do-flamengo-david-luiz-tem-brasil-como-ultima-opcao-para-atuar\/\",\"name\":\"Alvo do Flamengo, David Luiz tem Brasil como \u00faltima op\u00e7\u00e3o para atuar\",\"isPartOf\":{\"@id\":\"https:\/\/www.gaveanews.com\/#website\"},\"primaryImageOfPage\":{\"@id\":\"https:\/\/www.gaveanews.com\/index.php\/2021\/06\/14\/alvo-do-flamengo-david-luiz-tem-brasil-como-ultima-opcao-para-atuar\/#primaryimage\"},\"image\":{\"@id\":\"https:\/\/www.gaveanews.com\/index.php\/2021\/06\/14\/alvo-do-flamengo-david-luiz-tem-brasil-como-ultima-opcao-para-atuar\/#primaryimage\"},\"thumbnailUrl\":\"https:\/\/www.gaveanews.com\/wp-content\/uploads\/David-Luiz-em-acao-pelo-Arsenal.webp\",\"datePublished\":\"2021-06-14T19:00:00+00:00\",\"author\":{\"@id\":\"https:\/\/www.gaveanews.com\/#\/schema\/person\/2ec14f73fb96be2caf28f91afb14749d\"},\"breadcrumb\":{\"@id\":\"https:\/\/www.gaveanews.com\/index.php\/2021\/06\/14\/alvo-do-flamengo-david-luiz-tem-brasil-como-ultima-opcao-para-atuar\/#breadcrumb\"},\"inLanguage\":\"pt-BR\",\"potentialAction\":[{\"@type\":\"ReadAction\",\"target\":[\"https:\/\/www.gaveanews.com\/index.php\/2021\/06\/14\/alvo-do-flamengo-david-luiz-tem-brasil-como-ultima-opcao-para-atuar\/\"]}]},{\"@type\":\"ImageObject\",\"inLanguage\":\"pt-BR\",\"@id\":\"https:\/\/www.gaveanews.com\/index.php\/2021\/06\/14\/alvo-do-flamengo-david-luiz-tem-brasil-como-ultima-opcao-para-atuar\/#primaryimage\",\"url\":\"https:\/\/www.gaveanews.com\/wp-content\/uploads\/David-Luiz-em-acao-pelo-Arsenal.webp\",\"contentUrl\":\"https:\/\/www.gaveanews.com\/wp-content\/uploads\/David-Luiz-em-acao-pelo-Arsenal.webp\",\"width\":700,\"height\":394,\"caption\":\"David Luiz em a\u00e7\u00e3o pelo Arsenal (Foto: Getty Images)\"},{\"@type\":\"BreadcrumbList\",\"@id\":\"https:\/\/www.gaveanews.com\/index.php\/2021\/06\/14\/alvo-do-flamengo-david-luiz-tem-brasil-como-ultima-opcao-para-atuar\/#breadcrumb\",\"itemListElement\":[{\"@type\":\"ListItem\",\"position\":1,\"name\":\"Home\",\"item\":\"https:\/\/www.gaveanews.com\/\"},{\"@type\":\"ListItem\",\"position\":2,\"name\":\"Alvo do Flamengo, David Luiz tem Brasil como \u00faltima op\u00e7\u00e3o para atuar\"}]},{\"@type\":\"WebSite\",\"@id\":\"https:\/\/www.gaveanews.com\/#website\",\"url\":\"https:\/\/www.gaveanews.com\/\",\"name\":\"G\u00e1vea News\",\"description\":\"Veja todas as not\u00edcias sobre o Flamengo: Contrata\u00e7\u00f5es, categorias de base, resultados das partidas, tabela de classifica\u00e7\u00e3o, pr\u00f3ximos jogos!\",\"potentialAction\":[{\"@type\":\"SearchAction\",\"target\":{\"@type\":\"EntryPoint\",\"urlTemplate\":\"https:\/\/www.gaveanews.com\/?s={search_term_string}\"},\"query-input\":{\"@type\":\"PropertyValueSpecification\",\"valueRequired\":true,\"valueName\":\"search_term_string\"}}],\"inLanguage\":\"pt-BR\"},{\"@type\":\"Person\",\"@id\":\"https:\/\/www.gaveanews.com\/#\/schema\/person\/2ec14f73fb96be2caf28f91afb14749d\",\"name\":\"Equipe G\u00e1vea News\",\"image\":{\"@type\":\"ImageObject\",\"inLanguage\":\"pt-BR\",\"@id\":\"https:\/\/www.gaveanews.com\/#\/schema\/person\/image\/\",\"url\":\"https:\/\/secure.gravatar.com\/avatar\/1e1956f1facbffd3f8fa53a326721950116b3b9dc9bd44939c01180fd4a745a9?s=96&d=mm&r=g\",\"contentUrl\":\"https:\/\/secure.gravatar.com\/avatar\/1e1956f1facbffd3f8fa53a326721950116b3b9dc9bd44939c01180fd4a745a9?s=96&d=mm&r=g\",\"caption\":\"Equipe G\u00e1vea News\"}}]}<\/script>\n<!-- \/ Yoast SEO Premium plugin. -->","yoast_head_json":{"title":"Alvo do Flamengo, David Luiz tem Brasil como \u00faltima op\u00e7\u00e3o para atuar","robots":{"index":"index","follow":"follow","max-snippet":"max-snippet:-1","max-image-preview":"max-image-preview:large","max-video-preview":"max-video-preview:-1"},"canonical":"https:\/\/www.gaveanews.com\/index.php\/2021\/06\/14\/alvo-do-flamengo-david-luiz-tem-brasil-como-ultima-opcao-para-atuar\/","og_locale":"pt_BR","og_type":"article","og_title":"Alvo do Flamengo, David Luiz tem Brasil como \u00faltima op\u00e7\u00e3o para atuar","og_description":"O zagueiro brasileiro David Luiz \u00e9 um dos principais alvos do Flamengo no Mercado da Bola, al\u00e9m de atrair a aten\u00e7\u00e3o de outros clubes brasileiros. Por\u00e9m, segundo publica\u00e7\u00e3o do jornalista Thiago Fernandes, do site Goal, o atleta v\u00ea um retorno ao Brasil como \u00faltima op\u00e7\u00e3o e pretende seguir na Europa nas pr\u00f3ximas temporadas. David Luiz [&hellip;]","og_url":"https:\/\/www.gaveanews.com\/index.php\/2021\/06\/14\/alvo-do-flamengo-david-luiz-tem-brasil-como-ultima-opcao-para-atuar\/","og_site_name":"G\u00e1vea News","article_publisher":"https:\/\/facebook.com\/gaveaNews\/","article_published_time":"2021-06-14T19:00:00+00:00","og_image":[{"width":700,"height":394,"url":"https:\/\/www.gaveanews.com\/wp-content\/uploads\/David-Luiz-em-acao-pelo-Arsenal.webp","type":"image\/jpeg"}],"author":"Equipe G\u00e1vea News","twitter_card":"summary_large_image","twitter_misc":{"Escrito por":"Equipe G\u00e1vea News","Est. tempo de leitura":"2 minutos"},"schema":{"@context":"https:\/\/schema.org","@graph":[{"@type":"NewsArticle","@id":"https:\/\/www.gaveanews.com\/index.php\/2021\/06\/14\/alvo-do-flamengo-david-luiz-tem-brasil-como-ultima-opcao-para-atuar\/#article","isPartOf":{"@id":"https:\/\/www.gaveanews.com\/index.php\/2021\/06\/14\/alvo-do-flamengo-david-luiz-tem-brasil-como-ultima-opcao-para-atuar\/"},"author":{"name":"Equipe G\u00e1vea News","@id":"https:\/\/www.gaveanews.com\/#\/schema\/person\/2ec14f73fb96be2caf28f91afb14749d"},"headline":"Alvo do Flamengo, David Luiz tem Brasil como \u00faltima op\u00e7\u00e3o para atuar","datePublished":"2021-06-14T19:00:00+00:00","mainEntityOfPage":{"@id":"https:\/\/www.gaveanews.com\/index.php\/2021\/06\/14\/alvo-do-flamengo-david-luiz-tem-brasil-como-ultima-opcao-para-atuar\/"},"wordCount":283,"commentCount":20,"image":{"@id":"https:\/\/www.gaveanews.com\/index.php\/2021\/06\/14\/alvo-do-flamengo-david-luiz-tem-brasil-como-ultima-opcao-para-atuar\/#primaryimage"},"thumbnailUrl":"https:\/\/www.gaveanews.com\/wp-content\/uploads\/David-Luiz-em-acao-pelo-Arsenal.webp","articleSection":["Negocia\u00e7\u00f5es"],"inLanguage":"pt-BR","potentialAction":[{"@type":"CommentAction","name":"Comment","target":["https:\/\/www.gaveanews.com\/index.php\/2021\/06\/14\/alvo-do-flamengo-david-luiz-tem-brasil-como-ultima-opcao-para-atuar\/#respond"]}],"copyrightYear":"2021","copyrightHolder":{"@id":"https:\/\/www.gaveanews.com\/#organization"}},{"@type":"WebPage","@id":"https:\/\/www.gaveanews.com\/index.php\/2021\/06\/14\/alvo-do-flamengo-david-luiz-tem-brasil-como-ultima-opcao-para-atuar\/","url":"https:\/\/www.gaveanews.com\/index.php\/2021\/06\/14\/alvo-do-flamengo-david-luiz-tem-brasil-como-ultima-opcao-para-atuar\/","name":"Alvo do Flamengo, David Luiz tem Brasil como \u00faltima op\u00e7\u00e3o para atuar","isPartOf":{"@id":"https:\/\/www.gaveanews.com\/#website"},"primaryImageOfPage":{"@id":"https:\/\/www.gaveanews.com\/index.php\/2021\/06\/14\/alvo-do-flamengo-david-luiz-tem-brasil-como-ultima-opcao-para-atuar\/#primaryimage"},"image":{"@id":"https:\/\/www.gaveanews.com\/index.php\/2021\/06\/14\/alvo-do-flamengo-david-luiz-tem-brasil-como-ultima-opcao-para-atuar\/#primaryimage"},"thumbnailUrl":"https:\/\/www.gaveanews.com\/wp-content\/uploads\/David-Luiz-em-acao-pelo-Arsenal.webp","datePublished":"2021-06-14T19:00:00+00:00","author":{"@id":"https:\/\/www.gaveanews.com\/#\/schema\/person\/2ec14f73fb96be2caf28f91afb14749d"},"breadcrumb":{"@id":"https:\/\/www.gaveanews.com\/index.php\/2021\/06\/14\/alvo-do-flamengo-david-luiz-tem-brasil-como-ultima-opcao-para-atuar\/#breadcrumb"},"inLanguage":"pt-BR","potentialAction":[{"@type":"ReadAction","target":["https:\/\/www.gaveanews.com\/index.php\/2021\/06\/14\/alvo-do-flamengo-david-luiz-tem-brasil-como-ultima-opcao-para-atuar\/"]}]},{"@type":"ImageObject","inLanguage":"pt-BR","@id":"https:\/\/www.gaveanews.com\/index.php\/2021\/06\/14\/alvo-do-flamengo-david-luiz-tem-brasil-como-ultima-opcao-para-atuar\/#primaryimage","url":"https:\/\/www.gaveanews.com\/wp-content\/uploads\/David-Luiz-em-acao-pelo-Arsenal.webp","contentUrl":"https:\/\/www.gaveanews.com\/wp-content\/uploads\/David-Luiz-em-acao-pelo-Arsenal.webp","width":700,"height":394,"caption":"David Luiz em a\u00e7\u00e3o pelo Arsenal (Foto: Getty Images)"},{"@type":"BreadcrumbList","@id":"https:\/\/www.gaveanews.com\/index.php\/2021\/06\/14\/alvo-do-flamengo-david-luiz-tem-brasil-como-ultima-opcao-para-atuar\/#breadcrumb","itemListElement":[{"@type":"ListItem","position":1,"name":"Home","item":"https:\/\/www.gaveanews.com\/"},{"@type":"ListItem","position":2,"name":"Alvo do Flamengo, David Luiz tem Brasil como \u00faltima op\u00e7\u00e3o para atuar"}]},{"@type":"WebSite","@id":"https:\/\/www.gaveanews.com\/#website","url":"https:\/\/www.gaveanews.com\/","name":"G\u00e1vea News","description":"Veja todas as not\u00edcias sobre o Flamengo: Contrata\u00e7\u00f5es, categorias de base, resultados das partidas, tabela de classifica\u00e7\u00e3o, pr\u00f3ximos jogos!","potentialAction":[{"@type":"SearchAction","target":{"@type":"EntryPoint","urlTemplate":"https:\/\/www.gaveanews.com\/?s={search_term_string}"},"query-input":{"@type":"PropertyValueSpecification","valueRequired":true,"valueName":"search_term_string"}}],"inLanguage":"pt-BR"},{"@type":"Person","@id":"https:\/\/www.gaveanews.com\/#\/schema\/person\/2ec14f73fb96be2caf28f91afb14749d","name":"Equipe G\u00e1vea News","image":{"@type":"ImageObject","inLanguage":"pt-BR","@id":"https:\/\/www.gaveanews.com\/#\/schema\/person\/image\/","url":"https:\/\/secure.gravatar.com\/avatar\/1e1956f1facbffd3f8fa53a326721950116b3b9dc9bd44939c01180fd4a745a9?s=96&d=mm&r=g","contentUrl":"https:\/\/secure.gravatar.com\/avatar\/1e1956f1facbffd3f8fa53a326721950116b3b9dc9bd44939c01180fd4a745a9?s=96&d=mm&r=g","caption":"Equipe G\u00e1vea News"}}]}},"_links":{"self":[{"href":"https:\/\/www.gaveanews.com\/index.php\/wp-json\/wp\/v2\/posts\/62955","targetHints":{"allow":["GET"]}}],"collection":[{"href":"https:\/\/www.gaveanews.com\/index.php\/wp-json\/wp\/v2\/posts"}],"about":[{"href":"https:\/\/www.gaveanews.com\/index.php\/wp-json\/wp\/v2\/types\/post"}],"author":[{"embeddable":true,"href":"https:\/\/www.gaveanews.com\/index.php\/wp-json\/wp\/v2\/users\/1"}],"replies":[{"embeddable":true,"href":"https:\/\/www.gaveanews.com\/index.php\/wp-json\/wp\/v2\/comments?post=62955"}],"version-history":[{"count":0,"href":"https:\/\/www.gaveanews.com\/index.php\/wp-json\/wp\/v2\/posts\/62955\/revisions"}],"wp:featuredmedia":[{"embeddable":true,"href":"https:\/\/www.gaveanews.com\/index.php\/wp-json\/wp\/v2\/media\/61403"}],"wp:attachment":[{"href":"https:\/\/www.gaveanews.com\/index.php\/wp-json\/wp\/v2\/media?parent=62955"}],"wp:term":[{"taxonomy":"category","embeddable":true,"href":"https:\/\/www.gaveanews.com\/index.php\/wp-json\/wp\/v2\/categories?post=62955"},{"taxonomy":"post_tag","embeddable":true,"href":"https:\/\/www.gaveanews.com\/index.php\/wp-json\/wp\/v2\/tags?post=62955"}],"curies":[{"name":"wp","href":"https:\/\/api.w.org\/{rel}","templated":true}]}}