{"id":62997,"date":"2021-06-15T07:21:41","date_gmt":"2021-06-15T10:21:41","guid":{"rendered":"https:\/\/www.gaveanews.com\/?p=62997"},"modified":"2021-06-15T07:22:29","modified_gmt":"2021-06-15T10:22:29","slug":"copa-america-desafia-flamengo-e-jovens-do-ninho-voltam-a-ganhar-espaco","status":"publish","type":"post","link":"https:\/\/www.gaveanews.com\/index.php\/2021\/06\/15\/copa-america-desafia-flamengo-e-jovens-do-ninho-voltam-a-ganhar-espaco\/","title":{"rendered":"Copa Am\u00e9rica desafia Flamengo, e jovens do Ninho voltam a ganhar espa\u00e7o"},"content":{"rendered":"\n<p>Em tempos de desfalques em massa por conta da Copa Am\u00e9rica, o Flamengo vive dias desafiadores para manter a boa performance. Para isso, conta com talentos da casa com a miss\u00e3o de seguir vivo na Copa do Brasil e permanecer no alto da tabela do Brasileiro.<\/p>\n\n\n\n<p>Com Isla, Arrascaeta, Gabigol e Everton Ribeiro fora, o Rubro-Negro teve de recorrer novamente \u00e0 base para dar ao t\u00e9cnico Rog\u00e9rio Ceni (ainda em recupera\u00e7\u00e3o da covid) mais alternativas de mexidas nos jogos. Um procedimento adotado no in\u00edcio da temporada, mas em cen\u00e1rio diferente: nas primeiras rodadas do Campeonato Carioca, os jogadores consagrados estavam afastados, em prepara\u00e7\u00e3o f\u00edsica.<\/p>\n\n\n\n<p>Diante da escassez moment\u00e2nea, meninos como Ryan Luka, Thiaguinho, Max e Yuri v\u00eam pintando entre os relacionados e veem na brecha deixada pelos titulares uma chance de ouro para se firmarem de vez no grupo principal.<\/p>\n\n\n\n<p>Na vit\u00f3ria por 2 a 0 sobre o Am\u00e9rica-MG, o atacante Ryan teve seus primeiros minutos pelos profissionais e deixou boa impress\u00e3o. Com apenas cinco minutos em campo, o jovem de 18 anos batalhou e saiu de campo feliz pela vit\u00f3ria, mas frustrado por um p\u00eanalti n\u00e3o marcado sobre ele.<\/p>\n\n\n\n<p>Tamb\u00e9m uma cria das categorias de base do Fla, o t\u00e9cnico Maur\u00edcio Souza \u00e9 pe\u00e7a importante neste momento de transi\u00e7\u00e3o e serve como uma esp\u00e9cie de &#8220;conselheiro&#8221; de Ceni no assunto.<\/p>\n\n\n\n<p><strong><em>\u2014 Nosso papel principal \u00e9 fornecer jogador \u00e0 equipe profissional. Quando eles sobem e correspondem, isso \u00e9 um sinal de que o nosso trabalho est\u00e1 sendo bem feito<\/em><\/strong>, disse Souza.<\/p>\n\n\n\n<p>Al\u00e9m desses nomes ainda n\u00e3o muito conhecidos do torcedor, jogadores como Rodrigo Muniz e Matheuzinho tamb\u00e9m se beneficiam com a aus\u00eancia dos companheiros mais badalados. Sem Gabigol e Pedro (com covid), Muniz vem de dois gols em dois jogos e v\u00ea seu status mudar no clube.<\/p>\n\n\n\n<p><strong><em>\u2014 O Rodrigo j\u00e1 \u00e9 uma realidade. \u00c9 um grande jogador com capacidade de definir tanto com os p\u00e9s quanto pelo alto. Falar do Muniz \u00e9 muito f\u00e1cil, pois \u00e9 um jogador que n\u00e3o d\u00e1 trabalho nenhum. Concentrado, ele \u00e9 mortal<\/em><\/strong>, elogiou o t\u00e9cnico Mauricinho.<\/p>\n\n\n\n<p>Em dias de bastidores agitados na G\u00e1vea, o Ninho do Urubu vive um momento de calmaria total. Com 100% de aproveitamento em dois jogos no Brasileir\u00e3o e a um empate das oitavas de final da Copa do Brasil, o elenco se prepara para encarar amanh\u00e3 o Coritiba, 21h30, no Maracan\u00e3.<\/p>\n\n\n\n<p>Retirado de: UOL<\/p>\n","protected":false},"excerpt":{"rendered":"<p>Em tempos de desfalques em massa por conta da Copa Am\u00e9rica, o Flamengo vive dias desafiadores para manter a boa performance. Para isso, conta com talentos da casa com a miss\u00e3o de seguir vivo na Copa do Brasil e permanecer no alto da tabela do Brasileiro. Com Isla, Arrascaeta, Gabigol e Everton Ribeiro fora, o [&hellip;]<\/p>\n","protected":false},"author":1,"featured_media":57238,"comment_status":"open","ping_status":"closed","sticky":false,"template":"","format":"standard","meta":{"footnotes":""},"categories":[1],"tags":[],"class_list":["post-62997","post","type-post","status-publish","format-standard","has-post-thumbnail","hentry","category-flamengo"],"yoast_head":"<!-- This site is optimized with the Yoast SEO Premium plugin v24.2 (Yoast SEO v26.9) - https:\/\/yoast.com\/product\/yoast-seo-premium-wordpress\/ -->\n<title>Copa Am\u00e9rica desafia Flamengo, e jovens voltam a ganhar espa\u00e7o<\/title>\n<meta name=\"robots\" content=\"index, follow, max-snippet:-1, max-image-preview:large, max-video-preview:-1\" \/>\n<link rel=\"canonical\" href=\"https:\/\/www.gaveanews.com\/index.php\/2021\/06\/15\/copa-america-desafia-flamengo-e-jovens-do-ninho-voltam-a-ganhar-espaco\/\" \/>\n<meta property=\"og:locale\" content=\"pt_BR\" \/>\n<meta property=\"og:type\" content=\"article\" \/>\n<meta property=\"og:title\" content=\"Copa Am\u00e9rica desafia Flamengo, e jovens do Ninho voltam a ganhar espa\u00e7o\" \/>\n<meta property=\"og:description\" content=\"Em tempos de desfalques em massa por conta da Copa Am\u00e9rica, o Flamengo vive dias desafiadores para manter a boa performance. Para isso, conta com talentos da casa com a miss\u00e3o de seguir vivo na Copa do Brasil e permanecer no alto da tabela do Brasileiro. Com Isla, Arrascaeta, Gabigol e Everton Ribeiro fora, o [&hellip;]\" \/>\n<meta property=\"og:url\" content=\"https:\/\/www.gaveanews.com\/index.php\/2021\/06\/15\/copa-america-desafia-flamengo-e-jovens-do-ninho-voltam-a-ganhar-espaco\/\" \/>\n<meta property=\"og:site_name\" content=\"G\u00e1vea News\" \/>\n<meta property=\"article:publisher\" content=\"https:\/\/facebook.com\/gaveaNews\/\" \/>\n<meta property=\"article:published_time\" content=\"2021-06-15T10:21:41+00:00\" \/>\n<meta property=\"article:modified_time\" content=\"2021-06-15T10:22:29+00:00\" \/>\n<meta property=\"og:image\" content=\"https:\/\/www.gaveanews.com\/wp-content\/uploads\/Muniz-sorri-apos-marcar-um-gol-para-o-Flamengo-durante-o-jogo-contra-o-Macae-no-Campeonato-Carioca-de-2021.webp\" \/>\n\t<meta property=\"og:image:width\" content=\"800\" \/>\n\t<meta property=\"og:image:height\" content=\"533\" \/>\n\t<meta property=\"og:image:type\" content=\"image\/jpeg\" \/>\n<meta name=\"author\" content=\"Equipe G\u00e1vea News\" \/>\n<meta name=\"twitter:card\" content=\"summary_large_image\" \/>\n<meta name=\"twitter:label1\" content=\"Escrito por\" \/>\n\t<meta name=\"twitter:data1\" content=\"Equipe G\u00e1vea News\" \/>\n\t<meta name=\"twitter:label2\" content=\"Est. tempo de leitura\" \/>\n\t<meta name=\"twitter:data2\" content=\"2 minutos\" \/>\n<script type=\"application\/ld+json\" class=\"yoast-schema-graph\">{\"@context\":\"https:\/\/schema.org\",\"@graph\":[{\"@type\":\"NewsArticle\",\"@id\":\"https:\/\/www.gaveanews.com\/index.php\/2021\/06\/15\/copa-america-desafia-flamengo-e-jovens-do-ninho-voltam-a-ganhar-espaco\/#article\",\"isPartOf\":{\"@id\":\"https:\/\/www.gaveanews.com\/index.php\/2021\/06\/15\/copa-america-desafia-flamengo-e-jovens-do-ninho-voltam-a-ganhar-espaco\/\"},\"author\":{\"name\":\"Equipe G\u00e1vea News\",\"@id\":\"https:\/\/www.gaveanews.com\/#\/schema\/person\/2ec14f73fb96be2caf28f91afb14749d\"},\"headline\":\"Copa Am\u00e9rica desafia Flamengo, e jovens do Ninho voltam a ganhar espa\u00e7o\",\"datePublished\":\"2021-06-15T10:21:41+00:00\",\"dateModified\":\"2021-06-15T10:22:29+00:00\",\"mainEntityOfPage\":{\"@id\":\"https:\/\/www.gaveanews.com\/index.php\/2021\/06\/15\/copa-america-desafia-flamengo-e-jovens-do-ninho-voltam-a-ganhar-espaco\/\"},\"wordCount\":426,\"commentCount\":1,\"image\":{\"@id\":\"https:\/\/www.gaveanews.com\/index.php\/2021\/06\/15\/copa-america-desafia-flamengo-e-jovens-do-ninho-voltam-a-ganhar-espaco\/#primaryimage\"},\"thumbnailUrl\":\"https:\/\/www.gaveanews.com\/wp-content\/uploads\/Muniz-sorri-apos-marcar-um-gol-para-o-Flamengo-durante-o-jogo-contra-o-Macae-no-Campeonato-Carioca-de-2021.webp\",\"articleSection\":[\"Flamengo\"],\"inLanguage\":\"pt-BR\",\"potentialAction\":[{\"@type\":\"CommentAction\",\"name\":\"Comment\",\"target\":[\"https:\/\/www.gaveanews.com\/index.php\/2021\/06\/15\/copa-america-desafia-flamengo-e-jovens-do-ninho-voltam-a-ganhar-espaco\/#respond\"]}],\"copyrightYear\":\"2021\",\"copyrightHolder\":{\"@id\":\"https:\/\/www.gaveanews.com\/#organization\"}},{\"@type\":\"WebPage\",\"@id\":\"https:\/\/www.gaveanews.com\/index.php\/2021\/06\/15\/copa-america-desafia-flamengo-e-jovens-do-ninho-voltam-a-ganhar-espaco\/\",\"url\":\"https:\/\/www.gaveanews.com\/index.php\/2021\/06\/15\/copa-america-desafia-flamengo-e-jovens-do-ninho-voltam-a-ganhar-espaco\/\",\"name\":\"Copa Am\u00e9rica desafia Flamengo, e jovens voltam a ganhar espa\u00e7o\",\"isPartOf\":{\"@id\":\"https:\/\/www.gaveanews.com\/#website\"},\"primaryImageOfPage\":{\"@id\":\"https:\/\/www.gaveanews.com\/index.php\/2021\/06\/15\/copa-america-desafia-flamengo-e-jovens-do-ninho-voltam-a-ganhar-espaco\/#primaryimage\"},\"image\":{\"@id\":\"https:\/\/www.gaveanews.com\/index.php\/2021\/06\/15\/copa-america-desafia-flamengo-e-jovens-do-ninho-voltam-a-ganhar-espaco\/#primaryimage\"},\"thumbnailUrl\":\"https:\/\/www.gaveanews.com\/wp-content\/uploads\/Muniz-sorri-apos-marcar-um-gol-para-o-Flamengo-durante-o-jogo-contra-o-Macae-no-Campeonato-Carioca-de-2021.webp\",\"datePublished\":\"2021-06-15T10:21:41+00:00\",\"dateModified\":\"2021-06-15T10:22:29+00:00\",\"author\":{\"@id\":\"https:\/\/www.gaveanews.com\/#\/schema\/person\/2ec14f73fb96be2caf28f91afb14749d\"},\"breadcrumb\":{\"@id\":\"https:\/\/www.gaveanews.com\/index.php\/2021\/06\/15\/copa-america-desafia-flamengo-e-jovens-do-ninho-voltam-a-ganhar-espaco\/#breadcrumb\"},\"inLanguage\":\"pt-BR\",\"potentialAction\":[{\"@type\":\"ReadAction\",\"target\":[\"https:\/\/www.gaveanews.com\/index.php\/2021\/06\/15\/copa-america-desafia-flamengo-e-jovens-do-ninho-voltam-a-ganhar-espaco\/\"]}]},{\"@type\":\"ImageObject\",\"inLanguage\":\"pt-BR\",\"@id\":\"https:\/\/www.gaveanews.com\/index.php\/2021\/06\/15\/copa-america-desafia-flamengo-e-jovens-do-ninho-voltam-a-ganhar-espaco\/#primaryimage\",\"url\":\"https:\/\/www.gaveanews.com\/wp-content\/uploads\/Muniz-sorri-apos-marcar-um-gol-para-o-Flamengo-durante-o-jogo-contra-o-Macae-no-Campeonato-Carioca-de-2021.webp\",\"contentUrl\":\"https:\/\/www.gaveanews.com\/wp-content\/uploads\/Muniz-sorri-apos-marcar-um-gol-para-o-Flamengo-durante-o-jogo-contra-o-Macae-no-Campeonato-Carioca-de-2021.webp\",\"width\":800,\"height\":533,\"caption\":\"Muniz sorri ap\u00f3s marcar um gol para o Flamengo durante o jogo contra o Maca\u00e9 no Campeonato Carioca de 2021 (Foto: Marcelo Cortez\/Flamengo)\"},{\"@type\":\"BreadcrumbList\",\"@id\":\"https:\/\/www.gaveanews.com\/index.php\/2021\/06\/15\/copa-america-desafia-flamengo-e-jovens-do-ninho-voltam-a-ganhar-espaco\/#breadcrumb\",\"itemListElement\":[{\"@type\":\"ListItem\",\"position\":1,\"name\":\"Home\",\"item\":\"https:\/\/www.gaveanews.com\/\"},{\"@type\":\"ListItem\",\"position\":2,\"name\":\"Copa Am\u00e9rica desafia Flamengo, e jovens do Ninho voltam a ganhar espa\u00e7o\"}]},{\"@type\":\"WebSite\",\"@id\":\"https:\/\/www.gaveanews.com\/#website\",\"url\":\"https:\/\/www.gaveanews.com\/\",\"name\":\"G\u00e1vea News\",\"description\":\"Veja todas as not\u00edcias sobre o Flamengo: Contrata\u00e7\u00f5es, categorias de base, resultados das partidas, tabela de classifica\u00e7\u00e3o, pr\u00f3ximos jogos!\",\"potentialAction\":[{\"@type\":\"SearchAction\",\"target\":{\"@type\":\"EntryPoint\",\"urlTemplate\":\"https:\/\/www.gaveanews.com\/?s={search_term_string}\"},\"query-input\":{\"@type\":\"PropertyValueSpecification\",\"valueRequired\":true,\"valueName\":\"search_term_string\"}}],\"inLanguage\":\"pt-BR\"},{\"@type\":\"Person\",\"@id\":\"https:\/\/www.gaveanews.com\/#\/schema\/person\/2ec14f73fb96be2caf28f91afb14749d\",\"name\":\"Equipe G\u00e1vea News\",\"image\":{\"@type\":\"ImageObject\",\"inLanguage\":\"pt-BR\",\"@id\":\"https:\/\/www.gaveanews.com\/#\/schema\/person\/image\/\",\"url\":\"https:\/\/secure.gravatar.com\/avatar\/1e1956f1facbffd3f8fa53a326721950116b3b9dc9bd44939c01180fd4a745a9?s=96&d=mm&r=g\",\"contentUrl\":\"https:\/\/secure.gravatar.com\/avatar\/1e1956f1facbffd3f8fa53a326721950116b3b9dc9bd44939c01180fd4a745a9?s=96&d=mm&r=g\",\"caption\":\"Equipe G\u00e1vea News\"}}]}<\/script>\n<!-- \/ Yoast SEO Premium plugin. -->","yoast_head_json":{"title":"Copa Am\u00e9rica desafia Flamengo, e jovens voltam a ganhar espa\u00e7o","robots":{"index":"index","follow":"follow","max-snippet":"max-snippet:-1","max-image-preview":"max-image-preview:large","max-video-preview":"max-video-preview:-1"},"canonical":"https:\/\/www.gaveanews.com\/index.php\/2021\/06\/15\/copa-america-desafia-flamengo-e-jovens-do-ninho-voltam-a-ganhar-espaco\/","og_locale":"pt_BR","og_type":"article","og_title":"Copa Am\u00e9rica desafia Flamengo, e jovens do Ninho voltam a ganhar espa\u00e7o","og_description":"Em tempos de desfalques em massa por conta da Copa Am\u00e9rica, o Flamengo vive dias desafiadores para manter a boa performance. Para isso, conta com talentos da casa com a miss\u00e3o de seguir vivo na Copa do Brasil e permanecer no alto da tabela do Brasileiro. Com Isla, Arrascaeta, Gabigol e Everton Ribeiro fora, o [&hellip;]","og_url":"https:\/\/www.gaveanews.com\/index.php\/2021\/06\/15\/copa-america-desafia-flamengo-e-jovens-do-ninho-voltam-a-ganhar-espaco\/","og_site_name":"G\u00e1vea News","article_publisher":"https:\/\/facebook.com\/gaveaNews\/","article_published_time":"2021-06-15T10:21:41+00:00","article_modified_time":"2021-06-15T10:22:29+00:00","og_image":[{"width":800,"height":533,"url":"https:\/\/www.gaveanews.com\/wp-content\/uploads\/Muniz-sorri-apos-marcar-um-gol-para-o-Flamengo-durante-o-jogo-contra-o-Macae-no-Campeonato-Carioca-de-2021.webp","type":"image\/jpeg"}],"author":"Equipe G\u00e1vea News","twitter_card":"summary_large_image","twitter_misc":{"Escrito por":"Equipe G\u00e1vea News","Est. tempo de leitura":"2 minutos"},"schema":{"@context":"https:\/\/schema.org","@graph":[{"@type":"NewsArticle","@id":"https:\/\/www.gaveanews.com\/index.php\/2021\/06\/15\/copa-america-desafia-flamengo-e-jovens-do-ninho-voltam-a-ganhar-espaco\/#article","isPartOf":{"@id":"https:\/\/www.gaveanews.com\/index.php\/2021\/06\/15\/copa-america-desafia-flamengo-e-jovens-do-ninho-voltam-a-ganhar-espaco\/"},"author":{"name":"Equipe G\u00e1vea News","@id":"https:\/\/www.gaveanews.com\/#\/schema\/person\/2ec14f73fb96be2caf28f91afb14749d"},"headline":"Copa Am\u00e9rica desafia Flamengo, e jovens do Ninho voltam a ganhar espa\u00e7o","datePublished":"2021-06-15T10:21:41+00:00","dateModified":"2021-06-15T10:22:29+00:00","mainEntityOfPage":{"@id":"https:\/\/www.gaveanews.com\/index.php\/2021\/06\/15\/copa-america-desafia-flamengo-e-jovens-do-ninho-voltam-a-ganhar-espaco\/"},"wordCount":426,"commentCount":1,"image":{"@id":"https:\/\/www.gaveanews.com\/index.php\/2021\/06\/15\/copa-america-desafia-flamengo-e-jovens-do-ninho-voltam-a-ganhar-espaco\/#primaryimage"},"thumbnailUrl":"https:\/\/www.gaveanews.com\/wp-content\/uploads\/Muniz-sorri-apos-marcar-um-gol-para-o-Flamengo-durante-o-jogo-contra-o-Macae-no-Campeonato-Carioca-de-2021.webp","articleSection":["Flamengo"],"inLanguage":"pt-BR","potentialAction":[{"@type":"CommentAction","name":"Comment","target":["https:\/\/www.gaveanews.com\/index.php\/2021\/06\/15\/copa-america-desafia-flamengo-e-jovens-do-ninho-voltam-a-ganhar-espaco\/#respond"]}],"copyrightYear":"2021","copyrightHolder":{"@id":"https:\/\/www.gaveanews.com\/#organization"}},{"@type":"WebPage","@id":"https:\/\/www.gaveanews.com\/index.php\/2021\/06\/15\/copa-america-desafia-flamengo-e-jovens-do-ninho-voltam-a-ganhar-espaco\/","url":"https:\/\/www.gaveanews.com\/index.php\/2021\/06\/15\/copa-america-desafia-flamengo-e-jovens-do-ninho-voltam-a-ganhar-espaco\/","name":"Copa Am\u00e9rica desafia Flamengo, e jovens voltam a ganhar espa\u00e7o","isPartOf":{"@id":"https:\/\/www.gaveanews.com\/#website"},"primaryImageOfPage":{"@id":"https:\/\/www.gaveanews.com\/index.php\/2021\/06\/15\/copa-america-desafia-flamengo-e-jovens-do-ninho-voltam-a-ganhar-espaco\/#primaryimage"},"image":{"@id":"https:\/\/www.gaveanews.com\/index.php\/2021\/06\/15\/copa-america-desafia-flamengo-e-jovens-do-ninho-voltam-a-ganhar-espaco\/#primaryimage"},"thumbnailUrl":"https:\/\/www.gaveanews.com\/wp-content\/uploads\/Muniz-sorri-apos-marcar-um-gol-para-o-Flamengo-durante-o-jogo-contra-o-Macae-no-Campeonato-Carioca-de-2021.webp","datePublished":"2021-06-15T10:21:41+00:00","dateModified":"2021-06-15T10:22:29+00:00","author":{"@id":"https:\/\/www.gaveanews.com\/#\/schema\/person\/2ec14f73fb96be2caf28f91afb14749d"},"breadcrumb":{"@id":"https:\/\/www.gaveanews.com\/index.php\/2021\/06\/15\/copa-america-desafia-flamengo-e-jovens-do-ninho-voltam-a-ganhar-espaco\/#breadcrumb"},"inLanguage":"pt-BR","potentialAction":[{"@type":"ReadAction","target":["https:\/\/www.gaveanews.com\/index.php\/2021\/06\/15\/copa-america-desafia-flamengo-e-jovens-do-ninho-voltam-a-ganhar-espaco\/"]}]},{"@type":"ImageObject","inLanguage":"pt-BR","@id":"https:\/\/www.gaveanews.com\/index.php\/2021\/06\/15\/copa-america-desafia-flamengo-e-jovens-do-ninho-voltam-a-ganhar-espaco\/#primaryimage","url":"https:\/\/www.gaveanews.com\/wp-content\/uploads\/Muniz-sorri-apos-marcar-um-gol-para-o-Flamengo-durante-o-jogo-contra-o-Macae-no-Campeonato-Carioca-de-2021.webp","contentUrl":"https:\/\/www.gaveanews.com\/wp-content\/uploads\/Muniz-sorri-apos-marcar-um-gol-para-o-Flamengo-durante-o-jogo-contra-o-Macae-no-Campeonato-Carioca-de-2021.webp","width":800,"height":533,"caption":"Muniz sorri ap\u00f3s marcar um gol para o Flamengo durante o jogo contra o Maca\u00e9 no Campeonato Carioca de 2021 (Foto: Marcelo Cortez\/Flamengo)"},{"@type":"BreadcrumbList","@id":"https:\/\/www.gaveanews.com\/index.php\/2021\/06\/15\/copa-america-desafia-flamengo-e-jovens-do-ninho-voltam-a-ganhar-espaco\/#breadcrumb","itemListElement":[{"@type":"ListItem","position":1,"name":"Home","item":"https:\/\/www.gaveanews.com\/"},{"@type":"ListItem","position":2,"name":"Copa Am\u00e9rica desafia Flamengo, e jovens do Ninho voltam a ganhar espa\u00e7o"}]},{"@type":"WebSite","@id":"https:\/\/www.gaveanews.com\/#website","url":"https:\/\/www.gaveanews.com\/","name":"G\u00e1vea News","description":"Veja todas as not\u00edcias sobre o Flamengo: Contrata\u00e7\u00f5es, categorias de base, resultados das partidas, tabela de classifica\u00e7\u00e3o, pr\u00f3ximos jogos!","potentialAction":[{"@type":"SearchAction","target":{"@type":"EntryPoint","urlTemplate":"https:\/\/www.gaveanews.com\/?s={search_term_string}"},"query-input":{"@type":"PropertyValueSpecification","valueRequired":true,"valueName":"search_term_string"}}],"inLanguage":"pt-BR"},{"@type":"Person","@id":"https:\/\/www.gaveanews.com\/#\/schema\/person\/2ec14f73fb96be2caf28f91afb14749d","name":"Equipe G\u00e1vea News","image":{"@type":"ImageObject","inLanguage":"pt-BR","@id":"https:\/\/www.gaveanews.com\/#\/schema\/person\/image\/","url":"https:\/\/secure.gravatar.com\/avatar\/1e1956f1facbffd3f8fa53a326721950116b3b9dc9bd44939c01180fd4a745a9?s=96&d=mm&r=g","contentUrl":"https:\/\/secure.gravatar.com\/avatar\/1e1956f1facbffd3f8fa53a326721950116b3b9dc9bd44939c01180fd4a745a9?s=96&d=mm&r=g","caption":"Equipe G\u00e1vea News"}}]}},"_links":{"self":[{"href":"https:\/\/www.gaveanews.com\/index.php\/wp-json\/wp\/v2\/posts\/62997","targetHints":{"allow":["GET"]}}],"collection":[{"href":"https:\/\/www.gaveanews.com\/index.php\/wp-json\/wp\/v2\/posts"}],"about":[{"href":"https:\/\/www.gaveanews.com\/index.php\/wp-json\/wp\/v2\/types\/post"}],"author":[{"embeddable":true,"href":"https:\/\/www.gaveanews.com\/index.php\/wp-json\/wp\/v2\/users\/1"}],"replies":[{"embeddable":true,"href":"https:\/\/www.gaveanews.com\/index.php\/wp-json\/wp\/v2\/comments?post=62997"}],"version-history":[{"count":0,"href":"https:\/\/www.gaveanews.com\/index.php\/wp-json\/wp\/v2\/posts\/62997\/revisions"}],"wp:featuredmedia":[{"embeddable":true,"href":"https:\/\/www.gaveanews.com\/index.php\/wp-json\/wp\/v2\/media\/57238"}],"wp:attachment":[{"href":"https:\/\/www.gaveanews.com\/index.php\/wp-json\/wp\/v2\/media?parent=62997"}],"wp:term":[{"taxonomy":"category","embeddable":true,"href":"https:\/\/www.gaveanews.com\/index.php\/wp-json\/wp\/v2\/categories?post=62997"},{"taxonomy":"post_tag","embeddable":true,"href":"https:\/\/www.gaveanews.com\/index.php\/wp-json\/wp\/v2\/tags?post=62997"}],"curies":[{"name":"wp","href":"https:\/\/api.w.org\/{rel}","templated":true}]}}