{"id":63008,"date":"2021-06-15T09:41:54","date_gmt":"2021-06-15T12:41:54","guid":{"rendered":"https:\/\/www.gaveanews.com\/?p=63008"},"modified":"2021-06-15T09:41:56","modified_gmt":"2021-06-15T12:41:56","slug":"veja-o-valor-da-multa-rescisoria-de-rodrigo-muniz","status":"publish","type":"post","link":"https:\/\/www.gaveanews.com\/index.php\/2021\/06\/15\/veja-o-valor-da-multa-rescisoria-de-rodrigo-muniz\/","title":{"rendered":"Veja o valor da multa rescis\u00f3ria de Rodrigo Muniz"},"content":{"rendered":"\n<p>Em alta no Flamengo, Rodrigo Muniz recha\u00e7ou a oferta do Genk e segue no Rubro-Negro. Apesar da ascens\u00e3o no time carioca, o atleta ainda possui um sal\u00e1rio baixo e sua multa rescis\u00f3ria, para clubes do Brasil, n\u00e3o envolve cifras astron\u00f4micas. Dessa forma, segundo informa\u00e7\u00f5es do jornalista Ven\u00ea Casagrande, o montante estabelecido para o mercado nacional \u00e9 de R$ 42 milh\u00f5es. O pre\u00e7o \u00e9 aplicado com rela\u00e7\u00e3o ao sal\u00e1rio do atleta.<\/p>\n\n\n\n<p>No momento, Rodrigo Muniz possui v\u00ednculo at\u00e9 maio de 2024 com o Flamengo. Seus vencimentos atuais giram em torno de R$ 25 mil por m\u00eas, valor que pode sofrer uma mudan\u00e7a com a valoriza\u00e7\u00e3o do atacante. Sendo assim, o cen\u00e1rio em quest\u00e3o tem chances de ocorrer com uma renova\u00e7\u00e3o contratual.<\/p>\n\n\n\n<p>Enquanto isso, para o mercado do exterior, a multa rescis\u00f3ria de Rodrigo Muniz \u00e9 bastante maior. Isso porque o pre\u00e7o estabelecido para o atual v\u00ednculo ser rompido e uma transfer\u00eancia para uma equipe internacional ocorrer \u00e9 de 50 milh\u00f5es de euros (R$ 306 milh\u00f5es).<\/p>\n\n\n\n<p>Como Pedro deve seguir afastado, se recuperando da Covid-19, Rodrigo Muniz seguir\u00e1 no time titular do Flamengo. Na quarta-feira (16), \u00e0s 21h30, no Maracan\u00e3, a equipe de Rog\u00e9rio Ceni encara o Coritiba, pelo segundo jogo da terceira fase da Copa do Brasil.<\/p>\n\n\n\n<p>Retirado de: Torcedores<\/p>\n","protected":false},"excerpt":{"rendered":"<p>Em alta no Flamengo, Rodrigo Muniz recha\u00e7ou a oferta do Genk e segue no Rubro-Negro. Apesar da ascens\u00e3o no time carioca, o atleta ainda possui um sal\u00e1rio baixo e sua multa rescis\u00f3ria, para clubes do Brasil, n\u00e3o envolve cifras astron\u00f4micas. Dessa forma, segundo informa\u00e7\u00f5es do jornalista Ven\u00ea Casagrande, o montante estabelecido para o mercado nacional [&hellip;]<\/p>\n","protected":false},"author":1,"featured_media":53358,"comment_status":"open","ping_status":"closed","sticky":false,"template":"","format":"standard","meta":{"footnotes":""},"categories":[48],"tags":[],"class_list":["post-63008","post","type-post","status-publish","format-standard","has-post-thumbnail","hentry","category-negociacoes"],"yoast_head":"<!-- This site is optimized with the Yoast SEO Premium plugin v24.2 (Yoast SEO v26.9) - https:\/\/yoast.com\/product\/yoast-seo-premium-wordpress\/ -->\n<title>Veja o valor da multa rescis\u00f3ria de Rodrigo Muniz<\/title>\n<meta name=\"robots\" content=\"index, follow, max-snippet:-1, max-image-preview:large, max-video-preview:-1\" \/>\n<link rel=\"canonical\" href=\"https:\/\/www.gaveanews.com\/index.php\/2021\/06\/15\/veja-o-valor-da-multa-rescisoria-de-rodrigo-muniz\/\" \/>\n<meta property=\"og:locale\" content=\"pt_BR\" \/>\n<meta property=\"og:type\" content=\"article\" \/>\n<meta property=\"og:title\" content=\"Veja o valor da multa rescis\u00f3ria de Rodrigo Muniz\" \/>\n<meta property=\"og:description\" content=\"Em alta no Flamengo, Rodrigo Muniz recha\u00e7ou a oferta do Genk e segue no Rubro-Negro. Apesar da ascens\u00e3o no time carioca, o atleta ainda possui um sal\u00e1rio baixo e sua multa rescis\u00f3ria, para clubes do Brasil, n\u00e3o envolve cifras astron\u00f4micas. Dessa forma, segundo informa\u00e7\u00f5es do jornalista Ven\u00ea Casagrande, o montante estabelecido para o mercado nacional [&hellip;]\" \/>\n<meta property=\"og:url\" content=\"https:\/\/www.gaveanews.com\/index.php\/2021\/06\/15\/veja-o-valor-da-multa-rescisoria-de-rodrigo-muniz\/\" \/>\n<meta property=\"og:site_name\" content=\"G\u00e1vea News\" \/>\n<meta property=\"article:publisher\" content=\"https:\/\/facebook.com\/gaveaNews\/\" \/>\n<meta property=\"article:published_time\" content=\"2021-06-15T12:41:54+00:00\" \/>\n<meta property=\"article:modified_time\" content=\"2021-06-15T12:41:56+00:00\" \/>\n<meta property=\"og:image\" content=\"https:\/\/www.gaveanews.com\/wp-content\/uploads\/Rodrigo-Muniz-durante-o-classico-entre-Flamengo-e-Botafogo.webp\" \/>\n\t<meta property=\"og:image:width\" content=\"799\" \/>\n\t<meta property=\"og:image:height\" content=\"532\" \/>\n\t<meta property=\"og:image:type\" content=\"image\/jpeg\" \/>\n<meta name=\"author\" content=\"Equipe G\u00e1vea News\" \/>\n<meta name=\"twitter:card\" content=\"summary_large_image\" \/>\n<meta name=\"twitter:label1\" content=\"Escrito por\" \/>\n\t<meta name=\"twitter:data1\" content=\"Equipe G\u00e1vea News\" \/>\n\t<meta name=\"twitter:label2\" content=\"Est. tempo de leitura\" \/>\n\t<meta name=\"twitter:data2\" content=\"1 minuto\" \/>\n<script type=\"application\/ld+json\" class=\"yoast-schema-graph\">{\"@context\":\"https:\/\/schema.org\",\"@graph\":[{\"@type\":\"NewsArticle\",\"@id\":\"https:\/\/www.gaveanews.com\/index.php\/2021\/06\/15\/veja-o-valor-da-multa-rescisoria-de-rodrigo-muniz\/#article\",\"isPartOf\":{\"@id\":\"https:\/\/www.gaveanews.com\/index.php\/2021\/06\/15\/veja-o-valor-da-multa-rescisoria-de-rodrigo-muniz\/\"},\"author\":{\"name\":\"Equipe G\u00e1vea News\",\"@id\":\"https:\/\/www.gaveanews.com\/#\/schema\/person\/2ec14f73fb96be2caf28f91afb14749d\"},\"headline\":\"Veja o valor da multa rescis\u00f3ria de Rodrigo Muniz\",\"datePublished\":\"2021-06-15T12:41:54+00:00\",\"dateModified\":\"2021-06-15T12:41:56+00:00\",\"mainEntityOfPage\":{\"@id\":\"https:\/\/www.gaveanews.com\/index.php\/2021\/06\/15\/veja-o-valor-da-multa-rescisoria-de-rodrigo-muniz\/\"},\"wordCount\":234,\"commentCount\":15,\"image\":{\"@id\":\"https:\/\/www.gaveanews.com\/index.php\/2021\/06\/15\/veja-o-valor-da-multa-rescisoria-de-rodrigo-muniz\/#primaryimage\"},\"thumbnailUrl\":\"https:\/\/www.gaveanews.com\/wp-content\/uploads\/Rodrigo-Muniz-durante-o-classico-entre-Flamengo-e-Botafogo.webp\",\"articleSection\":[\"Negocia\u00e7\u00f5es\"],\"inLanguage\":\"pt-BR\",\"potentialAction\":[{\"@type\":\"CommentAction\",\"name\":\"Comment\",\"target\":[\"https:\/\/www.gaveanews.com\/index.php\/2021\/06\/15\/veja-o-valor-da-multa-rescisoria-de-rodrigo-muniz\/#respond\"]}],\"copyrightYear\":\"2021\",\"copyrightHolder\":{\"@id\":\"https:\/\/www.gaveanews.com\/#organization\"}},{\"@type\":\"WebPage\",\"@id\":\"https:\/\/www.gaveanews.com\/index.php\/2021\/06\/15\/veja-o-valor-da-multa-rescisoria-de-rodrigo-muniz\/\",\"url\":\"https:\/\/www.gaveanews.com\/index.php\/2021\/06\/15\/veja-o-valor-da-multa-rescisoria-de-rodrigo-muniz\/\",\"name\":\"Veja o valor da multa rescis\u00f3ria de Rodrigo Muniz\",\"isPartOf\":{\"@id\":\"https:\/\/www.gaveanews.com\/#website\"},\"primaryImageOfPage\":{\"@id\":\"https:\/\/www.gaveanews.com\/index.php\/2021\/06\/15\/veja-o-valor-da-multa-rescisoria-de-rodrigo-muniz\/#primaryimage\"},\"image\":{\"@id\":\"https:\/\/www.gaveanews.com\/index.php\/2021\/06\/15\/veja-o-valor-da-multa-rescisoria-de-rodrigo-muniz\/#primaryimage\"},\"thumbnailUrl\":\"https:\/\/www.gaveanews.com\/wp-content\/uploads\/Rodrigo-Muniz-durante-o-classico-entre-Flamengo-e-Botafogo.webp\",\"datePublished\":\"2021-06-15T12:41:54+00:00\",\"dateModified\":\"2021-06-15T12:41:56+00:00\",\"author\":{\"@id\":\"https:\/\/www.gaveanews.com\/#\/schema\/person\/2ec14f73fb96be2caf28f91afb14749d\"},\"breadcrumb\":{\"@id\":\"https:\/\/www.gaveanews.com\/index.php\/2021\/06\/15\/veja-o-valor-da-multa-rescisoria-de-rodrigo-muniz\/#breadcrumb\"},\"inLanguage\":\"pt-BR\",\"potentialAction\":[{\"@type\":\"ReadAction\",\"target\":[\"https:\/\/www.gaveanews.com\/index.php\/2021\/06\/15\/veja-o-valor-da-multa-rescisoria-de-rodrigo-muniz\/\"]}]},{\"@type\":\"ImageObject\",\"inLanguage\":\"pt-BR\",\"@id\":\"https:\/\/www.gaveanews.com\/index.php\/2021\/06\/15\/veja-o-valor-da-multa-rescisoria-de-rodrigo-muniz\/#primaryimage\",\"url\":\"https:\/\/www.gaveanews.com\/wp-content\/uploads\/Rodrigo-Muniz-durante-o-classico-entre-Flamengo-e-Botafogo.webp\",\"contentUrl\":\"https:\/\/www.gaveanews.com\/wp-content\/uploads\/Rodrigo-Muniz-durante-o-classico-entre-Flamengo-e-Botafogo.webp\",\"width\":799,\"height\":532,\"caption\":\"Rodrigo Muniz durante o cl\u00e1ssico entre Flamengo e Botafogo (Foto: Alexandre Vidal\/Flamengo)\"},{\"@type\":\"BreadcrumbList\",\"@id\":\"https:\/\/www.gaveanews.com\/index.php\/2021\/06\/15\/veja-o-valor-da-multa-rescisoria-de-rodrigo-muniz\/#breadcrumb\",\"itemListElement\":[{\"@type\":\"ListItem\",\"position\":1,\"name\":\"Home\",\"item\":\"https:\/\/www.gaveanews.com\/\"},{\"@type\":\"ListItem\",\"position\":2,\"name\":\"Veja o valor da multa rescis\u00f3ria de Rodrigo Muniz\"}]},{\"@type\":\"WebSite\",\"@id\":\"https:\/\/www.gaveanews.com\/#website\",\"url\":\"https:\/\/www.gaveanews.com\/\",\"name\":\"G\u00e1vea News\",\"description\":\"Veja todas as not\u00edcias sobre o Flamengo: Contrata\u00e7\u00f5es, categorias de base, resultados das partidas, tabela de classifica\u00e7\u00e3o, pr\u00f3ximos jogos!\",\"potentialAction\":[{\"@type\":\"SearchAction\",\"target\":{\"@type\":\"EntryPoint\",\"urlTemplate\":\"https:\/\/www.gaveanews.com\/?s={search_term_string}\"},\"query-input\":{\"@type\":\"PropertyValueSpecification\",\"valueRequired\":true,\"valueName\":\"search_term_string\"}}],\"inLanguage\":\"pt-BR\"},{\"@type\":\"Person\",\"@id\":\"https:\/\/www.gaveanews.com\/#\/schema\/person\/2ec14f73fb96be2caf28f91afb14749d\",\"name\":\"Equipe G\u00e1vea News\",\"image\":{\"@type\":\"ImageObject\",\"inLanguage\":\"pt-BR\",\"@id\":\"https:\/\/www.gaveanews.com\/#\/schema\/person\/image\/\",\"url\":\"https:\/\/secure.gravatar.com\/avatar\/1e1956f1facbffd3f8fa53a326721950116b3b9dc9bd44939c01180fd4a745a9?s=96&d=mm&r=g\",\"contentUrl\":\"https:\/\/secure.gravatar.com\/avatar\/1e1956f1facbffd3f8fa53a326721950116b3b9dc9bd44939c01180fd4a745a9?s=96&d=mm&r=g\",\"caption\":\"Equipe G\u00e1vea News\"}}]}<\/script>\n<!-- \/ Yoast SEO Premium plugin. -->","yoast_head_json":{"title":"Veja o valor da multa rescis\u00f3ria de Rodrigo Muniz","robots":{"index":"index","follow":"follow","max-snippet":"max-snippet:-1","max-image-preview":"max-image-preview:large","max-video-preview":"max-video-preview:-1"},"canonical":"https:\/\/www.gaveanews.com\/index.php\/2021\/06\/15\/veja-o-valor-da-multa-rescisoria-de-rodrigo-muniz\/","og_locale":"pt_BR","og_type":"article","og_title":"Veja o valor da multa rescis\u00f3ria de Rodrigo Muniz","og_description":"Em alta no Flamengo, Rodrigo Muniz recha\u00e7ou a oferta do Genk e segue no Rubro-Negro. Apesar da ascens\u00e3o no time carioca, o atleta ainda possui um sal\u00e1rio baixo e sua multa rescis\u00f3ria, para clubes do Brasil, n\u00e3o envolve cifras astron\u00f4micas. Dessa forma, segundo informa\u00e7\u00f5es do jornalista Ven\u00ea Casagrande, o montante estabelecido para o mercado nacional [&hellip;]","og_url":"https:\/\/www.gaveanews.com\/index.php\/2021\/06\/15\/veja-o-valor-da-multa-rescisoria-de-rodrigo-muniz\/","og_site_name":"G\u00e1vea News","article_publisher":"https:\/\/facebook.com\/gaveaNews\/","article_published_time":"2021-06-15T12:41:54+00:00","article_modified_time":"2021-06-15T12:41:56+00:00","og_image":[{"width":799,"height":532,"url":"https:\/\/www.gaveanews.com\/wp-content\/uploads\/Rodrigo-Muniz-durante-o-classico-entre-Flamengo-e-Botafogo.webp","type":"image\/jpeg"}],"author":"Equipe G\u00e1vea News","twitter_card":"summary_large_image","twitter_misc":{"Escrito por":"Equipe G\u00e1vea News","Est. tempo de leitura":"1 minuto"},"schema":{"@context":"https:\/\/schema.org","@graph":[{"@type":"NewsArticle","@id":"https:\/\/www.gaveanews.com\/index.php\/2021\/06\/15\/veja-o-valor-da-multa-rescisoria-de-rodrigo-muniz\/#article","isPartOf":{"@id":"https:\/\/www.gaveanews.com\/index.php\/2021\/06\/15\/veja-o-valor-da-multa-rescisoria-de-rodrigo-muniz\/"},"author":{"name":"Equipe G\u00e1vea News","@id":"https:\/\/www.gaveanews.com\/#\/schema\/person\/2ec14f73fb96be2caf28f91afb14749d"},"headline":"Veja o valor da multa rescis\u00f3ria de Rodrigo Muniz","datePublished":"2021-06-15T12:41:54+00:00","dateModified":"2021-06-15T12:41:56+00:00","mainEntityOfPage":{"@id":"https:\/\/www.gaveanews.com\/index.php\/2021\/06\/15\/veja-o-valor-da-multa-rescisoria-de-rodrigo-muniz\/"},"wordCount":234,"commentCount":15,"image":{"@id":"https:\/\/www.gaveanews.com\/index.php\/2021\/06\/15\/veja-o-valor-da-multa-rescisoria-de-rodrigo-muniz\/#primaryimage"},"thumbnailUrl":"https:\/\/www.gaveanews.com\/wp-content\/uploads\/Rodrigo-Muniz-durante-o-classico-entre-Flamengo-e-Botafogo.webp","articleSection":["Negocia\u00e7\u00f5es"],"inLanguage":"pt-BR","potentialAction":[{"@type":"CommentAction","name":"Comment","target":["https:\/\/www.gaveanews.com\/index.php\/2021\/06\/15\/veja-o-valor-da-multa-rescisoria-de-rodrigo-muniz\/#respond"]}],"copyrightYear":"2021","copyrightHolder":{"@id":"https:\/\/www.gaveanews.com\/#organization"}},{"@type":"WebPage","@id":"https:\/\/www.gaveanews.com\/index.php\/2021\/06\/15\/veja-o-valor-da-multa-rescisoria-de-rodrigo-muniz\/","url":"https:\/\/www.gaveanews.com\/index.php\/2021\/06\/15\/veja-o-valor-da-multa-rescisoria-de-rodrigo-muniz\/","name":"Veja o valor da multa rescis\u00f3ria de Rodrigo Muniz","isPartOf":{"@id":"https:\/\/www.gaveanews.com\/#website"},"primaryImageOfPage":{"@id":"https:\/\/www.gaveanews.com\/index.php\/2021\/06\/15\/veja-o-valor-da-multa-rescisoria-de-rodrigo-muniz\/#primaryimage"},"image":{"@id":"https:\/\/www.gaveanews.com\/index.php\/2021\/06\/15\/veja-o-valor-da-multa-rescisoria-de-rodrigo-muniz\/#primaryimage"},"thumbnailUrl":"https:\/\/www.gaveanews.com\/wp-content\/uploads\/Rodrigo-Muniz-durante-o-classico-entre-Flamengo-e-Botafogo.webp","datePublished":"2021-06-15T12:41:54+00:00","dateModified":"2021-06-15T12:41:56+00:00","author":{"@id":"https:\/\/www.gaveanews.com\/#\/schema\/person\/2ec14f73fb96be2caf28f91afb14749d"},"breadcrumb":{"@id":"https:\/\/www.gaveanews.com\/index.php\/2021\/06\/15\/veja-o-valor-da-multa-rescisoria-de-rodrigo-muniz\/#breadcrumb"},"inLanguage":"pt-BR","potentialAction":[{"@type":"ReadAction","target":["https:\/\/www.gaveanews.com\/index.php\/2021\/06\/15\/veja-o-valor-da-multa-rescisoria-de-rodrigo-muniz\/"]}]},{"@type":"ImageObject","inLanguage":"pt-BR","@id":"https:\/\/www.gaveanews.com\/index.php\/2021\/06\/15\/veja-o-valor-da-multa-rescisoria-de-rodrigo-muniz\/#primaryimage","url":"https:\/\/www.gaveanews.com\/wp-content\/uploads\/Rodrigo-Muniz-durante-o-classico-entre-Flamengo-e-Botafogo.webp","contentUrl":"https:\/\/www.gaveanews.com\/wp-content\/uploads\/Rodrigo-Muniz-durante-o-classico-entre-Flamengo-e-Botafogo.webp","width":799,"height":532,"caption":"Rodrigo Muniz durante o cl\u00e1ssico entre Flamengo e Botafogo (Foto: Alexandre Vidal\/Flamengo)"},{"@type":"BreadcrumbList","@id":"https:\/\/www.gaveanews.com\/index.php\/2021\/06\/15\/veja-o-valor-da-multa-rescisoria-de-rodrigo-muniz\/#breadcrumb","itemListElement":[{"@type":"ListItem","position":1,"name":"Home","item":"https:\/\/www.gaveanews.com\/"},{"@type":"ListItem","position":2,"name":"Veja o valor da multa rescis\u00f3ria de Rodrigo Muniz"}]},{"@type":"WebSite","@id":"https:\/\/www.gaveanews.com\/#website","url":"https:\/\/www.gaveanews.com\/","name":"G\u00e1vea News","description":"Veja todas as not\u00edcias sobre o Flamengo: Contrata\u00e7\u00f5es, categorias de base, resultados das partidas, tabela de classifica\u00e7\u00e3o, pr\u00f3ximos jogos!","potentialAction":[{"@type":"SearchAction","target":{"@type":"EntryPoint","urlTemplate":"https:\/\/www.gaveanews.com\/?s={search_term_string}"},"query-input":{"@type":"PropertyValueSpecification","valueRequired":true,"valueName":"search_term_string"}}],"inLanguage":"pt-BR"},{"@type":"Person","@id":"https:\/\/www.gaveanews.com\/#\/schema\/person\/2ec14f73fb96be2caf28f91afb14749d","name":"Equipe G\u00e1vea News","image":{"@type":"ImageObject","inLanguage":"pt-BR","@id":"https:\/\/www.gaveanews.com\/#\/schema\/person\/image\/","url":"https:\/\/secure.gravatar.com\/avatar\/1e1956f1facbffd3f8fa53a326721950116b3b9dc9bd44939c01180fd4a745a9?s=96&d=mm&r=g","contentUrl":"https:\/\/secure.gravatar.com\/avatar\/1e1956f1facbffd3f8fa53a326721950116b3b9dc9bd44939c01180fd4a745a9?s=96&d=mm&r=g","caption":"Equipe G\u00e1vea News"}}]}},"_links":{"self":[{"href":"https:\/\/www.gaveanews.com\/index.php\/wp-json\/wp\/v2\/posts\/63008","targetHints":{"allow":["GET"]}}],"collection":[{"href":"https:\/\/www.gaveanews.com\/index.php\/wp-json\/wp\/v2\/posts"}],"about":[{"href":"https:\/\/www.gaveanews.com\/index.php\/wp-json\/wp\/v2\/types\/post"}],"author":[{"embeddable":true,"href":"https:\/\/www.gaveanews.com\/index.php\/wp-json\/wp\/v2\/users\/1"}],"replies":[{"embeddable":true,"href":"https:\/\/www.gaveanews.com\/index.php\/wp-json\/wp\/v2\/comments?post=63008"}],"version-history":[{"count":0,"href":"https:\/\/www.gaveanews.com\/index.php\/wp-json\/wp\/v2\/posts\/63008\/revisions"}],"wp:featuredmedia":[{"embeddable":true,"href":"https:\/\/www.gaveanews.com\/index.php\/wp-json\/wp\/v2\/media\/53358"}],"wp:attachment":[{"href":"https:\/\/www.gaveanews.com\/index.php\/wp-json\/wp\/v2\/media?parent=63008"}],"wp:term":[{"taxonomy":"category","embeddable":true,"href":"https:\/\/www.gaveanews.com\/index.php\/wp-json\/wp\/v2\/categories?post=63008"},{"taxonomy":"post_tag","embeddable":true,"href":"https:\/\/www.gaveanews.com\/index.php\/wp-json\/wp\/v2\/tags?post=63008"}],"curies":[{"name":"wp","href":"https:\/\/api.w.org\/{rel}","templated":true}]}}