{"id":63020,"date":"2021-06-15T13:55:57","date_gmt":"2021-06-15T16:55:57","guid":{"rendered":"https:\/\/www.gaveanews.com\/?p=63020"},"modified":"2021-06-15T13:55:59","modified_gmt":"2021-06-15T16:55:59","slug":"flamengo-trabalha-para-contratar-dois-nomes-de-peso-ainda-este-ano","status":"publish","type":"post","link":"https:\/\/www.gaveanews.com\/index.php\/2021\/06\/15\/flamengo-trabalha-para-contratar-dois-nomes-de-peso-ainda-este-ano\/","title":{"rendered":"Flamengo trabalha para contratar dois nomes de peso ainda este ano"},"content":{"rendered":"\n<p>O Flamengo est\u00e1 se preparando para trazer dois nomes de peso do futebol europeu na pr\u00f3xima janela, de acordo com informa\u00e7\u00f5es do youtuber Gustavo Henrique \u201cDando Choque\u201d. Segundo ele, Marcos Braz e Bruno Spindel j\u00e1 mapearam o mercado e esperam contratar pelo menos um dos jogadores. Resta apenas a libera\u00e7\u00e3o do financeiro.<\/p>\n\n\n\n<p>De acordo com o \u201cDando Choque\u201d, o Departamento Financeiro do Flamengo, aliado com o presidente Rodofo Landim e o Departamento de Futebol est\u00e3o se preparando para que o clube possa se refor\u00e7ar. Braz e Spindel j\u00e1 teriam escolhido dois nomes \u201cde parar o tr\u00e2nsito\u201d e v\u00e3o tentar pelo menos um.<\/p>\n\n\n\n<p>Neste momento, segundo o youtuber, o Flamengo est\u00e1 nos \u00faltimos ajustes do financeiro. O clube aguarda receber o dinheiro da venda do Gerson e um posicionamento do mercado de receb\u00edveis que tem, para saber, de fato, o quanto vai poder investir. A diretoria est\u00e1 aproveitando que a janela da Europa ainda est\u00e1 fechada para resolver essa situa\u00e7\u00e3o.<\/p>\n\n\n\n<p>Retirado de: Di\u00e1rio do Fla<\/p>\n","protected":false},"excerpt":{"rendered":"<p>O Flamengo est\u00e1 se preparando para trazer dois nomes de peso do futebol europeu na pr\u00f3xima janela, de acordo com informa\u00e7\u00f5es do youtuber Gustavo Henrique \u201cDando Choque\u201d. Segundo ele, Marcos Braz e Bruno Spindel j\u00e1 mapearam o mercado e esperam contratar pelo menos um dos jogadores. Resta apenas a libera\u00e7\u00e3o do financeiro. De acordo com [&hellip;]<\/p>\n","protected":false},"author":1,"featured_media":46957,"comment_status":"open","ping_status":"closed","sticky":false,"template":"","format":"standard","meta":{"footnotes":""},"categories":[48],"tags":[],"class_list":["post-63020","post","type-post","status-publish","format-standard","has-post-thumbnail","hentry","category-negociacoes"],"yoast_head":"<!-- This site is optimized with the Yoast SEO Premium plugin v24.2 (Yoast SEO v26.9) - https:\/\/yoast.com\/product\/yoast-seo-premium-wordpress\/ -->\n<title>Flamengo trabalha para contratar dois nomes de peso ainda este ano<\/title>\n<meta name=\"robots\" content=\"index, follow, max-snippet:-1, max-image-preview:large, max-video-preview:-1\" \/>\n<link rel=\"canonical\" href=\"https:\/\/www.gaveanews.com\/index.php\/2021\/06\/15\/flamengo-trabalha-para-contratar-dois-nomes-de-peso-ainda-este-ano\/\" \/>\n<meta property=\"og:locale\" content=\"pt_BR\" \/>\n<meta property=\"og:type\" content=\"article\" \/>\n<meta property=\"og:title\" content=\"Flamengo trabalha para contratar dois nomes de peso ainda este ano\" \/>\n<meta property=\"og:description\" content=\"O Flamengo est\u00e1 se preparando para trazer dois nomes de peso do futebol europeu na pr\u00f3xima janela, de acordo com informa\u00e7\u00f5es do youtuber Gustavo Henrique \u201cDando Choque\u201d. Segundo ele, Marcos Braz e Bruno Spindel j\u00e1 mapearam o mercado e esperam contratar pelo menos um dos jogadores. Resta apenas a libera\u00e7\u00e3o do financeiro. De acordo com [&hellip;]\" \/>\n<meta property=\"og:url\" content=\"https:\/\/www.gaveanews.com\/index.php\/2021\/06\/15\/flamengo-trabalha-para-contratar-dois-nomes-de-peso-ainda-este-ano\/\" \/>\n<meta property=\"og:site_name\" content=\"G\u00e1vea News\" \/>\n<meta property=\"article:publisher\" content=\"https:\/\/facebook.com\/gaveaNews\/\" \/>\n<meta property=\"article:published_time\" content=\"2021-06-15T16:55:57+00:00\" \/>\n<meta property=\"article:modified_time\" content=\"2021-06-15T16:55:59+00:00\" \/>\n<meta property=\"og:image\" content=\"https:\/\/www.gaveanews.com\/wp-content\/uploads\/Marcos-Braz-no-gramado-do-Maracana.webp\" \/>\n\t<meta property=\"og:image:width\" content=\"799\" \/>\n\t<meta property=\"og:image:height\" content=\"532\" \/>\n\t<meta property=\"og:image:type\" content=\"image\/jpeg\" \/>\n<meta name=\"author\" content=\"Equipe G\u00e1vea News\" \/>\n<meta name=\"twitter:card\" content=\"summary_large_image\" \/>\n<meta name=\"twitter:label1\" content=\"Escrito por\" \/>\n\t<meta name=\"twitter:data1\" content=\"Equipe G\u00e1vea News\" \/>\n\t<meta name=\"twitter:label2\" content=\"Est. tempo de leitura\" \/>\n\t<meta name=\"twitter:data2\" content=\"1 minuto\" \/>\n<script type=\"application\/ld+json\" class=\"yoast-schema-graph\">{\"@context\":\"https:\/\/schema.org\",\"@graph\":[{\"@type\":\"NewsArticle\",\"@id\":\"https:\/\/www.gaveanews.com\/index.php\/2021\/06\/15\/flamengo-trabalha-para-contratar-dois-nomes-de-peso-ainda-este-ano\/#article\",\"isPartOf\":{\"@id\":\"https:\/\/www.gaveanews.com\/index.php\/2021\/06\/15\/flamengo-trabalha-para-contratar-dois-nomes-de-peso-ainda-este-ano\/\"},\"author\":{\"name\":\"Equipe G\u00e1vea News\",\"@id\":\"https:\/\/www.gaveanews.com\/#\/schema\/person\/2ec14f73fb96be2caf28f91afb14749d\"},\"headline\":\"Flamengo trabalha para contratar dois nomes de peso ainda este ano\",\"datePublished\":\"2021-06-15T16:55:57+00:00\",\"dateModified\":\"2021-06-15T16:55:59+00:00\",\"mainEntityOfPage\":{\"@id\":\"https:\/\/www.gaveanews.com\/index.php\/2021\/06\/15\/flamengo-trabalha-para-contratar-dois-nomes-de-peso-ainda-este-ano\/\"},\"wordCount\":185,\"commentCount\":32,\"image\":{\"@id\":\"https:\/\/www.gaveanews.com\/index.php\/2021\/06\/15\/flamengo-trabalha-para-contratar-dois-nomes-de-peso-ainda-este-ano\/#primaryimage\"},\"thumbnailUrl\":\"https:\/\/www.gaveanews.com\/wp-content\/uploads\/Marcos-Braz-no-gramado-do-Maracana.webp\",\"articleSection\":[\"Negocia\u00e7\u00f5es\"],\"inLanguage\":\"pt-BR\",\"potentialAction\":[{\"@type\":\"CommentAction\",\"name\":\"Comment\",\"target\":[\"https:\/\/www.gaveanews.com\/index.php\/2021\/06\/15\/flamengo-trabalha-para-contratar-dois-nomes-de-peso-ainda-este-ano\/#respond\"]}],\"copyrightYear\":\"2021\",\"copyrightHolder\":{\"@id\":\"https:\/\/www.gaveanews.com\/#organization\"}},{\"@type\":\"WebPage\",\"@id\":\"https:\/\/www.gaveanews.com\/index.php\/2021\/06\/15\/flamengo-trabalha-para-contratar-dois-nomes-de-peso-ainda-este-ano\/\",\"url\":\"https:\/\/www.gaveanews.com\/index.php\/2021\/06\/15\/flamengo-trabalha-para-contratar-dois-nomes-de-peso-ainda-este-ano\/\",\"name\":\"Flamengo trabalha para contratar dois nomes de peso ainda este ano\",\"isPartOf\":{\"@id\":\"https:\/\/www.gaveanews.com\/#website\"},\"primaryImageOfPage\":{\"@id\":\"https:\/\/www.gaveanews.com\/index.php\/2021\/06\/15\/flamengo-trabalha-para-contratar-dois-nomes-de-peso-ainda-este-ano\/#primaryimage\"},\"image\":{\"@id\":\"https:\/\/www.gaveanews.com\/index.php\/2021\/06\/15\/flamengo-trabalha-para-contratar-dois-nomes-de-peso-ainda-este-ano\/#primaryimage\"},\"thumbnailUrl\":\"https:\/\/www.gaveanews.com\/wp-content\/uploads\/Marcos-Braz-no-gramado-do-Maracana.webp\",\"datePublished\":\"2021-06-15T16:55:57+00:00\",\"dateModified\":\"2021-06-15T16:55:59+00:00\",\"author\":{\"@id\":\"https:\/\/www.gaveanews.com\/#\/schema\/person\/2ec14f73fb96be2caf28f91afb14749d\"},\"breadcrumb\":{\"@id\":\"https:\/\/www.gaveanews.com\/index.php\/2021\/06\/15\/flamengo-trabalha-para-contratar-dois-nomes-de-peso-ainda-este-ano\/#breadcrumb\"},\"inLanguage\":\"pt-BR\",\"potentialAction\":[{\"@type\":\"ReadAction\",\"target\":[\"https:\/\/www.gaveanews.com\/index.php\/2021\/06\/15\/flamengo-trabalha-para-contratar-dois-nomes-de-peso-ainda-este-ano\/\"]}]},{\"@type\":\"ImageObject\",\"inLanguage\":\"pt-BR\",\"@id\":\"https:\/\/www.gaveanews.com\/index.php\/2021\/06\/15\/flamengo-trabalha-para-contratar-dois-nomes-de-peso-ainda-este-ano\/#primaryimage\",\"url\":\"https:\/\/www.gaveanews.com\/wp-content\/uploads\/Marcos-Braz-no-gramado-do-Maracana.webp\",\"contentUrl\":\"https:\/\/www.gaveanews.com\/wp-content\/uploads\/Marcos-Braz-no-gramado-do-Maracana.webp\",\"width\":799,\"height\":532,\"caption\":\"Marcos Braz no gramado do Maracan\u00e3 (Foto: Alexandre Vidal\/Flamengo)\"},{\"@type\":\"BreadcrumbList\",\"@id\":\"https:\/\/www.gaveanews.com\/index.php\/2021\/06\/15\/flamengo-trabalha-para-contratar-dois-nomes-de-peso-ainda-este-ano\/#breadcrumb\",\"itemListElement\":[{\"@type\":\"ListItem\",\"position\":1,\"name\":\"Home\",\"item\":\"https:\/\/www.gaveanews.com\/\"},{\"@type\":\"ListItem\",\"position\":2,\"name\":\"Flamengo trabalha para contratar dois nomes de peso ainda este ano\"}]},{\"@type\":\"WebSite\",\"@id\":\"https:\/\/www.gaveanews.com\/#website\",\"url\":\"https:\/\/www.gaveanews.com\/\",\"name\":\"G\u00e1vea News\",\"description\":\"Veja todas as not\u00edcias sobre o Flamengo: Contrata\u00e7\u00f5es, categorias de base, resultados das partidas, tabela de classifica\u00e7\u00e3o, pr\u00f3ximos jogos!\",\"potentialAction\":[{\"@type\":\"SearchAction\",\"target\":{\"@type\":\"EntryPoint\",\"urlTemplate\":\"https:\/\/www.gaveanews.com\/?s={search_term_string}\"},\"query-input\":{\"@type\":\"PropertyValueSpecification\",\"valueRequired\":true,\"valueName\":\"search_term_string\"}}],\"inLanguage\":\"pt-BR\"},{\"@type\":\"Person\",\"@id\":\"https:\/\/www.gaveanews.com\/#\/schema\/person\/2ec14f73fb96be2caf28f91afb14749d\",\"name\":\"Equipe G\u00e1vea News\",\"image\":{\"@type\":\"ImageObject\",\"inLanguage\":\"pt-BR\",\"@id\":\"https:\/\/www.gaveanews.com\/#\/schema\/person\/image\/\",\"url\":\"https:\/\/secure.gravatar.com\/avatar\/1e1956f1facbffd3f8fa53a326721950116b3b9dc9bd44939c01180fd4a745a9?s=96&d=mm&r=g\",\"contentUrl\":\"https:\/\/secure.gravatar.com\/avatar\/1e1956f1facbffd3f8fa53a326721950116b3b9dc9bd44939c01180fd4a745a9?s=96&d=mm&r=g\",\"caption\":\"Equipe G\u00e1vea News\"}}]}<\/script>\n<!-- \/ Yoast SEO Premium plugin. -->","yoast_head_json":{"title":"Flamengo trabalha para contratar dois nomes de peso ainda este ano","robots":{"index":"index","follow":"follow","max-snippet":"max-snippet:-1","max-image-preview":"max-image-preview:large","max-video-preview":"max-video-preview:-1"},"canonical":"https:\/\/www.gaveanews.com\/index.php\/2021\/06\/15\/flamengo-trabalha-para-contratar-dois-nomes-de-peso-ainda-este-ano\/","og_locale":"pt_BR","og_type":"article","og_title":"Flamengo trabalha para contratar dois nomes de peso ainda este ano","og_description":"O Flamengo est\u00e1 se preparando para trazer dois nomes de peso do futebol europeu na pr\u00f3xima janela, de acordo com informa\u00e7\u00f5es do youtuber Gustavo Henrique \u201cDando Choque\u201d. Segundo ele, Marcos Braz e Bruno Spindel j\u00e1 mapearam o mercado e esperam contratar pelo menos um dos jogadores. Resta apenas a libera\u00e7\u00e3o do financeiro. De acordo com [&hellip;]","og_url":"https:\/\/www.gaveanews.com\/index.php\/2021\/06\/15\/flamengo-trabalha-para-contratar-dois-nomes-de-peso-ainda-este-ano\/","og_site_name":"G\u00e1vea News","article_publisher":"https:\/\/facebook.com\/gaveaNews\/","article_published_time":"2021-06-15T16:55:57+00:00","article_modified_time":"2021-06-15T16:55:59+00:00","og_image":[{"width":799,"height":532,"url":"https:\/\/www.gaveanews.com\/wp-content\/uploads\/Marcos-Braz-no-gramado-do-Maracana.webp","type":"image\/jpeg"}],"author":"Equipe G\u00e1vea News","twitter_card":"summary_large_image","twitter_misc":{"Escrito por":"Equipe G\u00e1vea News","Est. tempo de leitura":"1 minuto"},"schema":{"@context":"https:\/\/schema.org","@graph":[{"@type":"NewsArticle","@id":"https:\/\/www.gaveanews.com\/index.php\/2021\/06\/15\/flamengo-trabalha-para-contratar-dois-nomes-de-peso-ainda-este-ano\/#article","isPartOf":{"@id":"https:\/\/www.gaveanews.com\/index.php\/2021\/06\/15\/flamengo-trabalha-para-contratar-dois-nomes-de-peso-ainda-este-ano\/"},"author":{"name":"Equipe G\u00e1vea News","@id":"https:\/\/www.gaveanews.com\/#\/schema\/person\/2ec14f73fb96be2caf28f91afb14749d"},"headline":"Flamengo trabalha para contratar dois nomes de peso ainda este ano","datePublished":"2021-06-15T16:55:57+00:00","dateModified":"2021-06-15T16:55:59+00:00","mainEntityOfPage":{"@id":"https:\/\/www.gaveanews.com\/index.php\/2021\/06\/15\/flamengo-trabalha-para-contratar-dois-nomes-de-peso-ainda-este-ano\/"},"wordCount":185,"commentCount":32,"image":{"@id":"https:\/\/www.gaveanews.com\/index.php\/2021\/06\/15\/flamengo-trabalha-para-contratar-dois-nomes-de-peso-ainda-este-ano\/#primaryimage"},"thumbnailUrl":"https:\/\/www.gaveanews.com\/wp-content\/uploads\/Marcos-Braz-no-gramado-do-Maracana.webp","articleSection":["Negocia\u00e7\u00f5es"],"inLanguage":"pt-BR","potentialAction":[{"@type":"CommentAction","name":"Comment","target":["https:\/\/www.gaveanews.com\/index.php\/2021\/06\/15\/flamengo-trabalha-para-contratar-dois-nomes-de-peso-ainda-este-ano\/#respond"]}],"copyrightYear":"2021","copyrightHolder":{"@id":"https:\/\/www.gaveanews.com\/#organization"}},{"@type":"WebPage","@id":"https:\/\/www.gaveanews.com\/index.php\/2021\/06\/15\/flamengo-trabalha-para-contratar-dois-nomes-de-peso-ainda-este-ano\/","url":"https:\/\/www.gaveanews.com\/index.php\/2021\/06\/15\/flamengo-trabalha-para-contratar-dois-nomes-de-peso-ainda-este-ano\/","name":"Flamengo trabalha para contratar dois nomes de peso ainda este ano","isPartOf":{"@id":"https:\/\/www.gaveanews.com\/#website"},"primaryImageOfPage":{"@id":"https:\/\/www.gaveanews.com\/index.php\/2021\/06\/15\/flamengo-trabalha-para-contratar-dois-nomes-de-peso-ainda-este-ano\/#primaryimage"},"image":{"@id":"https:\/\/www.gaveanews.com\/index.php\/2021\/06\/15\/flamengo-trabalha-para-contratar-dois-nomes-de-peso-ainda-este-ano\/#primaryimage"},"thumbnailUrl":"https:\/\/www.gaveanews.com\/wp-content\/uploads\/Marcos-Braz-no-gramado-do-Maracana.webp","datePublished":"2021-06-15T16:55:57+00:00","dateModified":"2021-06-15T16:55:59+00:00","author":{"@id":"https:\/\/www.gaveanews.com\/#\/schema\/person\/2ec14f73fb96be2caf28f91afb14749d"},"breadcrumb":{"@id":"https:\/\/www.gaveanews.com\/index.php\/2021\/06\/15\/flamengo-trabalha-para-contratar-dois-nomes-de-peso-ainda-este-ano\/#breadcrumb"},"inLanguage":"pt-BR","potentialAction":[{"@type":"ReadAction","target":["https:\/\/www.gaveanews.com\/index.php\/2021\/06\/15\/flamengo-trabalha-para-contratar-dois-nomes-de-peso-ainda-este-ano\/"]}]},{"@type":"ImageObject","inLanguage":"pt-BR","@id":"https:\/\/www.gaveanews.com\/index.php\/2021\/06\/15\/flamengo-trabalha-para-contratar-dois-nomes-de-peso-ainda-este-ano\/#primaryimage","url":"https:\/\/www.gaveanews.com\/wp-content\/uploads\/Marcos-Braz-no-gramado-do-Maracana.webp","contentUrl":"https:\/\/www.gaveanews.com\/wp-content\/uploads\/Marcos-Braz-no-gramado-do-Maracana.webp","width":799,"height":532,"caption":"Marcos Braz no gramado do Maracan\u00e3 (Foto: Alexandre Vidal\/Flamengo)"},{"@type":"BreadcrumbList","@id":"https:\/\/www.gaveanews.com\/index.php\/2021\/06\/15\/flamengo-trabalha-para-contratar-dois-nomes-de-peso-ainda-este-ano\/#breadcrumb","itemListElement":[{"@type":"ListItem","position":1,"name":"Home","item":"https:\/\/www.gaveanews.com\/"},{"@type":"ListItem","position":2,"name":"Flamengo trabalha para contratar dois nomes de peso ainda este ano"}]},{"@type":"WebSite","@id":"https:\/\/www.gaveanews.com\/#website","url":"https:\/\/www.gaveanews.com\/","name":"G\u00e1vea News","description":"Veja todas as not\u00edcias sobre o Flamengo: Contrata\u00e7\u00f5es, categorias de base, resultados das partidas, tabela de classifica\u00e7\u00e3o, pr\u00f3ximos jogos!","potentialAction":[{"@type":"SearchAction","target":{"@type":"EntryPoint","urlTemplate":"https:\/\/www.gaveanews.com\/?s={search_term_string}"},"query-input":{"@type":"PropertyValueSpecification","valueRequired":true,"valueName":"search_term_string"}}],"inLanguage":"pt-BR"},{"@type":"Person","@id":"https:\/\/www.gaveanews.com\/#\/schema\/person\/2ec14f73fb96be2caf28f91afb14749d","name":"Equipe G\u00e1vea News","image":{"@type":"ImageObject","inLanguage":"pt-BR","@id":"https:\/\/www.gaveanews.com\/#\/schema\/person\/image\/","url":"https:\/\/secure.gravatar.com\/avatar\/1e1956f1facbffd3f8fa53a326721950116b3b9dc9bd44939c01180fd4a745a9?s=96&d=mm&r=g","contentUrl":"https:\/\/secure.gravatar.com\/avatar\/1e1956f1facbffd3f8fa53a326721950116b3b9dc9bd44939c01180fd4a745a9?s=96&d=mm&r=g","caption":"Equipe G\u00e1vea News"}}]}},"_links":{"self":[{"href":"https:\/\/www.gaveanews.com\/index.php\/wp-json\/wp\/v2\/posts\/63020","targetHints":{"allow":["GET"]}}],"collection":[{"href":"https:\/\/www.gaveanews.com\/index.php\/wp-json\/wp\/v2\/posts"}],"about":[{"href":"https:\/\/www.gaveanews.com\/index.php\/wp-json\/wp\/v2\/types\/post"}],"author":[{"embeddable":true,"href":"https:\/\/www.gaveanews.com\/index.php\/wp-json\/wp\/v2\/users\/1"}],"replies":[{"embeddable":true,"href":"https:\/\/www.gaveanews.com\/index.php\/wp-json\/wp\/v2\/comments?post=63020"}],"version-history":[{"count":0,"href":"https:\/\/www.gaveanews.com\/index.php\/wp-json\/wp\/v2\/posts\/63020\/revisions"}],"wp:featuredmedia":[{"embeddable":true,"href":"https:\/\/www.gaveanews.com\/index.php\/wp-json\/wp\/v2\/media\/46957"}],"wp:attachment":[{"href":"https:\/\/www.gaveanews.com\/index.php\/wp-json\/wp\/v2\/media?parent=63020"}],"wp:term":[{"taxonomy":"category","embeddable":true,"href":"https:\/\/www.gaveanews.com\/index.php\/wp-json\/wp\/v2\/categories?post=63020"},{"taxonomy":"post_tag","embeddable":true,"href":"https:\/\/www.gaveanews.com\/index.php\/wp-json\/wp\/v2\/tags?post=63020"}],"curies":[{"name":"wp","href":"https:\/\/api.w.org\/{rel}","templated":true}]}}