{"id":63045,"date":"2021-06-15T21:25:13","date_gmt":"2021-06-16T00:25:13","guid":{"rendered":"https:\/\/www.gaveanews.com\/?p=63045"},"modified":"2021-06-15T21:25:16","modified_gmt":"2021-06-16T00:25:16","slug":"landim-e-o-lider-do-movimento-dos-clubes-por-nova-liga","status":"publish","type":"post","link":"https:\/\/www.gaveanews.com\/index.php\/2021\/06\/15\/landim-e-o-lider-do-movimento-dos-clubes-por-nova-liga\/","title":{"rendered":"Landim \u00e9 o l\u00edder do movimento dos clubes por nova Liga"},"content":{"rendered":"\n<p>Os clubes da S\u00e9rie A evitam falar abertamente em lideran\u00e7as do movimento que surge para esbo\u00e7ar uma nova liga que possa substituir o Campeonato Brasileiro \u2013 hoje totalmente comandando pela CBF. No entanto, na reuni\u00e3o da tarde desta ter\u00e7a-feira (15) na sede da confedera\u00e7\u00e3o, no Rio, j\u00e1 foi poss\u00edvel verificar os dirigentes que encabe\u00e7am o processo.<\/p>\n\n\n\n<p>T\u00e3o logo o encontro come\u00e7ou, o presidente do Flamengo, Rodolfo Landim, foi o respons\u00e1vel por ler em voz alta a carta assinada por outros 18 clubes que detalhava os planos do grupo, segundo apurou o ESPN.com.br. Al\u00e9m da carta, o cartola do clube da G\u00e1vea assumiu a palavra em outros momentos da reuni\u00e3o para falar pelos clubes aos dirigentes da CBF.<\/p>\n\n\n\n<p>Landim foi, ao lado do presidente do Athletico-PR, Mario Celso Petraglia, um dos entusiastas da decis\u00e3o de levar a carta \u00e0 CBF ap\u00f3s muitos debates em grupos de conversas em aplicativos de mensagens. Petraglia tamb\u00e9m falou bastante na reuni\u00e3o desta ter\u00e7a.<\/p>\n\n\n\n<p>Outros quatro presidentes de clubes pediram a palavra, representaram os colegas e defenderam pontos importantes no di\u00e1logo com a CBF: Maur\u00edcio Galiotte, do Palmeiras, Romildo Bolzan, do Gr\u00eamio, Guilherme Bellintani, do Bahia, e Alencar da Silveira J\u00fanior, do Am\u00e9rica-MG.<\/p>\n\n\n\n<p>O grupo deixou claro que n\u00e3o pretende romper definitivamente com a CBF e v\u00ea a entidade como parceira para organizar uma futura liga. A ideia dos times \u00e9 assumir setores importantes da competi\u00e7\u00e3o e depender menos de decis\u00f5es da confedera\u00e7\u00e3o onde pouco costumam participar.<\/p>\n\n\n\n<p>Os clubes ainda pretendem diminuir o peso das federa\u00e7\u00f5es em elei\u00e7\u00f5es e aumentar a representatividade das agremia\u00e7\u00f5es em vice-presid\u00eancias e diretorias estrat\u00e9gicas.<\/p>\n\n\n\n<p><strong>CBF aprova conversa e v\u00ea tom pac\u00edfico<\/strong><br>A CBF avaliou o encontro como positivo e pac\u00edfico. Representada pelos vice-presidentes Gustavo Feij\u00f3, Castellar Neto, Fernando Sarney e Ednaldo Rodrigues, pelo secret\u00e1rio-geral, Walter Feldman, e por alguns advogados, a confedera\u00e7\u00e3o ouviu mais do que falou. E prometeu avaliar todas as solicita\u00e7\u00f5es internamente.<\/p>\n\n\n\n<p>Agora, os cartolas da entidade trabalhar\u00e3o a articula\u00e7\u00e3o junto \u00e0s federa\u00e7\u00f5es estaduais, \u00fanicas que podem impedir em assembleia a cria\u00e7\u00e3o de uma liga separada da CBF.<\/p>\n\n\n\n<p>Uma nova conversa ainda n\u00e3o tem data marcada, mas os dois lados acreditam que possa ocorrer em breve.<\/p>\n\n\n\n<p>Por ora, a c\u00fapula da CBF se concentrar\u00e1 na transi\u00e7\u00e3o pol\u00edtica em meio ao afastamento do presidente Rog\u00e9rio Caboclo. Passada a iminente retirada definitiva dos dirigentes de cena, vice-presidentes e federa\u00e7\u00f5es avaliar\u00e3o o cen\u00e1rio pol\u00edtico junto aos clubes.<\/p>\n\n\n\n<p><strong>A movimenta\u00e7\u00e3o<\/strong><br>A crise na Confedera\u00e7\u00e3o Brasileira de Futebol (CBF), com o afastamento de Rog\u00e9rio Caboclo da presid\u00eancia, fez com que os clubes da S\u00e9rie A se mobilizassem nos bastidores. Nas conversas, atrav\u00e9s de um grupo no WhatsApp, nasceu a ideia de uma liga que passe a organizar o campeonato nacional.<\/p>\n\n\n\n<p>Na sede da confedera\u00e7\u00e3o, os presidentes de 19 clubes da S\u00e9rie A \u2013 o Sport n\u00e3o compareceu devido \u00e0 ren\u00fancia do presidente \u2013 assinaram uma carta que pede altera\u00e7\u00e3o estatut\u00e1ria prevendo maior participa\u00e7\u00e3o dos clubes nas decis\u00f5es, participa\u00e7\u00e3o nas elei\u00e7\u00f5es dos presidentes da entidade e a decis\u00e3o de criar uma Liga de futebol que organizar\u00e1 o Campeonato Brasileiro.<\/p>\n\n\n\n<p>Posteriormente, o Sport confirmou por meio de nota oficial que \u00e9 favor\u00e1vel \u00e0 cria\u00e7\u00e3o da Liga, assim como dos outros pontos defendidos pelos clubes da primeira divis\u00e3o.<\/p>\n\n\n\n<p><strong>A carta dos clubes:<\/strong><br>Prezados Senhores,<\/p>\n\n\n\n<p>Por unanimidade dos presentes, 19 (dezenove) Clubes da S\u00e9rie \u201cA\u201d do Futebol Brasileiro \u2013 em raz\u00e7\u00e3o de diversos acontecimentos que v\u00eam se acumulando ao longo dos anos e que revelam um distanciamento total e absoluto entre os anseios dos Clubes que d\u00e3o suporte ao futebol profissional brasileiro e a forma como que \u00e9 gerida a CBF -, reunidos nests data, decidiram adotar as postula\u00e7\u00f5es e resolu\u00e7\u00f5es na forma abaixo elencada:<\/p>\n\n\n\n<p>1- Requerer a imediata altera\u00e7\u00e3o estatut\u00e1ria que consagre uma maior participa\u00e7\u00e3o dos Clubes nas decis\u00f5es institucionais e na gest\u00e3o da CBF, admitindo-se os Clubes como filiados dessa entidade;<\/p>\n\n\n\n<p>2- Dentre os itens desta altera\u00e7\u00e3o estatut\u00e1ria, necessariamente deve ser inclu\u00edda a vota\u00e7\u00e3o igualit\u00e1ria nas elei\u00e7\u00f5es para escolha do Presidente e Vice-Presidentes da CBF, sendo certo que Federa\u00e7\u00f5es e Clubes das S\u00e9ries \u201cA\u201d e \u201cB\u201d ter\u00e3o seus votos contados de forma unit\u00e1ria e com o mesmo peso entre si;<\/p>\n\n\n\n<p>3- Ainda no que se refere \u00e0 altera\u00e7\u00e3o estatut\u00e1ria, inclui-se o fim dos requisitos m\u00ednimos para inscri\u00e7\u00e3o das chapas concorrentes \u00e0 elei\u00e7\u00e3o desta entidade, abolindo-se a necessidade de apoio de oito (8) federa\u00e7\u00f5es e cinco (5) Clubes, permitindo-se o lan\u00e7amento de chapas que tenham o apoio expresso de, ao menos, 13 eleitores, independente de serem clubes ou federa\u00e7\u00f5es; e<\/p>\n\n\n\n<p>4- Comunicar a decis\u00e3o da cria\u00e7\u00e3o imediata de uma \u201cLiga\u201d de futebol no Brasil, que ser\u00e1 fundada com a maior breviedade poss\u00edvel e que passar\u00e1 a organizar e desenvolver economicamente o Campeonato Brasileiro de Futebol. Al\u00e9m dos Clubes signat\u00e1rios, os Clubes da S\u00e9rie \u201cB\u201d ser\u00e3o convidados a integrar a \u201cLiga\u201d.<\/p>\n\n\n\n<p>Os Clubes adotar\u00e3o as medidas efetivas para consumar a sua associa\u00e7\u00e3o, para, de fora organizada, exercerem administra\u00e7\u00e3o do futebol brasileiro e do seu calend\u00e1rio.<\/p>\n\n\n\n<p>Retirado de: ESPN<\/p>\n","protected":false},"excerpt":{"rendered":"<p>Os clubes da S\u00e9rie A evitam falar abertamente em lideran\u00e7as do movimento que surge para esbo\u00e7ar uma nova liga que possa substituir o Campeonato Brasileiro \u2013 hoje totalmente comandando pela CBF. No entanto, na reuni\u00e3o da tarde desta ter\u00e7a-feira (15) na sede da confedera\u00e7\u00e3o, no Rio, j\u00e1 foi poss\u00edvel verificar os dirigentes que encabe\u00e7am o [&hellip;]<\/p>\n","protected":false},"author":1,"featured_media":62889,"comment_status":"open","ping_status":"closed","sticky":false,"template":"","format":"standard","meta":{"footnotes":""},"categories":[1],"tags":[],"class_list":["post-63045","post","type-post","status-publish","format-standard","has-post-thumbnail","hentry","category-flamengo"],"yoast_head":"<!-- This site is optimized with the Yoast SEO Premium plugin v24.2 (Yoast SEO v26.9) - https:\/\/yoast.com\/product\/yoast-seo-premium-wordpress\/ -->\n<title>Landim \u00e9 o l\u00edder do movimento dos clubes por nova Liga<\/title>\n<meta name=\"robots\" content=\"index, follow, max-snippet:-1, max-image-preview:large, max-video-preview:-1\" \/>\n<link rel=\"canonical\" href=\"https:\/\/www.gaveanews.com\/index.php\/2021\/06\/15\/landim-e-o-lider-do-movimento-dos-clubes-por-nova-liga\/\" \/>\n<meta property=\"og:locale\" content=\"pt_BR\" \/>\n<meta property=\"og:type\" content=\"article\" \/>\n<meta property=\"og:title\" content=\"Landim \u00e9 o l\u00edder do movimento dos clubes por nova Liga\" \/>\n<meta property=\"og:description\" content=\"Os clubes da S\u00e9rie A evitam falar abertamente em lideran\u00e7as do movimento que surge para esbo\u00e7ar uma nova liga que possa substituir o Campeonato Brasileiro \u2013 hoje totalmente comandando pela CBF. No entanto, na reuni\u00e3o da tarde desta ter\u00e7a-feira (15) na sede da confedera\u00e7\u00e3o, no Rio, j\u00e1 foi poss\u00edvel verificar os dirigentes que encabe\u00e7am o [&hellip;]\" \/>\n<meta property=\"og:url\" content=\"https:\/\/www.gaveanews.com\/index.php\/2021\/06\/15\/landim-e-o-lider-do-movimento-dos-clubes-por-nova-liga\/\" \/>\n<meta property=\"og:site_name\" content=\"G\u00e1vea News\" \/>\n<meta property=\"article:publisher\" content=\"https:\/\/facebook.com\/gaveaNews\/\" \/>\n<meta property=\"article:published_time\" content=\"2021-06-16T00:25:13+00:00\" \/>\n<meta property=\"article:modified_time\" content=\"2021-06-16T00:25:16+00:00\" \/>\n<meta property=\"og:image\" content=\"https:\/\/www.gaveanews.com\/wp-content\/uploads\/Rodolfo-Landim-presidente-do-Flamengo-durante-a-premiacao-do-Campeonato-Carioca.webp\" \/>\n\t<meta property=\"og:image:width\" content=\"902\" \/>\n\t<meta property=\"og:image:height\" content=\"600\" \/>\n\t<meta property=\"og:image:type\" content=\"image\/jpeg\" \/>\n<meta name=\"author\" content=\"Equipe G\u00e1vea News\" \/>\n<meta name=\"twitter:card\" content=\"summary_large_image\" \/>\n<meta name=\"twitter:label1\" content=\"Escrito por\" \/>\n\t<meta name=\"twitter:data1\" content=\"Equipe G\u00e1vea News\" \/>\n\t<meta name=\"twitter:label2\" content=\"Est. tempo de leitura\" \/>\n\t<meta name=\"twitter:data2\" content=\"4 minutos\" \/>\n<script type=\"application\/ld+json\" class=\"yoast-schema-graph\">{\"@context\":\"https:\/\/schema.org\",\"@graph\":[{\"@type\":\"NewsArticle\",\"@id\":\"https:\/\/www.gaveanews.com\/index.php\/2021\/06\/15\/landim-e-o-lider-do-movimento-dos-clubes-por-nova-liga\/#article\",\"isPartOf\":{\"@id\":\"https:\/\/www.gaveanews.com\/index.php\/2021\/06\/15\/landim-e-o-lider-do-movimento-dos-clubes-por-nova-liga\/\"},\"author\":{\"name\":\"Equipe G\u00e1vea News\",\"@id\":\"https:\/\/www.gaveanews.com\/#\/schema\/person\/2ec14f73fb96be2caf28f91afb14749d\"},\"headline\":\"Landim \u00e9 o l\u00edder do movimento dos clubes por nova Liga\",\"datePublished\":\"2021-06-16T00:25:13+00:00\",\"dateModified\":\"2021-06-16T00:25:16+00:00\",\"mainEntityOfPage\":{\"@id\":\"https:\/\/www.gaveanews.com\/index.php\/2021\/06\/15\/landim-e-o-lider-do-movimento-dos-clubes-por-nova-liga\/\"},\"wordCount\":925,\"commentCount\":15,\"image\":{\"@id\":\"https:\/\/www.gaveanews.com\/index.php\/2021\/06\/15\/landim-e-o-lider-do-movimento-dos-clubes-por-nova-liga\/#primaryimage\"},\"thumbnailUrl\":\"https:\/\/www.gaveanews.com\/wp-content\/uploads\/Rodolfo-Landim-presidente-do-Flamengo-durante-a-premiacao-do-Campeonato-Carioca.webp\",\"articleSection\":[\"Flamengo\"],\"inLanguage\":\"pt-BR\",\"potentialAction\":[{\"@type\":\"CommentAction\",\"name\":\"Comment\",\"target\":[\"https:\/\/www.gaveanews.com\/index.php\/2021\/06\/15\/landim-e-o-lider-do-movimento-dos-clubes-por-nova-liga\/#respond\"]}],\"copyrightYear\":\"2021\",\"copyrightHolder\":{\"@id\":\"https:\/\/www.gaveanews.com\/#organization\"}},{\"@type\":\"WebPage\",\"@id\":\"https:\/\/www.gaveanews.com\/index.php\/2021\/06\/15\/landim-e-o-lider-do-movimento-dos-clubes-por-nova-liga\/\",\"url\":\"https:\/\/www.gaveanews.com\/index.php\/2021\/06\/15\/landim-e-o-lider-do-movimento-dos-clubes-por-nova-liga\/\",\"name\":\"Landim \u00e9 o l\u00edder do movimento dos clubes por nova Liga\",\"isPartOf\":{\"@id\":\"https:\/\/www.gaveanews.com\/#website\"},\"primaryImageOfPage\":{\"@id\":\"https:\/\/www.gaveanews.com\/index.php\/2021\/06\/15\/landim-e-o-lider-do-movimento-dos-clubes-por-nova-liga\/#primaryimage\"},\"image\":{\"@id\":\"https:\/\/www.gaveanews.com\/index.php\/2021\/06\/15\/landim-e-o-lider-do-movimento-dos-clubes-por-nova-liga\/#primaryimage\"},\"thumbnailUrl\":\"https:\/\/www.gaveanews.com\/wp-content\/uploads\/Rodolfo-Landim-presidente-do-Flamengo-durante-a-premiacao-do-Campeonato-Carioca.webp\",\"datePublished\":\"2021-06-16T00:25:13+00:00\",\"dateModified\":\"2021-06-16T00:25:16+00:00\",\"author\":{\"@id\":\"https:\/\/www.gaveanews.com\/#\/schema\/person\/2ec14f73fb96be2caf28f91afb14749d\"},\"breadcrumb\":{\"@id\":\"https:\/\/www.gaveanews.com\/index.php\/2021\/06\/15\/landim-e-o-lider-do-movimento-dos-clubes-por-nova-liga\/#breadcrumb\"},\"inLanguage\":\"pt-BR\",\"potentialAction\":[{\"@type\":\"ReadAction\",\"target\":[\"https:\/\/www.gaveanews.com\/index.php\/2021\/06\/15\/landim-e-o-lider-do-movimento-dos-clubes-por-nova-liga\/\"]}]},{\"@type\":\"ImageObject\",\"inLanguage\":\"pt-BR\",\"@id\":\"https:\/\/www.gaveanews.com\/index.php\/2021\/06\/15\/landim-e-o-lider-do-movimento-dos-clubes-por-nova-liga\/#primaryimage\",\"url\":\"https:\/\/www.gaveanews.com\/wp-content\/uploads\/Rodolfo-Landim-presidente-do-Flamengo-durante-a-premiacao-do-Campeonato-Carioca.webp\",\"contentUrl\":\"https:\/\/www.gaveanews.com\/wp-content\/uploads\/Rodolfo-Landim-presidente-do-Flamengo-durante-a-premiacao-do-Campeonato-Carioca.webp\",\"width\":902,\"height\":600,\"caption\":\"Rodolfo Landim, presidente do Flamengo, durante a premia\u00e7\u00e3o do Campeonato Carioca (Foto: Divulga\u00e7\u00e3o)\"},{\"@type\":\"BreadcrumbList\",\"@id\":\"https:\/\/www.gaveanews.com\/index.php\/2021\/06\/15\/landim-e-o-lider-do-movimento-dos-clubes-por-nova-liga\/#breadcrumb\",\"itemListElement\":[{\"@type\":\"ListItem\",\"position\":1,\"name\":\"Home\",\"item\":\"https:\/\/www.gaveanews.com\/\"},{\"@type\":\"ListItem\",\"position\":2,\"name\":\"Landim \u00e9 o l\u00edder do movimento dos clubes por nova Liga\"}]},{\"@type\":\"WebSite\",\"@id\":\"https:\/\/www.gaveanews.com\/#website\",\"url\":\"https:\/\/www.gaveanews.com\/\",\"name\":\"G\u00e1vea News\",\"description\":\"Veja todas as not\u00edcias sobre o Flamengo: Contrata\u00e7\u00f5es, categorias de base, resultados das partidas, tabela de classifica\u00e7\u00e3o, pr\u00f3ximos jogos!\",\"potentialAction\":[{\"@type\":\"SearchAction\",\"target\":{\"@type\":\"EntryPoint\",\"urlTemplate\":\"https:\/\/www.gaveanews.com\/?s={search_term_string}\"},\"query-input\":{\"@type\":\"PropertyValueSpecification\",\"valueRequired\":true,\"valueName\":\"search_term_string\"}}],\"inLanguage\":\"pt-BR\"},{\"@type\":\"Person\",\"@id\":\"https:\/\/www.gaveanews.com\/#\/schema\/person\/2ec14f73fb96be2caf28f91afb14749d\",\"name\":\"Equipe G\u00e1vea News\",\"image\":{\"@type\":\"ImageObject\",\"inLanguage\":\"pt-BR\",\"@id\":\"https:\/\/www.gaveanews.com\/#\/schema\/person\/image\/\",\"url\":\"https:\/\/secure.gravatar.com\/avatar\/1e1956f1facbffd3f8fa53a326721950116b3b9dc9bd44939c01180fd4a745a9?s=96&d=mm&r=g\",\"contentUrl\":\"https:\/\/secure.gravatar.com\/avatar\/1e1956f1facbffd3f8fa53a326721950116b3b9dc9bd44939c01180fd4a745a9?s=96&d=mm&r=g\",\"caption\":\"Equipe G\u00e1vea News\"}}]}<\/script>\n<!-- \/ Yoast SEO Premium plugin. -->","yoast_head_json":{"title":"Landim \u00e9 o l\u00edder do movimento dos clubes por nova Liga","robots":{"index":"index","follow":"follow","max-snippet":"max-snippet:-1","max-image-preview":"max-image-preview:large","max-video-preview":"max-video-preview:-1"},"canonical":"https:\/\/www.gaveanews.com\/index.php\/2021\/06\/15\/landim-e-o-lider-do-movimento-dos-clubes-por-nova-liga\/","og_locale":"pt_BR","og_type":"article","og_title":"Landim \u00e9 o l\u00edder do movimento dos clubes por nova Liga","og_description":"Os clubes da S\u00e9rie A evitam falar abertamente em lideran\u00e7as do movimento que surge para esbo\u00e7ar uma nova liga que possa substituir o Campeonato Brasileiro \u2013 hoje totalmente comandando pela CBF. No entanto, na reuni\u00e3o da tarde desta ter\u00e7a-feira (15) na sede da confedera\u00e7\u00e3o, no Rio, j\u00e1 foi poss\u00edvel verificar os dirigentes que encabe\u00e7am o [&hellip;]","og_url":"https:\/\/www.gaveanews.com\/index.php\/2021\/06\/15\/landim-e-o-lider-do-movimento-dos-clubes-por-nova-liga\/","og_site_name":"G\u00e1vea News","article_publisher":"https:\/\/facebook.com\/gaveaNews\/","article_published_time":"2021-06-16T00:25:13+00:00","article_modified_time":"2021-06-16T00:25:16+00:00","og_image":[{"width":902,"height":600,"url":"https:\/\/www.gaveanews.com\/wp-content\/uploads\/Rodolfo-Landim-presidente-do-Flamengo-durante-a-premiacao-do-Campeonato-Carioca.webp","type":"image\/jpeg"}],"author":"Equipe G\u00e1vea News","twitter_card":"summary_large_image","twitter_misc":{"Escrito por":"Equipe G\u00e1vea News","Est. tempo de leitura":"4 minutos"},"schema":{"@context":"https:\/\/schema.org","@graph":[{"@type":"NewsArticle","@id":"https:\/\/www.gaveanews.com\/index.php\/2021\/06\/15\/landim-e-o-lider-do-movimento-dos-clubes-por-nova-liga\/#article","isPartOf":{"@id":"https:\/\/www.gaveanews.com\/index.php\/2021\/06\/15\/landim-e-o-lider-do-movimento-dos-clubes-por-nova-liga\/"},"author":{"name":"Equipe G\u00e1vea News","@id":"https:\/\/www.gaveanews.com\/#\/schema\/person\/2ec14f73fb96be2caf28f91afb14749d"},"headline":"Landim \u00e9 o l\u00edder do movimento dos clubes por nova Liga","datePublished":"2021-06-16T00:25:13+00:00","dateModified":"2021-06-16T00:25:16+00:00","mainEntityOfPage":{"@id":"https:\/\/www.gaveanews.com\/index.php\/2021\/06\/15\/landim-e-o-lider-do-movimento-dos-clubes-por-nova-liga\/"},"wordCount":925,"commentCount":15,"image":{"@id":"https:\/\/www.gaveanews.com\/index.php\/2021\/06\/15\/landim-e-o-lider-do-movimento-dos-clubes-por-nova-liga\/#primaryimage"},"thumbnailUrl":"https:\/\/www.gaveanews.com\/wp-content\/uploads\/Rodolfo-Landim-presidente-do-Flamengo-durante-a-premiacao-do-Campeonato-Carioca.webp","articleSection":["Flamengo"],"inLanguage":"pt-BR","potentialAction":[{"@type":"CommentAction","name":"Comment","target":["https:\/\/www.gaveanews.com\/index.php\/2021\/06\/15\/landim-e-o-lider-do-movimento-dos-clubes-por-nova-liga\/#respond"]}],"copyrightYear":"2021","copyrightHolder":{"@id":"https:\/\/www.gaveanews.com\/#organization"}},{"@type":"WebPage","@id":"https:\/\/www.gaveanews.com\/index.php\/2021\/06\/15\/landim-e-o-lider-do-movimento-dos-clubes-por-nova-liga\/","url":"https:\/\/www.gaveanews.com\/index.php\/2021\/06\/15\/landim-e-o-lider-do-movimento-dos-clubes-por-nova-liga\/","name":"Landim \u00e9 o l\u00edder do movimento dos clubes por nova Liga","isPartOf":{"@id":"https:\/\/www.gaveanews.com\/#website"},"primaryImageOfPage":{"@id":"https:\/\/www.gaveanews.com\/index.php\/2021\/06\/15\/landim-e-o-lider-do-movimento-dos-clubes-por-nova-liga\/#primaryimage"},"image":{"@id":"https:\/\/www.gaveanews.com\/index.php\/2021\/06\/15\/landim-e-o-lider-do-movimento-dos-clubes-por-nova-liga\/#primaryimage"},"thumbnailUrl":"https:\/\/www.gaveanews.com\/wp-content\/uploads\/Rodolfo-Landim-presidente-do-Flamengo-durante-a-premiacao-do-Campeonato-Carioca.webp","datePublished":"2021-06-16T00:25:13+00:00","dateModified":"2021-06-16T00:25:16+00:00","author":{"@id":"https:\/\/www.gaveanews.com\/#\/schema\/person\/2ec14f73fb96be2caf28f91afb14749d"},"breadcrumb":{"@id":"https:\/\/www.gaveanews.com\/index.php\/2021\/06\/15\/landim-e-o-lider-do-movimento-dos-clubes-por-nova-liga\/#breadcrumb"},"inLanguage":"pt-BR","potentialAction":[{"@type":"ReadAction","target":["https:\/\/www.gaveanews.com\/index.php\/2021\/06\/15\/landim-e-o-lider-do-movimento-dos-clubes-por-nova-liga\/"]}]},{"@type":"ImageObject","inLanguage":"pt-BR","@id":"https:\/\/www.gaveanews.com\/index.php\/2021\/06\/15\/landim-e-o-lider-do-movimento-dos-clubes-por-nova-liga\/#primaryimage","url":"https:\/\/www.gaveanews.com\/wp-content\/uploads\/Rodolfo-Landim-presidente-do-Flamengo-durante-a-premiacao-do-Campeonato-Carioca.webp","contentUrl":"https:\/\/www.gaveanews.com\/wp-content\/uploads\/Rodolfo-Landim-presidente-do-Flamengo-durante-a-premiacao-do-Campeonato-Carioca.webp","width":902,"height":600,"caption":"Rodolfo Landim, presidente do Flamengo, durante a premia\u00e7\u00e3o do Campeonato Carioca (Foto: Divulga\u00e7\u00e3o)"},{"@type":"BreadcrumbList","@id":"https:\/\/www.gaveanews.com\/index.php\/2021\/06\/15\/landim-e-o-lider-do-movimento-dos-clubes-por-nova-liga\/#breadcrumb","itemListElement":[{"@type":"ListItem","position":1,"name":"Home","item":"https:\/\/www.gaveanews.com\/"},{"@type":"ListItem","position":2,"name":"Landim \u00e9 o l\u00edder do movimento dos clubes por nova Liga"}]},{"@type":"WebSite","@id":"https:\/\/www.gaveanews.com\/#website","url":"https:\/\/www.gaveanews.com\/","name":"G\u00e1vea News","description":"Veja todas as not\u00edcias sobre o Flamengo: Contrata\u00e7\u00f5es, categorias de base, resultados das partidas, tabela de classifica\u00e7\u00e3o, pr\u00f3ximos jogos!","potentialAction":[{"@type":"SearchAction","target":{"@type":"EntryPoint","urlTemplate":"https:\/\/www.gaveanews.com\/?s={search_term_string}"},"query-input":{"@type":"PropertyValueSpecification","valueRequired":true,"valueName":"search_term_string"}}],"inLanguage":"pt-BR"},{"@type":"Person","@id":"https:\/\/www.gaveanews.com\/#\/schema\/person\/2ec14f73fb96be2caf28f91afb14749d","name":"Equipe G\u00e1vea News","image":{"@type":"ImageObject","inLanguage":"pt-BR","@id":"https:\/\/www.gaveanews.com\/#\/schema\/person\/image\/","url":"https:\/\/secure.gravatar.com\/avatar\/1e1956f1facbffd3f8fa53a326721950116b3b9dc9bd44939c01180fd4a745a9?s=96&d=mm&r=g","contentUrl":"https:\/\/secure.gravatar.com\/avatar\/1e1956f1facbffd3f8fa53a326721950116b3b9dc9bd44939c01180fd4a745a9?s=96&d=mm&r=g","caption":"Equipe G\u00e1vea News"}}]}},"_links":{"self":[{"href":"https:\/\/www.gaveanews.com\/index.php\/wp-json\/wp\/v2\/posts\/63045","targetHints":{"allow":["GET"]}}],"collection":[{"href":"https:\/\/www.gaveanews.com\/index.php\/wp-json\/wp\/v2\/posts"}],"about":[{"href":"https:\/\/www.gaveanews.com\/index.php\/wp-json\/wp\/v2\/types\/post"}],"author":[{"embeddable":true,"href":"https:\/\/www.gaveanews.com\/index.php\/wp-json\/wp\/v2\/users\/1"}],"replies":[{"embeddable":true,"href":"https:\/\/www.gaveanews.com\/index.php\/wp-json\/wp\/v2\/comments?post=63045"}],"version-history":[{"count":0,"href":"https:\/\/www.gaveanews.com\/index.php\/wp-json\/wp\/v2\/posts\/63045\/revisions"}],"wp:featuredmedia":[{"embeddable":true,"href":"https:\/\/www.gaveanews.com\/index.php\/wp-json\/wp\/v2\/media\/62889"}],"wp:attachment":[{"href":"https:\/\/www.gaveanews.com\/index.php\/wp-json\/wp\/v2\/media?parent=63045"}],"wp:term":[{"taxonomy":"category","embeddable":true,"href":"https:\/\/www.gaveanews.com\/index.php\/wp-json\/wp\/v2\/categories?post=63045"},{"taxonomy":"post_tag","embeddable":true,"href":"https:\/\/www.gaveanews.com\/index.php\/wp-json\/wp\/v2\/tags?post=63045"}],"curies":[{"name":"wp","href":"https:\/\/api.w.org\/{rel}","templated":true}]}}