{"id":63056,"date":"2021-06-16T00:17:49","date_gmt":"2021-06-16T03:17:49","guid":{"rendered":"https:\/\/www.gaveanews.com\/?p=63056"},"modified":"2021-06-16T00:17:54","modified_gmt":"2021-06-16T03:17:54","slug":"flamengo-encara-o-coritiba-de-olho-em-classificacao-na-copa-do-brasil","status":"publish","type":"post","link":"https:\/\/www.gaveanews.com\/index.php\/2021\/06\/16\/flamengo-encara-o-coritiba-de-olho-em-classificacao-na-copa-do-brasil\/","title":{"rendered":"Flamengo encara o Coritiba de olho em classifica\u00e7\u00e3o na Copa do Brasil"},"content":{"rendered":"\n<p>Em grande fase na temporada, o Flamengo volta a campo nesta quarta-feira para pegar o Coritiba, no Maracan\u00e3, \u00e0s 21h30, pelo jogo da volta da Terceira Fase da Copa do Brasil. O Rubro-Negro est\u00e1 h\u00e1 quatro jogos sem sofrer gol, algo que n\u00e3o acontecia desde 2019, quando Marcelo Salles, o Fera, comandou o time enquanto a diretoria acertava a contrata\u00e7\u00e3o de Jorge Jesus.<\/p>\n\n\n\n<p>Caso n\u00e3o volte a tomar gol diante do Coxa, o Flamengo ficar\u00e1 perto da marca obtida em 2018, sob o comando de Maur\u00edcio Barbieri, quando ficou seis confrontos sem ser vazado. Os duelos na ocasi\u00e3o foram com River Plate, Atl\u00e9tico-MG, Bahia, Corinthians, Fluminense e Paran\u00e1.<\/p>\n\n\n\n<p>Para o jogo contra o Coritiba, o t\u00e9cnico Mauricio Souza, que substitui Rog\u00e9rio Ceni, com Covid-19, deve repetir o time que bateu o Am\u00e9rica-MG no \u00faltimo final de semana, com Rodrigo Caio e Ar\u00e3o na zaga. O camisa 3 falou sobre o bom desempenho do setor defensivo do Flamengo.<\/p>\n\n\n\n<p><strong><em>\u2014 \u00c9 gratificante, mostra a for\u00e7a desse grupo e do trabalho que est\u00e1 sendo feito. Muito feliz pelas partidas sem levar gols, \u00e9 algo que a gente vinha cobrando muito. Mas sempre pontuo que n\u00e3o \u00e9 s\u00f3 m\u00e9rito da defesa, \u00e9 da equipe toda. \u00c9 preciso um time solid\u00e1rio, que se ajuda. Isso nos d\u00e1 mais chances de chegar aos nossos objetivos<\/em><\/strong>.<\/p>\n\n\n\n<p>Retirado de: O Dia<\/p>\n","protected":false},"excerpt":{"rendered":"<p>Em grande fase na temporada, o Flamengo volta a campo nesta quarta-feira para pegar o Coritiba, no Maracan\u00e3, \u00e0s 21h30, pelo jogo da volta da Terceira Fase da Copa do Brasil. O Rubro-Negro est\u00e1 h\u00e1 quatro jogos sem sofrer gol, algo que n\u00e3o acontecia desde 2019, quando Marcelo Salles, o Fera, comandou o time enquanto [&hellip;]<\/p>\n","protected":false},"author":1,"featured_media":16297,"comment_status":"open","ping_status":"closed","sticky":false,"template":"","format":"standard","meta":{"footnotes":""},"categories":[1],"tags":[],"class_list":["post-63056","post","type-post","status-publish","format-standard","has-post-thumbnail","hentry","category-flamengo"],"yoast_head":"<!-- This site is optimized with the Yoast SEO Premium plugin v24.2 (Yoast SEO v26.9) - https:\/\/yoast.com\/product\/yoast-seo-premium-wordpress\/ -->\n<title>Flamengo encara o Coritiba de olho em classifica\u00e7\u00e3o na Copa do Brasil<\/title>\n<meta name=\"robots\" content=\"index, follow, max-snippet:-1, max-image-preview:large, max-video-preview:-1\" \/>\n<link rel=\"canonical\" href=\"https:\/\/www.gaveanews.com\/index.php\/2021\/06\/16\/flamengo-encara-o-coritiba-de-olho-em-classificacao-na-copa-do-brasil\/\" \/>\n<meta property=\"og:locale\" content=\"pt_BR\" \/>\n<meta property=\"og:type\" content=\"article\" \/>\n<meta property=\"og:title\" content=\"Flamengo encara o Coritiba de olho em classifica\u00e7\u00e3o na Copa do Brasil\" \/>\n<meta property=\"og:description\" content=\"Em grande fase na temporada, o Flamengo volta a campo nesta quarta-feira para pegar o Coritiba, no Maracan\u00e3, \u00e0s 21h30, pelo jogo da volta da Terceira Fase da Copa do Brasil. O Rubro-Negro est\u00e1 h\u00e1 quatro jogos sem sofrer gol, algo que n\u00e3o acontecia desde 2019, quando Marcelo Salles, o Fera, comandou o time enquanto [&hellip;]\" \/>\n<meta property=\"og:url\" content=\"https:\/\/www.gaveanews.com\/index.php\/2021\/06\/16\/flamengo-encara-o-coritiba-de-olho-em-classificacao-na-copa-do-brasil\/\" \/>\n<meta property=\"og:site_name\" content=\"G\u00e1vea News\" \/>\n<meta property=\"article:publisher\" content=\"https:\/\/facebook.com\/gaveaNews\/\" \/>\n<meta property=\"article:published_time\" content=\"2021-06-16T03:17:49+00:00\" \/>\n<meta property=\"article:modified_time\" content=\"2021-06-16T03:17:54+00:00\" \/>\n<meta property=\"og:image\" content=\"https:\/\/www.gaveanews.com\/wp-content\/uploads\/2019\/03\/Taca-da-Copa-do-Brasil.webp\" \/>\n\t<meta property=\"og:image:width\" content=\"1\" \/>\n\t<meta property=\"og:image:height\" content=\"1\" \/>\n\t<meta property=\"og:image:type\" content=\"image\/jpeg\" \/>\n<meta name=\"author\" content=\"Equipe G\u00e1vea News\" \/>\n<meta name=\"twitter:card\" content=\"summary_large_image\" \/>\n<meta name=\"twitter:label1\" content=\"Escrito por\" \/>\n\t<meta name=\"twitter:data1\" content=\"Equipe G\u00e1vea News\" \/>\n\t<meta name=\"twitter:label2\" content=\"Est. tempo de leitura\" \/>\n\t<meta name=\"twitter:data2\" content=\"1 minuto\" \/>\n<script type=\"application\/ld+json\" class=\"yoast-schema-graph\">{\"@context\":\"https:\/\/schema.org\",\"@graph\":[{\"@type\":\"NewsArticle\",\"@id\":\"https:\/\/www.gaveanews.com\/index.php\/2021\/06\/16\/flamengo-encara-o-coritiba-de-olho-em-classificacao-na-copa-do-brasil\/#article\",\"isPartOf\":{\"@id\":\"https:\/\/www.gaveanews.com\/index.php\/2021\/06\/16\/flamengo-encara-o-coritiba-de-olho-em-classificacao-na-copa-do-brasil\/\"},\"author\":{\"name\":\"Equipe G\u00e1vea News\",\"@id\":\"https:\/\/www.gaveanews.com\/#\/schema\/person\/2ec14f73fb96be2caf28f91afb14749d\"},\"headline\":\"Flamengo encara o Coritiba de olho em classifica\u00e7\u00e3o na Copa do Brasil\",\"datePublished\":\"2021-06-16T03:17:49+00:00\",\"dateModified\":\"2021-06-16T03:17:54+00:00\",\"mainEntityOfPage\":{\"@id\":\"https:\/\/www.gaveanews.com\/index.php\/2021\/06\/16\/flamengo-encara-o-coritiba-de-olho-em-classificacao-na-copa-do-brasil\/\"},\"wordCount\":241,\"commentCount\":4,\"image\":{\"@id\":\"https:\/\/www.gaveanews.com\/index.php\/2021\/06\/16\/flamengo-encara-o-coritiba-de-olho-em-classificacao-na-copa-do-brasil\/#primaryimage\"},\"thumbnailUrl\":\"https:\/\/www.gaveanews.com\/wp-content\/uploads\/2019\/03\/Taca-da-Copa-do-Brasil.webp\",\"articleSection\":[\"Flamengo\"],\"inLanguage\":\"pt-BR\",\"potentialAction\":[{\"@type\":\"CommentAction\",\"name\":\"Comment\",\"target\":[\"https:\/\/www.gaveanews.com\/index.php\/2021\/06\/16\/flamengo-encara-o-coritiba-de-olho-em-classificacao-na-copa-do-brasil\/#respond\"]}],\"copyrightYear\":\"2021\",\"copyrightHolder\":{\"@id\":\"https:\/\/www.gaveanews.com\/#organization\"}},{\"@type\":\"WebPage\",\"@id\":\"https:\/\/www.gaveanews.com\/index.php\/2021\/06\/16\/flamengo-encara-o-coritiba-de-olho-em-classificacao-na-copa-do-brasil\/\",\"url\":\"https:\/\/www.gaveanews.com\/index.php\/2021\/06\/16\/flamengo-encara-o-coritiba-de-olho-em-classificacao-na-copa-do-brasil\/\",\"name\":\"Flamengo encara o Coritiba de olho em classifica\u00e7\u00e3o na Copa do Brasil\",\"isPartOf\":{\"@id\":\"https:\/\/www.gaveanews.com\/#website\"},\"primaryImageOfPage\":{\"@id\":\"https:\/\/www.gaveanews.com\/index.php\/2021\/06\/16\/flamengo-encara-o-coritiba-de-olho-em-classificacao-na-copa-do-brasil\/#primaryimage\"},\"image\":{\"@id\":\"https:\/\/www.gaveanews.com\/index.php\/2021\/06\/16\/flamengo-encara-o-coritiba-de-olho-em-classificacao-na-copa-do-brasil\/#primaryimage\"},\"thumbnailUrl\":\"https:\/\/www.gaveanews.com\/wp-content\/uploads\/2019\/03\/Taca-da-Copa-do-Brasil.webp\",\"datePublished\":\"2021-06-16T03:17:49+00:00\",\"dateModified\":\"2021-06-16T03:17:54+00:00\",\"author\":{\"@id\":\"https:\/\/www.gaveanews.com\/#\/schema\/person\/2ec14f73fb96be2caf28f91afb14749d\"},\"breadcrumb\":{\"@id\":\"https:\/\/www.gaveanews.com\/index.php\/2021\/06\/16\/flamengo-encara-o-coritiba-de-olho-em-classificacao-na-copa-do-brasil\/#breadcrumb\"},\"inLanguage\":\"pt-BR\",\"potentialAction\":[{\"@type\":\"ReadAction\",\"target\":[\"https:\/\/www.gaveanews.com\/index.php\/2021\/06\/16\/flamengo-encara-o-coritiba-de-olho-em-classificacao-na-copa-do-brasil\/\"]}]},{\"@type\":\"ImageObject\",\"inLanguage\":\"pt-BR\",\"@id\":\"https:\/\/www.gaveanews.com\/index.php\/2021\/06\/16\/flamengo-encara-o-coritiba-de-olho-em-classificacao-na-copa-do-brasil\/#primaryimage\",\"url\":\"https:\/\/www.gaveanews.com\/wp-content\/uploads\/2019\/03\/Taca-da-Copa-do-Brasil.webp\",\"contentUrl\":\"https:\/\/www.gaveanews.com\/wp-content\/uploads\/2019\/03\/Taca-da-Copa-do-Brasil.webp\",\"width\":900,\"height\":506,\"caption\":\"Ta\u00e7a da Copa do Brasil (Foto: Tayrane Corr\u00eaa)\"},{\"@type\":\"BreadcrumbList\",\"@id\":\"https:\/\/www.gaveanews.com\/index.php\/2021\/06\/16\/flamengo-encara-o-coritiba-de-olho-em-classificacao-na-copa-do-brasil\/#breadcrumb\",\"itemListElement\":[{\"@type\":\"ListItem\",\"position\":1,\"name\":\"Home\",\"item\":\"https:\/\/www.gaveanews.com\/\"},{\"@type\":\"ListItem\",\"position\":2,\"name\":\"Flamengo encara o Coritiba de olho em classifica\u00e7\u00e3o na Copa do Brasil\"}]},{\"@type\":\"WebSite\",\"@id\":\"https:\/\/www.gaveanews.com\/#website\",\"url\":\"https:\/\/www.gaveanews.com\/\",\"name\":\"G\u00e1vea News\",\"description\":\"Veja todas as not\u00edcias sobre o Flamengo: Contrata\u00e7\u00f5es, categorias de base, resultados das partidas, tabela de classifica\u00e7\u00e3o, pr\u00f3ximos jogos!\",\"potentialAction\":[{\"@type\":\"SearchAction\",\"target\":{\"@type\":\"EntryPoint\",\"urlTemplate\":\"https:\/\/www.gaveanews.com\/?s={search_term_string}\"},\"query-input\":{\"@type\":\"PropertyValueSpecification\",\"valueRequired\":true,\"valueName\":\"search_term_string\"}}],\"inLanguage\":\"pt-BR\"},{\"@type\":\"Person\",\"@id\":\"https:\/\/www.gaveanews.com\/#\/schema\/person\/2ec14f73fb96be2caf28f91afb14749d\",\"name\":\"Equipe G\u00e1vea News\",\"image\":{\"@type\":\"ImageObject\",\"inLanguage\":\"pt-BR\",\"@id\":\"https:\/\/www.gaveanews.com\/#\/schema\/person\/image\/\",\"url\":\"https:\/\/secure.gravatar.com\/avatar\/1e1956f1facbffd3f8fa53a326721950116b3b9dc9bd44939c01180fd4a745a9?s=96&d=mm&r=g\",\"contentUrl\":\"https:\/\/secure.gravatar.com\/avatar\/1e1956f1facbffd3f8fa53a326721950116b3b9dc9bd44939c01180fd4a745a9?s=96&d=mm&r=g\",\"caption\":\"Equipe G\u00e1vea News\"}}]}<\/script>\n<!-- \/ Yoast SEO Premium plugin. -->","yoast_head_json":{"title":"Flamengo encara o Coritiba de olho em classifica\u00e7\u00e3o na Copa do Brasil","robots":{"index":"index","follow":"follow","max-snippet":"max-snippet:-1","max-image-preview":"max-image-preview:large","max-video-preview":"max-video-preview:-1"},"canonical":"https:\/\/www.gaveanews.com\/index.php\/2021\/06\/16\/flamengo-encara-o-coritiba-de-olho-em-classificacao-na-copa-do-brasil\/","og_locale":"pt_BR","og_type":"article","og_title":"Flamengo encara o Coritiba de olho em classifica\u00e7\u00e3o na Copa do Brasil","og_description":"Em grande fase na temporada, o Flamengo volta a campo nesta quarta-feira para pegar o Coritiba, no Maracan\u00e3, \u00e0s 21h30, pelo jogo da volta da Terceira Fase da Copa do Brasil. O Rubro-Negro est\u00e1 h\u00e1 quatro jogos sem sofrer gol, algo que n\u00e3o acontecia desde 2019, quando Marcelo Salles, o Fera, comandou o time enquanto [&hellip;]","og_url":"https:\/\/www.gaveanews.com\/index.php\/2021\/06\/16\/flamengo-encara-o-coritiba-de-olho-em-classificacao-na-copa-do-brasil\/","og_site_name":"G\u00e1vea News","article_publisher":"https:\/\/facebook.com\/gaveaNews\/","article_published_time":"2021-06-16T03:17:49+00:00","article_modified_time":"2021-06-16T03:17:54+00:00","og_image":[{"url":"https:\/\/www.gaveanews.com\/wp-content\/uploads\/2019\/03\/Taca-da-Copa-do-Brasil.webp","width":1,"height":1,"type":"image\/jpeg"}],"author":"Equipe G\u00e1vea News","twitter_card":"summary_large_image","twitter_misc":{"Escrito por":"Equipe G\u00e1vea News","Est. tempo de leitura":"1 minuto"},"schema":{"@context":"https:\/\/schema.org","@graph":[{"@type":"NewsArticle","@id":"https:\/\/www.gaveanews.com\/index.php\/2021\/06\/16\/flamengo-encara-o-coritiba-de-olho-em-classificacao-na-copa-do-brasil\/#article","isPartOf":{"@id":"https:\/\/www.gaveanews.com\/index.php\/2021\/06\/16\/flamengo-encara-o-coritiba-de-olho-em-classificacao-na-copa-do-brasil\/"},"author":{"name":"Equipe G\u00e1vea News","@id":"https:\/\/www.gaveanews.com\/#\/schema\/person\/2ec14f73fb96be2caf28f91afb14749d"},"headline":"Flamengo encara o Coritiba de olho em classifica\u00e7\u00e3o na Copa do Brasil","datePublished":"2021-06-16T03:17:49+00:00","dateModified":"2021-06-16T03:17:54+00:00","mainEntityOfPage":{"@id":"https:\/\/www.gaveanews.com\/index.php\/2021\/06\/16\/flamengo-encara-o-coritiba-de-olho-em-classificacao-na-copa-do-brasil\/"},"wordCount":241,"commentCount":4,"image":{"@id":"https:\/\/www.gaveanews.com\/index.php\/2021\/06\/16\/flamengo-encara-o-coritiba-de-olho-em-classificacao-na-copa-do-brasil\/#primaryimage"},"thumbnailUrl":"https:\/\/www.gaveanews.com\/wp-content\/uploads\/2019\/03\/Taca-da-Copa-do-Brasil.webp","articleSection":["Flamengo"],"inLanguage":"pt-BR","potentialAction":[{"@type":"CommentAction","name":"Comment","target":["https:\/\/www.gaveanews.com\/index.php\/2021\/06\/16\/flamengo-encara-o-coritiba-de-olho-em-classificacao-na-copa-do-brasil\/#respond"]}],"copyrightYear":"2021","copyrightHolder":{"@id":"https:\/\/www.gaveanews.com\/#organization"}},{"@type":"WebPage","@id":"https:\/\/www.gaveanews.com\/index.php\/2021\/06\/16\/flamengo-encara-o-coritiba-de-olho-em-classificacao-na-copa-do-brasil\/","url":"https:\/\/www.gaveanews.com\/index.php\/2021\/06\/16\/flamengo-encara-o-coritiba-de-olho-em-classificacao-na-copa-do-brasil\/","name":"Flamengo encara o Coritiba de olho em classifica\u00e7\u00e3o na Copa do Brasil","isPartOf":{"@id":"https:\/\/www.gaveanews.com\/#website"},"primaryImageOfPage":{"@id":"https:\/\/www.gaveanews.com\/index.php\/2021\/06\/16\/flamengo-encara-o-coritiba-de-olho-em-classificacao-na-copa-do-brasil\/#primaryimage"},"image":{"@id":"https:\/\/www.gaveanews.com\/index.php\/2021\/06\/16\/flamengo-encara-o-coritiba-de-olho-em-classificacao-na-copa-do-brasil\/#primaryimage"},"thumbnailUrl":"https:\/\/www.gaveanews.com\/wp-content\/uploads\/2019\/03\/Taca-da-Copa-do-Brasil.webp","datePublished":"2021-06-16T03:17:49+00:00","dateModified":"2021-06-16T03:17:54+00:00","author":{"@id":"https:\/\/www.gaveanews.com\/#\/schema\/person\/2ec14f73fb96be2caf28f91afb14749d"},"breadcrumb":{"@id":"https:\/\/www.gaveanews.com\/index.php\/2021\/06\/16\/flamengo-encara-o-coritiba-de-olho-em-classificacao-na-copa-do-brasil\/#breadcrumb"},"inLanguage":"pt-BR","potentialAction":[{"@type":"ReadAction","target":["https:\/\/www.gaveanews.com\/index.php\/2021\/06\/16\/flamengo-encara-o-coritiba-de-olho-em-classificacao-na-copa-do-brasil\/"]}]},{"@type":"ImageObject","inLanguage":"pt-BR","@id":"https:\/\/www.gaveanews.com\/index.php\/2021\/06\/16\/flamengo-encara-o-coritiba-de-olho-em-classificacao-na-copa-do-brasil\/#primaryimage","url":"https:\/\/www.gaveanews.com\/wp-content\/uploads\/2019\/03\/Taca-da-Copa-do-Brasil.webp","contentUrl":"https:\/\/www.gaveanews.com\/wp-content\/uploads\/2019\/03\/Taca-da-Copa-do-Brasil.webp","width":900,"height":506,"caption":"Ta\u00e7a da Copa do Brasil (Foto: Tayrane Corr\u00eaa)"},{"@type":"BreadcrumbList","@id":"https:\/\/www.gaveanews.com\/index.php\/2021\/06\/16\/flamengo-encara-o-coritiba-de-olho-em-classificacao-na-copa-do-brasil\/#breadcrumb","itemListElement":[{"@type":"ListItem","position":1,"name":"Home","item":"https:\/\/www.gaveanews.com\/"},{"@type":"ListItem","position":2,"name":"Flamengo encara o Coritiba de olho em classifica\u00e7\u00e3o na Copa do Brasil"}]},{"@type":"WebSite","@id":"https:\/\/www.gaveanews.com\/#website","url":"https:\/\/www.gaveanews.com\/","name":"G\u00e1vea News","description":"Veja todas as not\u00edcias sobre o Flamengo: Contrata\u00e7\u00f5es, categorias de base, resultados das partidas, tabela de classifica\u00e7\u00e3o, pr\u00f3ximos jogos!","potentialAction":[{"@type":"SearchAction","target":{"@type":"EntryPoint","urlTemplate":"https:\/\/www.gaveanews.com\/?s={search_term_string}"},"query-input":{"@type":"PropertyValueSpecification","valueRequired":true,"valueName":"search_term_string"}}],"inLanguage":"pt-BR"},{"@type":"Person","@id":"https:\/\/www.gaveanews.com\/#\/schema\/person\/2ec14f73fb96be2caf28f91afb14749d","name":"Equipe G\u00e1vea News","image":{"@type":"ImageObject","inLanguage":"pt-BR","@id":"https:\/\/www.gaveanews.com\/#\/schema\/person\/image\/","url":"https:\/\/secure.gravatar.com\/avatar\/1e1956f1facbffd3f8fa53a326721950116b3b9dc9bd44939c01180fd4a745a9?s=96&d=mm&r=g","contentUrl":"https:\/\/secure.gravatar.com\/avatar\/1e1956f1facbffd3f8fa53a326721950116b3b9dc9bd44939c01180fd4a745a9?s=96&d=mm&r=g","caption":"Equipe G\u00e1vea News"}}]}},"_links":{"self":[{"href":"https:\/\/www.gaveanews.com\/index.php\/wp-json\/wp\/v2\/posts\/63056","targetHints":{"allow":["GET"]}}],"collection":[{"href":"https:\/\/www.gaveanews.com\/index.php\/wp-json\/wp\/v2\/posts"}],"about":[{"href":"https:\/\/www.gaveanews.com\/index.php\/wp-json\/wp\/v2\/types\/post"}],"author":[{"embeddable":true,"href":"https:\/\/www.gaveanews.com\/index.php\/wp-json\/wp\/v2\/users\/1"}],"replies":[{"embeddable":true,"href":"https:\/\/www.gaveanews.com\/index.php\/wp-json\/wp\/v2\/comments?post=63056"}],"version-history":[{"count":0,"href":"https:\/\/www.gaveanews.com\/index.php\/wp-json\/wp\/v2\/posts\/63056\/revisions"}],"wp:featuredmedia":[{"embeddable":true,"href":"https:\/\/www.gaveanews.com\/index.php\/wp-json\/wp\/v2\/media\/16297"}],"wp:attachment":[{"href":"https:\/\/www.gaveanews.com\/index.php\/wp-json\/wp\/v2\/media?parent=63056"}],"wp:term":[{"taxonomy":"category","embeddable":true,"href":"https:\/\/www.gaveanews.com\/index.php\/wp-json\/wp\/v2\/categories?post=63056"},{"taxonomy":"post_tag","embeddable":true,"href":"https:\/\/www.gaveanews.com\/index.php\/wp-json\/wp\/v2\/tags?post=63056"}],"curies":[{"name":"wp","href":"https:\/\/api.w.org\/{rel}","templated":true}]}}