{"id":63065,"date":"2021-06-16T13:05:04","date_gmt":"2021-06-16T16:05:04","guid":{"rendered":"https:\/\/www.gaveanews.com\/?p=63065"},"modified":"2021-06-16T13:05:07","modified_gmt":"2021-06-16T16:05:07","slug":"bruno-henrique-comemora-elenco-do-flamengo-dando-recado-na-temporada","status":"publish","type":"post","link":"https:\/\/www.gaveanews.com\/index.php\/2021\/06\/16\/bruno-henrique-comemora-elenco-do-flamengo-dando-recado-na-temporada\/","title":{"rendered":"Bruno Henrique comemora elenco do Flamengo \u2018dando recado\u2019 na temporada"},"content":{"rendered":"\n<p>O\u00a0Flamengo\u00a0joga nesta quarta-feira (16) contra o Coritiba pela partida de volta da terceira fase da Copa do Brasil. Com 1 a 0 na ida, o Fla\u00a0busca mostrar novamente a for\u00e7a do elenco mesmo com o grande n\u00famero de desfalques, que atinge at\u00e9 mesmo o treinador Rog\u00e9rio Ceni, com Covid-19.<\/p>\n\n\n\n<p>O atacante Bruno Henrique, que marcou um dos gols da vit\u00f3ria rubro-negra sobre o Am\u00e9rica-MG, na \u00faltima rodada do Brasileir\u00e3o, comemorou a for\u00e7a do elenco flamenguista e as vit\u00f3rias conquistadas sem os atletas que est\u00e3o servindo suas sele\u00e7\u00f5es ou est\u00e3o fora por outros motivos.<\/p>\n\n\n\n<p>\u201cMuito feliz de poder marcar um gol e vencer. Esse \u00e9 o esp\u00edrito do nosso grupo. Quem entra, quem sai, a gente sempre tem que ter esse foco e essa pegada. A rapaziada que est\u00e1 entrando est\u00e1 dando conta do recado e todos est\u00e3o de parab\u00e9ns\u201d. disse Bruno Henrique\u00a0ap\u00f3s o jogo.<\/p>\n\n\n\n<p>S\u00f3 na Copa Am\u00e9rica, s\u00e3o quatro jogadores do elenco rubro-negro (Gabigol e Everton Ribeiro com a sele\u00e7\u00e3o brasileira, Isla com o Chile e Arrascaeta no Uruguai), Pedro (este com Covid-19, assim como Rog\u00e9rio Ceni) e os lesionados C\u00e9sar e Thiago Maia. Com isso, atletas v\u00e3o ganhando espa\u00e7o no time, caso de Rodrigo Muniz, que fez o gol da vit\u00f3ria na partida de ida contra o Coxa na \u00faltima semana.<\/p>\n\n\n\n<p>Muniz, que tamb\u00e9m anotou gol na partida diante do Coelho, ser\u00e1 novamente titular do Flamengo nesta quarta-feira na volta contra o Coritiba, com o empate classificando o Rubro-Negro para \u00e0s oitavas de final.<\/p>\n\n\n\n<p>Retirado de: Torcedores<\/p>\n","protected":false},"excerpt":{"rendered":"<p>O\u00a0Flamengo\u00a0joga nesta quarta-feira (16) contra o Coritiba pela partida de volta da terceira fase da Copa do Brasil. Com 1 a 0 na ida, o Fla\u00a0busca mostrar novamente a for\u00e7a do elenco mesmo com o grande n\u00famero de desfalques, que atinge at\u00e9 mesmo o treinador Rog\u00e9rio Ceni, com Covid-19. O atacante Bruno Henrique, que marcou [&hellip;]<\/p>\n","protected":false},"author":1,"featured_media":60497,"comment_status":"open","ping_status":"closed","sticky":false,"template":"","format":"standard","meta":{"footnotes":""},"categories":[1],"tags":[],"class_list":["post-63065","post","type-post","status-publish","format-standard","has-post-thumbnail","hentry","category-flamengo"],"yoast_head":"<!-- This site is optimized with the Yoast SEO Premium plugin v24.2 (Yoast SEO v26.9) - https:\/\/yoast.com\/product\/yoast-seo-premium-wordpress\/ -->\n<title>Bruno Henrique comemora elenco do Flamengo \u2018dando recado\u2019 na temporada<\/title>\n<meta name=\"robots\" content=\"index, follow, max-snippet:-1, max-image-preview:large, max-video-preview:-1\" \/>\n<link rel=\"canonical\" href=\"https:\/\/www.gaveanews.com\/index.php\/2021\/06\/16\/bruno-henrique-comemora-elenco-do-flamengo-dando-recado-na-temporada\/\" \/>\n<meta property=\"og:locale\" content=\"pt_BR\" \/>\n<meta property=\"og:type\" content=\"article\" \/>\n<meta property=\"og:title\" content=\"Bruno Henrique comemora elenco do Flamengo \u2018dando recado\u2019 na temporada\" \/>\n<meta property=\"og:description\" content=\"O\u00a0Flamengo\u00a0joga nesta quarta-feira (16) contra o Coritiba pela partida de volta da terceira fase da Copa do Brasil. Com 1 a 0 na ida, o Fla\u00a0busca mostrar novamente a for\u00e7a do elenco mesmo com o grande n\u00famero de desfalques, que atinge at\u00e9 mesmo o treinador Rog\u00e9rio Ceni, com Covid-19. O atacante Bruno Henrique, que marcou [&hellip;]\" \/>\n<meta property=\"og:url\" content=\"https:\/\/www.gaveanews.com\/index.php\/2021\/06\/16\/bruno-henrique-comemora-elenco-do-flamengo-dando-recado-na-temporada\/\" \/>\n<meta property=\"og:site_name\" content=\"G\u00e1vea News\" \/>\n<meta property=\"article:publisher\" content=\"https:\/\/facebook.com\/gaveaNews\/\" \/>\n<meta property=\"article:published_time\" content=\"2021-06-16T16:05:04+00:00\" \/>\n<meta property=\"article:modified_time\" content=\"2021-06-16T16:05:07+00:00\" \/>\n<meta property=\"og:image\" content=\"https:\/\/www.gaveanews.com\/wp-content\/uploads\/Bruno-Henrique-durante-o-treino-do-Flamengo-em-Quito.webp\" \/>\n\t<meta property=\"og:image:width\" content=\"799\" \/>\n\t<meta property=\"og:image:height\" content=\"532\" \/>\n\t<meta property=\"og:image:type\" content=\"image\/jpeg\" \/>\n<meta name=\"author\" content=\"Equipe G\u00e1vea News\" \/>\n<meta name=\"twitter:card\" content=\"summary_large_image\" \/>\n<meta name=\"twitter:label1\" content=\"Escrito por\" \/>\n\t<meta name=\"twitter:data1\" content=\"Equipe G\u00e1vea News\" \/>\n\t<meta name=\"twitter:label2\" content=\"Est. tempo de leitura\" \/>\n\t<meta name=\"twitter:data2\" content=\"2 minutos\" \/>\n<script type=\"application\/ld+json\" class=\"yoast-schema-graph\">{\"@context\":\"https:\/\/schema.org\",\"@graph\":[{\"@type\":\"NewsArticle\",\"@id\":\"https:\/\/www.gaveanews.com\/index.php\/2021\/06\/16\/bruno-henrique-comemora-elenco-do-flamengo-dando-recado-na-temporada\/#article\",\"isPartOf\":{\"@id\":\"https:\/\/www.gaveanews.com\/index.php\/2021\/06\/16\/bruno-henrique-comemora-elenco-do-flamengo-dando-recado-na-temporada\/\"},\"author\":{\"name\":\"Equipe G\u00e1vea News\",\"@id\":\"https:\/\/www.gaveanews.com\/#\/schema\/person\/2ec14f73fb96be2caf28f91afb14749d\"},\"headline\":\"Bruno Henrique comemora elenco do Flamengo \u2018dando recado\u2019 na temporada\",\"datePublished\":\"2021-06-16T16:05:04+00:00\",\"dateModified\":\"2021-06-16T16:05:07+00:00\",\"mainEntityOfPage\":{\"@id\":\"https:\/\/www.gaveanews.com\/index.php\/2021\/06\/16\/bruno-henrique-comemora-elenco-do-flamengo-dando-recado-na-temporada\/\"},\"wordCount\":283,\"commentCount\":1,\"image\":{\"@id\":\"https:\/\/www.gaveanews.com\/index.php\/2021\/06\/16\/bruno-henrique-comemora-elenco-do-flamengo-dando-recado-na-temporada\/#primaryimage\"},\"thumbnailUrl\":\"https:\/\/www.gaveanews.com\/wp-content\/uploads\/Bruno-Henrique-durante-o-treino-do-Flamengo-em-Quito.webp\",\"articleSection\":[\"Flamengo\"],\"inLanguage\":\"pt-BR\",\"potentialAction\":[{\"@type\":\"CommentAction\",\"name\":\"Comment\",\"target\":[\"https:\/\/www.gaveanews.com\/index.php\/2021\/06\/16\/bruno-henrique-comemora-elenco-do-flamengo-dando-recado-na-temporada\/#respond\"]}],\"copyrightYear\":\"2021\",\"copyrightHolder\":{\"@id\":\"https:\/\/www.gaveanews.com\/#organization\"}},{\"@type\":\"WebPage\",\"@id\":\"https:\/\/www.gaveanews.com\/index.php\/2021\/06\/16\/bruno-henrique-comemora-elenco-do-flamengo-dando-recado-na-temporada\/\",\"url\":\"https:\/\/www.gaveanews.com\/index.php\/2021\/06\/16\/bruno-henrique-comemora-elenco-do-flamengo-dando-recado-na-temporada\/\",\"name\":\"Bruno Henrique comemora elenco do Flamengo \u2018dando recado\u2019 na temporada\",\"isPartOf\":{\"@id\":\"https:\/\/www.gaveanews.com\/#website\"},\"primaryImageOfPage\":{\"@id\":\"https:\/\/www.gaveanews.com\/index.php\/2021\/06\/16\/bruno-henrique-comemora-elenco-do-flamengo-dando-recado-na-temporada\/#primaryimage\"},\"image\":{\"@id\":\"https:\/\/www.gaveanews.com\/index.php\/2021\/06\/16\/bruno-henrique-comemora-elenco-do-flamengo-dando-recado-na-temporada\/#primaryimage\"},\"thumbnailUrl\":\"https:\/\/www.gaveanews.com\/wp-content\/uploads\/Bruno-Henrique-durante-o-treino-do-Flamengo-em-Quito.webp\",\"datePublished\":\"2021-06-16T16:05:04+00:00\",\"dateModified\":\"2021-06-16T16:05:07+00:00\",\"author\":{\"@id\":\"https:\/\/www.gaveanews.com\/#\/schema\/person\/2ec14f73fb96be2caf28f91afb14749d\"},\"breadcrumb\":{\"@id\":\"https:\/\/www.gaveanews.com\/index.php\/2021\/06\/16\/bruno-henrique-comemora-elenco-do-flamengo-dando-recado-na-temporada\/#breadcrumb\"},\"inLanguage\":\"pt-BR\",\"potentialAction\":[{\"@type\":\"ReadAction\",\"target\":[\"https:\/\/www.gaveanews.com\/index.php\/2021\/06\/16\/bruno-henrique-comemora-elenco-do-flamengo-dando-recado-na-temporada\/\"]}]},{\"@type\":\"ImageObject\",\"inLanguage\":\"pt-BR\",\"@id\":\"https:\/\/www.gaveanews.com\/index.php\/2021\/06\/16\/bruno-henrique-comemora-elenco-do-flamengo-dando-recado-na-temporada\/#primaryimage\",\"url\":\"https:\/\/www.gaveanews.com\/wp-content\/uploads\/Bruno-Henrique-durante-o-treino-do-Flamengo-em-Quito.webp\",\"contentUrl\":\"https:\/\/www.gaveanews.com\/wp-content\/uploads\/Bruno-Henrique-durante-o-treino-do-Flamengo-em-Quito.webp\",\"width\":799,\"height\":532,\"caption\":\"Bruno Henrique durante o treino do Flamengo em Quito (Foto: Alexandre Vidal\/Flamengo)\"},{\"@type\":\"BreadcrumbList\",\"@id\":\"https:\/\/www.gaveanews.com\/index.php\/2021\/06\/16\/bruno-henrique-comemora-elenco-do-flamengo-dando-recado-na-temporada\/#breadcrumb\",\"itemListElement\":[{\"@type\":\"ListItem\",\"position\":1,\"name\":\"Home\",\"item\":\"https:\/\/www.gaveanews.com\/\"},{\"@type\":\"ListItem\",\"position\":2,\"name\":\"Bruno Henrique comemora elenco do Flamengo \u2018dando recado\u2019 na temporada\"}]},{\"@type\":\"WebSite\",\"@id\":\"https:\/\/www.gaveanews.com\/#website\",\"url\":\"https:\/\/www.gaveanews.com\/\",\"name\":\"G\u00e1vea News\",\"description\":\"Veja todas as not\u00edcias sobre o Flamengo: Contrata\u00e7\u00f5es, categorias de base, resultados das partidas, tabela de classifica\u00e7\u00e3o, pr\u00f3ximos jogos!\",\"potentialAction\":[{\"@type\":\"SearchAction\",\"target\":{\"@type\":\"EntryPoint\",\"urlTemplate\":\"https:\/\/www.gaveanews.com\/?s={search_term_string}\"},\"query-input\":{\"@type\":\"PropertyValueSpecification\",\"valueRequired\":true,\"valueName\":\"search_term_string\"}}],\"inLanguage\":\"pt-BR\"},{\"@type\":\"Person\",\"@id\":\"https:\/\/www.gaveanews.com\/#\/schema\/person\/2ec14f73fb96be2caf28f91afb14749d\",\"name\":\"Equipe G\u00e1vea News\",\"image\":{\"@type\":\"ImageObject\",\"inLanguage\":\"pt-BR\",\"@id\":\"https:\/\/www.gaveanews.com\/#\/schema\/person\/image\/\",\"url\":\"https:\/\/secure.gravatar.com\/avatar\/1e1956f1facbffd3f8fa53a326721950116b3b9dc9bd44939c01180fd4a745a9?s=96&d=mm&r=g\",\"contentUrl\":\"https:\/\/secure.gravatar.com\/avatar\/1e1956f1facbffd3f8fa53a326721950116b3b9dc9bd44939c01180fd4a745a9?s=96&d=mm&r=g\",\"caption\":\"Equipe G\u00e1vea News\"}}]}<\/script>\n<!-- \/ Yoast SEO Premium plugin. -->","yoast_head_json":{"title":"Bruno Henrique comemora elenco do Flamengo \u2018dando recado\u2019 na temporada","robots":{"index":"index","follow":"follow","max-snippet":"max-snippet:-1","max-image-preview":"max-image-preview:large","max-video-preview":"max-video-preview:-1"},"canonical":"https:\/\/www.gaveanews.com\/index.php\/2021\/06\/16\/bruno-henrique-comemora-elenco-do-flamengo-dando-recado-na-temporada\/","og_locale":"pt_BR","og_type":"article","og_title":"Bruno Henrique comemora elenco do Flamengo \u2018dando recado\u2019 na temporada","og_description":"O\u00a0Flamengo\u00a0joga nesta quarta-feira (16) contra o Coritiba pela partida de volta da terceira fase da Copa do Brasil. Com 1 a 0 na ida, o Fla\u00a0busca mostrar novamente a for\u00e7a do elenco mesmo com o grande n\u00famero de desfalques, que atinge at\u00e9 mesmo o treinador Rog\u00e9rio Ceni, com Covid-19. O atacante Bruno Henrique, que marcou [&hellip;]","og_url":"https:\/\/www.gaveanews.com\/index.php\/2021\/06\/16\/bruno-henrique-comemora-elenco-do-flamengo-dando-recado-na-temporada\/","og_site_name":"G\u00e1vea News","article_publisher":"https:\/\/facebook.com\/gaveaNews\/","article_published_time":"2021-06-16T16:05:04+00:00","article_modified_time":"2021-06-16T16:05:07+00:00","og_image":[{"width":799,"height":532,"url":"https:\/\/www.gaveanews.com\/wp-content\/uploads\/Bruno-Henrique-durante-o-treino-do-Flamengo-em-Quito.webp","type":"image\/jpeg"}],"author":"Equipe G\u00e1vea News","twitter_card":"summary_large_image","twitter_misc":{"Escrito por":"Equipe G\u00e1vea News","Est. tempo de leitura":"2 minutos"},"schema":{"@context":"https:\/\/schema.org","@graph":[{"@type":"NewsArticle","@id":"https:\/\/www.gaveanews.com\/index.php\/2021\/06\/16\/bruno-henrique-comemora-elenco-do-flamengo-dando-recado-na-temporada\/#article","isPartOf":{"@id":"https:\/\/www.gaveanews.com\/index.php\/2021\/06\/16\/bruno-henrique-comemora-elenco-do-flamengo-dando-recado-na-temporada\/"},"author":{"name":"Equipe G\u00e1vea News","@id":"https:\/\/www.gaveanews.com\/#\/schema\/person\/2ec14f73fb96be2caf28f91afb14749d"},"headline":"Bruno Henrique comemora elenco do Flamengo \u2018dando recado\u2019 na temporada","datePublished":"2021-06-16T16:05:04+00:00","dateModified":"2021-06-16T16:05:07+00:00","mainEntityOfPage":{"@id":"https:\/\/www.gaveanews.com\/index.php\/2021\/06\/16\/bruno-henrique-comemora-elenco-do-flamengo-dando-recado-na-temporada\/"},"wordCount":283,"commentCount":1,"image":{"@id":"https:\/\/www.gaveanews.com\/index.php\/2021\/06\/16\/bruno-henrique-comemora-elenco-do-flamengo-dando-recado-na-temporada\/#primaryimage"},"thumbnailUrl":"https:\/\/www.gaveanews.com\/wp-content\/uploads\/Bruno-Henrique-durante-o-treino-do-Flamengo-em-Quito.webp","articleSection":["Flamengo"],"inLanguage":"pt-BR","potentialAction":[{"@type":"CommentAction","name":"Comment","target":["https:\/\/www.gaveanews.com\/index.php\/2021\/06\/16\/bruno-henrique-comemora-elenco-do-flamengo-dando-recado-na-temporada\/#respond"]}],"copyrightYear":"2021","copyrightHolder":{"@id":"https:\/\/www.gaveanews.com\/#organization"}},{"@type":"WebPage","@id":"https:\/\/www.gaveanews.com\/index.php\/2021\/06\/16\/bruno-henrique-comemora-elenco-do-flamengo-dando-recado-na-temporada\/","url":"https:\/\/www.gaveanews.com\/index.php\/2021\/06\/16\/bruno-henrique-comemora-elenco-do-flamengo-dando-recado-na-temporada\/","name":"Bruno Henrique comemora elenco do Flamengo \u2018dando recado\u2019 na temporada","isPartOf":{"@id":"https:\/\/www.gaveanews.com\/#website"},"primaryImageOfPage":{"@id":"https:\/\/www.gaveanews.com\/index.php\/2021\/06\/16\/bruno-henrique-comemora-elenco-do-flamengo-dando-recado-na-temporada\/#primaryimage"},"image":{"@id":"https:\/\/www.gaveanews.com\/index.php\/2021\/06\/16\/bruno-henrique-comemora-elenco-do-flamengo-dando-recado-na-temporada\/#primaryimage"},"thumbnailUrl":"https:\/\/www.gaveanews.com\/wp-content\/uploads\/Bruno-Henrique-durante-o-treino-do-Flamengo-em-Quito.webp","datePublished":"2021-06-16T16:05:04+00:00","dateModified":"2021-06-16T16:05:07+00:00","author":{"@id":"https:\/\/www.gaveanews.com\/#\/schema\/person\/2ec14f73fb96be2caf28f91afb14749d"},"breadcrumb":{"@id":"https:\/\/www.gaveanews.com\/index.php\/2021\/06\/16\/bruno-henrique-comemora-elenco-do-flamengo-dando-recado-na-temporada\/#breadcrumb"},"inLanguage":"pt-BR","potentialAction":[{"@type":"ReadAction","target":["https:\/\/www.gaveanews.com\/index.php\/2021\/06\/16\/bruno-henrique-comemora-elenco-do-flamengo-dando-recado-na-temporada\/"]}]},{"@type":"ImageObject","inLanguage":"pt-BR","@id":"https:\/\/www.gaveanews.com\/index.php\/2021\/06\/16\/bruno-henrique-comemora-elenco-do-flamengo-dando-recado-na-temporada\/#primaryimage","url":"https:\/\/www.gaveanews.com\/wp-content\/uploads\/Bruno-Henrique-durante-o-treino-do-Flamengo-em-Quito.webp","contentUrl":"https:\/\/www.gaveanews.com\/wp-content\/uploads\/Bruno-Henrique-durante-o-treino-do-Flamengo-em-Quito.webp","width":799,"height":532,"caption":"Bruno Henrique durante o treino do Flamengo em Quito (Foto: Alexandre Vidal\/Flamengo)"},{"@type":"BreadcrumbList","@id":"https:\/\/www.gaveanews.com\/index.php\/2021\/06\/16\/bruno-henrique-comemora-elenco-do-flamengo-dando-recado-na-temporada\/#breadcrumb","itemListElement":[{"@type":"ListItem","position":1,"name":"Home","item":"https:\/\/www.gaveanews.com\/"},{"@type":"ListItem","position":2,"name":"Bruno Henrique comemora elenco do Flamengo \u2018dando recado\u2019 na temporada"}]},{"@type":"WebSite","@id":"https:\/\/www.gaveanews.com\/#website","url":"https:\/\/www.gaveanews.com\/","name":"G\u00e1vea News","description":"Veja todas as not\u00edcias sobre o Flamengo: Contrata\u00e7\u00f5es, categorias de base, resultados das partidas, tabela de classifica\u00e7\u00e3o, pr\u00f3ximos jogos!","potentialAction":[{"@type":"SearchAction","target":{"@type":"EntryPoint","urlTemplate":"https:\/\/www.gaveanews.com\/?s={search_term_string}"},"query-input":{"@type":"PropertyValueSpecification","valueRequired":true,"valueName":"search_term_string"}}],"inLanguage":"pt-BR"},{"@type":"Person","@id":"https:\/\/www.gaveanews.com\/#\/schema\/person\/2ec14f73fb96be2caf28f91afb14749d","name":"Equipe G\u00e1vea News","image":{"@type":"ImageObject","inLanguage":"pt-BR","@id":"https:\/\/www.gaveanews.com\/#\/schema\/person\/image\/","url":"https:\/\/secure.gravatar.com\/avatar\/1e1956f1facbffd3f8fa53a326721950116b3b9dc9bd44939c01180fd4a745a9?s=96&d=mm&r=g","contentUrl":"https:\/\/secure.gravatar.com\/avatar\/1e1956f1facbffd3f8fa53a326721950116b3b9dc9bd44939c01180fd4a745a9?s=96&d=mm&r=g","caption":"Equipe G\u00e1vea News"}}]}},"_links":{"self":[{"href":"https:\/\/www.gaveanews.com\/index.php\/wp-json\/wp\/v2\/posts\/63065","targetHints":{"allow":["GET"]}}],"collection":[{"href":"https:\/\/www.gaveanews.com\/index.php\/wp-json\/wp\/v2\/posts"}],"about":[{"href":"https:\/\/www.gaveanews.com\/index.php\/wp-json\/wp\/v2\/types\/post"}],"author":[{"embeddable":true,"href":"https:\/\/www.gaveanews.com\/index.php\/wp-json\/wp\/v2\/users\/1"}],"replies":[{"embeddable":true,"href":"https:\/\/www.gaveanews.com\/index.php\/wp-json\/wp\/v2\/comments?post=63065"}],"version-history":[{"count":0,"href":"https:\/\/www.gaveanews.com\/index.php\/wp-json\/wp\/v2\/posts\/63065\/revisions"}],"wp:featuredmedia":[{"embeddable":true,"href":"https:\/\/www.gaveanews.com\/index.php\/wp-json\/wp\/v2\/media\/60497"}],"wp:attachment":[{"href":"https:\/\/www.gaveanews.com\/index.php\/wp-json\/wp\/v2\/media?parent=63065"}],"wp:term":[{"taxonomy":"category","embeddable":true,"href":"https:\/\/www.gaveanews.com\/index.php\/wp-json\/wp\/v2\/categories?post=63065"},{"taxonomy":"post_tag","embeddable":true,"href":"https:\/\/www.gaveanews.com\/index.php\/wp-json\/wp\/v2\/tags?post=63065"}],"curies":[{"name":"wp","href":"https:\/\/api.w.org\/{rel}","templated":true}]}}