{"id":63067,"date":"2021-06-16T13:41:08","date_gmt":"2021-06-16T16:41:08","guid":{"rendered":"https:\/\/www.gaveanews.com\/?p=63067"},"modified":"2021-06-16T13:41:11","modified_gmt":"2021-06-16T16:41:11","slug":"flamengo-deseja-implantar-gramado-hibrido-no-maracana","status":"publish","type":"post","link":"https:\/\/www.gaveanews.com\/index.php\/2021\/06\/16\/flamengo-deseja-implantar-gramado-hibrido-no-maracana\/","title":{"rendered":"Flamengo deseja implantar gramado h\u00edbrido no Maracan\u00e3"},"content":{"rendered":"\n<p>As cr\u00edticas dos argentinos \u00e0 qualidade dos gramados brasileiros trazem \u00e0 luz um ponto crucial que tem sido deixado \u00e0 margem na discuss\u00e3o sobre a qualidade do futebol que se joga no Brasil.<\/p>\n\n\n\n<p>Tanto Lionel Messi, o craque, quanto Lionel Scaloni, o treinador, espinafraram o campo do Est\u00e1dio N\u00edlton Santos, palco da partida de estreia das sele\u00e7\u00f5es da Argentina e do Chile (1 a 1) na Copa Am\u00e9rica, na noite de segunda-feira (14).<\/p>\n\n\n\n<p>E com toda raz\u00e3o. Na Copa Am\u00e9rica de 2019, o mesmo Scaloni j\u00e1 havia se queixado dos gramados brasileiros. E Carlos Queiroz e Rafael Dudamel, na \u00e9poca respectivos treinadores de Col\u00f4mbia e Venezuela, o acompanharam nas cr\u00edticas. Fonte Nova, Arena do Gr\u00eamio, Mineir\u00e3o e Maracan\u00e3 \u2013 nenhum deles foi aprovado por treinadores e jogadores daquela edi\u00e7\u00e3o. Um fator b\u00e1sico, ignorado pela CBF e pelas federa\u00e7\u00f5es promotoras das competi\u00e7\u00f5es do pa\u00eds.<\/p>\n\n\n\n<p>Os gramados dos nossos est\u00e1dios envergonham o futebol brasileiro num momento em que dividimos as aten\u00e7\u00f5es com as partidas da Eurocopa. A qualidade do terreno de jogo \u00e9 fundamental para a execu\u00e7\u00e3o de um bom passe, e vital para os dribles e arremates.<\/p>\n\n\n\n<p>Messi, por exemplo, disse que o gramado do N\u00edlton Santos n\u00e3o permite o jogo r\u00e1pido e dificulta a condu\u00e7\u00e3o da bola. E estamos falando do Messi, e n\u00e3o dos jogadores do Botafogo.<\/p>\n\n\n\n<p>Duvido que o tcheco Patrick Schick teria a mesma efici\u00eancia daquele chute a 51 metros de dist\u00e2ncia do goleiro da Esc\u00f3cia se o campo n\u00e3o fosse regular. Queria ver ele fazer aquele segundo gol se em vez do Hampden Park, em Glasgow, estivesse no Engenh\u00e3o, onde Messi abriu o placar em bela cobran\u00e7a de falta.<\/p>\n\n\n\n<p>Mas o pior \u00e9 saber que a grita de treinadores e jogadores de fora do pa\u00eds, a maioria acostumada aos gramados europeus, n\u00e3o ser\u00e1 capaz de produzir efeitos. No Brasil, esta quest\u00e3o estrutural (ainda que prim\u00e1ria) \u00e9 tratada com desd\u00e9m at\u00e9 mesmo pelos torcedores. S\u00e3o poucos os que se importam com o fato de seus clubes n\u00e3o zelarem pela qualidade do piso.<\/p>\n\n\n\n<p>E lembrem-se que o Flamengo, por exemplo, j\u00e1 perdeu titulares por contus\u00e3o por causa do gramado do est\u00e1dio que o pr\u00f3prio clube administra. Ali\u00e1s, os dirigentes esperam apenas a renova\u00e7\u00e3o da concess\u00e3o do Maracan\u00e3 (o edital ainda n\u00e3o foi divulgado) para estudar melhorias. Dentre elas, a possibilidade de implanta\u00e7\u00e3o de campo h\u00edbrido, que mistura gramas natural e artificial. Segundo especialistas envolvidos no projeto, \u00e9 o que faz dos gramados europeus verdadeiros tapetes.<\/p>\n\n\n\n<p>Retirado de: Gilmar Ferreira<\/p>\n","protected":false},"excerpt":{"rendered":"<p>As cr\u00edticas dos argentinos \u00e0 qualidade dos gramados brasileiros trazem \u00e0 luz um ponto crucial que tem sido deixado \u00e0 margem na discuss\u00e3o sobre a qualidade do futebol que se joga no Brasil. Tanto Lionel Messi, o craque, quanto Lionel Scaloni, o treinador, espinafraram o campo do Est\u00e1dio N\u00edlton Santos, palco da partida de estreia [&hellip;]<\/p>\n","protected":false},"author":1,"featured_media":15081,"comment_status":"open","ping_status":"closed","sticky":false,"template":"","format":"standard","meta":{"footnotes":""},"categories":[1],"tags":[],"class_list":["post-63067","post","type-post","status-publish","format-standard","has-post-thumbnail","hentry","category-flamengo"],"yoast_head":"<!-- This site is optimized with the Yoast SEO Premium plugin v24.2 (Yoast SEO v26.9) - https:\/\/yoast.com\/product\/yoast-seo-premium-wordpress\/ -->\n<title>Flamengo deseja implantar gramado h\u00edbrido no Maracan\u00e3<\/title>\n<meta name=\"robots\" content=\"index, follow, max-snippet:-1, max-image-preview:large, max-video-preview:-1\" \/>\n<link rel=\"canonical\" href=\"https:\/\/www.gaveanews.com\/index.php\/2021\/06\/16\/flamengo-deseja-implantar-gramado-hibrido-no-maracana\/\" \/>\n<meta property=\"og:locale\" content=\"pt_BR\" \/>\n<meta property=\"og:type\" content=\"article\" \/>\n<meta property=\"og:title\" content=\"Flamengo deseja implantar gramado h\u00edbrido no Maracan\u00e3\" \/>\n<meta property=\"og:description\" content=\"As cr\u00edticas dos argentinos \u00e0 qualidade dos gramados brasileiros trazem \u00e0 luz um ponto crucial que tem sido deixado \u00e0 margem na discuss\u00e3o sobre a qualidade do futebol que se joga no Brasil. Tanto Lionel Messi, o craque, quanto Lionel Scaloni, o treinador, espinafraram o campo do Est\u00e1dio N\u00edlton Santos, palco da partida de estreia [&hellip;]\" \/>\n<meta property=\"og:url\" content=\"https:\/\/www.gaveanews.com\/index.php\/2021\/06\/16\/flamengo-deseja-implantar-gramado-hibrido-no-maracana\/\" \/>\n<meta property=\"og:site_name\" content=\"G\u00e1vea News\" \/>\n<meta property=\"article:publisher\" content=\"https:\/\/facebook.com\/gaveaNews\/\" \/>\n<meta property=\"article:published_time\" content=\"2021-06-16T16:41:08+00:00\" \/>\n<meta property=\"article:modified_time\" content=\"2021-06-16T16:41:11+00:00\" \/>\n<meta property=\"og:image\" content=\"https:\/\/www.gaveanews.com\/wp-content\/uploads\/2019\/03\/Escudo-do-Flamengo-e-exposto-proximo-a-um-dos-gols-no-gramado-do-Maracana.webp\" \/>\n\t<meta property=\"og:image:width\" content=\"1\" \/>\n\t<meta property=\"og:image:height\" content=\"1\" \/>\n\t<meta property=\"og:image:type\" content=\"image\/jpeg\" \/>\n<meta name=\"author\" content=\"Equipe G\u00e1vea News\" \/>\n<meta name=\"twitter:card\" content=\"summary_large_image\" \/>\n<meta name=\"twitter:label1\" content=\"Escrito por\" \/>\n\t<meta name=\"twitter:data1\" content=\"Equipe G\u00e1vea News\" \/>\n\t<meta name=\"twitter:label2\" content=\"Est. tempo de leitura\" \/>\n\t<meta name=\"twitter:data2\" content=\"2 minutos\" \/>\n<script type=\"application\/ld+json\" class=\"yoast-schema-graph\">{\"@context\":\"https:\/\/schema.org\",\"@graph\":[{\"@type\":\"NewsArticle\",\"@id\":\"https:\/\/www.gaveanews.com\/index.php\/2021\/06\/16\/flamengo-deseja-implantar-gramado-hibrido-no-maracana\/#article\",\"isPartOf\":{\"@id\":\"https:\/\/www.gaveanews.com\/index.php\/2021\/06\/16\/flamengo-deseja-implantar-gramado-hibrido-no-maracana\/\"},\"author\":{\"name\":\"Equipe G\u00e1vea News\",\"@id\":\"https:\/\/www.gaveanews.com\/#\/schema\/person\/2ec14f73fb96be2caf28f91afb14749d\"},\"headline\":\"Flamengo deseja implantar gramado h\u00edbrido no Maracan\u00e3\",\"datePublished\":\"2021-06-16T16:41:08+00:00\",\"dateModified\":\"2021-06-16T16:41:11+00:00\",\"mainEntityOfPage\":{\"@id\":\"https:\/\/www.gaveanews.com\/index.php\/2021\/06\/16\/flamengo-deseja-implantar-gramado-hibrido-no-maracana\/\"},\"wordCount\":453,\"commentCount\":10,\"image\":{\"@id\":\"https:\/\/www.gaveanews.com\/index.php\/2021\/06\/16\/flamengo-deseja-implantar-gramado-hibrido-no-maracana\/#primaryimage\"},\"thumbnailUrl\":\"https:\/\/www.gaveanews.com\/wp-content\/uploads\/2019\/03\/Escudo-do-Flamengo-e-exposto-proximo-a-um-dos-gols-no-gramado-do-Maracana.webp\",\"articleSection\":[\"Flamengo\"],\"inLanguage\":\"pt-BR\",\"potentialAction\":[{\"@type\":\"CommentAction\",\"name\":\"Comment\",\"target\":[\"https:\/\/www.gaveanews.com\/index.php\/2021\/06\/16\/flamengo-deseja-implantar-gramado-hibrido-no-maracana\/#respond\"]}],\"copyrightYear\":\"2021\",\"copyrightHolder\":{\"@id\":\"https:\/\/www.gaveanews.com\/#organization\"}},{\"@type\":\"WebPage\",\"@id\":\"https:\/\/www.gaveanews.com\/index.php\/2021\/06\/16\/flamengo-deseja-implantar-gramado-hibrido-no-maracana\/\",\"url\":\"https:\/\/www.gaveanews.com\/index.php\/2021\/06\/16\/flamengo-deseja-implantar-gramado-hibrido-no-maracana\/\",\"name\":\"Flamengo deseja implantar gramado h\u00edbrido no Maracan\u00e3\",\"isPartOf\":{\"@id\":\"https:\/\/www.gaveanews.com\/#website\"},\"primaryImageOfPage\":{\"@id\":\"https:\/\/www.gaveanews.com\/index.php\/2021\/06\/16\/flamengo-deseja-implantar-gramado-hibrido-no-maracana\/#primaryimage\"},\"image\":{\"@id\":\"https:\/\/www.gaveanews.com\/index.php\/2021\/06\/16\/flamengo-deseja-implantar-gramado-hibrido-no-maracana\/#primaryimage\"},\"thumbnailUrl\":\"https:\/\/www.gaveanews.com\/wp-content\/uploads\/2019\/03\/Escudo-do-Flamengo-e-exposto-proximo-a-um-dos-gols-no-gramado-do-Maracana.webp\",\"datePublished\":\"2021-06-16T16:41:08+00:00\",\"dateModified\":\"2021-06-16T16:41:11+00:00\",\"author\":{\"@id\":\"https:\/\/www.gaveanews.com\/#\/schema\/person\/2ec14f73fb96be2caf28f91afb14749d\"},\"breadcrumb\":{\"@id\":\"https:\/\/www.gaveanews.com\/index.php\/2021\/06\/16\/flamengo-deseja-implantar-gramado-hibrido-no-maracana\/#breadcrumb\"},\"inLanguage\":\"pt-BR\",\"potentialAction\":[{\"@type\":\"ReadAction\",\"target\":[\"https:\/\/www.gaveanews.com\/index.php\/2021\/06\/16\/flamengo-deseja-implantar-gramado-hibrido-no-maracana\/\"]}]},{\"@type\":\"ImageObject\",\"inLanguage\":\"pt-BR\",\"@id\":\"https:\/\/www.gaveanews.com\/index.php\/2021\/06\/16\/flamengo-deseja-implantar-gramado-hibrido-no-maracana\/#primaryimage\",\"url\":\"https:\/\/www.gaveanews.com\/wp-content\/uploads\/2019\/03\/Escudo-do-Flamengo-e-exposto-proximo-a-um-dos-gols-no-gramado-do-Maracana.webp\",\"contentUrl\":\"https:\/\/www.gaveanews.com\/wp-content\/uploads\/2019\/03\/Escudo-do-Flamengo-e-exposto-proximo-a-um-dos-gols-no-gramado-do-Maracana.webp\",\"caption\":\"Escudo do Flamengo \u00e9 exposto pr\u00f3ximo a um dos gols, no gramado do Maracan\u00e3 (Foto: Daniel Castelo Branco)\"},{\"@type\":\"BreadcrumbList\",\"@id\":\"https:\/\/www.gaveanews.com\/index.php\/2021\/06\/16\/flamengo-deseja-implantar-gramado-hibrido-no-maracana\/#breadcrumb\",\"itemListElement\":[{\"@type\":\"ListItem\",\"position\":1,\"name\":\"Home\",\"item\":\"https:\/\/www.gaveanews.com\/\"},{\"@type\":\"ListItem\",\"position\":2,\"name\":\"Flamengo deseja implantar gramado h\u00edbrido no Maracan\u00e3\"}]},{\"@type\":\"WebSite\",\"@id\":\"https:\/\/www.gaveanews.com\/#website\",\"url\":\"https:\/\/www.gaveanews.com\/\",\"name\":\"G\u00e1vea News\",\"description\":\"Veja todas as not\u00edcias sobre o Flamengo: Contrata\u00e7\u00f5es, categorias de base, resultados das partidas, tabela de classifica\u00e7\u00e3o, pr\u00f3ximos jogos!\",\"potentialAction\":[{\"@type\":\"SearchAction\",\"target\":{\"@type\":\"EntryPoint\",\"urlTemplate\":\"https:\/\/www.gaveanews.com\/?s={search_term_string}\"},\"query-input\":{\"@type\":\"PropertyValueSpecification\",\"valueRequired\":true,\"valueName\":\"search_term_string\"}}],\"inLanguage\":\"pt-BR\"},{\"@type\":\"Person\",\"@id\":\"https:\/\/www.gaveanews.com\/#\/schema\/person\/2ec14f73fb96be2caf28f91afb14749d\",\"name\":\"Equipe G\u00e1vea News\",\"image\":{\"@type\":\"ImageObject\",\"inLanguage\":\"pt-BR\",\"@id\":\"https:\/\/www.gaveanews.com\/#\/schema\/person\/image\/\",\"url\":\"https:\/\/secure.gravatar.com\/avatar\/1e1956f1facbffd3f8fa53a326721950116b3b9dc9bd44939c01180fd4a745a9?s=96&d=mm&r=g\",\"contentUrl\":\"https:\/\/secure.gravatar.com\/avatar\/1e1956f1facbffd3f8fa53a326721950116b3b9dc9bd44939c01180fd4a745a9?s=96&d=mm&r=g\",\"caption\":\"Equipe G\u00e1vea News\"}}]}<\/script>\n<!-- \/ Yoast SEO Premium plugin. -->","yoast_head_json":{"title":"Flamengo deseja implantar gramado h\u00edbrido no Maracan\u00e3","robots":{"index":"index","follow":"follow","max-snippet":"max-snippet:-1","max-image-preview":"max-image-preview:large","max-video-preview":"max-video-preview:-1"},"canonical":"https:\/\/www.gaveanews.com\/index.php\/2021\/06\/16\/flamengo-deseja-implantar-gramado-hibrido-no-maracana\/","og_locale":"pt_BR","og_type":"article","og_title":"Flamengo deseja implantar gramado h\u00edbrido no Maracan\u00e3","og_description":"As cr\u00edticas dos argentinos \u00e0 qualidade dos gramados brasileiros trazem \u00e0 luz um ponto crucial que tem sido deixado \u00e0 margem na discuss\u00e3o sobre a qualidade do futebol que se joga no Brasil. Tanto Lionel Messi, o craque, quanto Lionel Scaloni, o treinador, espinafraram o campo do Est\u00e1dio N\u00edlton Santos, palco da partida de estreia [&hellip;]","og_url":"https:\/\/www.gaveanews.com\/index.php\/2021\/06\/16\/flamengo-deseja-implantar-gramado-hibrido-no-maracana\/","og_site_name":"G\u00e1vea News","article_publisher":"https:\/\/facebook.com\/gaveaNews\/","article_published_time":"2021-06-16T16:41:08+00:00","article_modified_time":"2021-06-16T16:41:11+00:00","og_image":[{"url":"https:\/\/www.gaveanews.com\/wp-content\/uploads\/2019\/03\/Escudo-do-Flamengo-e-exposto-proximo-a-um-dos-gols-no-gramado-do-Maracana.webp","width":1,"height":1,"type":"image\/jpeg"}],"author":"Equipe G\u00e1vea News","twitter_card":"summary_large_image","twitter_misc":{"Escrito por":"Equipe G\u00e1vea News","Est. tempo de leitura":"2 minutos"},"schema":{"@context":"https:\/\/schema.org","@graph":[{"@type":"NewsArticle","@id":"https:\/\/www.gaveanews.com\/index.php\/2021\/06\/16\/flamengo-deseja-implantar-gramado-hibrido-no-maracana\/#article","isPartOf":{"@id":"https:\/\/www.gaveanews.com\/index.php\/2021\/06\/16\/flamengo-deseja-implantar-gramado-hibrido-no-maracana\/"},"author":{"name":"Equipe G\u00e1vea News","@id":"https:\/\/www.gaveanews.com\/#\/schema\/person\/2ec14f73fb96be2caf28f91afb14749d"},"headline":"Flamengo deseja implantar gramado h\u00edbrido no Maracan\u00e3","datePublished":"2021-06-16T16:41:08+00:00","dateModified":"2021-06-16T16:41:11+00:00","mainEntityOfPage":{"@id":"https:\/\/www.gaveanews.com\/index.php\/2021\/06\/16\/flamengo-deseja-implantar-gramado-hibrido-no-maracana\/"},"wordCount":453,"commentCount":10,"image":{"@id":"https:\/\/www.gaveanews.com\/index.php\/2021\/06\/16\/flamengo-deseja-implantar-gramado-hibrido-no-maracana\/#primaryimage"},"thumbnailUrl":"https:\/\/www.gaveanews.com\/wp-content\/uploads\/2019\/03\/Escudo-do-Flamengo-e-exposto-proximo-a-um-dos-gols-no-gramado-do-Maracana.webp","articleSection":["Flamengo"],"inLanguage":"pt-BR","potentialAction":[{"@type":"CommentAction","name":"Comment","target":["https:\/\/www.gaveanews.com\/index.php\/2021\/06\/16\/flamengo-deseja-implantar-gramado-hibrido-no-maracana\/#respond"]}],"copyrightYear":"2021","copyrightHolder":{"@id":"https:\/\/www.gaveanews.com\/#organization"}},{"@type":"WebPage","@id":"https:\/\/www.gaveanews.com\/index.php\/2021\/06\/16\/flamengo-deseja-implantar-gramado-hibrido-no-maracana\/","url":"https:\/\/www.gaveanews.com\/index.php\/2021\/06\/16\/flamengo-deseja-implantar-gramado-hibrido-no-maracana\/","name":"Flamengo deseja implantar gramado h\u00edbrido no Maracan\u00e3","isPartOf":{"@id":"https:\/\/www.gaveanews.com\/#website"},"primaryImageOfPage":{"@id":"https:\/\/www.gaveanews.com\/index.php\/2021\/06\/16\/flamengo-deseja-implantar-gramado-hibrido-no-maracana\/#primaryimage"},"image":{"@id":"https:\/\/www.gaveanews.com\/index.php\/2021\/06\/16\/flamengo-deseja-implantar-gramado-hibrido-no-maracana\/#primaryimage"},"thumbnailUrl":"https:\/\/www.gaveanews.com\/wp-content\/uploads\/2019\/03\/Escudo-do-Flamengo-e-exposto-proximo-a-um-dos-gols-no-gramado-do-Maracana.webp","datePublished":"2021-06-16T16:41:08+00:00","dateModified":"2021-06-16T16:41:11+00:00","author":{"@id":"https:\/\/www.gaveanews.com\/#\/schema\/person\/2ec14f73fb96be2caf28f91afb14749d"},"breadcrumb":{"@id":"https:\/\/www.gaveanews.com\/index.php\/2021\/06\/16\/flamengo-deseja-implantar-gramado-hibrido-no-maracana\/#breadcrumb"},"inLanguage":"pt-BR","potentialAction":[{"@type":"ReadAction","target":["https:\/\/www.gaveanews.com\/index.php\/2021\/06\/16\/flamengo-deseja-implantar-gramado-hibrido-no-maracana\/"]}]},{"@type":"ImageObject","inLanguage":"pt-BR","@id":"https:\/\/www.gaveanews.com\/index.php\/2021\/06\/16\/flamengo-deseja-implantar-gramado-hibrido-no-maracana\/#primaryimage","url":"https:\/\/www.gaveanews.com\/wp-content\/uploads\/2019\/03\/Escudo-do-Flamengo-e-exposto-proximo-a-um-dos-gols-no-gramado-do-Maracana.webp","contentUrl":"https:\/\/www.gaveanews.com\/wp-content\/uploads\/2019\/03\/Escudo-do-Flamengo-e-exposto-proximo-a-um-dos-gols-no-gramado-do-Maracana.webp","caption":"Escudo do Flamengo \u00e9 exposto pr\u00f3ximo a um dos gols, no gramado do Maracan\u00e3 (Foto: Daniel Castelo Branco)"},{"@type":"BreadcrumbList","@id":"https:\/\/www.gaveanews.com\/index.php\/2021\/06\/16\/flamengo-deseja-implantar-gramado-hibrido-no-maracana\/#breadcrumb","itemListElement":[{"@type":"ListItem","position":1,"name":"Home","item":"https:\/\/www.gaveanews.com\/"},{"@type":"ListItem","position":2,"name":"Flamengo deseja implantar gramado h\u00edbrido no Maracan\u00e3"}]},{"@type":"WebSite","@id":"https:\/\/www.gaveanews.com\/#website","url":"https:\/\/www.gaveanews.com\/","name":"G\u00e1vea News","description":"Veja todas as not\u00edcias sobre o Flamengo: Contrata\u00e7\u00f5es, categorias de base, resultados das partidas, tabela de classifica\u00e7\u00e3o, pr\u00f3ximos jogos!","potentialAction":[{"@type":"SearchAction","target":{"@type":"EntryPoint","urlTemplate":"https:\/\/www.gaveanews.com\/?s={search_term_string}"},"query-input":{"@type":"PropertyValueSpecification","valueRequired":true,"valueName":"search_term_string"}}],"inLanguage":"pt-BR"},{"@type":"Person","@id":"https:\/\/www.gaveanews.com\/#\/schema\/person\/2ec14f73fb96be2caf28f91afb14749d","name":"Equipe G\u00e1vea News","image":{"@type":"ImageObject","inLanguage":"pt-BR","@id":"https:\/\/www.gaveanews.com\/#\/schema\/person\/image\/","url":"https:\/\/secure.gravatar.com\/avatar\/1e1956f1facbffd3f8fa53a326721950116b3b9dc9bd44939c01180fd4a745a9?s=96&d=mm&r=g","contentUrl":"https:\/\/secure.gravatar.com\/avatar\/1e1956f1facbffd3f8fa53a326721950116b3b9dc9bd44939c01180fd4a745a9?s=96&d=mm&r=g","caption":"Equipe G\u00e1vea News"}}]}},"_links":{"self":[{"href":"https:\/\/www.gaveanews.com\/index.php\/wp-json\/wp\/v2\/posts\/63067","targetHints":{"allow":["GET"]}}],"collection":[{"href":"https:\/\/www.gaveanews.com\/index.php\/wp-json\/wp\/v2\/posts"}],"about":[{"href":"https:\/\/www.gaveanews.com\/index.php\/wp-json\/wp\/v2\/types\/post"}],"author":[{"embeddable":true,"href":"https:\/\/www.gaveanews.com\/index.php\/wp-json\/wp\/v2\/users\/1"}],"replies":[{"embeddable":true,"href":"https:\/\/www.gaveanews.com\/index.php\/wp-json\/wp\/v2\/comments?post=63067"}],"version-history":[{"count":0,"href":"https:\/\/www.gaveanews.com\/index.php\/wp-json\/wp\/v2\/posts\/63067\/revisions"}],"wp:featuredmedia":[{"embeddable":true,"href":"https:\/\/www.gaveanews.com\/index.php\/wp-json\/wp\/v2\/media\/15081"}],"wp:attachment":[{"href":"https:\/\/www.gaveanews.com\/index.php\/wp-json\/wp\/v2\/media?parent=63067"}],"wp:term":[{"taxonomy":"category","embeddable":true,"href":"https:\/\/www.gaveanews.com\/index.php\/wp-json\/wp\/v2\/categories?post=63067"},{"taxonomy":"post_tag","embeddable":true,"href":"https:\/\/www.gaveanews.com\/index.php\/wp-json\/wp\/v2\/tags?post=63067"}],"curies":[{"name":"wp","href":"https:\/\/api.w.org\/{rel}","templated":true}]}}