{"id":63110,"date":"2021-06-16T23:31:26","date_gmt":"2021-06-17T02:31:26","guid":{"rendered":"https:\/\/www.gaveanews.com\/?p=63110"},"modified":"2021-06-16T23:31:28","modified_gmt":"2021-06-17T02:31:28","slug":"gerson-da-outro-espetaculo-em-seu-festival-de-despedida-do-flamengo","status":"publish","type":"post","link":"https:\/\/www.gaveanews.com\/index.php\/2021\/06\/16\/gerson-da-outro-espetaculo-em-seu-festival-de-despedida-do-flamengo\/","title":{"rendered":"G\u00e9rson d\u00e1 outro espet\u00e1culo em seu festival de despedida do Flamengo"},"content":{"rendered":"\n<p>Est\u00e1 em andamento o festival de despedida de G\u00e9rson e voc\u00ea n\u00e3o pode perder. A cada jogo, um recital. G\u00e9rson foi o melhor em campo na vit\u00f3ria de domingo sobre o Am\u00e9rica Mineiro e voltou a mostrar sua mais refinada vers\u00e3o contra o Coritiba, pela Copa do Brasil. Como se quiser deixar claro que sua presen\u00e7a na G\u00e1vea dever\u00e1 ser lembrada para sempre &#8211; como se j\u00e1 n\u00e3o fosse.<\/p>\n\n\n\n<p>G\u00e9rson s\u00f3 erra passes, por sua ousa. E s\u00e3o poucas, as falhas, n\u00e3o as ousadias. Foi um risco, por exemplo, o cruzamento de efeito para o gol de Vitinho, mas chegou ao destino, com capricho e precis\u00e3o.<\/p>\n\n\n\n<p>Vitinho tamb\u00e9m est\u00e1 em bom momento. S\u00e3o casos diferentes. Vitinho tenta alegrar a torcida. G\u00e9rson faz quest\u00e3o de lembrar como a fez magn\u00e9tica e feliz.<\/p>\n\n\n\n<p>Na jogada do primeiro gol, G\u00e9rson deu o passe de efeito. No segundo, marcado por Bruno Henrique, iniciou com um toque de lado, que ao mesmo tempo manteve a posse de bola sob dom\u00ednio rubro-negro e deu clareza para um ataque de tanto perigo que virou gol. Depois, foi substitu\u00eddo.<\/p>\n\n\n\n<p>G\u00e9rson ter\u00e1 mais poucas semanas no Ninho do Urubu, na G\u00e1vea, no Maracan\u00e3. Suas \u00faltimas atua\u00e7\u00f5es fazem quest\u00e3o de evidenciar que passar\u00e1 ainda muitos anos no cora\u00e7\u00e3o dos rubro-negros.<\/p>\n\n\n\n<p>Por todos os s\u00e9culos dos s\u00e9culos, am\u00e9m!<\/p>\n\n\n\n<p>Retirado de: Blog do PVC<\/p>\n","protected":false},"excerpt":{"rendered":"<p>Est\u00e1 em andamento o festival de despedida de G\u00e9rson e voc\u00ea n\u00e3o pode perder. A cada jogo, um recital. G\u00e9rson foi o melhor em campo na vit\u00f3ria de domingo sobre o Am\u00e9rica Mineiro e voltou a mostrar sua mais refinada vers\u00e3o contra o Coritiba, pela Copa do Brasil. Como se quiser deixar claro que sua [&hellip;]<\/p>\n","protected":false},"author":1,"featured_media":62912,"comment_status":"open","ping_status":"closed","sticky":false,"template":"","format":"standard","meta":{"footnotes":""},"categories":[1],"tags":[],"class_list":["post-63110","post","type-post","status-publish","format-standard","has-post-thumbnail","hentry","category-flamengo"],"yoast_head":"<!-- This site is optimized with the Yoast SEO Premium plugin v24.2 (Yoast SEO v26.9) - https:\/\/yoast.com\/product\/yoast-seo-premium-wordpress\/ -->\n<title>G\u00e9rson d\u00e1 outro espet\u00e1culo em seu festival de despedida do Flamengo<\/title>\n<meta name=\"robots\" content=\"index, follow, max-snippet:-1, max-image-preview:large, max-video-preview:-1\" \/>\n<link rel=\"canonical\" href=\"https:\/\/www.gaveanews.com\/index.php\/2021\/06\/16\/gerson-da-outro-espetaculo-em-seu-festival-de-despedida-do-flamengo\/\" \/>\n<meta property=\"og:locale\" content=\"pt_BR\" \/>\n<meta property=\"og:type\" content=\"article\" \/>\n<meta property=\"og:title\" content=\"G\u00e9rson d\u00e1 outro espet\u00e1culo em seu festival de despedida do Flamengo\" \/>\n<meta property=\"og:description\" content=\"Est\u00e1 em andamento o festival de despedida de G\u00e9rson e voc\u00ea n\u00e3o pode perder. A cada jogo, um recital. G\u00e9rson foi o melhor em campo na vit\u00f3ria de domingo sobre o Am\u00e9rica Mineiro e voltou a mostrar sua mais refinada vers\u00e3o contra o Coritiba, pela Copa do Brasil. Como se quiser deixar claro que sua [&hellip;]\" \/>\n<meta property=\"og:url\" content=\"https:\/\/www.gaveanews.com\/index.php\/2021\/06\/16\/gerson-da-outro-espetaculo-em-seu-festival-de-despedida-do-flamengo\/\" \/>\n<meta property=\"og:site_name\" content=\"G\u00e1vea News\" \/>\n<meta property=\"article:publisher\" content=\"https:\/\/facebook.com\/gaveaNews\/\" \/>\n<meta property=\"article:published_time\" content=\"2021-06-17T02:31:26+00:00\" \/>\n<meta property=\"article:modified_time\" content=\"2021-06-17T02:31:28+00:00\" \/>\n<meta property=\"og:image\" content=\"https:\/\/www.gaveanews.com\/wp-content\/uploads\/Gerson-do-Flamengo-durante-o-duelo-com-o-America-MG-pelo-Campeonato-Brasileiro-de-2021.webp\" \/>\n\t<meta property=\"og:image:width\" content=\"799\" \/>\n\t<meta property=\"og:image:height\" content=\"533\" \/>\n\t<meta property=\"og:image:type\" content=\"image\/jpeg\" \/>\n<meta name=\"author\" content=\"Equipe G\u00e1vea News\" \/>\n<meta name=\"twitter:card\" content=\"summary_large_image\" \/>\n<meta name=\"twitter:label1\" content=\"Escrito por\" \/>\n\t<meta name=\"twitter:data1\" content=\"Equipe G\u00e1vea News\" \/>\n\t<meta name=\"twitter:label2\" content=\"Est. tempo de leitura\" \/>\n\t<meta name=\"twitter:data2\" content=\"1 minuto\" \/>\n<script type=\"application\/ld+json\" class=\"yoast-schema-graph\">{\"@context\":\"https:\/\/schema.org\",\"@graph\":[{\"@type\":\"NewsArticle\",\"@id\":\"https:\/\/www.gaveanews.com\/index.php\/2021\/06\/16\/gerson-da-outro-espetaculo-em-seu-festival-de-despedida-do-flamengo\/#article\",\"isPartOf\":{\"@id\":\"https:\/\/www.gaveanews.com\/index.php\/2021\/06\/16\/gerson-da-outro-espetaculo-em-seu-festival-de-despedida-do-flamengo\/\"},\"author\":{\"name\":\"Equipe G\u00e1vea News\",\"@id\":\"https:\/\/www.gaveanews.com\/#\/schema\/person\/2ec14f73fb96be2caf28f91afb14749d\"},\"headline\":\"G\u00e9rson d\u00e1 outro espet\u00e1culo em seu festival de despedida do Flamengo\",\"datePublished\":\"2021-06-17T02:31:26+00:00\",\"dateModified\":\"2021-06-17T02:31:28+00:00\",\"mainEntityOfPage\":{\"@id\":\"https:\/\/www.gaveanews.com\/index.php\/2021\/06\/16\/gerson-da-outro-espetaculo-em-seu-festival-de-despedida-do-flamengo\/\"},\"wordCount\":264,\"commentCount\":7,\"image\":{\"@id\":\"https:\/\/www.gaveanews.com\/index.php\/2021\/06\/16\/gerson-da-outro-espetaculo-em-seu-festival-de-despedida-do-flamengo\/#primaryimage\"},\"thumbnailUrl\":\"https:\/\/www.gaveanews.com\/wp-content\/uploads\/Gerson-do-Flamengo-durante-o-duelo-com-o-America-MG-pelo-Campeonato-Brasileiro-de-2021.webp\",\"articleSection\":[\"Flamengo\"],\"inLanguage\":\"pt-BR\",\"potentialAction\":[{\"@type\":\"CommentAction\",\"name\":\"Comment\",\"target\":[\"https:\/\/www.gaveanews.com\/index.php\/2021\/06\/16\/gerson-da-outro-espetaculo-em-seu-festival-de-despedida-do-flamengo\/#respond\"]}],\"copyrightYear\":\"2021\",\"copyrightHolder\":{\"@id\":\"https:\/\/www.gaveanews.com\/#organization\"}},{\"@type\":\"WebPage\",\"@id\":\"https:\/\/www.gaveanews.com\/index.php\/2021\/06\/16\/gerson-da-outro-espetaculo-em-seu-festival-de-despedida-do-flamengo\/\",\"url\":\"https:\/\/www.gaveanews.com\/index.php\/2021\/06\/16\/gerson-da-outro-espetaculo-em-seu-festival-de-despedida-do-flamengo\/\",\"name\":\"G\u00e9rson d\u00e1 outro espet\u00e1culo em seu festival de despedida do Flamengo\",\"isPartOf\":{\"@id\":\"https:\/\/www.gaveanews.com\/#website\"},\"primaryImageOfPage\":{\"@id\":\"https:\/\/www.gaveanews.com\/index.php\/2021\/06\/16\/gerson-da-outro-espetaculo-em-seu-festival-de-despedida-do-flamengo\/#primaryimage\"},\"image\":{\"@id\":\"https:\/\/www.gaveanews.com\/index.php\/2021\/06\/16\/gerson-da-outro-espetaculo-em-seu-festival-de-despedida-do-flamengo\/#primaryimage\"},\"thumbnailUrl\":\"https:\/\/www.gaveanews.com\/wp-content\/uploads\/Gerson-do-Flamengo-durante-o-duelo-com-o-America-MG-pelo-Campeonato-Brasileiro-de-2021.webp\",\"datePublished\":\"2021-06-17T02:31:26+00:00\",\"dateModified\":\"2021-06-17T02:31:28+00:00\",\"author\":{\"@id\":\"https:\/\/www.gaveanews.com\/#\/schema\/person\/2ec14f73fb96be2caf28f91afb14749d\"},\"breadcrumb\":{\"@id\":\"https:\/\/www.gaveanews.com\/index.php\/2021\/06\/16\/gerson-da-outro-espetaculo-em-seu-festival-de-despedida-do-flamengo\/#breadcrumb\"},\"inLanguage\":\"pt-BR\",\"potentialAction\":[{\"@type\":\"ReadAction\",\"target\":[\"https:\/\/www.gaveanews.com\/index.php\/2021\/06\/16\/gerson-da-outro-espetaculo-em-seu-festival-de-despedida-do-flamengo\/\"]}]},{\"@type\":\"ImageObject\",\"inLanguage\":\"pt-BR\",\"@id\":\"https:\/\/www.gaveanews.com\/index.php\/2021\/06\/16\/gerson-da-outro-espetaculo-em-seu-festival-de-despedida-do-flamengo\/#primaryimage\",\"url\":\"https:\/\/www.gaveanews.com\/wp-content\/uploads\/Gerson-do-Flamengo-durante-o-duelo-com-o-America-MG-pelo-Campeonato-Brasileiro-de-2021.webp\",\"contentUrl\":\"https:\/\/www.gaveanews.com\/wp-content\/uploads\/Gerson-do-Flamengo-durante-o-duelo-com-o-America-MG-pelo-Campeonato-Brasileiro-de-2021.webp\",\"width\":799,\"height\":533,\"caption\":\"Gerson, do Flamengo, durante o duelo com o Am\u00e9rica-MG, pelo Campeonato Brasileiro de 2021 (Foto: Alexandre Vidal\/Flamengo)\"},{\"@type\":\"BreadcrumbList\",\"@id\":\"https:\/\/www.gaveanews.com\/index.php\/2021\/06\/16\/gerson-da-outro-espetaculo-em-seu-festival-de-despedida-do-flamengo\/#breadcrumb\",\"itemListElement\":[{\"@type\":\"ListItem\",\"position\":1,\"name\":\"Home\",\"item\":\"https:\/\/www.gaveanews.com\/\"},{\"@type\":\"ListItem\",\"position\":2,\"name\":\"G\u00e9rson d\u00e1 outro espet\u00e1culo em seu festival de despedida do Flamengo\"}]},{\"@type\":\"WebSite\",\"@id\":\"https:\/\/www.gaveanews.com\/#website\",\"url\":\"https:\/\/www.gaveanews.com\/\",\"name\":\"G\u00e1vea News\",\"description\":\"Veja todas as not\u00edcias sobre o Flamengo: Contrata\u00e7\u00f5es, categorias de base, resultados das partidas, tabela de classifica\u00e7\u00e3o, pr\u00f3ximos jogos!\",\"potentialAction\":[{\"@type\":\"SearchAction\",\"target\":{\"@type\":\"EntryPoint\",\"urlTemplate\":\"https:\/\/www.gaveanews.com\/?s={search_term_string}\"},\"query-input\":{\"@type\":\"PropertyValueSpecification\",\"valueRequired\":true,\"valueName\":\"search_term_string\"}}],\"inLanguage\":\"pt-BR\"},{\"@type\":\"Person\",\"@id\":\"https:\/\/www.gaveanews.com\/#\/schema\/person\/2ec14f73fb96be2caf28f91afb14749d\",\"name\":\"Equipe G\u00e1vea News\",\"image\":{\"@type\":\"ImageObject\",\"inLanguage\":\"pt-BR\",\"@id\":\"https:\/\/www.gaveanews.com\/#\/schema\/person\/image\/\",\"url\":\"https:\/\/secure.gravatar.com\/avatar\/1e1956f1facbffd3f8fa53a326721950116b3b9dc9bd44939c01180fd4a745a9?s=96&d=mm&r=g\",\"contentUrl\":\"https:\/\/secure.gravatar.com\/avatar\/1e1956f1facbffd3f8fa53a326721950116b3b9dc9bd44939c01180fd4a745a9?s=96&d=mm&r=g\",\"caption\":\"Equipe G\u00e1vea News\"}}]}<\/script>\n<!-- \/ Yoast SEO Premium plugin. -->","yoast_head_json":{"title":"G\u00e9rson d\u00e1 outro espet\u00e1culo em seu festival de despedida do Flamengo","robots":{"index":"index","follow":"follow","max-snippet":"max-snippet:-1","max-image-preview":"max-image-preview:large","max-video-preview":"max-video-preview:-1"},"canonical":"https:\/\/www.gaveanews.com\/index.php\/2021\/06\/16\/gerson-da-outro-espetaculo-em-seu-festival-de-despedida-do-flamengo\/","og_locale":"pt_BR","og_type":"article","og_title":"G\u00e9rson d\u00e1 outro espet\u00e1culo em seu festival de despedida do Flamengo","og_description":"Est\u00e1 em andamento o festival de despedida de G\u00e9rson e voc\u00ea n\u00e3o pode perder. A cada jogo, um recital. G\u00e9rson foi o melhor em campo na vit\u00f3ria de domingo sobre o Am\u00e9rica Mineiro e voltou a mostrar sua mais refinada vers\u00e3o contra o Coritiba, pela Copa do Brasil. Como se quiser deixar claro que sua [&hellip;]","og_url":"https:\/\/www.gaveanews.com\/index.php\/2021\/06\/16\/gerson-da-outro-espetaculo-em-seu-festival-de-despedida-do-flamengo\/","og_site_name":"G\u00e1vea News","article_publisher":"https:\/\/facebook.com\/gaveaNews\/","article_published_time":"2021-06-17T02:31:26+00:00","article_modified_time":"2021-06-17T02:31:28+00:00","og_image":[{"width":799,"height":533,"url":"https:\/\/www.gaveanews.com\/wp-content\/uploads\/Gerson-do-Flamengo-durante-o-duelo-com-o-America-MG-pelo-Campeonato-Brasileiro-de-2021.webp","type":"image\/jpeg"}],"author":"Equipe G\u00e1vea News","twitter_card":"summary_large_image","twitter_misc":{"Escrito por":"Equipe G\u00e1vea News","Est. tempo de leitura":"1 minuto"},"schema":{"@context":"https:\/\/schema.org","@graph":[{"@type":"NewsArticle","@id":"https:\/\/www.gaveanews.com\/index.php\/2021\/06\/16\/gerson-da-outro-espetaculo-em-seu-festival-de-despedida-do-flamengo\/#article","isPartOf":{"@id":"https:\/\/www.gaveanews.com\/index.php\/2021\/06\/16\/gerson-da-outro-espetaculo-em-seu-festival-de-despedida-do-flamengo\/"},"author":{"name":"Equipe G\u00e1vea News","@id":"https:\/\/www.gaveanews.com\/#\/schema\/person\/2ec14f73fb96be2caf28f91afb14749d"},"headline":"G\u00e9rson d\u00e1 outro espet\u00e1culo em seu festival de despedida do Flamengo","datePublished":"2021-06-17T02:31:26+00:00","dateModified":"2021-06-17T02:31:28+00:00","mainEntityOfPage":{"@id":"https:\/\/www.gaveanews.com\/index.php\/2021\/06\/16\/gerson-da-outro-espetaculo-em-seu-festival-de-despedida-do-flamengo\/"},"wordCount":264,"commentCount":7,"image":{"@id":"https:\/\/www.gaveanews.com\/index.php\/2021\/06\/16\/gerson-da-outro-espetaculo-em-seu-festival-de-despedida-do-flamengo\/#primaryimage"},"thumbnailUrl":"https:\/\/www.gaveanews.com\/wp-content\/uploads\/Gerson-do-Flamengo-durante-o-duelo-com-o-America-MG-pelo-Campeonato-Brasileiro-de-2021.webp","articleSection":["Flamengo"],"inLanguage":"pt-BR","potentialAction":[{"@type":"CommentAction","name":"Comment","target":["https:\/\/www.gaveanews.com\/index.php\/2021\/06\/16\/gerson-da-outro-espetaculo-em-seu-festival-de-despedida-do-flamengo\/#respond"]}],"copyrightYear":"2021","copyrightHolder":{"@id":"https:\/\/www.gaveanews.com\/#organization"}},{"@type":"WebPage","@id":"https:\/\/www.gaveanews.com\/index.php\/2021\/06\/16\/gerson-da-outro-espetaculo-em-seu-festival-de-despedida-do-flamengo\/","url":"https:\/\/www.gaveanews.com\/index.php\/2021\/06\/16\/gerson-da-outro-espetaculo-em-seu-festival-de-despedida-do-flamengo\/","name":"G\u00e9rson d\u00e1 outro espet\u00e1culo em seu festival de despedida do Flamengo","isPartOf":{"@id":"https:\/\/www.gaveanews.com\/#website"},"primaryImageOfPage":{"@id":"https:\/\/www.gaveanews.com\/index.php\/2021\/06\/16\/gerson-da-outro-espetaculo-em-seu-festival-de-despedida-do-flamengo\/#primaryimage"},"image":{"@id":"https:\/\/www.gaveanews.com\/index.php\/2021\/06\/16\/gerson-da-outro-espetaculo-em-seu-festival-de-despedida-do-flamengo\/#primaryimage"},"thumbnailUrl":"https:\/\/www.gaveanews.com\/wp-content\/uploads\/Gerson-do-Flamengo-durante-o-duelo-com-o-America-MG-pelo-Campeonato-Brasileiro-de-2021.webp","datePublished":"2021-06-17T02:31:26+00:00","dateModified":"2021-06-17T02:31:28+00:00","author":{"@id":"https:\/\/www.gaveanews.com\/#\/schema\/person\/2ec14f73fb96be2caf28f91afb14749d"},"breadcrumb":{"@id":"https:\/\/www.gaveanews.com\/index.php\/2021\/06\/16\/gerson-da-outro-espetaculo-em-seu-festival-de-despedida-do-flamengo\/#breadcrumb"},"inLanguage":"pt-BR","potentialAction":[{"@type":"ReadAction","target":["https:\/\/www.gaveanews.com\/index.php\/2021\/06\/16\/gerson-da-outro-espetaculo-em-seu-festival-de-despedida-do-flamengo\/"]}]},{"@type":"ImageObject","inLanguage":"pt-BR","@id":"https:\/\/www.gaveanews.com\/index.php\/2021\/06\/16\/gerson-da-outro-espetaculo-em-seu-festival-de-despedida-do-flamengo\/#primaryimage","url":"https:\/\/www.gaveanews.com\/wp-content\/uploads\/Gerson-do-Flamengo-durante-o-duelo-com-o-America-MG-pelo-Campeonato-Brasileiro-de-2021.webp","contentUrl":"https:\/\/www.gaveanews.com\/wp-content\/uploads\/Gerson-do-Flamengo-durante-o-duelo-com-o-America-MG-pelo-Campeonato-Brasileiro-de-2021.webp","width":799,"height":533,"caption":"Gerson, do Flamengo, durante o duelo com o Am\u00e9rica-MG, pelo Campeonato Brasileiro de 2021 (Foto: Alexandre Vidal\/Flamengo)"},{"@type":"BreadcrumbList","@id":"https:\/\/www.gaveanews.com\/index.php\/2021\/06\/16\/gerson-da-outro-espetaculo-em-seu-festival-de-despedida-do-flamengo\/#breadcrumb","itemListElement":[{"@type":"ListItem","position":1,"name":"Home","item":"https:\/\/www.gaveanews.com\/"},{"@type":"ListItem","position":2,"name":"G\u00e9rson d\u00e1 outro espet\u00e1culo em seu festival de despedida do Flamengo"}]},{"@type":"WebSite","@id":"https:\/\/www.gaveanews.com\/#website","url":"https:\/\/www.gaveanews.com\/","name":"G\u00e1vea News","description":"Veja todas as not\u00edcias sobre o Flamengo: Contrata\u00e7\u00f5es, categorias de base, resultados das partidas, tabela de classifica\u00e7\u00e3o, pr\u00f3ximos jogos!","potentialAction":[{"@type":"SearchAction","target":{"@type":"EntryPoint","urlTemplate":"https:\/\/www.gaveanews.com\/?s={search_term_string}"},"query-input":{"@type":"PropertyValueSpecification","valueRequired":true,"valueName":"search_term_string"}}],"inLanguage":"pt-BR"},{"@type":"Person","@id":"https:\/\/www.gaveanews.com\/#\/schema\/person\/2ec14f73fb96be2caf28f91afb14749d","name":"Equipe G\u00e1vea News","image":{"@type":"ImageObject","inLanguage":"pt-BR","@id":"https:\/\/www.gaveanews.com\/#\/schema\/person\/image\/","url":"https:\/\/secure.gravatar.com\/avatar\/1e1956f1facbffd3f8fa53a326721950116b3b9dc9bd44939c01180fd4a745a9?s=96&d=mm&r=g","contentUrl":"https:\/\/secure.gravatar.com\/avatar\/1e1956f1facbffd3f8fa53a326721950116b3b9dc9bd44939c01180fd4a745a9?s=96&d=mm&r=g","caption":"Equipe G\u00e1vea News"}}]}},"_links":{"self":[{"href":"https:\/\/www.gaveanews.com\/index.php\/wp-json\/wp\/v2\/posts\/63110","targetHints":{"allow":["GET"]}}],"collection":[{"href":"https:\/\/www.gaveanews.com\/index.php\/wp-json\/wp\/v2\/posts"}],"about":[{"href":"https:\/\/www.gaveanews.com\/index.php\/wp-json\/wp\/v2\/types\/post"}],"author":[{"embeddable":true,"href":"https:\/\/www.gaveanews.com\/index.php\/wp-json\/wp\/v2\/users\/1"}],"replies":[{"embeddable":true,"href":"https:\/\/www.gaveanews.com\/index.php\/wp-json\/wp\/v2\/comments?post=63110"}],"version-history":[{"count":0,"href":"https:\/\/www.gaveanews.com\/index.php\/wp-json\/wp\/v2\/posts\/63110\/revisions"}],"wp:featuredmedia":[{"embeddable":true,"href":"https:\/\/www.gaveanews.com\/index.php\/wp-json\/wp\/v2\/media\/62912"}],"wp:attachment":[{"href":"https:\/\/www.gaveanews.com\/index.php\/wp-json\/wp\/v2\/media?parent=63110"}],"wp:term":[{"taxonomy":"category","embeddable":true,"href":"https:\/\/www.gaveanews.com\/index.php\/wp-json\/wp\/v2\/categories?post=63110"},{"taxonomy":"post_tag","embeddable":true,"href":"https:\/\/www.gaveanews.com\/index.php\/wp-json\/wp\/v2\/tags?post=63110"}],"curies":[{"name":"wp","href":"https:\/\/api.w.org\/{rel}","templated":true}]}}