{"id":63113,"date":"2021-06-17T00:29:21","date_gmt":"2021-06-17T03:29:21","guid":{"rendered":"https:\/\/www.gaveanews.com\/?p=63113"},"modified":"2021-06-17T00:29:31","modified_gmt":"2021-06-17T03:29:31","slug":"matheuzinho-destaca-apoio-de-ceni-e-papel-de-isla-e-rodinei-no-flamengo","status":"publish","type":"post","link":"https:\/\/www.gaveanews.com\/index.php\/2021\/06\/17\/matheuzinho-destaca-apoio-de-ceni-e-papel-de-isla-e-rodinei-no-flamengo\/","title":{"rendered":"Matheuzinho destaca apoio de Ceni e papel de Isla e Rodinei no Flamengo"},"content":{"rendered":"\n<p>Ap\u00f3s a vit\u00f3ria por 2 a 0 sobre o Coritiba, em jogo v\u00e1lido pela Copa do Brasil, Matheuzinho, lateral do Flamengo, festejou a vaga e a sua ascens\u00e3o no Rubro-negro.<\/p>\n\n\n\n<p>Beneficiado pela aus\u00eancia de Isla, que est\u00e1 na Copa Am\u00e9rica, o jogador falou que a competi\u00e7\u00e3o interna ajuda em seu desenvolvimento e destacou o papel de Rog\u00e9rio Ceni em sua evolu\u00e7\u00e3o.<\/p>\n\n\n\n<p>&#8220;O Rodinei e o Isla me motivam bastante. O Rog\u00e9rio me d\u00e1 muita confian\u00e7a e est\u00e1 tudo dando certo&#8221;, disse ele \u00e0 &#8220;TV Globo&#8221;.<\/p>\n\n\n\n<p>Com a vaga na m\u00e3o, o Fla volta suas aten\u00e7\u00f5es para a disputa do Brasileiro. No s\u00e1bado (19), os rubro-negros recebem o RB Bragantino, \u00e0s 21h, no Maracan\u00e3.<\/p>\n\n\n\n<p>Retirado de: UOL<\/p>\n","protected":false},"excerpt":{"rendered":"<p>Ap\u00f3s a vit\u00f3ria por 2 a 0 sobre o Coritiba, em jogo v\u00e1lido pela Copa do Brasil, Matheuzinho, lateral do Flamengo, festejou a vaga e a sua ascens\u00e3o no Rubro-negro. Beneficiado pela aus\u00eancia de Isla, que est\u00e1 na Copa Am\u00e9rica, o jogador falou que a competi\u00e7\u00e3o interna ajuda em seu desenvolvimento e destacou o papel [&hellip;]<\/p>\n","protected":false},"author":1,"featured_media":57300,"comment_status":"open","ping_status":"closed","sticky":false,"template":"","format":"standard","meta":{"footnotes":""},"categories":[1],"tags":[],"class_list":["post-63113","post","type-post","status-publish","format-standard","has-post-thumbnail","hentry","category-flamengo"],"yoast_head":"<!-- This site is optimized with the Yoast SEO Premium plugin v24.2 (Yoast SEO v26.9) - https:\/\/yoast.com\/product\/yoast-seo-premium-wordpress\/ -->\n<title>Matheuzinho destaca apoio de Ceni e papel de Isla e Rodinei no Flamengo<\/title>\n<meta name=\"robots\" content=\"index, follow, max-snippet:-1, max-image-preview:large, max-video-preview:-1\" \/>\n<link rel=\"canonical\" href=\"https:\/\/www.gaveanews.com\/index.php\/2021\/06\/17\/matheuzinho-destaca-apoio-de-ceni-e-papel-de-isla-e-rodinei-no-flamengo\/\" \/>\n<meta property=\"og:locale\" content=\"pt_BR\" \/>\n<meta property=\"og:type\" content=\"article\" \/>\n<meta property=\"og:title\" content=\"Matheuzinho destaca apoio de Ceni e papel de Isla e Rodinei no Flamengo\" \/>\n<meta property=\"og:description\" content=\"Ap\u00f3s a vit\u00f3ria por 2 a 0 sobre o Coritiba, em jogo v\u00e1lido pela Copa do Brasil, Matheuzinho, lateral do Flamengo, festejou a vaga e a sua ascens\u00e3o no Rubro-negro. Beneficiado pela aus\u00eancia de Isla, que est\u00e1 na Copa Am\u00e9rica, o jogador falou que a competi\u00e7\u00e3o interna ajuda em seu desenvolvimento e destacou o papel [&hellip;]\" \/>\n<meta property=\"og:url\" content=\"https:\/\/www.gaveanews.com\/index.php\/2021\/06\/17\/matheuzinho-destaca-apoio-de-ceni-e-papel-de-isla-e-rodinei-no-flamengo\/\" \/>\n<meta property=\"og:site_name\" content=\"G\u00e1vea News\" \/>\n<meta property=\"article:publisher\" content=\"https:\/\/facebook.com\/gaveaNews\/\" \/>\n<meta property=\"article:published_time\" content=\"2021-06-17T03:29:21+00:00\" \/>\n<meta property=\"article:modified_time\" content=\"2021-06-17T03:29:31+00:00\" \/>\n<meta property=\"og:image\" content=\"https:\/\/www.gaveanews.com\/wp-content\/uploads\/Matheuzinho-em-acao-pelo-Flamengo-no-Maracana.webp\" \/>\n\t<meta property=\"og:image:width\" content=\"800\" \/>\n\t<meta property=\"og:image:height\" content=\"533\" \/>\n\t<meta property=\"og:image:type\" content=\"image\/jpeg\" \/>\n<meta name=\"author\" content=\"Equipe G\u00e1vea News\" \/>\n<meta name=\"twitter:card\" content=\"summary_large_image\" \/>\n<meta name=\"twitter:label1\" content=\"Escrito por\" \/>\n\t<meta name=\"twitter:data1\" content=\"Equipe G\u00e1vea News\" \/>\n\t<meta name=\"twitter:label2\" content=\"Est. tempo de leitura\" \/>\n\t<meta name=\"twitter:data2\" content=\"1 minuto\" \/>\n<script type=\"application\/ld+json\" class=\"yoast-schema-graph\">{\"@context\":\"https:\/\/schema.org\",\"@graph\":[{\"@type\":\"NewsArticle\",\"@id\":\"https:\/\/www.gaveanews.com\/index.php\/2021\/06\/17\/matheuzinho-destaca-apoio-de-ceni-e-papel-de-isla-e-rodinei-no-flamengo\/#article\",\"isPartOf\":{\"@id\":\"https:\/\/www.gaveanews.com\/index.php\/2021\/06\/17\/matheuzinho-destaca-apoio-de-ceni-e-papel-de-isla-e-rodinei-no-flamengo\/\"},\"author\":{\"name\":\"Equipe G\u00e1vea News\",\"@id\":\"https:\/\/www.gaveanews.com\/#\/schema\/person\/2ec14f73fb96be2caf28f91afb14749d\"},\"headline\":\"Matheuzinho destaca apoio de Ceni e papel de Isla e Rodinei no Flamengo\",\"datePublished\":\"2021-06-17T03:29:21+00:00\",\"dateModified\":\"2021-06-17T03:29:31+00:00\",\"mainEntityOfPage\":{\"@id\":\"https:\/\/www.gaveanews.com\/index.php\/2021\/06\/17\/matheuzinho-destaca-apoio-de-ceni-e-papel-de-isla-e-rodinei-no-flamengo\/\"},\"wordCount\":139,\"commentCount\":0,\"image\":{\"@id\":\"https:\/\/www.gaveanews.com\/index.php\/2021\/06\/17\/matheuzinho-destaca-apoio-de-ceni-e-papel-de-isla-e-rodinei-no-flamengo\/#primaryimage\"},\"thumbnailUrl\":\"https:\/\/www.gaveanews.com\/wp-content\/uploads\/Matheuzinho-em-acao-pelo-Flamengo-no-Maracana.webp\",\"articleSection\":[\"Flamengo\"],\"inLanguage\":\"pt-BR\",\"potentialAction\":[{\"@type\":\"CommentAction\",\"name\":\"Comment\",\"target\":[\"https:\/\/www.gaveanews.com\/index.php\/2021\/06\/17\/matheuzinho-destaca-apoio-de-ceni-e-papel-de-isla-e-rodinei-no-flamengo\/#respond\"]}],\"copyrightYear\":\"2021\",\"copyrightHolder\":{\"@id\":\"https:\/\/www.gaveanews.com\/#organization\"}},{\"@type\":\"WebPage\",\"@id\":\"https:\/\/www.gaveanews.com\/index.php\/2021\/06\/17\/matheuzinho-destaca-apoio-de-ceni-e-papel-de-isla-e-rodinei-no-flamengo\/\",\"url\":\"https:\/\/www.gaveanews.com\/index.php\/2021\/06\/17\/matheuzinho-destaca-apoio-de-ceni-e-papel-de-isla-e-rodinei-no-flamengo\/\",\"name\":\"Matheuzinho destaca apoio de Ceni e papel de Isla e Rodinei no Flamengo\",\"isPartOf\":{\"@id\":\"https:\/\/www.gaveanews.com\/#website\"},\"primaryImageOfPage\":{\"@id\":\"https:\/\/www.gaveanews.com\/index.php\/2021\/06\/17\/matheuzinho-destaca-apoio-de-ceni-e-papel-de-isla-e-rodinei-no-flamengo\/#primaryimage\"},\"image\":{\"@id\":\"https:\/\/www.gaveanews.com\/index.php\/2021\/06\/17\/matheuzinho-destaca-apoio-de-ceni-e-papel-de-isla-e-rodinei-no-flamengo\/#primaryimage\"},\"thumbnailUrl\":\"https:\/\/www.gaveanews.com\/wp-content\/uploads\/Matheuzinho-em-acao-pelo-Flamengo-no-Maracana.webp\",\"datePublished\":\"2021-06-17T03:29:21+00:00\",\"dateModified\":\"2021-06-17T03:29:31+00:00\",\"author\":{\"@id\":\"https:\/\/www.gaveanews.com\/#\/schema\/person\/2ec14f73fb96be2caf28f91afb14749d\"},\"breadcrumb\":{\"@id\":\"https:\/\/www.gaveanews.com\/index.php\/2021\/06\/17\/matheuzinho-destaca-apoio-de-ceni-e-papel-de-isla-e-rodinei-no-flamengo\/#breadcrumb\"},\"inLanguage\":\"pt-BR\",\"potentialAction\":[{\"@type\":\"ReadAction\",\"target\":[\"https:\/\/www.gaveanews.com\/index.php\/2021\/06\/17\/matheuzinho-destaca-apoio-de-ceni-e-papel-de-isla-e-rodinei-no-flamengo\/\"]}]},{\"@type\":\"ImageObject\",\"inLanguage\":\"pt-BR\",\"@id\":\"https:\/\/www.gaveanews.com\/index.php\/2021\/06\/17\/matheuzinho-destaca-apoio-de-ceni-e-papel-de-isla-e-rodinei-no-flamengo\/#primaryimage\",\"url\":\"https:\/\/www.gaveanews.com\/wp-content\/uploads\/Matheuzinho-em-acao-pelo-Flamengo-no-Maracana.webp\",\"contentUrl\":\"https:\/\/www.gaveanews.com\/wp-content\/uploads\/Matheuzinho-em-acao-pelo-Flamengo-no-Maracana.webp\",\"width\":800,\"height\":533,\"caption\":\"Matheuzinho em a\u00e7\u00e3o pelo Flamengo no Maracan\u00e3 (Foto: Marcelo Cortes &amp; Gilvan de Souza \/ Flamengo)\"},{\"@type\":\"BreadcrumbList\",\"@id\":\"https:\/\/www.gaveanews.com\/index.php\/2021\/06\/17\/matheuzinho-destaca-apoio-de-ceni-e-papel-de-isla-e-rodinei-no-flamengo\/#breadcrumb\",\"itemListElement\":[{\"@type\":\"ListItem\",\"position\":1,\"name\":\"Home\",\"item\":\"https:\/\/www.gaveanews.com\/\"},{\"@type\":\"ListItem\",\"position\":2,\"name\":\"Matheuzinho destaca apoio de Ceni e papel de Isla e Rodinei no Flamengo\"}]},{\"@type\":\"WebSite\",\"@id\":\"https:\/\/www.gaveanews.com\/#website\",\"url\":\"https:\/\/www.gaveanews.com\/\",\"name\":\"G\u00e1vea News\",\"description\":\"Veja todas as not\u00edcias sobre o Flamengo: Contrata\u00e7\u00f5es, categorias de base, resultados das partidas, tabela de classifica\u00e7\u00e3o, pr\u00f3ximos jogos!\",\"potentialAction\":[{\"@type\":\"SearchAction\",\"target\":{\"@type\":\"EntryPoint\",\"urlTemplate\":\"https:\/\/www.gaveanews.com\/?s={search_term_string}\"},\"query-input\":{\"@type\":\"PropertyValueSpecification\",\"valueRequired\":true,\"valueName\":\"search_term_string\"}}],\"inLanguage\":\"pt-BR\"},{\"@type\":\"Person\",\"@id\":\"https:\/\/www.gaveanews.com\/#\/schema\/person\/2ec14f73fb96be2caf28f91afb14749d\",\"name\":\"Equipe G\u00e1vea News\",\"image\":{\"@type\":\"ImageObject\",\"inLanguage\":\"pt-BR\",\"@id\":\"https:\/\/www.gaveanews.com\/#\/schema\/person\/image\/\",\"url\":\"https:\/\/secure.gravatar.com\/avatar\/1e1956f1facbffd3f8fa53a326721950116b3b9dc9bd44939c01180fd4a745a9?s=96&d=mm&r=g\",\"contentUrl\":\"https:\/\/secure.gravatar.com\/avatar\/1e1956f1facbffd3f8fa53a326721950116b3b9dc9bd44939c01180fd4a745a9?s=96&d=mm&r=g\",\"caption\":\"Equipe G\u00e1vea News\"}}]}<\/script>\n<!-- \/ Yoast SEO Premium plugin. -->","yoast_head_json":{"title":"Matheuzinho destaca apoio de Ceni e papel de Isla e Rodinei no Flamengo","robots":{"index":"index","follow":"follow","max-snippet":"max-snippet:-1","max-image-preview":"max-image-preview:large","max-video-preview":"max-video-preview:-1"},"canonical":"https:\/\/www.gaveanews.com\/index.php\/2021\/06\/17\/matheuzinho-destaca-apoio-de-ceni-e-papel-de-isla-e-rodinei-no-flamengo\/","og_locale":"pt_BR","og_type":"article","og_title":"Matheuzinho destaca apoio de Ceni e papel de Isla e Rodinei no Flamengo","og_description":"Ap\u00f3s a vit\u00f3ria por 2 a 0 sobre o Coritiba, em jogo v\u00e1lido pela Copa do Brasil, Matheuzinho, lateral do Flamengo, festejou a vaga e a sua ascens\u00e3o no Rubro-negro. Beneficiado pela aus\u00eancia de Isla, que est\u00e1 na Copa Am\u00e9rica, o jogador falou que a competi\u00e7\u00e3o interna ajuda em seu desenvolvimento e destacou o papel [&hellip;]","og_url":"https:\/\/www.gaveanews.com\/index.php\/2021\/06\/17\/matheuzinho-destaca-apoio-de-ceni-e-papel-de-isla-e-rodinei-no-flamengo\/","og_site_name":"G\u00e1vea News","article_publisher":"https:\/\/facebook.com\/gaveaNews\/","article_published_time":"2021-06-17T03:29:21+00:00","article_modified_time":"2021-06-17T03:29:31+00:00","og_image":[{"width":800,"height":533,"url":"https:\/\/www.gaveanews.com\/wp-content\/uploads\/Matheuzinho-em-acao-pelo-Flamengo-no-Maracana.webp","type":"image\/jpeg"}],"author":"Equipe G\u00e1vea News","twitter_card":"summary_large_image","twitter_misc":{"Escrito por":"Equipe G\u00e1vea News","Est. tempo de leitura":"1 minuto"},"schema":{"@context":"https:\/\/schema.org","@graph":[{"@type":"NewsArticle","@id":"https:\/\/www.gaveanews.com\/index.php\/2021\/06\/17\/matheuzinho-destaca-apoio-de-ceni-e-papel-de-isla-e-rodinei-no-flamengo\/#article","isPartOf":{"@id":"https:\/\/www.gaveanews.com\/index.php\/2021\/06\/17\/matheuzinho-destaca-apoio-de-ceni-e-papel-de-isla-e-rodinei-no-flamengo\/"},"author":{"name":"Equipe G\u00e1vea News","@id":"https:\/\/www.gaveanews.com\/#\/schema\/person\/2ec14f73fb96be2caf28f91afb14749d"},"headline":"Matheuzinho destaca apoio de Ceni e papel de Isla e Rodinei no Flamengo","datePublished":"2021-06-17T03:29:21+00:00","dateModified":"2021-06-17T03:29:31+00:00","mainEntityOfPage":{"@id":"https:\/\/www.gaveanews.com\/index.php\/2021\/06\/17\/matheuzinho-destaca-apoio-de-ceni-e-papel-de-isla-e-rodinei-no-flamengo\/"},"wordCount":139,"commentCount":0,"image":{"@id":"https:\/\/www.gaveanews.com\/index.php\/2021\/06\/17\/matheuzinho-destaca-apoio-de-ceni-e-papel-de-isla-e-rodinei-no-flamengo\/#primaryimage"},"thumbnailUrl":"https:\/\/www.gaveanews.com\/wp-content\/uploads\/Matheuzinho-em-acao-pelo-Flamengo-no-Maracana.webp","articleSection":["Flamengo"],"inLanguage":"pt-BR","potentialAction":[{"@type":"CommentAction","name":"Comment","target":["https:\/\/www.gaveanews.com\/index.php\/2021\/06\/17\/matheuzinho-destaca-apoio-de-ceni-e-papel-de-isla-e-rodinei-no-flamengo\/#respond"]}],"copyrightYear":"2021","copyrightHolder":{"@id":"https:\/\/www.gaveanews.com\/#organization"}},{"@type":"WebPage","@id":"https:\/\/www.gaveanews.com\/index.php\/2021\/06\/17\/matheuzinho-destaca-apoio-de-ceni-e-papel-de-isla-e-rodinei-no-flamengo\/","url":"https:\/\/www.gaveanews.com\/index.php\/2021\/06\/17\/matheuzinho-destaca-apoio-de-ceni-e-papel-de-isla-e-rodinei-no-flamengo\/","name":"Matheuzinho destaca apoio de Ceni e papel de Isla e Rodinei no Flamengo","isPartOf":{"@id":"https:\/\/www.gaveanews.com\/#website"},"primaryImageOfPage":{"@id":"https:\/\/www.gaveanews.com\/index.php\/2021\/06\/17\/matheuzinho-destaca-apoio-de-ceni-e-papel-de-isla-e-rodinei-no-flamengo\/#primaryimage"},"image":{"@id":"https:\/\/www.gaveanews.com\/index.php\/2021\/06\/17\/matheuzinho-destaca-apoio-de-ceni-e-papel-de-isla-e-rodinei-no-flamengo\/#primaryimage"},"thumbnailUrl":"https:\/\/www.gaveanews.com\/wp-content\/uploads\/Matheuzinho-em-acao-pelo-Flamengo-no-Maracana.webp","datePublished":"2021-06-17T03:29:21+00:00","dateModified":"2021-06-17T03:29:31+00:00","author":{"@id":"https:\/\/www.gaveanews.com\/#\/schema\/person\/2ec14f73fb96be2caf28f91afb14749d"},"breadcrumb":{"@id":"https:\/\/www.gaveanews.com\/index.php\/2021\/06\/17\/matheuzinho-destaca-apoio-de-ceni-e-papel-de-isla-e-rodinei-no-flamengo\/#breadcrumb"},"inLanguage":"pt-BR","potentialAction":[{"@type":"ReadAction","target":["https:\/\/www.gaveanews.com\/index.php\/2021\/06\/17\/matheuzinho-destaca-apoio-de-ceni-e-papel-de-isla-e-rodinei-no-flamengo\/"]}]},{"@type":"ImageObject","inLanguage":"pt-BR","@id":"https:\/\/www.gaveanews.com\/index.php\/2021\/06\/17\/matheuzinho-destaca-apoio-de-ceni-e-papel-de-isla-e-rodinei-no-flamengo\/#primaryimage","url":"https:\/\/www.gaveanews.com\/wp-content\/uploads\/Matheuzinho-em-acao-pelo-Flamengo-no-Maracana.webp","contentUrl":"https:\/\/www.gaveanews.com\/wp-content\/uploads\/Matheuzinho-em-acao-pelo-Flamengo-no-Maracana.webp","width":800,"height":533,"caption":"Matheuzinho em a\u00e7\u00e3o pelo Flamengo no Maracan\u00e3 (Foto: Marcelo Cortes &amp; Gilvan de Souza \/ Flamengo)"},{"@type":"BreadcrumbList","@id":"https:\/\/www.gaveanews.com\/index.php\/2021\/06\/17\/matheuzinho-destaca-apoio-de-ceni-e-papel-de-isla-e-rodinei-no-flamengo\/#breadcrumb","itemListElement":[{"@type":"ListItem","position":1,"name":"Home","item":"https:\/\/www.gaveanews.com\/"},{"@type":"ListItem","position":2,"name":"Matheuzinho destaca apoio de Ceni e papel de Isla e Rodinei no Flamengo"}]},{"@type":"WebSite","@id":"https:\/\/www.gaveanews.com\/#website","url":"https:\/\/www.gaveanews.com\/","name":"G\u00e1vea News","description":"Veja todas as not\u00edcias sobre o Flamengo: Contrata\u00e7\u00f5es, categorias de base, resultados das partidas, tabela de classifica\u00e7\u00e3o, pr\u00f3ximos jogos!","potentialAction":[{"@type":"SearchAction","target":{"@type":"EntryPoint","urlTemplate":"https:\/\/www.gaveanews.com\/?s={search_term_string}"},"query-input":{"@type":"PropertyValueSpecification","valueRequired":true,"valueName":"search_term_string"}}],"inLanguage":"pt-BR"},{"@type":"Person","@id":"https:\/\/www.gaveanews.com\/#\/schema\/person\/2ec14f73fb96be2caf28f91afb14749d","name":"Equipe G\u00e1vea News","image":{"@type":"ImageObject","inLanguage":"pt-BR","@id":"https:\/\/www.gaveanews.com\/#\/schema\/person\/image\/","url":"https:\/\/secure.gravatar.com\/avatar\/1e1956f1facbffd3f8fa53a326721950116b3b9dc9bd44939c01180fd4a745a9?s=96&d=mm&r=g","contentUrl":"https:\/\/secure.gravatar.com\/avatar\/1e1956f1facbffd3f8fa53a326721950116b3b9dc9bd44939c01180fd4a745a9?s=96&d=mm&r=g","caption":"Equipe G\u00e1vea News"}}]}},"_links":{"self":[{"href":"https:\/\/www.gaveanews.com\/index.php\/wp-json\/wp\/v2\/posts\/63113","targetHints":{"allow":["GET"]}}],"collection":[{"href":"https:\/\/www.gaveanews.com\/index.php\/wp-json\/wp\/v2\/posts"}],"about":[{"href":"https:\/\/www.gaveanews.com\/index.php\/wp-json\/wp\/v2\/types\/post"}],"author":[{"embeddable":true,"href":"https:\/\/www.gaveanews.com\/index.php\/wp-json\/wp\/v2\/users\/1"}],"replies":[{"embeddable":true,"href":"https:\/\/www.gaveanews.com\/index.php\/wp-json\/wp\/v2\/comments?post=63113"}],"version-history":[{"count":0,"href":"https:\/\/www.gaveanews.com\/index.php\/wp-json\/wp\/v2\/posts\/63113\/revisions"}],"wp:featuredmedia":[{"embeddable":true,"href":"https:\/\/www.gaveanews.com\/index.php\/wp-json\/wp\/v2\/media\/57300"}],"wp:attachment":[{"href":"https:\/\/www.gaveanews.com\/index.php\/wp-json\/wp\/v2\/media?parent=63113"}],"wp:term":[{"taxonomy":"category","embeddable":true,"href":"https:\/\/www.gaveanews.com\/index.php\/wp-json\/wp\/v2\/categories?post=63113"},{"taxonomy":"post_tag","embeddable":true,"href":"https:\/\/www.gaveanews.com\/index.php\/wp-json\/wp\/v2\/tags?post=63113"}],"curies":[{"name":"wp","href":"https:\/\/api.w.org\/{rel}","templated":true}]}}